{"id":237,"count":11,"description":"","link":"https:\/\/www.transzportstudium.hu\/blog\/tag\/szemelytaxis-es-szemelygepkocsis-szemelyszallito-vallalkozo\/","name":"szem\u00e9lytaxis \u00e9s szem\u00e9lyg\u00e9pkocsis szem\u00e9lysz\u00e1ll\u00edt\u00f3 v\u00e1llalkoz\u00f3","slug":"szemelytaxis-es-szemelygepkocsis-szemelyszallito-vallalkozo","taxonomy":"post_tag","meta":[],"_links":{"self":[{"href":"https:\/\/www.transzportstudium.hu\/blog\/wp-json\/wp\/v2\/tags\/237","targetHints":{"allow":["GET"]}}],"collection":[{"href":"https:\/\/www.transzportstudium.hu\/blog\/wp-json\/wp\/v2\/tags"}],"about":[{"href":"https:\/\/www.transzportstudium.hu\/blog\/wp-json\/wp\/v2\/taxonomies\/post_tag"}],"wp:post_type":[{"href":"https:\/\/www.transzportstudium.hu\/blog\/wp-json\/wp\/v2\/posts?tags=237"}],"curies":[{"name":"wp","href":"https:\/\/api.w.org\/{rel}","templated":true}]}}