{"id":967,"date":"2016-04-05T09:13:05","date_gmt":"2016-04-05T08:13:05","guid":{"rendered":"https:\/\/www.transzportstudium.hu\/blog\/?p=967"},"modified":"2016-04-03T13:24:25","modified_gmt":"2016-04-03T12:24:25","slug":"vallalkozoi-ismeretek-kepzes","status":"publish","type":"post","link":"https:\/\/www.transzportstudium.hu\/blog\/2016\/04\/05\/vallalkozoi-ismeretek-kepzes\/","title":{"rendered":"V\u00e1llalkoz\u00f3i ismeretek k\u00e9pz\u00e9s"},"content":{"rendered":"<p class=\"Szveg\"><span lang=\"HU\">A <a href=\"https:\/\/www.transzportstudium.hu\/tanfolyamok#2-vallalkozoi-szaktanfolyamok\">v\u00e1llalkoz\u00f3i ismeretek<\/a> k\u00e9pz\u00e9s elengedhetetlen minden olyan esetben, ha \u00d6n saj\u00e1t, a fuvaroz\u00e1s vagy a szem\u00e9lysz\u00e1ll\u00edt\u00e1s ter\u00fclet\u00e9n tev\u00e9kenyked\u0151 c\u00e9get szeretne alap\u00edtani. <\/span><\/p>\n<div id=\"attachment_969\" style=\"width: 610px\" class=\"wp-caption aligncenter\"><img loading=\"lazy\" decoding=\"async\" aria-describedby=\"caption-attachment-969\" class=\"size-large wp-image-969\" src=\"https:\/\/www.transzportstudium.hu\/blog\/wp-content\/uploads\/2016\/02\/39542919_l-1024x470.jpg\" alt=\"V\u00e1llalkoz\u00f3i ismeretek k\u00e9pz\u00e9s\" width=\"600\" height=\"275\" srcset=\"https:\/\/www.transzportstudium.hu\/blog\/wp-content\/uploads\/2016\/02\/39542919_l-1024x470.jpg 1024w, https:\/\/www.transzportstudium.hu\/blog\/wp-content\/uploads\/2016\/02\/39542919_l-300x137.jpg 300w\" sizes=\"auto, (max-width: 600px) 100vw, 600px\" \/><p id=\"caption-attachment-969\" class=\"wp-caption-text\">V\u00e1llalkoz\u00f3i ismeretek k\u00e9pz\u00e9s<\/p><\/div>\n<h3 class=\"Cm2\"><span lang=\"HU\">A tapasztalat \u00f6nmag\u00e1ban nem el\u00e9g<\/span><\/h3>\n<p class=\"Szveg\"><span lang=\"HU\">Ha valaki alkalmazottk\u00e9nt egy sz\u00e1ll\u00edtm\u00e1nyoz\u00e1si c\u00e9gn\u00e9l, vagy, mondjuk, egy utaz\u00e1si irod\u00e1n\u00e1l dolgozott, mint sof\u0151r, akkor k\u00f6nnyen gondolhatja azt, hogy a hossz\u00fa \u00e9vek alatt megszerzett tapasztalat el\u00e9g egy v\u00e1llalkoz\u00e1s ind\u00edt\u00e1s\u00e1hoz. <\/span><\/p>\n<p class=\"Szveg\"><span lang=\"HU\">Pedig ez t\u00e1volr\u00f3l sincs \u00edgy \u2013 vezet\u0151nek lenni, embereket ir\u00e1ny\u00edtani bizony sok-sok buktat\u00f3t rejt. Ez\u00e9rt is fontos, hogy miel\u0151tt belev\u00e1g az \u00fczletbe, egy v\u00e1llalkoz\u00f3i ismeretek k\u00e9pz\u00e9s keret\u00e9ben elsaj\u00e1t\u00edtsa az ehhez sz\u00fcks\u00e9ges ismereteket.<\/span><\/p>\n<p class=\"Szveg\"><span lang=\"HU\">A g\u00e9pkocsivezet\u0151 azt hajtja v\u00e9gre, amit a f\u0151n\u00f6k\u00e9t\u0151l utas\u00edt\u00e1sban kap. A v\u00e1llalkoz\u00f3nak v\u00e9grehajthat\u00f3 utas\u00edt\u00e1sokat, feladatokat kell adjon a g\u00e9pkocsivezet\u0151j\u00e9nek.<\/span><\/p>\n<h3 class=\"Cm2\"><span lang=\"HU\">Milyen ter\u00fcleteket fed le a v\u00e1llalkoz\u00f3i ismeretek k\u00e9pz\u00e9s?<\/span><\/h3>\n<p class=\"Szveg\"><span lang=\"HU\">A <a href=\"https:\/\/www.transzportstudium.hu\/tanfolyamok#2-vallalkozoi-szaktanfolyamok\">v\u00e1llalkoz\u00f3i ismeretek<\/a> k\u00e9pz\u00e9s sor\u00e1n \u00d6n elsaj\u00e1t\u00edthatja azt a tud\u00e1st, ami egy saj\u00e1t sz\u00e1ll\u00edtm\u00e1nyoz\u00e1si v\u00e1llalkoz\u00e1s ind\u00edt\u00e1s\u00e1hoz sz\u00fcks\u00e9gesek. <\/span><\/p>\n<p class=\"Szveg\"><span lang=\"HU\">Att\u00f3l f\u00fcgg\u0151en, hogy mely ter\u00fcleten szeretn\u00e9 a fuvaroz\u00f3i tev\u00e9kenys\u00e9get folytatni, t\u00f6bbf\u00e9le tanfolyamunk k\u00f6z\u00fcl v\u00e1laszthat. Ezek az <a href=\"https:\/\/www.transzportstudium.hu\/tanfolyamok\/vallalkozoi-szaktanfolyamok\/7_arufuvarozo-vallalkozo\">\u00e1rufuvaroz\u00f3<\/a>, az <a href=\"https:\/\/www.transzportstudium.hu\/tanfolyamok\/vallalkozoi-szaktanfolyamok\/9_autobuszos-szemelyszallito-vallalkozo\">aut\u00f3buszos szem\u00e9lysz\u00e1ll\u00edt\u00f3<\/a>, \u00e9s v\u00e9g\u00fcl a <a href=\"https:\/\/www.transzportstudium.hu\/tanfolyamok\/vallalkozoi-szaktanfolyamok\/10_taxis-vallalkozo\">taxis<\/a> \u00e9s <a href=\"https:\/\/www.transzportstudium.hu\/tanfolyamok\/vallalkozoi-szaktanfolyamok\/11_szemelygepkocsis-szemelyszallito-vallalkozo\">szem\u00e9lyg\u00e9pkocsis szem\u00e9lysz\u00e1ll\u00edt\u00f3<\/a> v\u00e1llalkoz\u00f3 k\u00e9pz\u00e9sek.<\/span><\/p>\n<h3 class=\"Cm2\"><span lang=\"HU\">Mennyi id\u0151re sz\u00f3l a v\u00e1llalkoz\u00f3i ismeretek k\u00e9pz\u00e9s?<\/span><\/h3>\n<p class=\"Szveg\"><span lang=\"HU\">Ha \u00d6n r\u00e9szt vesz egy <a href=\"https:\/\/www.transzportstudium.hu\/tanfolyamok#2-vallalkozoi-szaktanfolyamok\">v\u00e1llalkoz\u00f3i ismeretek<\/a> k\u00e9pz\u00e9sen, akkor a sikeres vizsg\u00e1k, \u00e9s az \u00e1rufuvaroz\u00f3i vagy aut\u00f3buszos szem\u00e9lysz\u00e1ll\u00edt\u00f3 hat\u00f3s\u00e1gi bizony\u00edtv\u00e1ny megszerz\u00e9se ut\u00e1n 10 \u00e9vig tev\u00e9kenykedhet a ter\u00fcleten. <\/span><\/p>\n<p class=\"Szveg\"><span lang=\"HU\">Miut\u00e1n a k\u00e9pz\u00e9s \u00e9rv\u00e9nyess\u00e9ge e k\u00e9t kateg\u00f3ri\u00e1ban lej\u00e1r, a v\u00e1llalkoz\u00f3nak egy ismeretfel\u00faj\u00edt\u00f3 tanfolyamot kell elv\u00e9gezni, ami ut\u00e1n \u00fajabb 10 \u00e9vig dolgozhat az adott ter\u00fcleten.<\/span><\/p>\n<p class=\"Szveg\"><span lang=\"HU\">Egy szem\u00e9lyg\u00e9pkocsis szem\u00e9lysz\u00e1ll\u00edt\u00f3, valamint taxis v\u00e1llalkoz\u00f3 eset\u00e9n a k\u00e9pz\u00e9s \u00e9rv\u00e9nyess\u00e9ge korl\u00e1tlan.s<\/span><\/p>\n<!-- Begin Yuzo --><div class='yuzo_related_post style-2'  data-version='5.12.88'><!-- without result --><div class='yuzo_clearfixed yuzo__title yuzo__title'><h3>Hasonl\u00f3 cikkek<\/h3><\/div>\n\t\t\t\t\t\t<div class=\"relatedthumb yuzo-list  \" style=\"\"  >  \n\t\t\t\t\t\t  <a  href=\"https:\/\/www.transzportstudium.hu\/blog\/2014\/12\/11\/100-ig-balesetmentesek-lesznek-a-volvo-kamionok\/\" class=\"image-list\"  >\n\t\t\t\t\t\t  <div class=\"yuzo-img-wrap  ilen_shine \" style=\"width: 100px;height:65px;\">\n\t\t\t\t\t\t\t\t\t <span class='shine-effect'><\/span> \n\t\t\t\t\t\t\t\t\t <div class=\"yuzo-img\" style=\"background:url('https:\/\/www.transzportstudium.hu\/blog\/wp-content\/uploads\/2014\/12\/volvo-system-081014-150x150.jpg') 50% 50% no-repeat;width: 105px;height:65px;margin-bottom: 5px;background-size:  cover;  \"><\/div>\n\t\t\t\t\t\t  <\/div>\n\t\t\t\t\t\t  <\/a>\n\t\t\t\t\t\t  <a  class=\"link-list yuzo__text--title\" href=\"https:\/\/www.transzportstudium.hu\/blog\/2014\/12\/11\/100-ig-balesetmentesek-lesznek-a-volvo-kamionok\/\" style=\"font-size:14px;;line-height:22px;\"> 100%-ig balesetmentesek lesznek a Volvo kamionok  <\/a>\n\t\t\t\t\t\t\t\t<span class=\"yuzo_text\" style=\"font-size:10px;\" >Kamiont vezetni vesz\u00e9lyes \u00fczem\r\nSajnos kamionokkal sz\u00e1mos baleset t\u00f6rt\u00e9nik, ami nem csak emberi trag\u00e9di\u00e1kat, hanem jelent\u0151s anyagi k\u00e1rt is okozhat. A ...<\/span>\n\t\t\t\t\t\t   \n\t\t\t\t\t\t<\/div>\n\t\t\t\t\t\t<div class=\"relatedthumb yuzo-list  \" style=\"\"  >  \n\t\t\t\t\t\t  <a  href=\"https:\/\/www.transzportstudium.hu\/blog\/2019\/01\/22\/online-a-gki-tanfolyamot\/\" class=\"image-list\"  >\n\t\t\t\t\t\t  <div class=\"yuzo-img-wrap  ilen_shine \" style=\"width: 100px;height:65px;\">\n\t\t\t\t\t\t\t\t\t <span class='shine-effect'><\/span> \n\t\t\t\t\t\t\t\t\t <div class=\"yuzo-img\" style=\"background:url('https:\/\/www.transzportstudium.hu\/blog\/wp-content\/uploads\/2019\/01\/BeOne-Development-Phishing-e-learning-self-test-150x150.jpg') 50% 50% no-repeat;width: 105px;height:65px;margin-bottom: 5px;background-size:  cover;  \"><\/div>\n\t\t\t\t\t\t  <\/div>\n\t\t\t\t\t\t  <\/a>\n\t\t\t\t\t\t  <a  class=\"link-list yuzo__text--title\" href=\"https:\/\/www.transzportstudium.hu\/blog\/2019\/01\/22\/online-a-gki-tanfolyamot\/\" style=\"font-size:14px;;line-height:22px;\"> Online a GKI tanfolyamot!  <\/a>\n\t\t\t\t\t\t\t\t<span class=\"yuzo_text\" style=\"font-size:10px;\" >Imm\u00e1r t\u00f6bb \u00e9ve, 2006 \u00f3ta k\u00f6telez\u0151 a hivat\u00e1sos sof\u0151r\u00f6knek GKI tanfolyamot v\u00e9gezni\u00fck, \u00e9s sikeres vizsg\u00e1t tenni\u00fck, hogy megkaphass\u00e1k a GKI k\u00e1rty\u00e1jukat, a...<\/span>\n\t\t\t\t\t\t   \n\t\t\t\t\t\t<\/div>\n\t\t\t\t\t\t<div class=\"relatedthumb yuzo-list  \" style=\"\"  >  \n\t\t\t\t\t\t  <a  href=\"https:\/\/www.transzportstudium.hu\/blog\/2019\/07\/18\/gepkezeloi-vizsga-tobb-gepcsoportra\/\" class=\"image-list\"  >\n\t\t\t\t\t\t  <div class=\"yuzo-img-wrap  ilen_shine \" style=\"width: 100px;height:65px;\">\n\t\t\t\t\t\t\t\t\t <span class='shine-effect'><\/span> \n\t\t\t\t\t\t\t\t\t <div class=\"yuzo-img\" style=\"background:url('https:\/\/www.transzportstudium.hu\/blog\/wp-content\/uploads\/2019\/07\/417_374DL_2-150x150.jpg') 50% 50% no-repeat;width: 105px;height:65px;margin-bottom: 5px;background-size:  cover;  \"><\/div>\n\t\t\t\t\t\t  <\/div>\n\t\t\t\t\t\t  <\/a>\n\t\t\t\t\t\t  <a  class=\"link-list yuzo__text--title\" href=\"https:\/\/www.transzportstudium.hu\/blog\/2019\/07\/18\/gepkezeloi-vizsga-tobb-gepcsoportra\/\" style=\"font-size:14px;;line-height:22px;\"> G\u00e9pkezel\u0151i vizsga t\u00f6bb g\u00e9pcsoportra  <\/a>\n\t\t\t\t\t\t\t\t<span class=\"yuzo_text\" style=\"font-size:10px;\" >A f\u00f6ldmunkag\u00e9p kezel\u0151knek, ugyan\u00fagy g\u00e9pkezel\u0151i vizsg\u00e1t kell tenni\u00fck, mint azoknak, akik emel\u0151g\u00e9pen dolgoznak. Persze el\u0151tte el kell v\u00e9gezni egy h\u00e1rom ...<\/span>\n\t\t\t\t\t\t   \n\t\t\t\t\t\t<\/div>\n\t\t\t\t\t\t<div class=\"relatedthumb yuzo-list  \" style=\"\"  >  \n\t\t\t\t\t\t  <a  href=\"https:\/\/www.transzportstudium.hu\/blog\/2016\/06\/14\/a-nemzetkozi-gepkocsivezeto\/\" class=\"image-list\"  >\n\t\t\t\t\t\t  <div class=\"yuzo-img-wrap  ilen_shine \" style=\"width: 100px;height:65px;\">\n\t\t\t\t\t\t\t\t\t <span class='shine-effect'><\/span> \n\t\t\t\t\t\t\t\t\t <div class=\"yuzo-img\" style=\"background:url('https:\/\/www.transzportstudium.hu\/blog\/wp-content\/uploads\/2016\/06\/Daf-T\u0131r-Kamyon-\u00c7eki\u00e7i-Resimleri-25-150x150.jpg') 50% 50% no-repeat;width: 105px;height:65px;margin-bottom: 5px;background-size:  cover;  \"><\/div>\n\t\t\t\t\t\t  <\/div>\n\t\t\t\t\t\t  <\/a>\n\t\t\t\t\t\t  <a  class=\"link-list yuzo__text--title\" href=\"https:\/\/www.transzportstudium.hu\/blog\/2016\/06\/14\/a-nemzetkozi-gepkocsivezeto\/\" style=\"font-size:14px;;line-height:22px;\"> A nemzetk\u00f6zi g\u00e9pkocsivezet\u0151  <\/a>\n\t\t\t\t\t\t\t\t<span class=\"yuzo_text\" style=\"font-size:10px;\" >Sz\u00e1mtalan filmben l\u00e1thattuk \u0151ket, \u00e9s sokan n\u00e9mi romantik\u00e1val is tekintenek azokra a g\u00e9pkocsivezet\u0151kre, akik az orsz\u00e1gunk hat\u00e1rain k\u00edv\u00fcl r\u00f3j\u00e1k a v\u00e9gtel...<\/span>\n\t\t\t\t\t\t   \n\t\t\t\t\t\t<\/div>\n<\/div>  <!-- End Yuzo :) -->","protected":false},"excerpt":{"rendered":"<p>A v\u00e1llalkoz\u00f3i ismeretek k\u00e9pz\u00e9s elengedhetetlen minden olyan esetben, ha \u00d6n saj\u00e1t, a fuvaroz\u00e1s vagy a szem\u00e9lysz\u00e1ll\u00edt\u00e1s ter\u00fclet\u00e9n tev\u00e9kenyked\u0151 c\u00e9get szeretne alap\u00edtani. A tapasztalat \u00f6nmag\u00e1ban nem el\u00e9g Ha valaki alkalmazottk\u00e9nt egy sz\u00e1ll\u00edtm\u00e1nyoz\u00e1si c\u00e9gn\u00e9l, vagy, mondjuk,&#46;&#46;&#46;<\/p>\n","protected":false},"author":3,"featured_media":969,"comment_status":"open","ping_status":"open","sticky":false,"template":"","format":"standard","meta":{"footnotes":""},"categories":[4],"tags":[47,92,46,93,50,51,94,45,49,179],"class_list":["post-967","post","type-post","status-publish","format-standard","has-post-thumbnail","hentry","category-vallalkozoi-vilag","tag-arufuvarozo-vallalkozo","tag-autobuszos-szemelyszallito-vallalkozo","tag-buszos-vallalkozo","tag-szemelygepkocsis-szemelyszallito-vallalkozo","tag-szemelyszallito-vallalkozo","tag-taxi-vallalkozo","tag-taxis-vallalkozo","tag-vallalkozoi-kepzes","tag-vallalkozoi-tanfolyam","tag-vallalkozoi-vizsga"],"aioseo_notices":[],"_links":{"self":[{"href":"https:\/\/www.transzportstudium.hu\/blog\/wp-json\/wp\/v2\/posts\/967","targetHints":{"allow":["GET"]}}],"collection":[{"href":"https:\/\/www.transzportstudium.hu\/blog\/wp-json\/wp\/v2\/posts"}],"about":[{"href":"https:\/\/www.transzportstudium.hu\/blog\/wp-json\/wp\/v2\/types\/post"}],"author":[{"embeddable":true,"href":"https:\/\/www.transzportstudium.hu\/blog\/wp-json\/wp\/v2\/users\/3"}],"replies":[{"embeddable":true,"href":"https:\/\/www.transzportstudium.hu\/blog\/wp-json\/wp\/v2\/comments?post=967"}],"version-history":[{"count":2,"href":"https:\/\/www.transzportstudium.hu\/blog\/wp-json\/wp\/v2\/posts\/967\/revisions"}],"predecessor-version":[{"id":981,"href":"https:\/\/www.transzportstudium.hu\/blog\/wp-json\/wp\/v2\/posts\/967\/revisions\/981"}],"wp:featuredmedia":[{"embeddable":true,"href":"https:\/\/www.transzportstudium.hu\/blog\/wp-json\/wp\/v2\/media\/969"}],"wp:attachment":[{"href":"https:\/\/www.transzportstudium.hu\/blog\/wp-json\/wp\/v2\/media?parent=967"}],"wp:term":[{"taxonomy":"category","embeddable":true,"href":"https:\/\/www.transzportstudium.hu\/blog\/wp-json\/wp\/v2\/categories?post=967"},{"taxonomy":"post_tag","embeddable":true,"href":"https:\/\/www.transzportstudium.hu\/blog\/wp-json\/wp\/v2\/tags?post=967"}],"curies":[{"name":"wp","href":"https:\/\/api.w.org\/{rel}","templated":true}]}}