{"id":952,"date":"2016-02-28T19:08:17","date_gmt":"2016-02-28T18:08:17","guid":{"rendered":"https:\/\/www.transzportstudium.hu\/blog\/?p=952"},"modified":"2024-11-02T13:36:17","modified_gmt":"2024-11-02T12:36:17","slug":"biztonsagos-vezetes-telen-is","status":"publish","type":"post","link":"https:\/\/www.transzportstudium.hu\/blog\/2016\/02\/28\/biztonsagos-vezetes-telen-is\/","title":{"rendered":"Biztons\u00e1gos vezet\u00e9s t\u00e9len is"},"content":{"rendered":"<p class=\"Szveg\"><span lang=\"HU\">A t\u00e9li id\u0151szak \u2013 a havas utak, a j\u00e9g, a lefagyott aszfalt \u2013 nagy kih\u00edv\u00e1sok el\u00e9 \u00e1ll\u00edtja a sof\u0151r\u00f6ket. Egy <a href=\"\/jelentkezesi-lap\/6_szemelygepkocsis-tanfolyamok\">szem\u00e9lyg\u00e9pkocsit <\/a>sem egyszer\u0171 ilyenkor vezetni, hiszen ezek az extr\u00e9m k\u00f6r\u00fclm\u00e9nyek sokkal nagyobb odafigyel\u00e9st ig\u00e9nyelnek a sof\u0151rt\u0151l, ha pedig m\u00e1sok \u00e9ps\u00e9g\u00e9\u00e9rt is felelni kell, vagy egy <a href=\"\/jelentkezesi-lap\/1_gepkocsivezetoi-szaktanfolyamok-gki-tanfolyam\">teherg\u00e9pj\u00e1rm\u0171<\/a> vezet\u0151jek\u00e9nt a rakom\u00e1ny s\u00e9rtetlens\u00e9g\u00e9t is szem el\u0151tt kell tartani, akkor m\u00e9g nagyobb a felel\u0151ss\u00e9g.<\/span><\/p>\n<div id=\"attachment_1773\" style=\"width: 610px\" class=\"wp-caption aligncenter\"><img loading=\"lazy\" decoding=\"async\" aria-describedby=\"caption-attachment-1773\" class=\"size-large wp-image-1773\" src=\"https:\/\/www.transzportstudium.hu\/blog\/wp-content\/uploads\/2016\/02\/1701964088252-1024x576.png\" alt=\"Vezet\u00e9s biztons\u00e1gosan t\u00e9len is!\" width=\"600\" height=\"338\" srcset=\"https:\/\/www.transzportstudium.hu\/blog\/wp-content\/uploads\/2016\/02\/1701964088252-1024x576.png 1024w, https:\/\/www.transzportstudium.hu\/blog\/wp-content\/uploads\/2016\/02\/1701964088252-300x169.png 300w, https:\/\/www.transzportstudium.hu\/blog\/wp-content\/uploads\/2016\/02\/1701964088252-768x432.png 768w, https:\/\/www.transzportstudium.hu\/blog\/wp-content\/uploads\/2016\/02\/1701964088252.png 1280w\" sizes=\"auto, (max-width: 600px) 100vw, 600px\" \/><p id=\"caption-attachment-1773\" class=\"wp-caption-text\">Vezet\u00e9s biztons\u00e1gosan t\u00e9len is!<\/p><\/div>\n<h3 class=\"Cm2\"><span lang=\"HU\">Fontos a vezet\u00e9si technika<\/span><\/h3>\n<p class=\"Szveg\"><span lang=\"HU\">Egy hivat\u00e1sos sof\u0151r sz\u00e1m\u00e1ra k\u00fcl\u00f6n\u00f6sen fontos, hogy biztons\u00e1gosan k\u00f6zlekedjen az utakon. Az ehhez sz\u00fcks\u00e9ges ismereteket a <a href=\"\/tanfolyamok\">GKI tanfolyam<\/a> keret\u00e9ben saj\u00e1t\u00edthatj\u00e1k el azok, akik teherg\u00e9pj\u00e1rm\u0171 vagy aut\u00f3busz vezet\u00e9s\u00e9vel k\u00edv\u00e1nnak foglalkozni, valamint szem\u00e9lysz\u00e1ll\u00edt\u00f3, vagy taxi g\u00e9pkocsivezet\u0151 ter\u00fcleten szeretn\u00e9nek elhelyezkedni.<\/span><\/p>\n<p class=\"Szveg\"><span lang=\"HU\">A <a href=\"\/jelentkezesi-lap\/1_gepkocsivezetoi-szaktanfolyamok-gki-tanfolyam\">GKI tanfolyam<\/a> keret\u00e9ben a r\u00e9sztvev\u0151k gyakorolhatj\u00e1k a k\u00f6z\u00fati k\u00f6zleked\u00e9sben el\u0151fordul\u00f3 helyzeteket \u2013 a v\u00e9szhelyzeteket is \u2013, ennek eredm\u00e9nyek\u00e9ppen pedig \u00e9lesben sokkal jobban tudj\u00e1k majd kezelni azokat, \u00edgy j\u00f3val biztons\u00e1gosabban vesznek majd r\u00e9szt a forgalomban.<\/span><\/p>\n<h3 class=\"Cm2\"><span lang=\"HU\">Szimul\u00e1torral a biztons\u00e1gos vezet\u00e9s\u00e9rt<\/span><\/h3>\n<p class=\"Szveg\"><span lang=\"HU\">A <a href=\"\/szimulator\">v\u00e9szhelyzetek elh\u00e1r\u00edt\u00e1sa<\/a>, kezel\u00e9se, illetve annak k\u00e9pess\u00e9ge meglehet\u0151sen fontos egy sof\u0151r sz\u00e1m\u00e1ra. A neh\u00e9zs\u00e9g alapvet\u0151en az, hogy ezekre a helyzetekre szinte lehetetlens\u00e9g felk\u00e9sz\u00fclni, pedig ilyen esetekben a gyors reag\u00e1l\u00e1s kulcsfontoss\u00e1g\u00fa lenne.<\/span><\/p>\n<p class=\"Szveg\"><span lang=\"HU\">A <a href=\"\/tanfolyamok\/gepkocsivezetoi-szaktanfolyamok-gki-tanfolyam\/1_gki-tehergepkocsi-vezetoi-alapkepzes\">GKI tanfolyam<\/a> keret\u00e9ben iskol\u00e1nk hallgat\u00f3inak lehet\u0151s\u00e9ge ny\u00edlik r\u00e1, hogy egyes vesz\u00e9lyes szitu\u00e1ci\u00f3kat \u2013 cs\u00fasz\u00f3s utak, k\u00f6d\u00f6s id\u0151, egy\u00e9b extr\u00e9m felt\u00e9telek \u2013 egy szimul\u00e1tor seg\u00edts\u00e9g\u00e9vel, kock\u00e1zatok n\u00e9lk\u00fcl gyakoroljanak, hogy \u00e9les helyzetben gyorsan \u00e9s helyesen tudjanak reag\u00e1lni a k\u00f6r\u00fclm\u00e9nyekre.<\/span><\/p>\n<!-- Begin Yuzo --><div class='yuzo_related_post style-2'  data-version='5.12.88'><!-- without result --><div class='yuzo_clearfixed yuzo__title yuzo__title'><h3>Hasonl\u00f3 cikkek<\/h3><\/div>\n\t\t\t\t\t\t<div class=\"relatedthumb yuzo-list  \" style=\"\"  >  \n\t\t\t\t\t\t  <a  href=\"https:\/\/www.transzportstudium.hu\/blog\/2014\/12\/25\/mi-a-kulonbseg-a-taxis-vallalkozo-es-a-szemelygepkocsis-szemelyszallito-vallalkozo-kozott\/\" class=\"image-list\"  >\n\t\t\t\t\t\t  <div class=\"yuzo-img-wrap  ilen_shine \" style=\"width: 100px;height:65px;\">\n\t\t\t\t\t\t\t\t\t <span class='shine-effect'><\/span> \n\t\t\t\t\t\t\t\t\t <div class=\"yuzo-img\" style=\"background:url('https:\/\/www.transzportstudium.hu\/blog\/wp-content\/uploads\/2014\/08\/taksiciler-kibhas-ekmegimizle-oynuyor-30749-150x150.jpg') 50% 50% no-repeat;width: 105px;height:65px;margin-bottom: 5px;background-size:  cover;  \"><\/div>\n\t\t\t\t\t\t  <\/div>\n\t\t\t\t\t\t  <\/a>\n\t\t\t\t\t\t  <a  class=\"link-list yuzo__text--title\" href=\"https:\/\/www.transzportstudium.hu\/blog\/2014\/12\/25\/mi-a-kulonbseg-a-taxis-vallalkozo-es-a-szemelygepkocsis-szemelyszallito-vallalkozo-kozott\/\" style=\"font-size:14px;;line-height:22px;\"> Mi a k\u00fcl\u00f6nbs\u00e9g a taxis v\u00e1llalkoz\u00f3 \u00e9s a szem\u00e9lyg\u00e9pk...  <\/a>\n\t\t\t\t\t\t\t\t<span class=\"yuzo_text\" style=\"font-size:10px;\" >A k\u00e9t megjel\u00f6lt szakma alapvet\u0151 k\u00fcl\u00f6nbs\u00e9ge\r\nA Transzport Studiumn\u00e1l a v\u00e1llalkoz\u00f3i szaktanfolyamok k\u00f6z\u00f6tt mindk\u00e9t, a c\u00edmben megnevezett tanfolyam megta...<\/span>\n\t\t\t\t\t\t   \n\t\t\t\t\t\t<\/div>\n\t\t\t\t\t\t<div class=\"relatedthumb yuzo-list  \" style=\"\"  >  \n\t\t\t\t\t\t  <a  href=\"https:\/\/www.transzportstudium.hu\/blog\/2018\/03\/15\/vallalkozoi-tanfolyamok-vallalkozoknak\/\" class=\"image-list\"  >\n\t\t\t\t\t\t  <div class=\"yuzo-img-wrap  ilen_shine \" style=\"width: 100px;height:65px;\">\n\t\t\t\t\t\t\t\t\t <span class='shine-effect'><\/span> \n\t\t\t\t\t\t\t\t\t <div class=\"yuzo-img\" style=\"background:url('https:\/\/www.transzportstudium.hu\/blog\/wp-content\/uploads\/2018\/04\/Transport_07_01-150x150.jpg') 50% 50% no-repeat;width: 105px;height:65px;margin-bottom: 5px;background-size:  cover;  \"><\/div>\n\t\t\t\t\t\t  <\/div>\n\t\t\t\t\t\t  <\/a>\n\t\t\t\t\t\t  <a  class=\"link-list yuzo__text--title\" href=\"https:\/\/www.transzportstudium.hu\/blog\/2018\/03\/15\/vallalkozoi-tanfolyamok-vallalkozoknak\/\" style=\"font-size:14px;;line-height:22px;\"> V\u00e1llalkoz\u00f3i tanfolyamok v\u00e1llalkoz\u00f3knak  <\/a>\n\t\t\t\t\t\t\t\t<span class=\"yuzo_text\" style=\"font-size:10px;\" >Szinte mindenkinek az \u00e9let\u00e9ben elj\u00f6n az a pillanat, amikor \u00fagy gondolja, szeretne v\u00e1llalkoz\u00f3 lenni, de csak kevesen v\u00e1gnak bele a dologba, mert v\u00e9g\u00fcl ...<\/span>\n\t\t\t\t\t\t   \n\t\t\t\t\t\t<\/div>\n\t\t\t\t\t\t<div class=\"relatedthumb yuzo-list  \" style=\"\"  >  \n\t\t\t\t\t\t  <a  href=\"https:\/\/www.transzportstudium.hu\/blog\/2018\/11\/15\/fontos-szabalyok\/\" class=\"image-list\"  >\n\t\t\t\t\t\t  <div class=\"yuzo-img-wrap  ilen_shine \" style=\"width: 100px;height:65px;\">\n\t\t\t\t\t\t\t\t\t <span class='shine-effect'><\/span> \n\t\t\t\t\t\t\t\t\t <div class=\"yuzo-img\" style=\"background:url('https:\/\/www.transzportstudium.hu\/blog\/wp-content\/uploads\/2018\/12\/Transport_57-150x150.jpg') 50% 50% no-repeat;width: 105px;height:65px;margin-bottom: 5px;background-size:  cover;  \"><\/div>\n\t\t\t\t\t\t  <\/div>\n\t\t\t\t\t\t  <\/a>\n\t\t\t\t\t\t  <a  class=\"link-list yuzo__text--title\" href=\"https:\/\/www.transzportstudium.hu\/blog\/2018\/11\/15\/fontos-szabalyok\/\" style=\"font-size:14px;;line-height:22px;\"> Fontos szab\u00e1lyok  <\/a>\n\t\t\t\t\t\t\t\t<span class=\"yuzo_text\" style=\"font-size:10px;\" >Az ADR igazolv\u00e1ny 5 \u00e9vig \u00e9rv\u00e9nyes, \u00edgy az \u00f6t\u00f6dik \u00e9vben meg kell hosszabb\u00edtani azt, amihez ADR ismeretfel\u00faj\u00edt\u00f3 tanfolyamot valamint ADR ismeretfel\u00faj\u00edt\u00f3...<\/span>\n\t\t\t\t\t\t   \n\t\t\t\t\t\t<\/div>\n\t\t\t\t\t\t<div class=\"relatedthumb yuzo-list  \" style=\"\"  >  \n\t\t\t\t\t\t  <a  href=\"https:\/\/www.transzportstudium.hu\/blog\/2015\/12\/08\/uber-sofor-legalisan\/\" class=\"image-list\"  >\n\t\t\t\t\t\t  <div class=\"yuzo-img-wrap  ilen_shine \" style=\"width: 100px;height:65px;\">\n\t\t\t\t\t\t\t\t\t <span class='shine-effect'><\/span> \n\t\t\t\t\t\t\t\t\t <div class=\"yuzo-img\" style=\"background:url('https:\/\/www.transzportstudium.hu\/blog\/wp-content\/uploads\/2015\/11\/shutterstock_300817451-150x150.jpg') 50% 50% no-repeat;width: 105px;height:65px;margin-bottom: 5px;background-size:  cover;  \"><\/div>\n\t\t\t\t\t\t  <\/div>\n\t\t\t\t\t\t  <\/a>\n\t\t\t\t\t\t  <a  class=\"link-list yuzo__text--title\" href=\"https:\/\/www.transzportstudium.hu\/blog\/2015\/12\/08\/uber-sofor-legalisan\/\" style=\"font-size:14px;;line-height:22px;\"> Uber sof\u0151r leg\u00e1lisan?  <\/a>\n\t\t\t\t\t\t\t\t<span class=\"yuzo_text\" style=\"font-size:10px;\" >Nos, nem is olyan egyszer\u0171, mint els\u0151re gondoln\u00e1nk. De n\u00e9zz\u00fck meg el\u0151sz\u00f6r azt, hogy mi is az az Uber. Az Uber egy k\u00f6z\u00f6ss\u00e9gi utaztat\u00e1s, amiben az a von...<\/span>\n\t\t\t\t\t\t   \n\t\t\t\t\t\t<\/div>\n<\/div>  <!-- End Yuzo :) -->","protected":false},"excerpt":{"rendered":"<p>A t\u00e9li id\u0151szak \u2013 a havas utak, a j\u00e9g, a lefagyott aszfalt \u2013 nagy kih\u00edv\u00e1sok el\u00e9 \u00e1ll\u00edtja a sof\u0151r\u00f6ket. Egy szem\u00e9lyg\u00e9pkocsit sem egyszer\u0171 ilyenkor vezetni, hiszen ezek az extr\u00e9m k\u00f6r\u00fclm\u00e9nyek sokkal nagyobb odafigyel\u00e9st ig\u00e9nyelnek&#46;&#46;&#46;<\/p>\n","protected":false},"author":1,"featured_media":953,"comment_status":"open","ping_status":"open","sticky":false,"template":"","format":"standard","meta":{"footnotes":""},"categories":[3,235],"tags":[201,137,225,246,146,73,250,74,236,52,105],"class_list":["post-952","post","type-post","status-publish","format-standard","has-post-thumbnail","hentry","category-gki","category-szemelygepkocsis-tanfolyamok","tag-belfoldi-gepkocsivezeto","tag-gepkocsivezeto","tag-gki","tag-gki-alapkepzes","tag-gki-kepzes","tag-gki-tanfolyam","tag-gki-tovabbkepzes","tag-gki-vizsga","tag-szemelygepkocsis-szemelyszallito-gepkocsivezeto","tag-szimulator","tag-taxi-gepkocsivezeto"],"aioseo_notices":[],"_links":{"self":[{"href":"https:\/\/www.transzportstudium.hu\/blog\/wp-json\/wp\/v2\/posts\/952","targetHints":{"allow":["GET"]}}],"collection":[{"href":"https:\/\/www.transzportstudium.hu\/blog\/wp-json\/wp\/v2\/posts"}],"about":[{"href":"https:\/\/www.transzportstudium.hu\/blog\/wp-json\/wp\/v2\/types\/post"}],"author":[{"embeddable":true,"href":"https:\/\/www.transzportstudium.hu\/blog\/wp-json\/wp\/v2\/users\/1"}],"replies":[{"embeddable":true,"href":"https:\/\/www.transzportstudium.hu\/blog\/wp-json\/wp\/v2\/comments?post=952"}],"version-history":[{"count":5,"href":"https:\/\/www.transzportstudium.hu\/blog\/wp-json\/wp\/v2\/posts\/952\/revisions"}],"predecessor-version":[{"id":1774,"href":"https:\/\/www.transzportstudium.hu\/blog\/wp-json\/wp\/v2\/posts\/952\/revisions\/1774"}],"wp:featuredmedia":[{"embeddable":true,"href":"https:\/\/www.transzportstudium.hu\/blog\/wp-json\/wp\/v2\/media\/953"}],"wp:attachment":[{"href":"https:\/\/www.transzportstudium.hu\/blog\/wp-json\/wp\/v2\/media?parent=952"}],"wp:term":[{"taxonomy":"category","embeddable":true,"href":"https:\/\/www.transzportstudium.hu\/blog\/wp-json\/wp\/v2\/categories?post=952"},{"taxonomy":"post_tag","embeddable":true,"href":"https:\/\/www.transzportstudium.hu\/blog\/wp-json\/wp\/v2\/tags?post=952"}],"curies":[{"name":"wp","href":"https:\/\/api.w.org\/{rel}","templated":true}]}}