{"id":934,"date":"2016-01-03T14:17:08","date_gmt":"2016-01-03T13:17:08","guid":{"rendered":"https:\/\/www.transzportstudium.hu\/blog\/?p=934"},"modified":"2016-04-03T14:20:47","modified_gmt":"2016-04-03T13:20:47","slug":"megszunt-az-undort-kelto-anyagok-szallitasa-kepzes","status":"publish","type":"post","link":"https:\/\/www.transzportstudium.hu\/blog\/2016\/01\/03\/megszunt-az-undort-kelto-anyagok-szallitasa-kepzes\/","title":{"rendered":"Megsz\u0171nt az undort kelt\u0151 anyagok sz\u00e1ll\u00edt\u00e1sa k\u00e9pz\u00e9s"},"content":{"rendered":"<p class=\"Szveg\"><span lang=\"HU\">A vesz\u00e9lyes anyagok egy speci\u00e1lis csoportj\u00e1ba tartoznak az \u00fagynevezett undort kelt\u0151 anyagok. A n\u00e9v igen tal\u00e1l\u00f3, hiszen az ilyen anyagokt\u00f3l mindannyian \u00f3dzkodunk, mind az \u00e1llaguk, mind pedig a szaguk miatt.<\/span><\/p>\n<h3 class=\"Cm2\"><span lang=\"HU\">Milyen anyagok tartoztak az undort kelt\u0151 anyagok k\u00f6z\u00e9?<\/span><\/h3>\n<p class=\"Szveg\"><span lang=\"HU\">Az undort kelt\u0151 anyagok k\u00f6z\u00e9 t\u00f6bbek k\u00f6z\u00f6tt olyan hullad\u00e9kok \u00e9s mell\u00e9kterm\u00e9kek tartoznak, mint p\u00e9ld\u00e1ul a kommun\u00e1lis hullad\u00e9k, az ist\u00e1ll\u00f3tr\u00e1gya, h\u00edgtr\u00e1gya, vagy az \u00e1llati tetemek.<\/span><\/p>\n<p class=\"Szveg\"><span lang=\"HU\">Ezek az anyagok a rendeletek alapj\u00e1n nem tartoztak semmilyen ADR oszt\u00e1lyba, ez\u00e9rt nem volt ADR vizsg\u00e1hoz k\u00f6tve a sz\u00e1ll\u00edt\u00e1suk, ugyanakkor m\u00e9gis kellettek hozz\u00e1 speci\u00e1lis ismeretek.<\/span><\/p>\n<div id=\"attachment_937\" style=\"width: 610px\" class=\"wp-caption aligncenter\"><img loading=\"lazy\" decoding=\"async\" aria-describedby=\"caption-attachment-937\" class=\"size-large wp-image-937\" src=\"https:\/\/www.transzportstudium.hu\/blog\/wp-content\/uploads\/2016\/02\/2796922_l-1024x685.jpg\" alt=\"Undort kelt\u0151 anyagok\" width=\"600\" height=\"401\" srcset=\"https:\/\/www.transzportstudium.hu\/blog\/wp-content\/uploads\/2016\/02\/2796922_l-1024x685.jpg 1024w, https:\/\/www.transzportstudium.hu\/blog\/wp-content\/uploads\/2016\/02\/2796922_l-300x200.jpg 300w\" sizes=\"auto, (max-width: 600px) 100vw, 600px\" \/><p id=\"caption-attachment-937\" class=\"wp-caption-text\">Undort kelt\u0151 anyagok<\/p><\/div>\n<h3 class=\"Cm2\"><span lang=\"HU\">Az undort kelt\u0151 anyagok sz\u00e1ll\u00edt\u00e1sa k\u00e9pz\u00e9s megsz\u0171nt<\/span><\/h3>\n<p class=\"Szveg\"><span lang=\"HU\">Mivel az undort kelt\u0151 anyagok nem tartoznak az ADR hat\u00e1lya al\u00e1, ez\u00e9rt azon sof\u0151r\u00f6k sz\u00e1m\u00e1ra, akik ezzel a tev\u00e9kenys\u00e9ggel sz\u00e1nd\u00e9koztak foglalkozni, egy olyan tanfolyam elv\u00e9gz\u00e9se volt sz\u00fcks\u00e9ges, ahol az ezzel kapcsolatos \u00f6sszes tudnival\u00f3t elsaj\u00e1t\u00edthatta az \u00e9rdekl\u0151d\u0151. Maga a k\u00e9pz\u00e9s az ADR alaptanfolyamokhoz kapcsol\u00f3dva zajlott. <\/span><\/p>\n<p class=\"Szveg\"><span lang=\"HU\">Egy hat\u00f3s\u00e1gi d\u00f6nt\u00e9s \u00e9rtelm\u00e9ben azonban az undort kelt\u0151 anyagok sz\u00e1ll\u00edt\u00e1sa k\u00e9pz\u00e9s megsz\u0171nt, \u00edgy erre a tanfolyamra m\u00e1r n\u00e1lunk sem iratkozhatnak be az \u00e9rdekl\u0151d\u0151k, tov\u00e1bb\u00e1 hat\u00e1lyukat vesz\u00edtett\u00e9k az ezen anyagokra vonatkoz\u00f3 kor\u00e1bbi rendelkez\u00e9sek is. <\/span><\/p>\n<h3 class=\"Cm2\"><span lang=\"HU\">V\u00e1lasszon helyette ADR tanfolyamaink k\u00f6z\u00fcl!<\/span><\/h3>\n<p class=\"Szveg\"><span lang=\"HU\">B\u00e1r az undort kelt\u0151 anyagok sz\u00e1ll\u00edt\u00e1sa k\u00e9pz\u00e9s megsz\u0171nt, a Transzport Studium sz\u00e1mtalan egy\u00e9b <a href=\"https:\/\/www.transzportstudium.hu\/tanfolyamok#3-adr-tanfolyamok\">ADR tanfolyamot<\/a> k\u00edn\u00e1l azok sz\u00e1m\u00e1ra, akik vesz\u00e9lyes anyagok sz\u00e1ll\u00edt\u00e1s\u00e1val k\u00edv\u00e1nnak foglalkozni.<\/span><\/p>\n<!-- Begin Yuzo --><div class='yuzo_related_post style-2'  data-version='5.12.88'><!-- without result --><div class='yuzo_clearfixed yuzo__title yuzo__title'><h3>Hasonl\u00f3 cikkek<\/h3><\/div>\n\t\t\t\t\t\t<div class=\"relatedthumb yuzo-list  \" style=\"\"  >  \n\t\t\t\t\t\t  <a  href=\"https:\/\/www.transzportstudium.hu\/blog\/2016\/04\/14\/vallalkozoi-kepzes-2\/\" class=\"image-list\"  >\n\t\t\t\t\t\t  <div class=\"yuzo-img-wrap  ilen_shine \" style=\"width: 100px;height:65px;\">\n\t\t\t\t\t\t\t\t\t <span class='shine-effect'><\/span> \n\t\t\t\t\t\t\t\t\t <div class=\"yuzo-img\" style=\"background:url('https:\/\/www.transzportstudium.hu\/blog\/wp-content\/uploads\/2016\/04\/6700226_l-150x150.jpg') 50% 50% no-repeat;width: 105px;height:65px;margin-bottom: 5px;background-size:  cover;  \"><\/div>\n\t\t\t\t\t\t  <\/div>\n\t\t\t\t\t\t  <\/a>\n\t\t\t\t\t\t  <a  class=\"link-list yuzo__text--title\" href=\"https:\/\/www.transzportstudium.hu\/blog\/2016\/04\/14\/vallalkozoi-kepzes-2\/\" style=\"font-size:14px;;line-height:22px;\"> V\u00e1llalkoz\u00f3i k\u00e9pz\u00e9s  <\/a>\n\t\t\t\t\t\t\t\t<span class=\"yuzo_text\" style=\"font-size:10px;\" >Igaz\u00e1n sikeresek csak biztos tud\u00e1s birtok\u00e1ban lehet\u00fcnk, nincs ez m\u00e1sk\u00e9ppen akkor sem, ha saj\u00e1t, \u00e1rufuvaroz\u00e1ssal foglalkoz\u00f3 v\u00e1llalkoz\u00e1st szeretn\u00e9nk ind...<\/span>\n\t\t\t\t\t\t   \n\t\t\t\t\t\t<\/div>\n\t\t\t\t\t\t<div class=\"relatedthumb yuzo-list  \" style=\"\"  >  \n\t\t\t\t\t\t  <a  href=\"https:\/\/www.transzportstudium.hu\/blog\/2015\/12\/10\/gyalogkiseretu-targoncak\/\" class=\"image-list\"  >\n\t\t\t\t\t\t  <div class=\"yuzo-img-wrap  ilen_shine \" style=\"width: 100px;height:65px;\">\n\t\t\t\t\t\t\t\t\t <span class='shine-effect'><\/span> \n\t\t\t\t\t\t\t\t\t <div class=\"yuzo-img\" style=\"background:url('https:\/\/www.transzportstudium.hu\/blog\/wp-content\/uploads\/2015\/11\/shutterstock_236757787-150x150.jpg') 50% 50% no-repeat;width: 105px;height:65px;margin-bottom: 5px;background-size:  cover;  \"><\/div>\n\t\t\t\t\t\t  <\/div>\n\t\t\t\t\t\t  <\/a>\n\t\t\t\t\t\t  <a  class=\"link-list yuzo__text--title\" href=\"https:\/\/www.transzportstudium.hu\/blog\/2015\/12\/10\/gyalogkiseretu-targoncak\/\" style=\"font-size:14px;;line-height:22px;\"> Gyalogk\u00eds\u00e9ret\u0171 targonc\u00e1k  <\/a>\n\t\t\t\t\t\t\t\t<span class=\"yuzo_text\" style=\"font-size:10px;\" >A targonc\u00e1knak h\u00e1rom csoportj\u00e1t k\u00fcl\u00f6nb\u00f6ztetj\u00fck meg, ezek a vezet\u0151\u00fcl\u00e9ses targonca, a vezet\u0151\u00e1ll\u00e1sos targonca, valamint a gyalogk\u00eds\u00e9ret\u0171 targonca. Mindh\u00e1...<\/span>\n\t\t\t\t\t\t   \n\t\t\t\t\t\t<\/div>\n\t\t\t\t\t\t<div class=\"relatedthumb yuzo-list  \" style=\"\"  >  \n\t\t\t\t\t\t  <a  href=\"https:\/\/www.transzportstudium.hu\/blog\/2014\/10\/07\/a-gepkocsivezetok-pihenoidejenek-eu-s-szabalyzasa\/\" class=\"image-list\"  >\n\t\t\t\t\t\t  <div class=\"yuzo-img-wrap  ilen_shine \" style=\"width: 100px;height:65px;\">\n\t\t\t\t\t\t\t\t\t <span class='shine-effect'><\/span> \n\t\t\t\t\t\t\t\t\t <div class=\"yuzo-img\" style=\"background:url('https:\/\/www.transzportstudium.hu\/blog\/wp-content\/uploads\/2014\/10\/46823_lowres_04612-038-150x150.jpg') 50% 50% no-repeat;width: 105px;height:65px;margin-bottom: 5px;background-size:  cover;  \"><\/div>\n\t\t\t\t\t\t  <\/div>\n\t\t\t\t\t\t  <\/a>\n\t\t\t\t\t\t  <a  class=\"link-list yuzo__text--title\" href=\"https:\/\/www.transzportstudium.hu\/blog\/2014\/10\/07\/a-gepkocsivezetok-pihenoidejenek-eu-s-szabalyzasa\/\" style=\"font-size:14px;;line-height:22px;\"> A g\u00e9pkocsivezet\u0151k pihen\u0151idej\u00e9nek EU-s szab\u00e1lyz\u00e1sa...  <\/a>\n\t\t\t\t\t\t\t\t<span class=\"yuzo_text\" style=\"font-size:10px;\" >Az 561\/2006 EU rendelet \u00e9rtelm\u00e9ben 2007. \u00e1prilis 11-\u00e9t\u0151l jelent\u0151s v\u00e1ltoz\u00e1sok t\u00f6rt\u00e9ntek a k\u00f6z\u00fati szem\u00e9ly- \u00e9s \u00e1rusz\u00e1ll\u00edt\u00e1sban. A sof\u0151r\u00f6knek nemcsak GKI ...<\/span>\n\t\t\t\t\t\t   \n\t\t\t\t\t\t<\/div>\n\t\t\t\t\t\t<div class=\"relatedthumb yuzo-list  \" style=\"\"  >  \n\t\t\t\t\t\t  <a  href=\"https:\/\/www.transzportstudium.hu\/blog\/2019\/06\/25\/mindenutt-kelendo-a-targoncas-vizsga\/\" class=\"image-list\"  >\n\t\t\t\t\t\t  <div class=\"yuzo-img-wrap  ilen_shine \" style=\"width: 100px;height:65px;\">\n\t\t\t\t\t\t\t\t\t <span class='shine-effect'><\/span> \n\t\t\t\t\t\t\t\t\t <div class=\"yuzo-img\" style=\"background:url('https:\/\/www.transzportstudium.hu\/blog\/wp-content\/uploads\/2019\/06\/Forkliftscalesnewjersey-150x150.jpg') 50% 50% no-repeat;width: 105px;height:65px;margin-bottom: 5px;background-size:  cover;  \"><\/div>\n\t\t\t\t\t\t  <\/div>\n\t\t\t\t\t\t  <\/a>\n\t\t\t\t\t\t  <a  class=\"link-list yuzo__text--title\" href=\"https:\/\/www.transzportstudium.hu\/blog\/2019\/06\/25\/mindenutt-kelendo-a-targoncas-vizsga\/\" style=\"font-size:14px;;line-height:22px;\"> Minden\u00fctt kelend\u0151 a targonc\u00e1s vizsga  <\/a>\n\t\t\t\t\t\t\t\t<span class=\"yuzo_text\" style=\"font-size:10px;\" >Aki a logisztik\u00e1ban vagy b\u00e1rmilyen \u00e1rumozgat\u00e1ssal kapcsolatos munkahelyen, mint targonc\u00e1s akar elhelyezkedni, annak ehhez tanfolyamot kell v\u00e9geznie, m...<\/span>\n\t\t\t\t\t\t   \n\t\t\t\t\t\t<\/div>\n<\/div>  <!-- End Yuzo :) -->","protected":false},"excerpt":{"rendered":"<p>A vesz\u00e9lyes anyagok egy speci\u00e1lis csoportj\u00e1ba tartoznak az \u00fagynevezett undort kelt\u0151 anyagok. A n\u00e9v igen tal\u00e1l\u00f3, hiszen az ilyen anyagokt\u00f3l mindannyian \u00f3dzkodunk, mind az \u00e1llaguk, mind pedig a szaguk miatt. Milyen anyagok tartoztak az&#46;&#46;&#46;<\/p>\n","protected":false},"author":1,"featured_media":937,"comment_status":"open","ping_status":"open","sticky":false,"template":"","format":"standard","meta":{"footnotes":""},"categories":[2],"tags":[224,174,71,72,22],"class_list":["post-934","post","type-post","status-publish","format-standard","has-post-thumbnail","hentry","category-adr","tag-adr","tag-adr-kepzes","tag-adr-tanfolyam","tag-adr-vizsga","tag-undort-kelto-anyagok"],"aioseo_notices":[],"_links":{"self":[{"href":"https:\/\/www.transzportstudium.hu\/blog\/wp-json\/wp\/v2\/posts\/934","targetHints":{"allow":["GET"]}}],"collection":[{"href":"https:\/\/www.transzportstudium.hu\/blog\/wp-json\/wp\/v2\/posts"}],"about":[{"href":"https:\/\/www.transzportstudium.hu\/blog\/wp-json\/wp\/v2\/types\/post"}],"author":[{"embeddable":true,"href":"https:\/\/www.transzportstudium.hu\/blog\/wp-json\/wp\/v2\/users\/1"}],"replies":[{"embeddable":true,"href":"https:\/\/www.transzportstudium.hu\/blog\/wp-json\/wp\/v2\/comments?post=934"}],"version-history":[{"count":3,"href":"https:\/\/www.transzportstudium.hu\/blog\/wp-json\/wp\/v2\/posts\/934\/revisions"}],"predecessor-version":[{"id":1003,"href":"https:\/\/www.transzportstudium.hu\/blog\/wp-json\/wp\/v2\/posts\/934\/revisions\/1003"}],"wp:featuredmedia":[{"embeddable":true,"href":"https:\/\/www.transzportstudium.hu\/blog\/wp-json\/wp\/v2\/media\/937"}],"wp:attachment":[{"href":"https:\/\/www.transzportstudium.hu\/blog\/wp-json\/wp\/v2\/media?parent=934"}],"wp:term":[{"taxonomy":"category","embeddable":true,"href":"https:\/\/www.transzportstudium.hu\/blog\/wp-json\/wp\/v2\/categories?post=934"},{"taxonomy":"post_tag","embeddable":true,"href":"https:\/\/www.transzportstudium.hu\/blog\/wp-json\/wp\/v2\/tags?post=934"}],"curies":[{"name":"wp","href":"https:\/\/api.w.org\/{rel}","templated":true}]}}