{"id":903,"date":"2016-01-18T15:27:51","date_gmt":"2016-01-18T14:27:51","guid":{"rendered":"https:\/\/www.transzportstudium.hu\/blog\/?p=903"},"modified":"2018-03-04T12:05:01","modified_gmt":"2018-03-04T11:05:01","slug":"mikor-buntethetik-az-uber-sofort","status":"publish","type":"post","link":"https:\/\/www.transzportstudium.hu\/blog\/2016\/01\/18\/mikor-buntethetik-az-uber-sofort\/","title":{"rendered":"Mikor b\u00fcntethetik az Uber-sof\u0151rt?"},"content":{"rendered":"<p class=\"Szveg\"><span lang=\"HU\">A k\u00f6z\u00f6ss\u00e9gi alapon szervez\u0151d\u0151, szem\u00e9lysz\u00e1ll\u00edt\u00e1si tev\u00e9kenys\u00e9get v\u00e9gz\u0151 Uber 2014 \u00f3ta m\u00e1r Magyarorsz\u00e1gon is el\u00e9rhet\u0151. Mivel sem saj\u00e1t j\u00e1rm\u0171flott\u00e1ja, sem pedig diszp\u00e9cserszolg\u00e1lata nincs \u2013 egy telefonos applik\u00e1ci\u00f3ra van csup\u00e1n sz\u00fcks\u00e9g, ha ig\u00e9nybe akarjuk venni \u2013, sokkal alacsonyabb tarif\u00e1kat k\u00edn\u00e1l, mint a hagyom\u00e1nyos taxik, \u00e9ppen ebben rejlik a vonzereje is.<\/span><\/p>\n<div id=\"attachment_904\" style=\"width: 610px\" class=\"wp-caption aligncenter\"><img loading=\"lazy\" decoding=\"async\" aria-describedby=\"caption-attachment-904\" class=\"size-large wp-image-904\" src=\"https:\/\/www.transzportstudium.hu\/blog\/wp-content\/uploads\/2016\/01\/43260445_l-1024x683.jpg\" alt=\"GKI tanfolyam - Uber tanfolyam \u00e9s vizsga\" width=\"600\" height=\"400\" srcset=\"https:\/\/www.transzportstudium.hu\/blog\/wp-content\/uploads\/2016\/01\/43260445_l-1024x683.jpg 1024w, https:\/\/www.transzportstudium.hu\/blog\/wp-content\/uploads\/2016\/01\/43260445_l-300x200.jpg 300w\" sizes=\"auto, (max-width: 600px) 100vw, 600px\" \/><p id=\"caption-attachment-904\" class=\"wp-caption-text\">GKI tanfolyam &#8211; Uber tanfolyam \u00e9s vizsga<\/p><\/div>\n<h3 class=\"Cm2\"><span lang=\"HU\">Vonz\u00f3 az Uber a sof\u0151r\u00f6k sz\u00e1m\u00e1ra<\/span><\/h3>\n<p class=\"Szveg\"><span lang=\"HU\">A m\u00e1sik vonzer\u0151 pedig a sof\u0151r\u00f6ket \u00e9rinti, ugyanis \u0151k \u00fagy gondolj\u00e1k, hogy nekik nincs sz\u00fcks\u00e9g\u00fck <a title=\"Uber sof\u0151r leg\u00e1lisan?\" href=\"https:\/\/www.transzportstudium.hu\/blog\/2015\/12\/08\/uber-sofor-legalisan\/\">k\u00fcl\u00f6n tanfolyam<\/a> elv\u00e9gz\u00e9s\u00e9re, ha Uber-sof\u0151r\u00f6k szeretn\u00e9nek lenni. M\u00e1rpedig ez t\u00e9ved\u00e9s! A <a title=\"176\/2015. (VII. 7.) Korm. rendelet\" href=\"http:\/\/net.jogtar.hu\/jr\/gen\/hjegy_doc.cgi?docid=A1500176.KOR\" target=\"_blank\">176\/2015. (VII. 7.) Korm. rendelet<\/a> szerint a <a title=\"Szem\u00e9lyg\u00e9pkocsis szem\u00e9lysz\u00e1ll\u00edt\u00f3 g\u00e9pkocsivezet\u0151 (alapk\u00e9pz\u00e9s)\" href=\"https:\/\/www.transzportstudium.hu\/tanfolyamok\/gepkocsivezetoi-szaktanfolyamok-gki-tanfolyam\/6_szemelygepkocsis-szemelyszallito-gepkocsivezeto-alapkepzes\">szem\u00e9lysz\u00e1ll\u00edt\u00f3 szolg\u00e1ltat\u00e1s szem\u00e9lyg\u00e9pkocsival<\/a>, ellen\u00e9rt\u00e9k \u2013fej\u00e9ben v\u00e9gzett tev\u00e9kenys\u00e9g, ezt <strong>csak hat\u00f3s\u00e1gi enged\u00e9ly birtok\u00e1ban lehet v\u00e9gezni<\/strong>, a felt\u00e9telek teljes\u00fcl\u00e9se eset\u00e9n. A felt\u00e9telek vonatkoznak a megfelel\u0151 j\u00e1rm\u0171re \u00e9s a megfelel\u0151 g\u00e9pkocsivezet\u0151re. A szem\u00e9lyi felt\u00e9telek sor\u00e1ban ott szerepel a k\u00e9pzetts\u00e9g, amit sikeres <a title=\"Jelentkez\u00e9s - GKI tanfolyam\" href=\"https:\/\/www.transzportstudium.hu\/jelentkezesi-lap\/1_gepkocsivezetoi-szaktanfolyamok-gki-tanfolyam\">vizsg\u00e1val<\/a> lehet igazolni.<\/span><\/p>\n<p class=\"Szveg\"><span lang=\"HU\">Ha valakit az el\u0151re lefektetett krit\u00e9riumok alapj\u00e1n alkalmasnak tal\u00e1lnak a feladatra, akkor m\u00e1ris aut\u00f3ba pattanhat, \u00e9s v\u00e9gezheti is a szem\u00e9lysz\u00e1ll\u00edt\u00f3i tev\u00e9kenys\u00e9get. A folyamat azonban csak l\u00e1tsz\u00f3lag ilyen egyszer\u0171, mert egy Uber-sof\u0151r is sz\u00e1mos buktat\u00f3val tal\u00e1lkozhat a fentieken t\u00fal is, ha nem ismeri a r\u00e1 vonatkoz\u00f3 szab\u00e1lyokat.<\/span><\/p>\n<h3 class=\"Cm2\"><span lang=\"HU\">Mikor b\u00fcntethet\u0151 az Uber-sof\u0151r?<\/span><\/h3>\n<p class=\"Szveg\"><span lang=\"HU\">Azt minden Uber-sof\u0151rnek tudnia kell, hogy az \u00e1ltala v\u00e9gzett tev\u00e9kenys\u00e9gb\u0151l befolyt j\u00f6vedelme ut\u00e1n ad\u00f3znia kell. Amennyiben ezt elmulasztja, b\u00edrs\u00e1gra sz\u00e1m\u00edthat, de nem ez az egyetlen eset, amikor b\u00fcntethet\u0151 a sof\u0151r.<\/span><\/p>\n<p class=\"Szveg\"><span lang=\"HU\">Az al\u00e1bbi szab\u00e1lytalans\u00e1gokat sem n\u00e9zi j\u00f3l szemmel a NAV: ha az Uber-sof\u0151r nem rendelkezik ad\u00f3sz\u00e1mmal, vagy ha nem ad a fuvar v\u00e9g\u00e9n sz\u00e1ml\u00e1t. Akkor is v\u00e1rhat\u00f3 b\u00fcntet\u00e9s, ha nincs a sof\u0151rn\u00e9l sem sz\u00e1mla-, sem nyugtat\u00f6mb, m\u00e9ghozz\u00e1 nem is kev\u00e9s \u2013 <strong>ak\u00e1r 200.000 forintos mulaszt\u00e1si b\u00edrs\u00e1got<\/strong> is kiszabhat az ad\u00f3hat\u00f3s\u00e1g.<\/span><\/p>\n<p class=\"Szveg\"><span lang=\"HU\">Ezeket a szab\u00e1lytalans\u00e1gokat sokszor nem is sz\u00e1nd\u00e9kosan k\u00f6vetik el a sof\u0151r\u00f6k, egyszer\u0171en abb\u00f3l fakadnak, hogy nem ismerik a r\u00e1juk vonatkoz\u00f3 el\u0151\u00edr\u00e1sokat. Ha viszont elv\u00e9gezn\u00e9k az ide vonatkoz\u00f3 szakir\u00e1ny\u00fa tanfolyamokat\u00a0(<a title=\"Szem\u00e9lyg\u00e9pkocsis szem\u00e9lysz\u00e1ll\u00edt\u00f3 g\u00e9pkocsivezet\u0151 (alapk\u00e9pz\u00e9s)\" href=\"https:\/\/www.transzportstudium.hu\/tanfolyamok\/gepkocsivezetoi-szaktanfolyamok-gki-tanfolyam\/6_szemelygepkocsis-szemelyszallito-gepkocsivezeto-alapkepzes\">g\u00e9pkocsivezet\u0151<\/a>, <a title=\"Szem\u00e9lyg\u00e9pkocsis szem\u00e9lysz\u00e1ll\u00edt\u00f3 v\u00e1llalkoz\u00f3\" href=\"https:\/\/www.transzportstudium.hu\/tanfolyamok\/vallalkozoi-szaktanfolyamok\/11_szemelygepkocsis-szemelyszallito-vallalkozo\">v\u00e1llalkoz\u00f3<\/a>), akkor tiszt\u00e1ban lenn\u00e9nek a szem\u00e9lysz\u00e1ll\u00edt\u00f3i szolg\u00e1ltat\u00f3 tev\u00e9kenys\u00e9gre vonatkoz\u00f3 minden hat\u00f3s\u00e1gi el\u0151\u00edr\u00e1ssal. Ha nincs tiszt\u00e1ban a felt\u00e9telekkel, olvassa el vonatkoz\u00f3 cikk\u00fcnket a t\u00e9m\u00e1ban, hogy hogyan lehet <a title=\"Uber sof\u0151r leg\u00e1lisan?\" href=\"https:\/\/www.transzportstudium.hu\/blog\/2015\/12\/08\/uber-sofor-legalisan\/\">Uber-sof\u0151r leg\u00e1lisan<\/a>!<\/span><\/p>\n<!-- Begin Yuzo --><div class='yuzo_related_post style-2'  data-version='5.12.88'><!-- without result --><div class='yuzo_clearfixed yuzo__title yuzo__title'><h3>Hasonl\u00f3 cikkek<\/h3><\/div>\n\t\t\t\t\t\t<div class=\"relatedthumb yuzo-list  \" style=\"\"  >  \n\t\t\t\t\t\t  <a  href=\"https:\/\/www.transzportstudium.hu\/blog\/2015\/12\/10\/gyalogkiseretu-targoncak\/\" class=\"image-list\"  >\n\t\t\t\t\t\t  <div class=\"yuzo-img-wrap  ilen_shine \" style=\"width: 100px;height:65px;\">\n\t\t\t\t\t\t\t\t\t <span class='shine-effect'><\/span> \n\t\t\t\t\t\t\t\t\t <div class=\"yuzo-img\" style=\"background:url('https:\/\/www.transzportstudium.hu\/blog\/wp-content\/uploads\/2015\/11\/shutterstock_236757787-150x150.jpg') 50% 50% no-repeat;width: 105px;height:65px;margin-bottom: 5px;background-size:  cover;  \"><\/div>\n\t\t\t\t\t\t  <\/div>\n\t\t\t\t\t\t  <\/a>\n\t\t\t\t\t\t  <a  class=\"link-list yuzo__text--title\" href=\"https:\/\/www.transzportstudium.hu\/blog\/2015\/12\/10\/gyalogkiseretu-targoncak\/\" style=\"font-size:14px;;line-height:22px;\"> Gyalogk\u00eds\u00e9ret\u0171 targonc\u00e1k  <\/a>\n\t\t\t\t\t\t\t\t<span class=\"yuzo_text\" style=\"font-size:10px;\" >A targonc\u00e1knak h\u00e1rom csoportj\u00e1t k\u00fcl\u00f6nb\u00f6ztetj\u00fck meg, ezek a vezet\u0151\u00fcl\u00e9ses targonca, a vezet\u0151\u00e1ll\u00e1sos targonca, valamint a gyalogk\u00eds\u00e9ret\u0171 targonca. Mindh\u00e1...<\/span>\n\t\t\t\t\t\t   \n\t\t\t\t\t\t<\/div>\n\t\t\t\t\t\t<div class=\"relatedthumb yuzo-list  \" style=\"\"  >  \n\t\t\t\t\t\t  <a  href=\"https:\/\/www.transzportstudium.hu\/blog\/2014\/09\/11\/a-helyes-rakomanyrogzites-10-alapszabalya\/\" class=\"image-list\"  >\n\t\t\t\t\t\t  <div class=\"yuzo-img-wrap  ilen_shine \" style=\"width: 100px;height:65px;\">\n\t\t\t\t\t\t\t\t\t <span class='shine-effect'><\/span> \n\t\t\t\t\t\t\t\t\t <div class=\"yuzo-img\" style=\"background:url('https:\/\/www.transzportstudium.hu\/blog\/wp-content\/uploads\/2014\/09\/home-slide3-150x150.jpg') 50% 50% no-repeat;width: 105px;height:65px;margin-bottom: 5px;background-size:  cover;  \"><\/div>\n\t\t\t\t\t\t  <\/div>\n\t\t\t\t\t\t  <\/a>\n\t\t\t\t\t\t  <a  class=\"link-list yuzo__text--title\" href=\"https:\/\/www.transzportstudium.hu\/blog\/2014\/09\/11\/a-helyes-rakomanyrogzites-10-alapszabalya\/\" style=\"font-size:14px;;line-height:22px;\"> A helyes rakom\u00e1nyr\u00f6gz\u00edt\u00e9s 10 alapszab\u00e1lya  <\/a>\n\t\t\t\t\t\t\t\t<span class=\"yuzo_text\" style=\"font-size:10px;\" >Vannak bizonyos szab\u00e1lyok, amelyeknek a sz\u00e1ll\u00edtott \u00e1ru jelleg\u00e9t\u0151l f\u00fcggetlen\u00fcl teljes\u00fclni\u00fck kell a rakom\u00e1nyr\u00f6gz\u00edt\u00e9sn\u00e9l ahhoz, hogy a rakom\u00e1ny biztons\u00e1g...<\/span>\n\t\t\t\t\t\t   \n\t\t\t\t\t\t<\/div>\n\t\t\t\t\t\t<div class=\"relatedthumb yuzo-list  \" style=\"\"  >  \n\t\t\t\t\t\t  <a  href=\"https:\/\/www.transzportstudium.hu\/blog\/2018\/12\/04\/ketto-az-egyben-2\/\" class=\"image-list\"  >\n\t\t\t\t\t\t  <div class=\"yuzo-img-wrap  ilen_shine \" style=\"width: 100px;height:65px;\">\n\t\t\t\t\t\t\t\t\t <span class='shine-effect'><\/span> \n\t\t\t\t\t\t\t\t\t <div class=\"yuzo-img\" style=\"background:url('https:\/\/www.transzportstudium.hu\/blog\/wp-content\/uploads\/2018\/12\/Transport-46-150x150.jpg') 50% 50% no-repeat;width: 105px;height:65px;margin-bottom: 5px;background-size:  cover;  \"><\/div>\n\t\t\t\t\t\t  <\/div>\n\t\t\t\t\t\t  <\/a>\n\t\t\t\t\t\t  <a  class=\"link-list yuzo__text--title\" href=\"https:\/\/www.transzportstudium.hu\/blog\/2018\/12\/04\/ketto-az-egyben-2\/\" style=\"font-size:14px;;line-height:22px;\"> Kett\u0151 az egyben  <\/a>\n\t\t\t\t\t\t\t\t<span class=\"yuzo_text\" style=\"font-size:10px;\" >Hivat\u00e1sos sof\u0151r\u00f6knek 2009 \u00f3ta k\u00f6telez\u0151 GKI tanfolyamon r\u00e9szt venni, hogy megszerezhess\u00e9k a GKI igazolv\u00e1nyukat, amivel jogosults\u00e1got szereznek a munk\u00e1j...<\/span>\n\t\t\t\t\t\t   \n\t\t\t\t\t\t<\/div>\n\t\t\t\t\t\t<div class=\"relatedthumb yuzo-list  \" style=\"\"  >  \n\t\t\t\t\t\t  <a  href=\"https:\/\/www.transzportstudium.hu\/blog\/2019\/04\/09\/az-osszevont-gki-alaptanfolyamrol\/\" class=\"image-list\"  >\n\t\t\t\t\t\t  <div class=\"yuzo-img-wrap  ilen_shine \" style=\"width: 100px;height:65px;\">\n\t\t\t\t\t\t\t\t\t <span class='shine-effect'><\/span> \n\t\t\t\t\t\t\t\t\t <div class=\"yuzo-img\" style=\"background:url('https:\/\/www.transzportstudium.hu\/blog\/wp-content\/uploads\/2019\/04\/MAN_Range_eMobility_1_width_1268_height_470-e1537365187589-150x150.jpg') 50% 50% no-repeat;width: 105px;height:65px;margin-bottom: 5px;background-size:  cover;  \"><\/div>\n\t\t\t\t\t\t  <\/div>\n\t\t\t\t\t\t  <\/a>\n\t\t\t\t\t\t  <a  class=\"link-list yuzo__text--title\" href=\"https:\/\/www.transzportstudium.hu\/blog\/2019\/04\/09\/az-osszevont-gki-alaptanfolyamrol\/\" style=\"font-size:14px;;line-height:22px;\"> Az \u00f6sszevont GKI alaptanfolyamr\u00f3l  <\/a>\n\t\t\t\t\t\t\t\t<span class=\"yuzo_text\" style=\"font-size:10px;\" >K\u00e9t szakma egy k\u00e9pz\u00e9s keret\u00e9ben az \u00d6n\u00e9 lehet, ak\u00e1r m\u00e1r online is.\u00a0Aki \u00fagy d\u00f6nt, hogy aut\u00f3buszvezet\u0151 vagy teherg\u00e9pkocsi vezet\u0151 szeretne lenni, az elv\u00e9g...<\/span>\n\t\t\t\t\t\t   \n\t\t\t\t\t\t<\/div>\n<\/div>  <!-- End Yuzo :) -->","protected":false},"excerpt":{"rendered":"<p>A k\u00f6z\u00f6ss\u00e9gi alapon szervez\u0151d\u0151, szem\u00e9lysz\u00e1ll\u00edt\u00e1si tev\u00e9kenys\u00e9get v\u00e9gz\u0151 Uber 2014 \u00f3ta m\u00e1r Magyarorsz\u00e1gon is el\u00e9rhet\u0151. Mivel sem saj\u00e1t j\u00e1rm\u0171flott\u00e1ja, sem pedig diszp\u00e9cserszolg\u00e1lata nincs \u2013 egy telefonos applik\u00e1ci\u00f3ra van csup\u00e1n sz\u00fcks\u00e9g, ha ig\u00e9nybe akarjuk venni \u2013,&#46;&#46;&#46;<\/p>\n","protected":false},"author":3,"featured_media":904,"comment_status":"open","ping_status":"open","sticky":false,"template":"","format":"standard","meta":{"footnotes":""},"categories":[3,235],"tags":[225,73,74,191,28,29,106,105,193,192,210],"class_list":["post-903","post","type-post","status-publish","format-standard","has-post-thumbnail","hentry","category-gki","category-szemelygepkocsis-tanfolyamok","tag-gki","tag-gki-tanfolyam","tag-gki-vizsga","tag-sofor","tag-szemelyfuvarozas","tag-szemelyszallitas","tag-taxi","tag-taxi-gepkocsivezeto","tag-taxis-tanfolyam","tag-taxis-vizsga","tag-uber"],"aioseo_notices":[],"_links":{"self":[{"href":"https:\/\/www.transzportstudium.hu\/blog\/wp-json\/wp\/v2\/posts\/903","targetHints":{"allow":["GET"]}}],"collection":[{"href":"https:\/\/www.transzportstudium.hu\/blog\/wp-json\/wp\/v2\/posts"}],"about":[{"href":"https:\/\/www.transzportstudium.hu\/blog\/wp-json\/wp\/v2\/types\/post"}],"author":[{"embeddable":true,"href":"https:\/\/www.transzportstudium.hu\/blog\/wp-json\/wp\/v2\/users\/3"}],"replies":[{"embeddable":true,"href":"https:\/\/www.transzportstudium.hu\/blog\/wp-json\/wp\/v2\/comments?post=903"}],"version-history":[{"count":6,"href":"https:\/\/www.transzportstudium.hu\/blog\/wp-json\/wp\/v2\/posts\/903\/revisions"}],"predecessor-version":[{"id":914,"href":"https:\/\/www.transzportstudium.hu\/blog\/wp-json\/wp\/v2\/posts\/903\/revisions\/914"}],"wp:featuredmedia":[{"embeddable":true,"href":"https:\/\/www.transzportstudium.hu\/blog\/wp-json\/wp\/v2\/media\/904"}],"wp:attachment":[{"href":"https:\/\/www.transzportstudium.hu\/blog\/wp-json\/wp\/v2\/media?parent=903"}],"wp:term":[{"taxonomy":"category","embeddable":true,"href":"https:\/\/www.transzportstudium.hu\/blog\/wp-json\/wp\/v2\/categories?post=903"},{"taxonomy":"post_tag","embeddable":true,"href":"https:\/\/www.transzportstudium.hu\/blog\/wp-json\/wp\/v2\/tags?post=903"}],"curies":[{"name":"wp","href":"https:\/\/api.w.org\/{rel}","templated":true}]}}