{"id":869,"date":"2016-03-10T08:13:40","date_gmt":"2016-03-10T07:13:40","guid":{"rendered":"https:\/\/www.transzportstudium.hu\/blog\/?p=869"},"modified":"2016-02-07T18:19:06","modified_gmt":"2016-02-07T17:19:06","slug":"az-emelovillas-targonca","status":"publish","type":"post","link":"https:\/\/www.transzportstudium.hu\/blog\/2016\/03\/10\/az-emelovillas-targonca\/","title":{"rendered":"Az emel\u0151vill\u00e1s targonca"},"content":{"rendered":"<p class=\"Szveg\"><span lang=\"HU\">A targonc\u00e1knak h\u00e1rom alapt\u00edpusa l\u00e9tezik, amiknek a kezel\u00e9s\u00e9t <a title=\"OKJ-s Targoncavezet\u0151 egy g\u00e9pcsoportra\" href=\"https:\/\/www.transzportstudium.hu\/tanfolyamok\/okj-s-gepkezeloi-tanfolyamok\/45_okj-s-targoncavezeto-egy-gepcsoportra\">OKJ-s targoncavezet\u0151 tanfolyamon<\/a> saj\u00e1t\u00edthatja el. A h\u00e1rom targoncat\u00edpus a vezet\u0151\u00fcl\u00e9ses, a vezet\u0151\u00e1ll\u00e1sos, illetve a gyalogk\u00eds\u00e9ret\u0171 targonca. Az emel\u0151vill\u00e1s targonca a vezet\u0151\u00fcl\u00e9ses targonc\u00e1k csoportj\u00e1ba tartozik, \u00e9s a logisztika sz\u00e1mtalan ter\u00fclet\u00e9n alkalmazz\u00e1k, de a vezet\u0151\u00e1ll\u00e1sos targonc\u00e1k k\u00f6z\u00f6tt is l\u00e9tezik emel\u0151vill\u00e1s v\u00e1ltozat.<\/span><\/p>\n<div id=\"attachment_866\" style=\"width: 610px\" class=\"wp-caption aligncenter\"><img loading=\"lazy\" decoding=\"async\" aria-describedby=\"caption-attachment-866\" class=\"size-large wp-image-866\" src=\"https:\/\/www.transzportstudium.hu\/blog\/wp-content\/uploads\/2015\/12\/12874549_l-1024x681.jpg\" alt=\"OKJ-s targoncavezet\u0151i tanfolyam - Emel\u0151vill\u00e1s targonca\" width=\"600\" height=\"399\" srcset=\"https:\/\/www.transzportstudium.hu\/blog\/wp-content\/uploads\/2015\/12\/12874549_l-1024x681.jpg 1024w, https:\/\/www.transzportstudium.hu\/blog\/wp-content\/uploads\/2015\/12\/12874549_l-300x199.jpg 300w\" sizes=\"auto, (max-width: 600px) 100vw, 600px\" \/><p id=\"caption-attachment-866\" class=\"wp-caption-text\">OKJ-s targoncavezet\u0151i tanfolyam &#8211; Emel\u0151vill\u00e1s targonca<\/p><\/div>\n<h3 class=\"Cm2\"><span lang=\"HU\">Az emel\u0151vill\u00e1s targonca tulajdons\u00e1gai<\/span><\/h3>\n<p class=\"Szveg\"><span lang=\"HU\">Mint azt m\u00e1r eml\u00edtett\u00fck, az emel\u0151vill\u00e1s targonca a vezet\u0151\u00fcl\u00e9ses, valamint a vezet\u0151\u00e1ll\u00e1sos targonc\u00e1k egy fajt\u00e1ja. Az emel\u0151vill\u00e1s targonc\u00e1val nagy t\u00f6meg\u0171 \u00e1rut pakolhatunk biztons\u00e1gosan nagy magass\u00e1gba \u2013 a stabilit\u00e1st \u00e9ppen a vill\u00e1knak k\u00f6sz\u00f6nhetj\u00fck.<\/span><\/p>\n<p class=\"Szveg\"><span lang=\"HU\">Az emel\u0151vill\u00e1s targonc\u00e1k vill\u00e1i tulajdonk\u00e9ppen egyszer\u0171 emel\u0151k, ahol az emel\u00e9shez sz\u00fcks\u00e9ges er\u0151 a hidraulikus nyom\u00e1st\u00f3l \u00e9s az ellens\u00falyt\u00f3l f\u00fcgg. Hogy egy emel\u0151vill\u00e1s targonca meddig terhelhet\u0151, azt a gy\u00e1rt\u00f3k mindig jelzik \u2013 gyakorlatilag ennek a param\u00e9ternek az alapj\u00e1n sorolj\u00e1k \u0151ket csoportokba.<\/span><\/p>\n<h3 class=\"Cm2\"><span lang=\"HU\">Mit sz\u00fcks\u00e9ges tudni egy emel\u0151vill\u00e1s targonca kezel\u00e9s\u00e9hez?<\/span><\/h3>\n<p class=\"Szveg\"><span lang=\"HU\">Az emel\u0151vill\u00e1s <a title=\"OKJ-s Targoncavezet\u0151 egy g\u00e9pcsoportra\" href=\"https:\/\/www.transzportstudium.hu\/tanfolyamok\/okj-s-gepkezeloi-tanfolyamok\/45_okj-s-targoncavezeto-egy-gepcsoportra\">targonca OKJ-s tanfolyamon<\/a> nem csup\u00e1n a j\u00e1rm\u0171 ir\u00e1ny\u00edt\u00e1s\u00e1t saj\u00e1t\u00edtj\u00e1k el a hallgat\u00f3k, de azzal is pontosan tiszt\u00e1ban kell lenni\u00fck, hogy az \u00e1ltaluk vezetett targonca mekkora kapacit\u00e1ssal rendelkezik, illetve, hogy milyen munkav\u00e9delmi el\u0151\u00edr\u00e1sok betart\u00e1sa mellett v\u00e9gezhet\u0151 a targoncavezet\u0151i tev\u00e9kenys\u00e9g.<\/span><\/p>\n<p class=\"Szveg\"><span lang=\"HU\">Az emel\u0151vill\u00e1s targonca tal\u00e1n az egyik legn\u00e9pszer\u0171bb targoncafajta, hiszen sz\u00e9les k\u00f6rben alkalmazhat\u00f3: egy nagyobb rakt\u00e1rban \u00e9pp\u00fagy, mint egy teherg\u00e9pkocsi berakod\u00e1sakor, vagy az \u00e9p\u00edt\u0151iparban, ez\u00e9rt a k\u00e9pz\u00e9s elv\u00e9gz\u00e9se ut\u00e1n sz\u00e1mtalan ter\u00fcleten helyezkedhet el a sikeres vizsg\u00e1z\u00f3. Szerezze meg \u00d6n is OKJ-s g\u00e9pkezel\u0151i v\u00e9gzetts\u00e9g\u00e9t! <a title=\"Jelentkez\u00e9s - OKJ-s g\u00e9pkezel\u0151 tanfolyamok\" href=\"https:\/\/www.transzportstudium.hu\/jelentkezesi-lap\/4_okj-s-gepkezeloi-tanfolyamok\">Jelentkezzen<\/a> m\u00e9g ma tanfolyamainkra!<\/span><\/p>\n<!-- Begin Yuzo --><div class='yuzo_related_post style-2'  data-version='5.12.88'><!-- without result --><div class='yuzo_clearfixed yuzo__title yuzo__title'><h3>Hasonl\u00f3 cikkek<\/h3><\/div>\n\t\t\t\t\t\t<div class=\"relatedthumb yuzo-list  \" style=\"\"  >  \n\t\t\t\t\t\t  <a  href=\"https:\/\/www.transzportstudium.hu\/blog\/2019\/10\/17\/adr-tanfolyam-a-biztonsagert\/\" class=\"image-list\"  >\n\t\t\t\t\t\t  <div class=\"yuzo-img-wrap  ilen_shine \" style=\"width: 100px;height:65px;\">\n\t\t\t\t\t\t\t\t\t <span class='shine-effect'><\/span> \n\t\t\t\t\t\t\t\t\t <div class=\"yuzo-img\" style=\"background:url('https:\/\/www.transzportstudium.hu\/blog\/wp-content\/uploads\/2019\/10\/tdg-placards-150x150.jpg') 50% 50% no-repeat;width: 105px;height:65px;margin-bottom: 5px;background-size:  cover;  \"><\/div>\n\t\t\t\t\t\t  <\/div>\n\t\t\t\t\t\t  <\/a>\n\t\t\t\t\t\t  <a  class=\"link-list yuzo__text--title\" href=\"https:\/\/www.transzportstudium.hu\/blog\/2019\/10\/17\/adr-tanfolyam-a-biztonsagert\/\" style=\"font-size:14px;;line-height:22px;\"> ADR tanfolyam a biztons\u00e1g\u00e9rt  <\/a>\n\t\t\t\t\t\t\t\t<span class=\"yuzo_text\" style=\"font-size:10px;\" >Nem csak a biztons\u00e1gi tan\u00e1csad\u00f3knak, de mindenkinek ADR tanfolyamot kell v\u00e9geznie, aki r\u00e9szt vesz a vesz\u00e9lyes \u00e1ru sz\u00e1ll\u00edt\u00e1s\u00e1nak a folyamat\u00e1ban. Igaz e...<\/span>\n\t\t\t\t\t\t   \n\t\t\t\t\t\t<\/div>\n\t\t\t\t\t\t<div class=\"relatedthumb yuzo-list  \" style=\"\"  >  \n\t\t\t\t\t\t  <a  href=\"https:\/\/www.transzportstudium.hu\/blog\/2014\/11\/20\/a-gepkocsivezeto-magatartasanak-kovetkezmenyei-a-cegimazsra\/\" class=\"image-list\"  >\n\t\t\t\t\t\t  <div class=\"yuzo-img-wrap  ilen_shine \" style=\"width: 100px;height:65px;\">\n\t\t\t\t\t\t\t\t\t <span class='shine-effect'><\/span> \n\t\t\t\t\t\t\t\t\t <div class=\"yuzo-img\" style=\"background:url('https:\/\/www.transzportstudium.hu\/blog\/wp-content\/uploads\/2014\/11\/teamwork-story-diversity-talents-150x150.jpg') 50% 50% no-repeat;width: 105px;height:65px;margin-bottom: 5px;background-size:  cover;  \"><\/div>\n\t\t\t\t\t\t  <\/div>\n\t\t\t\t\t\t  <\/a>\n\t\t\t\t\t\t  <a  class=\"link-list yuzo__text--title\" href=\"https:\/\/www.transzportstudium.hu\/blog\/2014\/11\/20\/a-gepkocsivezeto-magatartasanak-kovetkezmenyei-a-cegimazsra\/\" style=\"font-size:14px;;line-height:22px;\"> A g\u00e9pkocsivezet\u0151 magatart\u00e1s\u00e1nak k\u00f6vetkezm\u00e9nyei a c...  <\/a>\n\t\t\t\t\t\t\t\t<span class=\"yuzo_text\" style=\"font-size:10px;\" >M\u00e1r az els\u0151 tal\u00e1lkoz\u00e1s alkalm\u00e1val, akaratlanul is kialak\u00edtunk egy k\u00e9pet magunkban azon szem\u00e9lyekr\u0151l, term\u00e9kekr\u0151l, szolg\u00e1ltat\u00e1sokr\u00f3l, c\u00e9gekr\u0151l, amelyek...<\/span>\n\t\t\t\t\t\t   \n\t\t\t\t\t\t<\/div>\n\t\t\t\t\t\t<div class=\"relatedthumb yuzo-list  \" style=\"\"  >  \n\t\t\t\t\t\t  <a  href=\"https:\/\/www.transzportstudium.hu\/blog\/2019\/02\/14\/mindenki-maskepp-csinalja-a-taxis-tanfolyam\/\" class=\"image-list\"  >\n\t\t\t\t\t\t  <div class=\"yuzo-img-wrap  ilen_shine \" style=\"width: 100px;height:65px;\">\n\t\t\t\t\t\t\t\t\t <span class='shine-effect'><\/span> \n\t\t\t\t\t\t\t\t\t <div class=\"yuzo-img\" style=\"background:url('https:\/\/www.transzportstudium.hu\/blog\/wp-content\/uploads\/2019\/02\/Gauging-the-disruptive-power-of-robo-taxis-1536x1536_300-150x150.jpg') 50% 50% no-repeat;width: 105px;height:65px;margin-bottom: 5px;background-size:  cover;  \"><\/div>\n\t\t\t\t\t\t  <\/div>\n\t\t\t\t\t\t  <\/a>\n\t\t\t\t\t\t  <a  class=\"link-list yuzo__text--title\" href=\"https:\/\/www.transzportstudium.hu\/blog\/2019\/02\/14\/mindenki-maskepp-csinalja-a-taxis-tanfolyam\/\" style=\"font-size:14px;;line-height:22px;\"> Mindenki m\u00e1sk\u00e9pp csin\u00e1lja \u2013 a taxis tanfolya...  <\/a>\n\t\t\t\t\t\t\t\t<span class=\"yuzo_text\" style=\"font-size:10px;\" >Ahhoz, hogy valaki taxizzon, taxis tanfolyamot kell v\u00e9gezni. Sokan szerelemb\u0151l, m\u00e1sok k\u00e9nyszerb\u0151l, a j\u00f3 kereseti lehet\u0151s\u00e9g rem\u00e9ny\u00e9ben iratkoznak be eg...<\/span>\n\t\t\t\t\t\t   \n\t\t\t\t\t\t<\/div>\n\t\t\t\t\t\t<div class=\"relatedthumb yuzo-list  \" style=\"\"  >  \n\t\t\t\t\t\t  <a  href=\"https:\/\/www.transzportstudium.hu\/blog\/2014\/12\/23\/okj-targoncavezeto-tanfolyam-ki-allithat-ki-egeszsegugyi-alkalmassagi-igazolast\/\" class=\"image-list\"  >\n\t\t\t\t\t\t  <div class=\"yuzo-img-wrap  ilen_shine \" style=\"width: 100px;height:65px;\">\n\t\t\t\t\t\t\t\t\t <span class='shine-effect'><\/span> \n\t\t\t\t\t\t\t\t\t <div class=\"yuzo-img\" style=\"background:url('https:\/\/www.transzportstudium.hu\/blog\/wp-content\/uploads\/2014\/08\/292125851_db0aa30bc1_o-150x150.jpg') 50% 50% no-repeat;width: 105px;height:65px;margin-bottom: 5px;background-size:  cover;  \"><\/div>\n\t\t\t\t\t\t  <\/div>\n\t\t\t\t\t\t  <\/a>\n\t\t\t\t\t\t  <a  class=\"link-list yuzo__text--title\" href=\"https:\/\/www.transzportstudium.hu\/blog\/2014\/12\/23\/okj-targoncavezeto-tanfolyam-ki-allithat-ki-egeszsegugyi-alkalmassagi-igazolast\/\" style=\"font-size:14px;;line-height:22px;\"> OKJ Targoncavezet\u0151 tanfolyam \u2013 Ki \u00e1ll\u00edthat k...  <\/a>\n\t\t\t\t\t\t\t\t<span class=\"yuzo_text\" style=\"font-size:10px;\" >A targoncavezet\u0151i szakma vonzereje\r\nNapjainkban a kereskedelem \u00e1t-meg \u00e1tsz\u00f6vi nem csak a kontinenseket, hanem az eg\u00e9sz bolyg\u00f3t. A term\u00e9kek el\u0151\u00e1ll\u00edt\u00e1sa...<\/span>\n\t\t\t\t\t\t   \n\t\t\t\t\t\t<\/div>\n<\/div>  <!-- End Yuzo :) -->","protected":false},"excerpt":{"rendered":"<p>A targonc\u00e1knak h\u00e1rom alapt\u00edpusa l\u00e9tezik, amiknek a kezel\u00e9s\u00e9t OKJ-s targoncavezet\u0151 tanfolyamon saj\u00e1t\u00edthatja el. A h\u00e1rom targoncat\u00edpus a vezet\u0151\u00fcl\u00e9ses, a vezet\u0151\u00e1ll\u00e1sos, illetve a gyalogk\u00eds\u00e9ret\u0171 targonca. Az emel\u0151vill\u00e1s targonca a vezet\u0151\u00fcl\u00e9ses targonc\u00e1k csoportj\u00e1ba tartozik, \u00e9s a&#46;&#46;&#46;<\/p>\n","protected":false},"author":3,"featured_media":866,"comment_status":"open","ping_status":"open","sticky":false,"template":"","format":"standard","meta":{"footnotes":""},"categories":[5],"tags":[202,185,31,78,79,91,219,59,82,81,80,33,34,77,189,184],"class_list":["post-869","post","type-post","status-publish","format-standard","has-post-thumbnail","hentry","category-okj","tag-emelovillas-targonca","tag-gyalogkiseretu-targonca","tag-okj-2","tag-okj-kepzesek","tag-okj-tanfolyamok","tag-okj-s-tanfolyam","tag-okj-s-vizsga","tag-targonca","tag-targonca-jogositvany","tag-targonca-tanfolyam","tag-targonca-vizsga","tag-targoncakezelo","tag-targoncavezeto","tag-targoncavezeto-tanfolyam","tag-targoncavezetoi-tanfolyam","tag-vezetouleses-targonca"],"aioseo_notices":[],"_links":{"self":[{"href":"https:\/\/www.transzportstudium.hu\/blog\/wp-json\/wp\/v2\/posts\/869","targetHints":{"allow":["GET"]}}],"collection":[{"href":"https:\/\/www.transzportstudium.hu\/blog\/wp-json\/wp\/v2\/posts"}],"about":[{"href":"https:\/\/www.transzportstudium.hu\/blog\/wp-json\/wp\/v2\/types\/post"}],"author":[{"embeddable":true,"href":"https:\/\/www.transzportstudium.hu\/blog\/wp-json\/wp\/v2\/users\/3"}],"replies":[{"embeddable":true,"href":"https:\/\/www.transzportstudium.hu\/blog\/wp-json\/wp\/v2\/comments?post=869"}],"version-history":[{"count":2,"href":"https:\/\/www.transzportstudium.hu\/blog\/wp-json\/wp\/v2\/posts\/869\/revisions"}],"predecessor-version":[{"id":926,"href":"https:\/\/www.transzportstudium.hu\/blog\/wp-json\/wp\/v2\/posts\/869\/revisions\/926"}],"wp:featuredmedia":[{"embeddable":true,"href":"https:\/\/www.transzportstudium.hu\/blog\/wp-json\/wp\/v2\/media\/866"}],"wp:attachment":[{"href":"https:\/\/www.transzportstudium.hu\/blog\/wp-json\/wp\/v2\/media?parent=869"}],"wp:term":[{"taxonomy":"category","embeddable":true,"href":"https:\/\/www.transzportstudium.hu\/blog\/wp-json\/wp\/v2\/categories?post=869"},{"taxonomy":"post_tag","embeddable":true,"href":"https:\/\/www.transzportstudium.hu\/blog\/wp-json\/wp\/v2\/tags?post=869"}],"curies":[{"name":"wp","href":"https:\/\/api.w.org\/{rel}","templated":true}]}}