{"id":799,"date":"2015-12-25T08:22:13","date_gmt":"2015-12-25T07:22:13","guid":{"rendered":"https:\/\/www.transzportstudium.hu\/blog\/?p=799"},"modified":"2015-11-30T21:27:23","modified_gmt":"2015-11-30T20:27:23","slug":"az-adr-jelentese","status":"publish","type":"post","link":"https:\/\/www.transzportstudium.hu\/blog\/2015\/12\/25\/az-adr-jelentese\/","title":{"rendered":"Az ADR jelent\u00e9se"},"content":{"rendered":"<p>Az ADR a Vesz\u00e9lyes \u00c1ruk Nemzetk\u00f6zi K\u00f6z\u00fati Sz\u00e1ll\u00edt\u00e1s\u00e1r\u00f3l sz\u00f3l\u00f3 Eur\u00f3pai Meg\u00e1llapod\u00e1s. Accord europ\u00e9en relatif au transport international des marchandies Dangereuses par Route, az ugyanezen kifejez\u00e9s francia nyelv\u0171 kezd\u0151 bet\u0171ib\u0151l (Accord Dangreuses Route) \u00f6sszerakott r\u00f6vid\u00edt\u00e9s. M\u00e1r t\u00f6bb mint 50 \u00e9ve, 1957-ben Genfben j\u00f6tt l\u00e9tre, Magyarorsz\u00e1g 1979-ben csatlakozott az ADR-hez. Az 1979. \u00e9vi 19. t\u00f6rv\u00e9nyerej\u0171 rendelettel ker\u00fclt be a magyar jogrendbe. Belf\u00f6ldi sz\u00e1ll\u00edt\u00e1sokra t\u00f6rt\u00e9n\u0151 alkalmaz\u00e1s\u00e1t a <a title=\"61\/2013. (X. 17.) NFM rendelet\" href=\"http:\/\/net.jogtar.hu\/jr\/gen\/hjegy_doc.cgi?docid=A1300061.NFM\" target=\"_blank\">61\/2013. (X. 17.) NFM rendelet<\/a> \u00edrja el\u0151.<\/p>\n<div id=\"attachment_796\" style=\"width: 610px\" class=\"wp-caption aligncenter\"><img loading=\"lazy\" decoding=\"async\" aria-describedby=\"caption-attachment-796\" class=\"wp-image-796\" src=\"https:\/\/www.transzportstudium.hu\/blog\/wp-content\/uploads\/2015\/11\/shutterstock_245549059.jpg\" alt=\"ADR tanfolyam \u00e9s vizsga\" width=\"600\" height=\"338\" srcset=\"https:\/\/www.transzportstudium.hu\/blog\/wp-content\/uploads\/2015\/11\/shutterstock_245549059.jpg 1000w, https:\/\/www.transzportstudium.hu\/blog\/wp-content\/uploads\/2015\/11\/shutterstock_245549059-300x168.jpg 300w\" sizes=\"auto, (max-width: 600px) 100vw, 600px\" \/><p id=\"caption-attachment-796\" class=\"wp-caption-text\">ADR tanfolyam \u00e9s vizsga<\/p><\/div>\n<h3><strong>Mi min\u0151s\u00fcl vesz<\/strong><strong>\u00e9lyesnek?<\/strong><\/h3>\n<p>Az ADR jelent\u00e9se teh\u00e1t vesz\u00e9lyes \u00e1rusz\u00e1ll\u00edt\u00e1sra vonatkozik, de mi az a vesz\u00e9lyes \u00e1ru? Vesz\u00e9lyes \u00e1runak nevezz\u00fck azokat az \u00e1ruf\u00e9les\u00e9geket (anyagokat \u00e9s t\u00e1rgyakat), amelyek a sz\u00e1ll\u00edt\u00e1suk sor\u00e1n t\u0171z- \u00e9s robban\u00e1svesz\u00e9lyt, eg\u00e9szs\u00e9gk\u00e1ros\u00edt\u00f3 (f\u0151k\u00e9nt mar\u00f3, m\u00e9rgez\u0151) hat\u00e1st vagy k\u00f6rnyezetk\u00e1ros\u00edt\u00f3 tulajdons\u00e1gokat hordoznak. A vesz\u00e9lyes \u00e1ruk a szab\u00e1lyzatokban le\u00edrt m\u00f3don valamely UN-sz\u00e1mot, magyarul ENSZ-sz\u00e1mot kapnak \u00e9s <a title=\"A vesz\u00e9lyes \u00e1ruk ADR-oszt\u00e1lyoz\u00e1sa\" href=\"https:\/\/www.transzportstudium.hu\/blog\/2014\/09\/23\/a-veszelyes-aruk-adr-osztalyozasa\/\">k\u00fcl\u00f6nb\u00f6z\u0151 oszt\u00e1lyokba<\/a> sorolj\u00e1k \u0151ket. Jelenleg 9 ilyen oszt\u00e1ly van, de az ADR el\u0151\u00edr\u00e1sait a technikai halad\u00e1snak megfelel\u0151en folyamatosan fejlesztik. A m\u00f3dos\u00edt\u00e1sok \u00e9s kieg\u00e9sz\u00edt\u00e9sek \u00e1ltal\u00e1ban 2 \u00e9venk\u00e9nt l\u00e9pnek hat\u00e1lyba, \u00edgy az ADR jelen\u00e9se vagy ink\u00e1bb jelent\u00e9startom\u00e1nya is id\u0151r\u0151l-id\u0151re v\u00e1ltozik. A m\u00f3dos\u00edt\u00e1sokat belf\u00f6ldi \u00e1gazati miniszteri rendelettel hirdetik meg, benne az ADR belf\u00f6ldi alkalmaz\u00e1s\u00e1ra vonatkoz\u00f3 elt\u00e9r\u00e9sekkel.<\/p>\n<h3><strong>Jel\u00f6l\u00e9s<\/strong><\/h3>\n<p>A vesz\u00e9lyes \u00e1rut sz\u00e1ll\u00edt\u00f3 j\u00e1rm\u0171veket meg kell jel\u00f6lni, aminek az eszk\u00f6ze a vesz\u00e9lyt jelz\u0151 (narancss\u00e1rga) t\u00e1bl\u00e1k. Az ADR szerint ennek k\u00e9t fajt\u00e1ja van: a sz\u00e1m n\u00e9lk\u00fcli (sima) vesz\u00e9lyt jelz\u0151 t\u00e1bla \u00e9s a sz\u00e1mos vesz\u00e9lyt jelz\u0151 t\u00e1bla. Szerep\u00fck egyr\u00e9szt az, hogy figyelmeztess\u00e9k a k\u00f6zleked\u00e9s t\u00f6bbi r\u00e9sztvev\u0151j\u00e9t, hogy a j\u00e1rm\u0171 vesz\u00e9lyes rakom\u00e1nnyal k\u00f6zlekedik, m\u00e1sr\u00e9szt a katasztr\u00f3fa elh\u00e1r\u00edt\u00f3 egys\u00e9geknek a megfelel\u0151 inform\u00e1ci\u00f3 biztos\u00edt\u00e1sa.<\/p>\n<p>A vesz\u00e9lyek miatt illet\u00e9ktelen nem nyithatja fel a csomagol\u00e1st! Ez\u00e9rt a vesz\u00e9lyes anyagot tartalmaz\u00f3 k\u00fcldem\u00e9ny csomagol\u00e1s\u00e1ra elhelyezett jel\u00f6l\u00e9sekkel, \u00fagynevezett b\u00e1rc\u00e1kkal h\u00edvj\u00e1k fel a figyelmet a k\u00fcldem\u00e9ny vesz\u00e9lyes tulajdons\u00e1g\u00e1ra. Meghat\u00e1rozott esetekben a j\u00e1rm\u0171vekre is el kell helyezni ezeket a jel\u00f6l\u00e9seket, mint p\u00e9ld\u00e1ul a tart\u00e1nyos j\u00e1rm\u0171veken, mert itt a tart\u00e1ny az anyag \u201ecsomagol\u00e1sa\u201d.<\/p>\n<h3><strong>ADR m\u00e1sutt<\/strong><\/h3>\n<p>Az ADR jelent\u00e9se \u00e9s szab\u00e1lyoz\u00e1sa a k\u00f6z\u00fati k\u00f6zleked\u00e9sre vonatkozik, de mindenhol megvan a maga megfelel\u0151je. A l\u00e9gi k\u00f6zleked\u00e9sben ez az ICAO M\u0171szaki Utas\u00edt\u00e1s (TI)\/(IATA DGR), a tengeri k\u00f6zleked\u00e9s az IMDG k\u00f3dex, a vas\u00fati fuvaroz\u00e1sban ezt h\u00edvj\u00e1k RID-nek, a belv\u00edzi (folyami) sz\u00e1ll\u00edt\u00e1sban pedig ADN (ADNR \/ ADND) a neve.<\/p>\n<!-- Begin Yuzo --><div class='yuzo_related_post style-2'  data-version='5.12.88'><!-- without result --><div class='yuzo_clearfixed yuzo__title yuzo__title'><h3>Hasonl\u00f3 cikkek<\/h3><\/div>\n\t\t\t\t\t\t<div class=\"relatedthumb yuzo-list  \" style=\"\"  >  \n\t\t\t\t\t\t  <a  href=\"https:\/\/www.transzportstudium.hu\/blog\/2018\/04\/10\/az-arufuvarozo-vagy-autobuszos-vallalkozoi-kepzesrol\/\" class=\"image-list\"  >\n\t\t\t\t\t\t  <div class=\"yuzo-img-wrap  ilen_shine \" style=\"width: 100px;height:65px;\">\n\t\t\t\t\t\t\t\t\t <span class='shine-effect'><\/span> \n\t\t\t\t\t\t\t\t\t <div class=\"yuzo-img\" style=\"background:url('https:\/\/www.transzportstudium.hu\/blog\/wp-content\/uploads\/2016\/04\/6700226_l-150x150.jpg') 50% 50% no-repeat;width: 105px;height:65px;margin-bottom: 5px;background-size:  cover;  \"><\/div>\n\t\t\t\t\t\t  <\/div>\n\t\t\t\t\t\t  <\/a>\n\t\t\t\t\t\t  <a  class=\"link-list yuzo__text--title\" href=\"https:\/\/www.transzportstudium.hu\/blog\/2018\/04\/10\/az-arufuvarozo-vagy-autobuszos-vallalkozoi-kepzesrol\/\" style=\"font-size:14px;;line-height:22px;\"> Az \u00e1rufuvaroz\u00f3 vagy aut\u00f3buszos  v\u00e1llalkoz\u00f3i k\u00e9pz\u00e9s...  <\/a>\n\t\t\t\t\t\t\t\t<span class=\"yuzo_text\" style=\"font-size:10px;\" >Sokat lehetne vitatkozni azon, hogy mi kell egy sikeres v\u00e1llalkoz\u00e1shoz. Elsz\u00e1nts\u00e1g, kitart\u00e1s, n\u00e9mi szerencse mindenk\u00e9ppen. Az sem baj, ha ismerj\u00fck azt...<\/span>\n\t\t\t\t\t\t   \n\t\t\t\t\t\t<\/div>\n\t\t\t\t\t\t<div class=\"relatedthumb yuzo-list  \" style=\"\"  >  \n\t\t\t\t\t\t  <a  href=\"https:\/\/www.transzportstudium.hu\/blog\/2019\/03\/07\/mar-barhonnan-tanulhato\/\" class=\"image-list\"  >\n\t\t\t\t\t\t  <div class=\"yuzo-img-wrap  ilen_shine \" style=\"width: 100px;height:65px;\">\n\t\t\t\t\t\t\t\t\t <span class='shine-effect'><\/span> \n\t\t\t\t\t\t\t\t\t <div class=\"yuzo-img\" style=\"background:url('https:\/\/www.transzportstudium.hu\/blog\/wp-content\/uploads\/2019\/04\/MANtrucks53-1-150x150.gif') 50% 50% no-repeat;width: 105px;height:65px;margin-bottom: 5px;background-size:  cover;  \"><\/div>\n\t\t\t\t\t\t  <\/div>\n\t\t\t\t\t\t  <\/a>\n\t\t\t\t\t\t  <a  class=\"link-list yuzo__text--title\" href=\"https:\/\/www.transzportstudium.hu\/blog\/2019\/03\/07\/mar-barhonnan-tanulhato\/\" style=\"font-size:14px;;line-height:22px;\"> M\u00e1r b\u00e1rhonnan tanulhat\u00f3  <\/a>\n\t\t\t\t\t\t\t\t<span class=\"yuzo_text\" style=\"font-size:10px;\" >Mindenkinek GKI vizsg\u00e1t kell tennie, aki g\u00e9pkocsivezet\u0151k\u00e9nt dolgozik, vagy aki aut\u00f3buszos szem\u00e9lysz\u00e1ll\u00edt\u00e1ssal foglalkozik. A GKI vizsga el\u0151tt el\u0151sz\u00f6r ...<\/span>\n\t\t\t\t\t\t   \n\t\t\t\t\t\t<\/div>\n\t\t\t\t\t\t<div class=\"relatedthumb yuzo-list  \" style=\"\"  >  \n\t\t\t\t\t\t  <a  href=\"https:\/\/www.transzportstudium.hu\/blog\/2016\/03\/17\/a-megfelelo-arurogzites-fontossaga\/\" class=\"image-list\"  >\n\t\t\t\t\t\t  <div class=\"yuzo-img-wrap  ilen_shine \" style=\"width: 100px;height:65px;\">\n\t\t\t\t\t\t\t\t\t <span class='shine-effect'><\/span> \n\t\t\t\t\t\t\t\t\t <div class=\"yuzo-img\" style=\"background:url('https:\/\/www.transzportstudium.hu\/blog\/wp-content\/uploads\/2014\/09\/home-slide3-150x150.jpg') 50% 50% no-repeat;width: 105px;height:65px;margin-bottom: 5px;background-size:  cover;  \"><\/div>\n\t\t\t\t\t\t  <\/div>\n\t\t\t\t\t\t  <\/a>\n\t\t\t\t\t\t  <a  class=\"link-list yuzo__text--title\" href=\"https:\/\/www.transzportstudium.hu\/blog\/2016\/03\/17\/a-megfelelo-arurogzites-fontossaga\/\" style=\"font-size:14px;;line-height:22px;\"> A megfelel\u0151 \u00e1rur\u00f6gz\u00edt\u00e9s fontoss\u00e1ga  <\/a>\n\t\t\t\t\t\t\t\t<span class=\"yuzo_text\" style=\"font-size:10px;\" >Az \u00e1rusz\u00e1ll\u00edt\u00e1s csak akkor t\u00f6rt\u00e9nhet meg biztons\u00e1gosan, ha a rakom\u00e1ny megfelel\u0151en r\u00f6gz\u00edt\u00e9sre ker\u00fcl. A k\u00e9rd\u00e9s m\u00e1r csak az, hogy mi is a megfelel\u0151 r\u00f6gz\u00ed...<\/span>\n\t\t\t\t\t\t   \n\t\t\t\t\t\t<\/div>\n\t\t\t\t\t\t<div class=\"relatedthumb yuzo-list  \" style=\"\"  >  \n\t\t\t\t\t\t  <a  href=\"https:\/\/www.transzportstudium.hu\/blog\/2016\/03\/22\/gki-tanfolyam-budapesten\/\" class=\"image-list\"  >\n\t\t\t\t\t\t  <div class=\"yuzo-img-wrap  ilen_shine \" style=\"width: 100px;height:65px;\">\n\t\t\t\t\t\t\t\t\t <span class='shine-effect'><\/span> \n\t\t\t\t\t\t\t\t\t <div class=\"yuzo-img\" style=\"background:url('https:\/\/www.transzportstudium.hu\/blog\/wp-content\/uploads\/2015\/12\/shutterstock_3073928-150x150.jpg') 50% 50% no-repeat;width: 105px;height:65px;margin-bottom: 5px;background-size:  cover;  \"><\/div>\n\t\t\t\t\t\t  <\/div>\n\t\t\t\t\t\t  <\/a>\n\t\t\t\t\t\t  <a  class=\"link-list yuzo__text--title\" href=\"https:\/\/www.transzportstudium.hu\/blog\/2016\/03\/22\/gki-tanfolyam-budapesten\/\" style=\"font-size:14px;;line-height:22px;\"> GKI tanfolyam Budapesten  <\/a>\n\t\t\t\t\t\t\t\t<span class=\"yuzo_text\" style=\"font-size:10px;\" >A hat\u00e1lyos jogszab\u00e1lyok \u00e9rtelm\u00e9ben m\u00e1r nem el\u00e9g csup\u00e1n \"C\" vagy \"D\" kateg\u00f3ri\u00e1s jogos\u00edtv\u00e1nnyal rendelkezni \u2013 azoknak, akik aut\u00f3buszt, vagy 3,5 tonn\u00e1n\u00e1l...<\/span>\n\t\t\t\t\t\t   \n\t\t\t\t\t\t<\/div>\n<\/div>  <!-- End Yuzo :) -->","protected":false},"excerpt":{"rendered":"<p>Az ADR a Vesz\u00e9lyes \u00c1ruk Nemzetk\u00f6zi K\u00f6z\u00fati Sz\u00e1ll\u00edt\u00e1s\u00e1r\u00f3l sz\u00f3l\u00f3 Eur\u00f3pai Meg\u00e1llapod\u00e1s. Accord europ\u00e9en relatif au transport international des marchandies Dangereuses par Route, az ugyanezen kifejez\u00e9s francia nyelv\u0171 kezd\u0151 bet\u0171ib\u0151l (Accord Dangreuses Route) \u00f6sszerakott r\u00f6vid\u00edt\u00e9s.&#46;&#46;&#46;<\/p>\n","protected":false},"author":3,"featured_media":796,"comment_status":"open","ping_status":"open","sticky":false,"template":"","format":"standard","meta":{"footnotes":""},"categories":[2],"tags":[224,174,71,72,56],"class_list":["post-799","post","type-post","status-publish","format-standard","has-post-thumbnail","hentry","category-adr","tag-adr","tag-adr-kepzes","tag-adr-tanfolyam","tag-adr-vizsga","tag-adr-osztaly"],"aioseo_notices":[],"_links":{"self":[{"href":"https:\/\/www.transzportstudium.hu\/blog\/wp-json\/wp\/v2\/posts\/799","targetHints":{"allow":["GET"]}}],"collection":[{"href":"https:\/\/www.transzportstudium.hu\/blog\/wp-json\/wp\/v2\/posts"}],"about":[{"href":"https:\/\/www.transzportstudium.hu\/blog\/wp-json\/wp\/v2\/types\/post"}],"author":[{"embeddable":true,"href":"https:\/\/www.transzportstudium.hu\/blog\/wp-json\/wp\/v2\/users\/3"}],"replies":[{"embeddable":true,"href":"https:\/\/www.transzportstudium.hu\/blog\/wp-json\/wp\/v2\/comments?post=799"}],"version-history":[{"count":3,"href":"https:\/\/www.transzportstudium.hu\/blog\/wp-json\/wp\/v2\/posts\/799\/revisions"}],"predecessor-version":[{"id":806,"href":"https:\/\/www.transzportstudium.hu\/blog\/wp-json\/wp\/v2\/posts\/799\/revisions\/806"}],"wp:featuredmedia":[{"embeddable":true,"href":"https:\/\/www.transzportstudium.hu\/blog\/wp-json\/wp\/v2\/media\/796"}],"wp:attachment":[{"href":"https:\/\/www.transzportstudium.hu\/blog\/wp-json\/wp\/v2\/media?parent=799"}],"wp:term":[{"taxonomy":"category","embeddable":true,"href":"https:\/\/www.transzportstudium.hu\/blog\/wp-json\/wp\/v2\/categories?post=799"},{"taxonomy":"post_tag","embeddable":true,"href":"https:\/\/www.transzportstudium.hu\/blog\/wp-json\/wp\/v2\/tags?post=799"}],"curies":[{"name":"wp","href":"https:\/\/api.w.org\/{rel}","templated":true}]}}