{"id":752,"date":"2015-11-17T08:19:31","date_gmt":"2015-11-17T07:19:31","guid":{"rendered":"https:\/\/www.transzportstudium.hu\/blog\/?p=752"},"modified":"2015-11-06T16:27:01","modified_gmt":"2015-11-06T15:27:01","slug":"gazok-es-gyulekony-folyadekok-szallitasa","status":"publish","type":"post","link":"https:\/\/www.transzportstudium.hu\/blog\/2015\/11\/17\/gazok-es-gyulekony-folyadekok-szallitasa\/","title":{"rendered":"G\u00e1zok \u00e9s gy\u00fal\u00e9kony folyad\u00e9kok sz\u00e1ll\u00edt\u00e1sa"},"content":{"rendered":"<p>Magyarorsz\u00e1g 1979-ben csatlakozott a nemzetk\u00f6zi ADR meg\u00e1llapod\u00e1shoz. Ennek megfelel\u0151en a vesz\u00e9lyes \u00e1ruk k\u00f6z\u00fati sz\u00e1ll\u00edt\u00e1s\u00e1ra el\u0151\u00edrt \u00e9s betartand\u00f3 nemzetk\u00f6zi szab\u00e1lyok r\u00e1nk is \u00e9rv\u00e9nyesek. A szab\u00e1lyoz\u00e1s 9 f\u0151 ADR oszt\u00e1lyba \u00e9s tov\u00e1bbi aloszt\u00e1lyokba sorolja a vesz\u00e9lyes \u00e1rukat. Ezek mindegyik\u00e9nek megvan a maga k\u00f6telez\u0151 sz\u00e1ll\u00edt\u00e1si m\u00f3dja illet\u0151leg felt\u00e9tele, melyeket <a title=\"ADR tanfolyamok\" href=\"https:\/\/www.transzportstudium.hu\/tanfolyamok\/3_adr-tanfolyamok\">ADR tanfolyamainkon<\/a> \u00d6n is megtanulhat, term\u00e9szetesen az al\u00e1bbiakn\u00e1l\u00a0sokkal r\u00e9szletesebben.<\/p>\n<div id=\"attachment_754\" style=\"width: 610px\" class=\"wp-caption aligncenter\"><img loading=\"lazy\" decoding=\"async\" aria-describedby=\"caption-attachment-754\" class=\"wp-image-754\" src=\"https:\/\/www.transzportstudium.hu\/blog\/wp-content\/uploads\/2015\/11\/shutterstock_260466953.jpg\" alt=\"ADR tanfolyam \u00e9s vizsga\" width=\"600\" height=\"400\" srcset=\"https:\/\/www.transzportstudium.hu\/blog\/wp-content\/uploads\/2015\/11\/shutterstock_260466953.jpg 1000w, https:\/\/www.transzportstudium.hu\/blog\/wp-content\/uploads\/2015\/11\/shutterstock_260466953-300x200.jpg 300w\" sizes=\"auto, (max-width: 600px) 100vw, 600px\" \/><p id=\"caption-attachment-754\" class=\"wp-caption-text\">ADR tanfolyam \u00e9s vizsga<\/p><\/div>\n<p>Az ADR oszt\u00e1lyoknak \u00e9s a sz\u00e1ll\u00edt\u00e1sukra vonatkoz\u00f3 szab\u00e1lyoknak egyetlen c\u00e9lja van, m\u00e9gpedig a biztons\u00e1g. Ez \u00e9rv\u00e9nyes mind a sof\u0151r, mind a forgalomban r\u00e9szt vev\u0151k, mind a lakoss\u00e1g \u00e9s a k\u00f6rnyezet valamint mag\u00e1nak az \u00e1runak a biztons\u00e1g\u00e1ra is. N\u00e9zz\u00fck most az ADR oszt\u00e1lyok k\u00f6z\u00fcl a 2-t \u00e9s 3-t , vagyis a g\u00e1zokat \u00e9s a gy\u00fal\u00e9kony folyad\u00e9kokat.<\/p>\n<h3>2 oszt\u00e1ly: G\u00e1zok<\/h3>\n<p>Az ADR oszt\u00e1lyoz\u00e1s szerint azon g\u00e1zok min\u0151s\u00fclnek vesz\u00e9lyesnek, melyek oxig\u00e9n lead\u00e1s\u00e1val t\u00fczet okozhatnak, vagy m\u00e1s anyagok \u00e9g\u00e9s\u00e9t a leveg\u0151n\u00e9l nagyobb m\u00e9rt\u00e9kben el\u0151seg\u00edthetik. Ezen k\u00edv\u00fcl ide tartoznak m\u00e9g a mar\u00f3, a fojt\u00f3 \u00e9s a m\u00e9rgez\u0151 g\u00e1zok is. A fentieknek sz\u00e1mos alcsoportja van a viselked\u00e9s\u00fcket illet\u0151en. Ami fontos, hogy az ADR oszt\u00e1lyoz\u00e1s alapj\u00e1n csak old\u00f3szerben, p\u00e9ld\u00e1ul v\u00edzben vagy acetonban sz\u00e1ll\u00edthat\u00f3k. Csomagol\u00e1sukat tekintve lehetnek aeroszolos vagy patronos megold\u00e1sok.<\/p>\n<h3><strong>A 3 oszt\u00e1ly: Gy\u00fal\u00e9kony folyad\u00e9kok<\/strong><\/h3>\n<p>Az min\u0151s\u00fcl gy\u00fal\u00e9kony folyad\u00e9knak az ADR oszt\u00e1lyoz\u00e1s szerint, melynek lobban\u00e1spontja legfeljebb 61 \u00b0C. Illet\u0151leg \u2013 \u00e9s itt bonyol\u00f3dik a dolog \u2013 az ADR szerint azon 61 \u00b0C feletti lobban\u00e1spont\u00fa foly\u00e9kony anyagok is, amelyeket lobban\u00e1spontjukkal megegyez\u0151 vagy ann\u00e1l magasabb h\u0151m\u00e9rs\u00e9kletre meleg\u00edtve sz\u00e1ll\u00edtanak vagy adnak fel sz\u00e1ll\u00edt\u00e1sra.<\/p>\n<p>A sz\u00e1ll\u00edt\u00e1suk tekintet\u00e9ben szint\u00e9n bonyolultabb az ADR szab\u00e1lyoz\u00e1s, mint a g\u00e1zokn\u00e1l. H\u00e1rom csomagol\u00e1si csoportot is megk\u00fcl\u00f6nb\u00f6ztet\u00fcnk, aminek rengeteg aloszt\u00e1lya van, kezdve gy\u00fal\u00e9konys\u00e1gt\u00f3l a terjed\u00e9s gyorsas\u00e1g\u00e1n \u00e1t az \u00e9g\u00e9s min\u0151s\u00e9g\u00e9ig. Leegyszer\u0171s\u00edtve az I. csomagol\u00e1si csoportba a nagyon vesz\u00e9lyes anyagok, a II. csomagol\u00e1si csoportba a k\u00f6zepesen vesz\u00e9lyes anyagok, a III. csomagol\u00e1si csoportba pedig \u00e9rtelemszer\u0171en a kev\u00e9sb\u00e9 vesz\u00e9lyes anyagok tartoznak.<\/p>\n<h3><strong>ADR oszt\u00e1lyok<\/strong><\/h3>\n<ul>\n<li>1 oszt\u00e1ly\u00a0&#8211;\u00a0Robban\u00f3anyagok \u00e9s t\u00e1rgyak<\/li>\n<li>2 oszt\u00e1ly\u00a0&#8211;\u00a0G\u00e1zok<\/li>\n<li>3 oszt\u00e1ly\u00a0&#8211;\u00a0Gy\u00fal\u00e9kony folyad\u00e9kok<\/li>\n<li>4.1 oszt\u00e1ly\u00a0&#8211;\u00a0Gy\u00fal\u00e9kony szil\u00e1rd anyagok, \u00f6nreaktiv anyagok \u00e9s szil\u00e1rd \u00e9rz\u00e9ketlen\u00edtett robban\u00f3anyagok<\/li>\n<li>4.2 oszt\u00e1ly\u00a0&#8211;\u00a0\u00d6ngyullad\u00e1sra hajlamos anyagok<\/li>\n<li>4.3 oszt\u00e1ly\u00a0&#8211;\u00a0V\u00edzzel \u00e9rintkezve gy\u00fal\u00e9kony g\u00e1zokat fejleszt\u0151 anyagok<\/li>\n<li>5.1 oszt\u00e1ly\u00a0&#8211;\u00a0Gy\u00fajt\u00f3 hat\u00e1s\u00fa (oxid\u00e1l\u00f3) anyagok<\/li>\n<li>5.2 oszt\u00e1ly\u00a0&#8211;\u00a0Szerves peroxidok<\/li>\n<li>6.1 oszt\u00e1ly\u00a0&#8211;\u00a0M\u00e9rgez\u0151 anyagok<\/li>\n<li>6.2 oszt\u00e1ly\u00a0&#8211;\u00a0Fert\u0151z\u0151 anyagok<\/li>\n<li>7 oszt\u00e1ly\u00a0&#8211;\u00a0Radioakt\u00edv anyagok<\/li>\n<li>8 oszt\u00e1ly\u00a0&#8211;\u00a0Mar\u00f3 anyagok<\/li>\n<li>9 oszt\u00e1ly\u00a0&#8211;\u00a0K\u00fcl\u00f6nf\u00e9le vesz\u00e9lyes anyagok \u00e9s t\u00e1rgyak<\/li>\n<\/ul>\n<!-- Begin Yuzo --><div class='yuzo_related_post style-2'  data-version='5.12.88'><!-- without result --><div class='yuzo_clearfixed yuzo__title yuzo__title'><h3>Hasonl\u00f3 cikkek<\/h3><\/div>\n\t\t\t\t\t\t<div class=\"relatedthumb yuzo-list  \" style=\"\"  >  \n\t\t\t\t\t\t  <a  href=\"https:\/\/www.transzportstudium.hu\/blog\/2019\/02\/28\/a-taxis-vizsga-es-ami-utana-van\/\" class=\"image-list\"  >\n\t\t\t\t\t\t  <div class=\"yuzo-img-wrap  ilen_shine \" style=\"width: 100px;height:65px;\">\n\t\t\t\t\t\t\t\t\t <span class='shine-effect'><\/span> \n\t\t\t\t\t\t\t\t\t <div class=\"yuzo-img\" style=\"background:url('https:\/\/www.transzportstudium.hu\/blog\/wp-content\/uploads\/2019\/02\/Taxi-150x150.jpg') 50% 50% no-repeat;width: 105px;height:65px;margin-bottom: 5px;background-size:  cover;  \"><\/div>\n\t\t\t\t\t\t  <\/div>\n\t\t\t\t\t\t  <\/a>\n\t\t\t\t\t\t  <a  class=\"link-list yuzo__text--title\" href=\"https:\/\/www.transzportstudium.hu\/blog\/2019\/02\/28\/a-taxis-vizsga-es-ami-utana-van\/\" style=\"font-size:14px;;line-height:22px;\"> A taxis vizsga \u00e9s ami ut\u00e1na van  <\/a>\n\t\t\t\t\t\t\t\t<span class=\"yuzo_text\" style=\"font-size:10px;\" >Egy j\u00f3 taxisnak sok mindent kell tudnia ahhoz, hogy ne csak p\u00e9nzt keressen, de szeress\u00e9k is az utasok. Egy taxis vizsga keret\u00e9ben ezek nem felt\u00e9tlen\u00fcl...<\/span>\n\t\t\t\t\t\t   \n\t\t\t\t\t\t<\/div>\n\t\t\t\t\t\t<div class=\"relatedthumb yuzo-list  \" style=\"\"  >  \n\t\t\t\t\t\t  <a  href=\"https:\/\/www.transzportstudium.hu\/blog\/2016\/06\/16\/buntetik-ha-nincs-gki\/\" class=\"image-list\"  >\n\t\t\t\t\t\t  <div class=\"yuzo-img-wrap  ilen_shine \" style=\"width: 100px;height:65px;\">\n\t\t\t\t\t\t\t\t\t <span class='shine-effect'><\/span> \n\t\t\t\t\t\t\t\t\t <div class=\"yuzo-img\" style=\"background:url('https:\/\/www.transzportstudium.hu\/blog\/wp-content\/uploads\/2015\/12\/shutterstock_162882884-150x150.jpg') 50% 50% no-repeat;width: 105px;height:65px;margin-bottom: 5px;background-size:  cover;  \"><\/div>\n\t\t\t\t\t\t  <\/div>\n\t\t\t\t\t\t  <\/a>\n\t\t\t\t\t\t  <a  class=\"link-list yuzo__text--title\" href=\"https:\/\/www.transzportstudium.hu\/blog\/2016\/06\/16\/buntetik-ha-nincs-gki\/\" style=\"font-size:14px;;line-height:22px;\"> B\u00fcntetik, ha nincs GKI  <\/a>\n\t\t\t\t\t\t\t\t<span class=\"yuzo_text\" style=\"font-size:10px;\" >Lassan nyolc \u00e9ve lesz, hogy k\u00f6telez\u0151v\u00e9 tett\u00e9k a GKI k\u00e1rty\u00e1t, no persze azoknak, akik hivat\u00e1sos sof\u0151rk\u00e9nt teheraut\u00f3t k\u00edv\u00e1nnak vezetni. A GKI, ha esetle...<\/span>\n\t\t\t\t\t\t   \n\t\t\t\t\t\t<\/div>\n\t\t\t\t\t\t<div class=\"relatedthumb yuzo-list  \" style=\"\"  >  \n\t\t\t\t\t\t  <a  href=\"https:\/\/www.transzportstudium.hu\/blog\/2016\/04\/07\/az-elektromos-targoncak\/\" class=\"image-list\"  >\n\t\t\t\t\t\t  <div class=\"yuzo-img-wrap  ilen_shine \" style=\"width: 100px;height:65px;\">\n\t\t\t\t\t\t\t\t\t <span class='shine-effect'><\/span> \n\t\t\t\t\t\t\t\t\t <div class=\"yuzo-img\" style=\"background:url('https:\/\/www.transzportstudium.hu\/blog\/wp-content\/uploads\/2015\/12\/12874549_l-150x150.jpg') 50% 50% no-repeat;width: 105px;height:65px;margin-bottom: 5px;background-size:  cover;  \"><\/div>\n\t\t\t\t\t\t  <\/div>\n\t\t\t\t\t\t  <\/a>\n\t\t\t\t\t\t  <a  class=\"link-list yuzo__text--title\" href=\"https:\/\/www.transzportstudium.hu\/blog\/2016\/04\/07\/az-elektromos-targoncak\/\" style=\"font-size:14px;;line-height:22px;\"> Az elektromos targonc\u00e1k  <\/a>\n\t\t\t\t\t\t\t\t<span class=\"yuzo_text\" style=\"font-size:10px;\" >A targonc\u00e1kat a meghajt\u00e1suk alapj\u00e1n h\u00e1rom k\u00fcl\u00f6nf\u00e9le csoportba sorolhatjuk. Ennek megfelel\u0151en megk\u00fcl\u00f6nb\u00f6ztet\u00fcnk d\u00edzel, g\u00e1z\u00fczem\u0171, illetve elektromos tar...<\/span>\n\t\t\t\t\t\t   \n\t\t\t\t\t\t<\/div>\n\t\t\t\t\t\t<div class=\"relatedthumb yuzo-list  \" style=\"\"  >  \n\t\t\t\t\t\t  <a  href=\"https:\/\/www.transzportstudium.hu\/blog\/2019\/10\/08\/hatekonysagnoveles-a-vallalkozoi-kepzessel\/\" class=\"image-list\"  >\n\t\t\t\t\t\t  <div class=\"yuzo-img-wrap  ilen_shine \" style=\"width: 100px;height:65px;\">\n\t\t\t\t\t\t\t\t\t <span class='shine-effect'><\/span> \n\t\t\t\t\t\t\t\t\t <div class=\"yuzo-img\" style=\"background:url('https:\/\/www.transzportstudium.hu\/blog\/wp-content\/uploads\/2014\/08\/155852133-150x150.jpg') 50% 50% no-repeat;width: 105px;height:65px;margin-bottom: 5px;background-size:  cover;  \"><\/div>\n\t\t\t\t\t\t  <\/div>\n\t\t\t\t\t\t  <\/a>\n\t\t\t\t\t\t  <a  class=\"link-list yuzo__text--title\" href=\"https:\/\/www.transzportstudium.hu\/blog\/2019\/10\/08\/hatekonysagnoveles-a-vallalkozoi-kepzessel\/\" style=\"font-size:14px;;line-height:22px;\"> Hat\u00e9konys\u00e1gn\u00f6vel\u00e9s a v\u00e1llalkoz\u00f3i k\u00e9pz\u00e9ssel  <\/a>\n\t\t\t\t\t\t\t\t<span class=\"yuzo_text\" style=\"font-size:10px;\" >Sokakkal megt\u00f6rt\u00e9nt m\u00e1r, hogy b\u00e1rmif\u00e9le v\u00e1llalkoz\u00f3i k\u00e9pz\u00e9s elv\u00e9gz\u00e9se n\u00e9lk\u00fcl fejest ugrottak egy c\u00e9galap\u00edt\u00e1sba, mondv\u00e1n a siker garant\u00e1lt. Vannak \u00fcgyfe...<\/span>\n\t\t\t\t\t\t   \n\t\t\t\t\t\t<\/div>\n<\/div>  <!-- End Yuzo :) -->","protected":false},"excerpt":{"rendered":"<p>Magyarorsz\u00e1g 1979-ben csatlakozott a nemzetk\u00f6zi ADR meg\u00e1llapod\u00e1shoz. Ennek megfelel\u0151en a vesz\u00e9lyes \u00e1ruk k\u00f6z\u00fati sz\u00e1ll\u00edt\u00e1s\u00e1ra el\u0151\u00edrt \u00e9s betartand\u00f3 nemzetk\u00f6zi szab\u00e1lyok r\u00e1nk is \u00e9rv\u00e9nyesek. A szab\u00e1lyoz\u00e1s 9 f\u0151 ADR oszt\u00e1lyba \u00e9s tov\u00e1bbi aloszt\u00e1lyokba sorolja a vesz\u00e9lyes&#46;&#46;&#46;<\/p>\n","protected":false},"author":3,"featured_media":754,"comment_status":"open","ping_status":"open","sticky":false,"template":"","format":"standard","meta":{"footnotes":""},"categories":[2],"tags":[224,174,71,72,56],"class_list":["post-752","post","type-post","status-publish","format-standard","has-post-thumbnail","hentry","category-adr","tag-adr","tag-adr-kepzes","tag-adr-tanfolyam","tag-adr-vizsga","tag-adr-osztaly"],"aioseo_notices":[],"_links":{"self":[{"href":"https:\/\/www.transzportstudium.hu\/blog\/wp-json\/wp\/v2\/posts\/752","targetHints":{"allow":["GET"]}}],"collection":[{"href":"https:\/\/www.transzportstudium.hu\/blog\/wp-json\/wp\/v2\/posts"}],"about":[{"href":"https:\/\/www.transzportstudium.hu\/blog\/wp-json\/wp\/v2\/types\/post"}],"author":[{"embeddable":true,"href":"https:\/\/www.transzportstudium.hu\/blog\/wp-json\/wp\/v2\/users\/3"}],"replies":[{"embeddable":true,"href":"https:\/\/www.transzportstudium.hu\/blog\/wp-json\/wp\/v2\/comments?post=752"}],"version-history":[{"count":3,"href":"https:\/\/www.transzportstudium.hu\/blog\/wp-json\/wp\/v2\/posts\/752\/revisions"}],"predecessor-version":[{"id":756,"href":"https:\/\/www.transzportstudium.hu\/blog\/wp-json\/wp\/v2\/posts\/752\/revisions\/756"}],"wp:featuredmedia":[{"embeddable":true,"href":"https:\/\/www.transzportstudium.hu\/blog\/wp-json\/wp\/v2\/media\/754"}],"wp:attachment":[{"href":"https:\/\/www.transzportstudium.hu\/blog\/wp-json\/wp\/v2\/media?parent=752"}],"wp:term":[{"taxonomy":"category","embeddable":true,"href":"https:\/\/www.transzportstudium.hu\/blog\/wp-json\/wp\/v2\/categories?post=752"},{"taxonomy":"post_tag","embeddable":true,"href":"https:\/\/www.transzportstudium.hu\/blog\/wp-json\/wp\/v2\/tags?post=752"}],"curies":[{"name":"wp","href":"https:\/\/api.w.org\/{rel}","templated":true}]}}