{"id":745,"date":"2015-11-10T08:43:57","date_gmt":"2015-11-10T07:43:57","guid":{"rendered":"https:\/\/www.transzportstudium.hu\/blog\/?p=745"},"modified":"2018-03-04T12:07:08","modified_gmt":"2018-03-04T11:07:08","slug":"szemelyszallitas-feltetelei-szemelyautoval","status":"publish","type":"post","link":"https:\/\/www.transzportstudium.hu\/blog\/2015\/11\/10\/szemelyszallitas-feltetelei-szemelyautoval\/","title":{"rendered":"Szem\u00e9lysz\u00e1ll\u00edt\u00e1s felt\u00e9telei szem\u00e9lyaut\u00f3val"},"content":{"rendered":"<p>Szem\u00e9lyg\u00e9pkocsis szem\u00e9lysz\u00e1ll\u00edt\u00e1s, de nem Taxi. <a title=\"Szem\u00e9lyg\u00e9pkocsis szem\u00e9lysz\u00e1ll\u00edt\u00f3 g\u00e9pkocsivezet\u0151 (alapk\u00e9pz\u00e9s)\" href=\"https:\/\/www.transzportstudium.hu\/tanfolyamok\/gepkocsivezetoi-szaktanfolyamok-gki-tanfolyam\/6_szemelygepkocsis-szemelyszallito-gepkocsivezeto-alapkepzes\">Szem\u00e9lyg\u00e9pkocsis szem\u00e9lysz\u00e1ll\u00edt\u00f3<\/a> k\u00e9pes\u00edt\u00e9ssel ugyanis csak olyan szem\u00e9lyaut\u00f3t lehet vezetni, amelybe <strong>nem szereltek taxi\u00f3r\u00e1t<\/strong>. Jogosan mer\u00fcl fel a k\u00e9rd\u00e9s, hogy rendben, de mi az, amivel szem\u00e9lyeket sz\u00e1ll\u00edtunk, de nem taxi? Ha kicsit ut\u00e1na gondolunk a dolognak, az\u00e9rt tal\u00e1lunk ilyet is sz\u00e9p sz\u00e1mmal.<\/p>\n<h3><strong>Kinek, mit\u2026<\/strong><\/h3>\n<p>Miut\u00e1n bevillant a limuzin sof\u0151r, mint lehet\u0151s\u00e9g ut\u00e1na gondoljunk mindenekel\u0151tt idegenforgalmi \u00e9s turisztikai v\u00e1llalkoz\u00e1sokra, ahol az ilyen szolg\u00e1ltat\u00e1s gyakorta az alapcsomag r\u00e9sze, de sz\u00fcks\u00e9g van sof\u0151rre sz\u00e1mos rangosabb sport \u00e9s kultur\u00e1lis rendezv\u00e9ny kapcs\u00e1n is, hiszen a r\u00e9sztvev\u0151ket illik \u201eA\u201d pontb\u00f3l \u201eB\u201d-be sz\u00e1ll\u00edtani.<\/p>\n<div id=\"attachment_393\" style=\"width: 610px\" class=\"wp-caption aligncenter\"><img loading=\"lazy\" decoding=\"async\" aria-describedby=\"caption-attachment-393\" class=\"wp-image-393\" src=\"https:\/\/www.transzportstudium.hu\/blog\/wp-content\/uploads\/2014\/12\/Limos_800.jpg\" alt=\"Szem\u00e9lyg\u00e9pkocsis szem\u00e9lysz\u00e1ll\u00edt\u00f3 g\u00e9pkocsivezet\u0151 tanfolyamok\" width=\"600\" height=\"399\" srcset=\"https:\/\/www.transzportstudium.hu\/blog\/wp-content\/uploads\/2014\/12\/Limos_800.jpg 800w, https:\/\/www.transzportstudium.hu\/blog\/wp-content\/uploads\/2014\/12\/Limos_800-300x199.jpg 300w\" sizes=\"auto, (max-width: 600px) 100vw, 600px\" \/><p id=\"caption-attachment-393\" class=\"wp-caption-text\">Szem\u00e9lyg\u00e9pkocsis szem\u00e9lysz\u00e1ll\u00edt\u00f3 g\u00e9pkocsivezet\u0151 tanfolyamok<\/p><\/div>\n<p>Aki szem\u00e9lyg\u00e9pkocsis szem\u00e9lysz\u00e1ll\u00edt\u00e1ssal szeretne alkalmazott g\u00e9pkocsivezet\u0151k\u00e9nt foglalkozni, annak el kell v\u00e9geznie egy <a title=\"Szem\u00e9lyg\u00e9pkocsis szem\u00e9lysz\u00e1ll\u00edt\u00f3 g\u00e9pkocsivezet\u0151 (alapk\u00e9pz\u00e9s)\" href=\"https:\/\/www.transzportstudium.hu\/tanfolyamok\/gepkocsivezetoi-szaktanfolyamok-gki-tanfolyam\/6_szemelygepkocsis-szemelyszallito-gepkocsivezeto-alapkepzes\">szaktanfolyamot<\/a>, aminek el\u0151felt\u00e9tele a \u201eB\u201d kateg\u00f3ri\u00e1s jogos\u00edtv\u00e1ny. Aki a tev\u00e9kenys\u00e9get nem, mint alkalmazott, hanem mint a v\u00e1llalkoz\u00e1s vezet\u0151je szeretn\u00e9 v\u00e9gezni, annak a <a title=\"Szem\u00e9lyg\u00e9pkocsis szem\u00e9lysz\u00e1ll\u00edt\u00f3 v\u00e1llalkoz\u00f3\" href=\"https:\/\/www.transzportstudium.hu\/tanfolyamok\/vallalkozoi-szaktanfolyamok\/11_szemelygepkocsis-szemelyszallito-vallalkozo\">szem\u00e9lyg\u00e9pkocsis szem\u00e9lysz\u00e1ll\u00edt\u00f3 v\u00e1llalkoz\u00f3i tanfolyamot<\/a> kell elv\u00e9geznie. Ha mind a k\u00e9t min\u0151s\u00e9gben k\u00edv\u00e1n dolgozni, teh\u00e1t ir\u00e1ny\u00edt\u00f3k\u00e9nt is, \u00e9s g\u00e9pkocsivezet\u0151k\u00e9nt is, annak mind a k\u00e9t tanfolyamot el kell v\u00e9geznie.<\/p>\n<p>A szem\u00e9lysz\u00e1ll\u00edt\u00f3 \u00e9s a taxi v\u00e1llalkoz\u00f3i tanfolyam megegyezik. Tant\u00e1rgyai: \u00e1ltal\u00e1nos v\u00e1llalkoz\u00f3i ismeretek, sz\u00e1mviteli \u00e9s ad\u00f3z\u00e1si ismeretek, jogi ismeretek \u00e9s szakmai ismeretek. A v\u00e1llalkoz\u00f3i tanfolyam elv\u00e9gz\u00e9s\u00e9nek nem felt\u00e9tele a \u201eB\u201d kateg\u00f3ri\u00e1s jogos\u00edtv\u00e1ny, a P\u00c1V II \u00e9s az E\u00dc 2 alkalmass\u00e1g, hiszen az ir\u00e1ny\u00edt\u00f3 szem\u00e9ly nem vezet hivat\u00e1sszer\u0171en aut\u00f3t.<\/p>\n<p>A g\u00e9pkocsivezet\u0151i tanfolyamra val\u00f3 beiratkoz\u00e1snak nem el\u0151felt\u00e9tele, de tev\u00e9kenys\u00e9g gyakorl\u00e1s\u00e1nak igen az \u00e9rv\u00e9nyes E\u00dc. II. csoportba tartoz\u00f3 orvosi alkalmass\u00e1gi \u00e9s a P\u00c1V II. alkalmass\u00e1gi vizsg\u00e1lat. Csak z\u00e1r\u00f3jelbe jegyezz\u00fck meg, hogy kev\u00e9s a k\u00fcl\u00f6nbs\u00e9g a taxisof\u0151r \u00e9s a szem\u00e9lyg\u00e9pkocsis szem\u00e9lysz\u00e1ll\u00edt\u00f3 k\u00f6z\u00f6tt, nem kell k\u00fcl\u00f6n tanfolyamot v\u00e9gezni hozz\u00e1juk, egy <a title=\"Taxi g\u00e9pkocsivezet\u0151 - kieg\u00e9sz\u00edt\u0151 k\u00e9pz\u00e9s\" href=\"https:\/\/www.transzportstudium.hu\/tanfolyamok\/gepkocsivezetoi-szaktanfolyamok-gki-tanfolyam\/68_taxi-gepkocsivezeto-kiegeszito-kepzes\">\u00e1tk\u00e9pz\u00e9ssel<\/a> mindk\u00e9t munkak\u00f6rt lehet gyakorolni. <a title=\"Jelentkez\u00e9s - GKI tanfolyamok\" href=\"https:\/\/www.transzportstudium.hu\/jelentkezesi-lap\/1_gepkocsivezetoi-szaktanfolyamok-gki-tanfolyam\">Jelentkezzen<\/a> m\u00e9g ma \u00e9s szerezze meg a sz\u00fcks\u00e9ges k\u00e9pes\u00edt\u00e9st!<\/p>\n<!-- Begin Yuzo --><div class='yuzo_related_post style-2'  data-version='5.12.88'><!-- without result --><div class='yuzo_clearfixed yuzo__title yuzo__title'><h3>Hasonl\u00f3 cikkek<\/h3><\/div>\n\t\t\t\t\t\t<div class=\"relatedthumb yuzo-list  \" style=\"\"  >  \n\t\t\t\t\t\t  <a  href=\"https:\/\/www.transzportstudium.hu\/blog\/2019\/09\/17\/a-gki-vizsga-tananyagarol\/\" class=\"image-list\"  >\n\t\t\t\t\t\t  <div class=\"yuzo-img-wrap  ilen_shine \" style=\"width: 100px;height:65px;\">\n\t\t\t\t\t\t\t\t\t <span class='shine-effect'><\/span> \n\t\t\t\t\t\t\t\t\t <div class=\"yuzo-img\" style=\"background:url('https:\/\/www.transzportstudium.hu\/blog\/wp-content\/uploads\/2016\/06\/42876675_l-150x150.jpg') 50% 50% no-repeat;width: 105px;height:65px;margin-bottom: 5px;background-size:  cover;  \"><\/div>\n\t\t\t\t\t\t  <\/div>\n\t\t\t\t\t\t  <\/a>\n\t\t\t\t\t\t  <a  class=\"link-list yuzo__text--title\" href=\"https:\/\/www.transzportstudium.hu\/blog\/2019\/09\/17\/a-gki-vizsga-tananyagarol\/\" style=\"font-size:14px;;line-height:22px;\"> A GKI vizsga tananyag\u00e1r\u00f3l  <\/a>\n\t\t\t\t\t\t\t\t<span class=\"yuzo_text\" style=\"font-size:10px;\" >Legyen sz\u00f3 aut\u00f3buszos vagy teherg\u00e9pkocsis vezet\u00e9sr\u0151l, aki a k\u00f6z\u00fati forgalomban vesz r\u00e9szt, annak bet\u00e9ve kell tudnia a GKI vizsga tananyag\u00e1t, hogy szab...<\/span>\n\t\t\t\t\t\t   \n\t\t\t\t\t\t<\/div>\n\t\t\t\t\t\t<div class=\"relatedthumb yuzo-list  \" style=\"\"  >  \n\t\t\t\t\t\t  <a  href=\"https:\/\/www.transzportstudium.hu\/blog\/2018\/06\/07\/targoncavezeto-tanfolyam-budapesten\/\" class=\"image-list\"  >\n\t\t\t\t\t\t  <div class=\"yuzo-img-wrap  ilen_shine \" style=\"width: 100px;height:65px;\">\n\t\t\t\t\t\t\t\t\t <span class='shine-effect'><\/span> \n\t\t\t\t\t\t\t\t\t <div class=\"yuzo-img\" style=\"background:url('https:\/\/www.transzportstudium.hu\/blog\/wp-content\/uploads\/2018\/06\/Transport_31-150x150.jpg') 50% 50% no-repeat;width: 105px;height:65px;margin-bottom: 5px;background-size:  cover;  \"><\/div>\n\t\t\t\t\t\t  <\/div>\n\t\t\t\t\t\t  <\/a>\n\t\t\t\t\t\t  <a  class=\"link-list yuzo__text--title\" href=\"https:\/\/www.transzportstudium.hu\/blog\/2018\/06\/07\/targoncavezeto-tanfolyam-budapesten\/\" style=\"font-size:14px;;line-height:22px;\"> Targoncavezet\u0151 tanfolyam Budapesten!  <\/a>\n\t\t\t\t\t\t\t\t<span class=\"yuzo_text\" style=\"font-size:10px;\" >\u00c9vek \u00f3ta folyamatosan t\u00e9ma a sajt\u00f3ban, hogy mennyire keresett szakma a targoncavezet\u0151. Ennek a legf\u0151bb oka, hogy ahogyan n\u00f6vekszik a gazdas\u00e1g, annyira...<\/span>\n\t\t\t\t\t\t   \n\t\t\t\t\t\t<\/div>\n\t\t\t\t\t\t<div class=\"relatedthumb yuzo-list  \" style=\"\"  >  \n\t\t\t\t\t\t  <a  href=\"https:\/\/www.transzportstudium.hu\/blog\/2016\/04\/07\/az-elektromos-targoncak\/\" class=\"image-list\"  >\n\t\t\t\t\t\t  <div class=\"yuzo-img-wrap  ilen_shine \" style=\"width: 100px;height:65px;\">\n\t\t\t\t\t\t\t\t\t <span class='shine-effect'><\/span> \n\t\t\t\t\t\t\t\t\t <div class=\"yuzo-img\" style=\"background:url('https:\/\/www.transzportstudium.hu\/blog\/wp-content\/uploads\/2015\/12\/12874549_l-150x150.jpg') 50% 50% no-repeat;width: 105px;height:65px;margin-bottom: 5px;background-size:  cover;  \"><\/div>\n\t\t\t\t\t\t  <\/div>\n\t\t\t\t\t\t  <\/a>\n\t\t\t\t\t\t  <a  class=\"link-list yuzo__text--title\" href=\"https:\/\/www.transzportstudium.hu\/blog\/2016\/04\/07\/az-elektromos-targoncak\/\" style=\"font-size:14px;;line-height:22px;\"> Az elektromos targonc\u00e1k  <\/a>\n\t\t\t\t\t\t\t\t<span class=\"yuzo_text\" style=\"font-size:10px;\" >A targonc\u00e1kat a meghajt\u00e1suk alapj\u00e1n h\u00e1rom k\u00fcl\u00f6nf\u00e9le csoportba sorolhatjuk. Ennek megfelel\u0151en megk\u00fcl\u00f6nb\u00f6ztet\u00fcnk d\u00edzel, g\u00e1z\u00fczem\u0171, illetve elektromos tar...<\/span>\n\t\t\t\t\t\t   \n\t\t\t\t\t\t<\/div>\n\t\t\t\t\t\t<div class=\"relatedthumb yuzo-list  \" style=\"\"  >  \n\t\t\t\t\t\t  <a  href=\"https:\/\/www.transzportstudium.hu\/blog\/2019\/06\/04\/adr-1-3-oktatas-es-adr-vizsga\/\" class=\"image-list\"  >\n\t\t\t\t\t\t  <div class=\"yuzo-img-wrap  ilen_shine \" style=\"width: 100px;height:65px;\">\n\t\t\t\t\t\t\t\t\t <span class='shine-effect'><\/span> \n\t\t\t\t\t\t\t\t\t <div class=\"yuzo-img\" style=\"background:url('https:\/\/www.transzportstudium.hu\/blog\/wp-content\/uploads\/2015\/12\/13655676_l-150x150.jpg') 50% 50% no-repeat;width: 105px;height:65px;margin-bottom: 5px;background-size:  cover;  \"><\/div>\n\t\t\t\t\t\t  <\/div>\n\t\t\t\t\t\t  <\/a>\n\t\t\t\t\t\t  <a  class=\"link-list yuzo__text--title\" href=\"https:\/\/www.transzportstudium.hu\/blog\/2019\/06\/04\/adr-1-3-oktatas-es-adr-vizsga\/\" style=\"font-size:14px;;line-height:22px;\"> ADR 1.3 oktat\u00e1s \u00e9s ADR vizsga  <\/a>\n\t\t\t\t\t\t\t\t<span class=\"yuzo_text\" style=\"font-size:10px;\" >A vesz\u00e9lyes \u00e1ruk sz\u00e1ll\u00edt\u00e1sa \u00e9s a vesz\u00e9lyes \u00e1rukhoz kapcsol\u00f3d\u00f3 munka komplex \u00e9s \u00f6sszetett feladat, minden k\u00f6r\u00fclm\u00e9ny k\u00f6z\u00f6tt ADR vizsg\u00e1hoz k\u00f6t\u00f6tt, igaz e...<\/span>\n\t\t\t\t\t\t   \n\t\t\t\t\t\t<\/div>\n<\/div>  <!-- End Yuzo :) -->","protected":false},"excerpt":{"rendered":"<p>Szem\u00e9lyg\u00e9pkocsis szem\u00e9lysz\u00e1ll\u00edt\u00e1s, de nem Taxi. Szem\u00e9lyg\u00e9pkocsis szem\u00e9lysz\u00e1ll\u00edt\u00f3 k\u00e9pes\u00edt\u00e9ssel ugyanis csak olyan szem\u00e9lyaut\u00f3t lehet vezetni, amelybe nem szereltek taxi\u00f3r\u00e1t. Jogosan mer\u00fcl fel a k\u00e9rd\u00e9s, hogy rendben, de mi az, amivel szem\u00e9lyeket sz\u00e1ll\u00edtunk, de nem taxi?&#46;&#46;&#46;<\/p>\n","protected":false},"author":3,"featured_media":393,"comment_status":"open","ping_status":"open","sticky":false,"template":"","format":"standard","meta":{"footnotes":""},"categories":[3,235,4],"tags":[225,28,200,48,93,29,50,106,105,193],"class_list":["post-745","post","type-post","status-publish","format-standard","has-post-thumbnail","hentry","category-gki","category-szemelygepkocsis-tanfolyamok","category-vallalkozoi-vilag","tag-gki","tag-szemelyfuvarozas","tag-szemelygepkocsi-szemelyszallito","tag-szemelygepkocsi-szemelyszallito-vallalkozo","tag-szemelygepkocsis-szemelyszallito-vallalkozo","tag-szemelyszallitas","tag-szemelyszallito-vallalkozo","tag-taxi","tag-taxi-gepkocsivezeto","tag-taxis-tanfolyam"],"aioseo_notices":[],"_links":{"self":[{"href":"https:\/\/www.transzportstudium.hu\/blog\/wp-json\/wp\/v2\/posts\/745","targetHints":{"allow":["GET"]}}],"collection":[{"href":"https:\/\/www.transzportstudium.hu\/blog\/wp-json\/wp\/v2\/posts"}],"about":[{"href":"https:\/\/www.transzportstudium.hu\/blog\/wp-json\/wp\/v2\/types\/post"}],"author":[{"embeddable":true,"href":"https:\/\/www.transzportstudium.hu\/blog\/wp-json\/wp\/v2\/users\/3"}],"replies":[{"embeddable":true,"href":"https:\/\/www.transzportstudium.hu\/blog\/wp-json\/wp\/v2\/comments?post=745"}],"version-history":[{"count":6,"href":"https:\/\/www.transzportstudium.hu\/blog\/wp-json\/wp\/v2\/posts\/745\/revisions"}],"predecessor-version":[{"id":764,"href":"https:\/\/www.transzportstudium.hu\/blog\/wp-json\/wp\/v2\/posts\/745\/revisions\/764"}],"wp:featuredmedia":[{"embeddable":true,"href":"https:\/\/www.transzportstudium.hu\/blog\/wp-json\/wp\/v2\/media\/393"}],"wp:attachment":[{"href":"https:\/\/www.transzportstudium.hu\/blog\/wp-json\/wp\/v2\/media?parent=745"}],"wp:term":[{"taxonomy":"category","embeddable":true,"href":"https:\/\/www.transzportstudium.hu\/blog\/wp-json\/wp\/v2\/categories?post=745"},{"taxonomy":"post_tag","embeddable":true,"href":"https:\/\/www.transzportstudium.hu\/blog\/wp-json\/wp\/v2\/tags?post=745"}],"curies":[{"name":"wp","href":"https:\/\/api.w.org\/{rel}","templated":true}]}}