{"id":702,"date":"2015-07-21T09:48:35","date_gmt":"2015-07-21T08:48:35","guid":{"rendered":"https:\/\/www.transzportstudium.hu\/blog\/?p=702"},"modified":"2015-07-20T14:01:09","modified_gmt":"2015-07-20T13:01:09","slug":"a-pihenes-fontossagarol-vezetesi-ido-2-sofor-eseten","status":"publish","type":"post","link":"https:\/\/www.transzportstudium.hu\/blog\/2015\/07\/21\/a-pihenes-fontossagarol-vezetesi-ido-2-sofor-eseten\/","title":{"rendered":"A pihen\u00e9s fontoss\u00e1g\u00e1r\u00f3l: vezet\u00e9si id\u0151 2 sof\u0151r eset\u00e9n"},"content":{"rendered":"<p>Az Eur\u00f3pai Uni\u00f3 pontosan meg\u00e1llap\u00edtja a <a title=\"A g\u00e9pkocsivezet\u0151k pihen\u0151idej\u00e9nek EU-s szab\u00e1lyz\u00e1sa\" href=\"https:\/\/www.transzportstudium.hu\/blog\/2014\/10\/07\/a-gepkocsivezetok-pihenoidejenek-eu-s-szabalyzasa\/\">vezet\u00e9si \u00e9s pihen\u0151id\u0151 szab\u00e1lyait<\/a>. Nem v\u00e9letlen\u00fcl azok a sz\u00e1mok szerepelnek a meghat\u00e1roz\u00e1sban, amelyek, \u00edgy \u00e9rdemes komolyan venni \u0151ket. A nem betart\u00e1s \u00e1ltal\u00e1ban kezd\u0151 sof\u0151r\u00f6kn\u00e9l a gyakoribb, akik r\u00e9g\u00f3ta vezetnek, tudj\u00e1k, hogy a hossz\u00fa utak alkalm\u00e1val, mennyire fontos is a pihen\u0151. Nem csak \u00f6nmagunk, de m\u00e1sok testi \u00e9ps\u00e9g\u00e9t is vesz\u00e9lyeztetj\u00fck, ha nem vessz\u00fck komolyan \u0151ket, ezt pedig egy felel\u0151s sof\u0151r nem engedheti meg mag\u00e1nak.<\/p>\n<div id=\"attachment_720\" style=\"width: 436px\" class=\"wp-caption aligncenter\"><img loading=\"lazy\" decoding=\"async\" aria-describedby=\"caption-attachment-720\" class=\"size-full wp-image-720\" src=\"https:\/\/www.transzportstudium.hu\/blog\/wp-content\/uploads\/2015\/07\/truckdriving-2.jpg\" alt=\"GKI tanfolyamok \u00e9s vizsg\u00e1k\" width=\"426\" height=\"282\" srcset=\"https:\/\/www.transzportstudium.hu\/blog\/wp-content\/uploads\/2015\/07\/truckdriving-2.jpg 426w, https:\/\/www.transzportstudium.hu\/blog\/wp-content\/uploads\/2015\/07\/truckdriving-2-300x198.jpg 300w\" sizes=\"auto, (max-width: 426px) 100vw, 426px\" \/><p id=\"caption-attachment-720\" class=\"wp-caption-text\">GKI tanfolyamok \u00e9s vizsg\u00e1k<\/p><\/div>\n<p>A szab\u00e1lyoz\u00e1s \u00e9rtelm\u00e9ben a napi vezet\u00e9si id\u0151 nem haladhatja meg a 9 \u00f3r\u00e1t, azonban hetente k\u00e9t alkalommal meghosszabb\u00edthat\u00f3 10 \u00f3r\u00e1ra. Egy h\u00e9ten pedig 6 napi vezet\u00e9si id\u0151szak lehets\u00e9ges maxim\u00e1lisan. L\u00e1that\u00f3, hogy a sz\u00e1mok, az egy\u00e9bk\u00e9nt is \u00e9rv\u00e9nyes fizikai \u00e9s szellemi terhelhet\u0151s\u00e9get veszik alapul. \u00c9rv\u00e9nyesek azonban ezek egy sof\u0151r eset\u00e9n, de vajon, hogy \u00e1ll a dolog, ha az aut\u00f3busz vagy a kamion k\u00e9t sof\u0151rrel megy?<\/p>\n<p>T\u00f6bb f\u0151s szem\u00e9lyzet eset\u00e9n a j\u00e1rm\u0171vezet\u0151nek 30 \u00f3r\u00e1n bel\u00fcl legal\u00e1bb 9 \u00f3r\u00e1s napi pihen\u0151id\u0151t kell tartania. L\u00e1that\u00f3 teh\u00e1t, hogy a pihen\u00e9si \u00f3rasz\u00e1mok ez esetben sem v\u00e1ltoznak, csup\u00e1n t\u00f6bb sof\u0151rre vannak defini\u00e1lva. T\u00f6bb gyakorlott sof\u0151r, ha \u00fagy tetszik \u00f6reg r\u00f3ka blogj\u00e1n elhangzik a pihen\u0151id\u0151 betart\u00e1s\u00e1nak fontoss\u00e1ga. Aki nem pihen &#8222;oroszrulettet j\u00e1tszik&#8221; olvashat\u00f3 tal\u00e1l\u00f3an egy hely\u00fctt.<\/p>\n<p>Az aut\u00f3buszvezet\u0151k eset\u00e9ben azonban n\u00e9mi engedm\u00e9nyt tesz a szab\u00e1lyoz\u00e1s. A jogszab\u00e1lyban a k\u00f6vetkez\u0151 olvashat\u00f3: A nemzetk\u00f6zi k\u00fcl\u00f6nj\u00e1rati szem\u00e9lysz\u00e1ll\u00edt\u00e1st v\u00e9gz\u0151 aut\u00f3busz vezet\u0151je ugyanis 6 nap helyett maximum 12 napot dolgozhat heti pihen\u0151id\u0151 k\u00f6zbeiktat\u00e1sa n\u00e9lk\u00fcl. Ezt k\u00f6vet\u0151en azonban k\u00e9t rendszeres vagy egy rendszeres \u00e9s egy cs\u00f6kkentett heti pihen\u0151id\u0151t kell tartania \u00e9s a cs\u00f6kkent\u00e9st h\u00e1rom h\u00e9ten bel\u00fcl kompenz\u00e1lni kell. L\u00e1that\u00f3, hogy a heti pihen\u0151k eset\u00e9ben bizonyos \u00f3ramennyis\u00e9get \u00e1tcsoportos\u00edtani lehet k\u00e9s\u0151bbi id\u0151pontra, de elvenni a pihen\u0151id\u0151 mennyis\u00e9g\u00e9b\u0151l nem enged a szab\u00e1lyoz\u00e1s.<\/p>\n<p>A 12 vezet\u00e9ssel t\u00f6lt\u00f6tt nap \u00f6sszes\u00edtett vezet\u00e9si ideje a 90 \u00f3r\u00e1t nem haladhatja meg. Ilyen \u00e9s ezekhez hasonl\u00f3 fontos inform\u00e1ci\u00f3kat is megtanul <a title=\"GKI tanfolyamok\" href=\"https:\/\/www.transzportstudium.hu\/tanfolyamok#1-gepkocsivezetoi-szaktanfolyamok-gki-tanfolyam\">GKI tanfolyamainkon<\/a> minden\u00a0iskol\u00e1nkban v\u00e9gzett hallgat\u00f3! <a title=\"Jelentkez\u00e9s - GKI tanfolyamok\" href=\"https:\/\/www.transzportstudium.hu\/jelentkezesi-lap\/1_gepkocsivezetoi-szaktanfolyamok-gki-tanfolyam\">Jelentkezzen<\/a> m\u00e9g ma \u00d6n is!<\/p>\n<!-- Begin Yuzo --><div class='yuzo_related_post style-2'  data-version='5.12.88'><!-- without result --><div class='yuzo_clearfixed yuzo__title yuzo__title'><h3>Hasonl\u00f3 cikkek<\/h3><\/div>\n\t\t\t\t\t\t<div class=\"relatedthumb yuzo-list  \" style=\"\"  >  \n\t\t\t\t\t\t  <a  href=\"https:\/\/www.transzportstudium.hu\/blog\/2015\/12\/22\/az-adr-jogszabaly\/\" class=\"image-list\"  >\n\t\t\t\t\t\t  <div class=\"yuzo-img-wrap  ilen_shine \" style=\"width: 100px;height:65px;\">\n\t\t\t\t\t\t\t\t\t <span class='shine-effect'><\/span> \n\t\t\t\t\t\t\t\t\t <div class=\"yuzo-img\" style=\"background:url('https:\/\/www.transzportstudium.hu\/blog\/wp-content\/uploads\/2015\/04\/Tanker-150x150.jpg') 50% 50% no-repeat;width: 105px;height:65px;margin-bottom: 5px;background-size:  cover;  \"><\/div>\n\t\t\t\t\t\t  <\/div>\n\t\t\t\t\t\t  <\/a>\n\t\t\t\t\t\t  <a  class=\"link-list yuzo__text--title\" href=\"https:\/\/www.transzportstudium.hu\/blog\/2015\/12\/22\/az-adr-jogszabaly\/\" style=\"font-size:14px;;line-height:22px;\"> Az ADR jogszab\u00e1ly  <\/a>\n\t\t\t\t\t\t\t\t<span class=\"yuzo_text\" style=\"font-size:10px;\" >A vesz\u00e9lyes anyagok k\u00f6z\u00fati sz\u00e1ll\u00edt\u00e1s\u00e1ra k\u00fcl\u00f6n el\u0151\u00edr\u00e1sok vonatkoznak, hiszen ezen anyagok igen k\u00e1rosak, ez\u00e9rt k\u00fcl\u00f6n\u00f6sen fontos, hogy a fuvaroz\u00e1suk a le...<\/span>\n\t\t\t\t\t\t   \n\t\t\t\t\t\t<\/div>\n\t\t\t\t\t\t<div class=\"relatedthumb yuzo-list  \" style=\"\"  >  \n\t\t\t\t\t\t  <a  href=\"https:\/\/www.transzportstudium.hu\/blog\/2014\/09\/18\/valjon-rutinos-vezetove-egyedulallo-szimulatoros-oktatasunk-segitsegevel\/\" class=\"image-list\"  >\n\t\t\t\t\t\t  <div class=\"yuzo-img-wrap  ilen_shine \" style=\"width: 100px;height:65px;\">\n\t\t\t\t\t\t\t\t\t <span class='shine-effect'><\/span> \n\t\t\t\t\t\t\t\t\t <div class=\"yuzo-img\" style=\"background:url('https:\/\/www.transzportstudium.hu\/blog\/wp-content\/uploads\/2014\/09\/ts_szimulator_2-150x150.jpg') 50% 50% no-repeat;width: 105px;height:65px;margin-bottom: 5px;background-size:  cover;  \"><\/div>\n\t\t\t\t\t\t  <\/div>\n\t\t\t\t\t\t  <\/a>\n\t\t\t\t\t\t  <a  class=\"link-list yuzo__text--title\" href=\"https:\/\/www.transzportstudium.hu\/blog\/2014\/09\/18\/valjon-rutinos-vezetove-egyedulallo-szimulatoros-oktatasunk-segitsegevel\/\" style=\"font-size:14px;;line-height:22px;\"> V\u00e1ljon rutinos vezet\u0151v\u00e9 egyed\u00fcl\u00e1ll\u00f3 szimul\u00e1toros o...  <\/a>\n\t\t\t\t\t\t\t\t<span class=\"yuzo_text\" style=\"font-size:10px;\" >\u00c1rufuvaroz\u00f3k\u00e9nt vagy buszvezet\u0151k\u00e9nt felel\u0151ss\u00e9ggel tartozik az \u00f6nre b\u00edzott rakom\u00e1ny\u00e9rt vagy utasok\u00e9rt. Ha nincs el\u00e9g rutinja, nem vezet el\u00e9g felel\u0151ss\u00e9g...<\/span>\n\t\t\t\t\t\t   \n\t\t\t\t\t\t<\/div>\n\t\t\t\t\t\t<div class=\"relatedthumb yuzo-list  \" style=\"\"  >  \n\t\t\t\t\t\t  <a  href=\"https:\/\/www.transzportstudium.hu\/blog\/2014\/11\/06\/a-veszelyes-anyagokat-szallito-jarmuvek-kotelezo-felszereltsege\/\" class=\"image-list\"  >\n\t\t\t\t\t\t  <div class=\"yuzo-img-wrap  ilen_shine \" style=\"width: 100px;height:65px;\">\n\t\t\t\t\t\t\t\t\t <span class='shine-effect'><\/span> \n\t\t\t\t\t\t\t\t\t <div class=\"yuzo-img\" style=\"background:url('https:\/\/www.transzportstudium.hu\/blog\/wp-content\/uploads\/2014\/11\/adr_felszereles_2-150x150.jpg') 50% 50% no-repeat;width: 105px;height:65px;margin-bottom: 5px;background-size:  cover;  \"><\/div>\n\t\t\t\t\t\t  <\/div>\n\t\t\t\t\t\t  <\/a>\n\t\t\t\t\t\t  <a  class=\"link-list yuzo__text--title\" href=\"https:\/\/www.transzportstudium.hu\/blog\/2014\/11\/06\/a-veszelyes-anyagokat-szallito-jarmuvek-kotelezo-felszereltsege\/\" style=\"font-size:14px;;line-height:22px;\"> A vesz\u00e9lyes anyagokat sz\u00e1ll\u00edt\u00f3 j\u00e1rm\u0171vek k\u00f6telez\u0151 f...  <\/a>\n\t\t\t\t\t\t\t\t<span class=\"yuzo_text\" style=\"font-size:10px;\" >A vesz\u00e9lyes anyagok sz\u00e1ll\u00edt\u00e1s\u00e1ra vonatkoz\u00f3 szab\u00e1lyokat megfogalmaz\u00f3 ADR t\u00f6bbek k\u00f6zt azt is el\u0151\u00edrja, milyen k\u00f6telez\u0151 felszerelts\u00e9ggel kell rendelkeznie...<\/span>\n\t\t\t\t\t\t   \n\t\t\t\t\t\t<\/div>\n\t\t\t\t\t\t<div class=\"relatedthumb yuzo-list  \" style=\"\"  >  \n\t\t\t\t\t\t  <a  href=\"https:\/\/www.transzportstudium.hu\/blog\/2015\/11\/17\/gazok-es-gyulekony-folyadekok-szallitasa\/\" class=\"image-list\"  >\n\t\t\t\t\t\t  <div class=\"yuzo-img-wrap  ilen_shine \" style=\"width: 100px;height:65px;\">\n\t\t\t\t\t\t\t\t\t <span class='shine-effect'><\/span> \n\t\t\t\t\t\t\t\t\t <div class=\"yuzo-img\" style=\"background:url('https:\/\/www.transzportstudium.hu\/blog\/wp-content\/uploads\/2015\/11\/shutterstock_260466953-150x150.jpg') 50% 50% no-repeat;width: 105px;height:65px;margin-bottom: 5px;background-size:  cover;  \"><\/div>\n\t\t\t\t\t\t  <\/div>\n\t\t\t\t\t\t  <\/a>\n\t\t\t\t\t\t  <a  class=\"link-list yuzo__text--title\" href=\"https:\/\/www.transzportstudium.hu\/blog\/2015\/11\/17\/gazok-es-gyulekony-folyadekok-szallitasa\/\" style=\"font-size:14px;;line-height:22px;\"> G\u00e1zok \u00e9s gy\u00fal\u00e9kony folyad\u00e9kok sz\u00e1ll\u00edt\u00e1sa  <\/a>\n\t\t\t\t\t\t\t\t<span class=\"yuzo_text\" style=\"font-size:10px;\" >Magyarorsz\u00e1g 1979-ben csatlakozott a nemzetk\u00f6zi ADR meg\u00e1llapod\u00e1shoz. Ennek megfelel\u0151en a vesz\u00e9lyes \u00e1ruk k\u00f6z\u00fati sz\u00e1ll\u00edt\u00e1s\u00e1ra el\u0151\u00edrt \u00e9s betartand\u00f3 nemze...<\/span>\n\t\t\t\t\t\t   \n\t\t\t\t\t\t<\/div>\n<\/div>  <!-- End Yuzo :) -->","protected":false},"excerpt":{"rendered":"<p>Az Eur\u00f3pai Uni\u00f3 pontosan meg\u00e1llap\u00edtja a vezet\u00e9si \u00e9s pihen\u0151id\u0151 szab\u00e1lyait. Nem v\u00e9letlen\u00fcl azok a sz\u00e1mok szerepelnek a meghat\u00e1roz\u00e1sban, amelyek, \u00edgy \u00e9rdemes komolyan venni \u0151ket. A nem betart\u00e1s \u00e1ltal\u00e1ban kezd\u0151 sof\u0151r\u00f6kn\u00e9l a gyakoribb, akik r\u00e9g\u00f3ta&#46;&#46;&#46;<\/p>\n","protected":false},"author":3,"featured_media":720,"comment_status":"open","ping_status":"open","sticky":false,"template":"","format":"standard","meta":{"footnotes":""},"categories":[3],"tags":[225,67,65,146,73,74,83,18,198],"class_list":["post-702","post","type-post","status-publish","format-standard","has-post-thumbnail","hentry","category-gki","tag-gki","tag-gki-igazolvany","tag-gki-kartya","tag-gki-kepzes","tag-gki-tanfolyam","tag-gki-vizsga","tag-pihenoido","tag-szabalyok","tag-vezetesi-ido"],"aioseo_notices":[],"_links":{"self":[{"href":"https:\/\/www.transzportstudium.hu\/blog\/wp-json\/wp\/v2\/posts\/702","targetHints":{"allow":["GET"]}}],"collection":[{"href":"https:\/\/www.transzportstudium.hu\/blog\/wp-json\/wp\/v2\/posts"}],"about":[{"href":"https:\/\/www.transzportstudium.hu\/blog\/wp-json\/wp\/v2\/types\/post"}],"author":[{"embeddable":true,"href":"https:\/\/www.transzportstudium.hu\/blog\/wp-json\/wp\/v2\/users\/3"}],"replies":[{"embeddable":true,"href":"https:\/\/www.transzportstudium.hu\/blog\/wp-json\/wp\/v2\/comments?post=702"}],"version-history":[{"count":4,"href":"https:\/\/www.transzportstudium.hu\/blog\/wp-json\/wp\/v2\/posts\/702\/revisions"}],"predecessor-version":[{"id":722,"href":"https:\/\/www.transzportstudium.hu\/blog\/wp-json\/wp\/v2\/posts\/702\/revisions\/722"}],"wp:featuredmedia":[{"embeddable":true,"href":"https:\/\/www.transzportstudium.hu\/blog\/wp-json\/wp\/v2\/media\/720"}],"wp:attachment":[{"href":"https:\/\/www.transzportstudium.hu\/blog\/wp-json\/wp\/v2\/media?parent=702"}],"wp:term":[{"taxonomy":"category","embeddable":true,"href":"https:\/\/www.transzportstudium.hu\/blog\/wp-json\/wp\/v2\/categories?post=702"},{"taxonomy":"post_tag","embeddable":true,"href":"https:\/\/www.transzportstudium.hu\/blog\/wp-json\/wp\/v2\/tags?post=702"}],"curies":[{"name":"wp","href":"https:\/\/api.w.org\/{rel}","templated":true}]}}