{"id":662,"date":"2015-06-30T08:47:59","date_gmt":"2015-06-30T07:47:59","guid":{"rendered":"https:\/\/www.transzportstudium.hu\/blog\/?p=662"},"modified":"2018-03-04T12:04:40","modified_gmt":"2018-03-04T11:04:40","slug":"holgyeknek-is-nyitott-a-palya-2-resz","status":"publish","type":"post","link":"https:\/\/www.transzportstudium.hu\/blog\/2015\/06\/30\/holgyeknek-is-nyitott-a-palya-2-resz\/","title":{"rendered":"H\u00f6lgyeknek is nyitott a p\u00e1lya! 2. r\u00e9sz"},"content":{"rendered":"<p>A cikksorozat <a title=\"H\u00f6lgyeknek is nyitott a p\u00e1lya!\" href=\"https:\/\/www.transzportstudium.hu\/blog\/2015\/06\/04\/holgyeknek-is-nyitott-a-palya\/\">els\u0151 r\u00e9sz\u00e9ben<\/a> azt kezdt\u00fck el fejtegetni, hogy a h\u00f6lgyek hogy \u00e9rezhetik magukat \u00e9s mennyire lehetnek sikeresek az alapvet\u0151en f\u00e9rfias szakm\u00e1nak tartott taxis munkak\u00f6r\u00e9ben. L\u00e1thattuk, hogy \u2013 ugyan a taxis vizsg\u00e1t ad\u00f3 tanfolyamokon a h\u00f6lgyek jelentkez\u00e9se, illetve a n\u0151i munkaer\u0151 ezen a ter\u00fcleten m\u00e9g el\u00e9g kissz\u00e1m\u00fa, m\u00e9gis \u2013 deklar\u00e1lhat\u00f3 h\u00e1tr\u00e1nyt nem szenvednek a gyeng\u00e9bbik nem k\u00e9pvisel\u0151i ezen a ter\u00fcleten. S\u0151t, sok esetben kiemelked\u0151bben teljes\u00edtenek, egyr\u00e9szt ez\u00e9rt, mert tiszt\u00e1ban vannak azzal, hogy fel kell venni\u00fck a versenyt a f\u00e9rfiakkal, m\u00e1sr\u00e9szt az\u00e9rt (\u00e9s ez tal\u00e1n m\u00e9g nagyobb er\u0151), mert a szenved\u00e9lyes \u00e9rdekl\u0151d\u00e9s vonzza \u0151ket erre a p\u00e1ly\u00e1ra.<\/p>\n<div id=\"attachment_674\" style=\"width: 560px\" class=\"wp-caption aligncenter\"><a href=\"https:\/\/www.transzportstudium.hu\/blog\/wp-content\/uploads\/2015\/06\/female-teen-driver-happy.jpg\" data-rel=\"lightbox-image-0\" data-rl_title=\"\" data-rl_caption=\"\" title=\"\"><img loading=\"lazy\" decoding=\"async\" aria-describedby=\"caption-attachment-674\" class=\"size-full wp-image-674\" src=\"https:\/\/www.transzportstudium.hu\/blog\/wp-content\/uploads\/2015\/06\/female-teen-driver-happy.jpg\" alt=\"GKI tanfolyam - Taxis tanfolyam\" width=\"550\" height=\"400\" srcset=\"https:\/\/www.transzportstudium.hu\/blog\/wp-content\/uploads\/2015\/06\/female-teen-driver-happy.jpg 550w, https:\/\/www.transzportstudium.hu\/blog\/wp-content\/uploads\/2015\/06\/female-teen-driver-happy-300x218.jpg 300w\" sizes=\"auto, (max-width: 550px) 100vw, 550px\" \/><\/a><p id=\"caption-attachment-674\" class=\"wp-caption-text\">GKI tanfolyam &#8211; Taxis tanfolyam<\/p><\/div>\n<p>Ezen k\u00edv\u00fcl a taxis szakm\u00e1nak nem kifejezettem csak f\u00e9rfias oldalai vannak (mint az el\u0151z\u0151 cikkben kifejtett vezet\u00e9si k\u00e9pess\u00e9gek, m\u0171szaki v\u00e9na vagy fizikai adotts\u00e1gok), hanem olyan kvalit\u00e1sok is sz\u00fcks\u00e9gesek, amelyeket ink\u00e1bb a n\u0151knek szoktunk tulajdon\u00edtani. Az utasfelv\u00e9tel \u00e9s utaskezel\u00e9s gyakran nem k\u00f6nny\u0171 \u00e9s komoly intu\u00edci\u00f3t k\u00edv\u00e1n\u00f3 helyzetei, a biztons\u00e1gos munkav\u00e9gz\u00e9shez elengedhetetlen emberismeret, a neh\u00e9zs\u00e9geket \u00e9s konfliktusokat felold\u00f3 emp\u00e1tia \u00e9s gondoskod\u00e1si sz\u00e1nd\u00e9k ink\u00e1bb a n\u0151k el\u0151jogai a mai t\u00e1rsadalmi norm\u00e1k szerint (nem kiz\u00e1rva azt, hogy f\u00e9rfiak is rendelkezhetnek ezekkel a tulajdons\u00e1gokkal).<\/p>\n<p>A <a title=\"Taxi g\u00e9pkocsivezet\u0151\" href=\"https:\/\/www.transzportstudium.hu\/tanfolyamok\/gepkocsivezetoi-szaktanfolyamok-gki-tanfolyam\/5_taxi-gepkocsivezeto\">taxis vizsga<\/a> gyakran nem terjed ki a munka k\u00f6zben tapasztalhat\u00f3 \u00e9les \u00e9s bonyolult helyzetek felismer\u00e9s\u00e9re \u00e9s megold\u00e1s\u00e1ra. Term\u00e9szetes dolog, hogy ezekben a szitu\u00e1ci\u00f3kban m\u00e1shogy reag\u00e1l egy n\u0151 \u00e9s egy f\u00e9rfi, szerencs\u00e9re a m\u00e1sik f\u00e9l is m\u00e1st v\u00e1r el a k\u00e9t nem tagjait\u00f3l. A biztons\u00e1g tekintet\u00e9ben gyakran nem is azon m\u00falik, hogy egy n\u0151 meg tudja-e v\u00e9deni mag\u00e1t, hogy rendelkezik-e a megfelel\u0151 testi er\u0151vel, hanem azon, hogy milyen l\u00e9lekjelenl\u00e9ttel \u00e9s bele\u00e9rz\u00e9ssel tudja kezelni a k\u00e9nyes helyzetet \u00e9s a s\u00e9rtett \u00fcgyfelet.<\/p>\n<p>Az els\u0151seg\u00e9lyny\u00fajt\u00e1s ter\u00fclete is ink\u00e1bb n\u0151i ter\u00fclet, b\u00e1r eg\u00e9szs\u00e9g\u00fcgyi p\u00e1ly\u00e1n ugyanolyan ar\u00e1nyban tal\u00e1lkozunk n\u0151kkel, mint f\u00e9rfiakkal. Ugyanakkor, ha az a k\u00e9rd\u00e9s, hogy egy a taxiban sz\u00fclni k\u00e9sz\u00fcl\u0151 n\u0151nek ki tud jobban seg\u00edteni, az nem a <a title=\"Taxi g\u00e9pkocsivezet\u0151 tanfolyam\" href=\"https:\/\/www.transzportstudium.hu\/tanfolyamok\/gepkocsivezetoi-szaktanfolyamok-gki-tanfolyam\/5_taxi-gepkocsivezeto\">taxis vizsg\u00e1n<\/a> ny\u00fajtott teljes\u00edtm\u00e9nyt\u0151l f\u00fcgg, \u00e9s nem k\u00e9ts\u00e9ges, hogy melyik nem k\u00e9pvisel\u0151je lenne el\u0151nyben&#8230;<\/p>\n<p>Ami a t\u00e1j\u00e9koz\u00f3d\u00e1si k\u00e9pess\u00e9get illetve helyismeretet illeti, m\u00e1r a n\u0151knek sem kell az agyukban lev\u0151 t\u00e9rk\u00e9pre t\u00e1maszkodni, hiszen sz\u00e1mos eszk\u00f6z \u00e1ll rendelkez\u00e9sre (GPS, okostelefon). Ugyanakkor \u2013 k\u00fcl\u00f6n\u00f6sen h\u00f6lgyek eset\u00e9ben, abban az \u00e9rtelemben nem \u00e1rt helyismeret, hogy kihalt vid\u00e9kre sz\u00f3l\u00f3 fuvart, k\u00fcl\u00f6n\u00f6sen \u00e9jszaka elv\u00e1llalni, nem \u00e9letbiztos\u00edt\u00e1s, \u00e9s ezt j\u00f3 el\u0151re tudni&#8230;<\/p>\n<!-- Begin Yuzo --><div class='yuzo_related_post style-2'  data-version='5.12.88'><!-- without result --><div class='yuzo_clearfixed yuzo__title yuzo__title'><h3>Hasonl\u00f3 cikkek<\/h3><\/div>\n\t\t\t\t\t\t<div class=\"relatedthumb yuzo-list  \" style=\"\"  >  \n\t\t\t\t\t\t  <a  href=\"https:\/\/www.transzportstudium.hu\/blog\/2018\/05\/10\/vallalkozo-leszek\/\" class=\"image-list\"  >\n\t\t\t\t\t\t  <div class=\"yuzo-img-wrap  ilen_shine \" style=\"width: 100px;height:65px;\">\n\t\t\t\t\t\t\t\t\t <span class='shine-effect'><\/span> \n\t\t\t\t\t\t\t\t\t <div class=\"yuzo-img\" style=\"background:url('https:\/\/www.transzportstudium.hu\/blog\/wp-content\/uploads\/2018\/06\/Transport_24-150x150.jpg') 50% 50% no-repeat;width: 105px;height:65px;margin-bottom: 5px;background-size:  cover;  \"><\/div>\n\t\t\t\t\t\t  <\/div>\n\t\t\t\t\t\t  <\/a>\n\t\t\t\t\t\t  <a  class=\"link-list yuzo__text--title\" href=\"https:\/\/www.transzportstudium.hu\/blog\/2018\/05\/10\/vallalkozo-leszek\/\" style=\"font-size:14px;;line-height:22px;\"> V\u00e1llalkoz\u00f3 leszek  <\/a>\n\t\t\t\t\t\t\t\t<span class=\"yuzo_text\" style=\"font-size:10px;\" >Egy v\u00e1llalkoz\u00e1shoz, t\u00f6rt\u00e9njen az c\u00e9ges vagy egy\u00e9ni form\u00e1ban korra \u00e9s nemre val\u00f3 tekintet n\u00e9lk\u00fcl van lehet\u0151s\u00e9g, s\u0151t, m\u00e9g iskolai v\u00e9gzetts\u00e9g sem kell ho...<\/span>\n\t\t\t\t\t\t   \n\t\t\t\t\t\t<\/div>\n\t\t\t\t\t\t<div class=\"relatedthumb yuzo-list  \" style=\"\"  >  \n\t\t\t\t\t\t  <a  href=\"https:\/\/www.transzportstudium.hu\/blog\/2018\/03\/27\/jogszeruen-a-forgalomban\/\" class=\"image-list\"  >\n\t\t\t\t\t\t  <div class=\"yuzo-img-wrap  ilen_shine \" style=\"width: 100px;height:65px;\">\n\t\t\t\t\t\t\t\t\t <span class='shine-effect'><\/span> \n\t\t\t\t\t\t\t\t\t <div class=\"yuzo-img\" style=\"background:url('https:\/\/www.transzportstudium.hu\/blog\/wp-content\/uploads\/2018\/04\/Transport_11-150x150.jpg') 50% 50% no-repeat;width: 105px;height:65px;margin-bottom: 5px;background-size:  cover;  \"><\/div>\n\t\t\t\t\t\t  <\/div>\n\t\t\t\t\t\t  <\/a>\n\t\t\t\t\t\t  <a  class=\"link-list yuzo__text--title\" href=\"https:\/\/www.transzportstudium.hu\/blog\/2018\/03\/27\/jogszeruen-a-forgalomban\/\" style=\"font-size:14px;;line-height:22px;\"> Jogszer\u0171en a forgalomban  <\/a>\n\t\t\t\t\t\t\t\t<span class=\"yuzo_text\" style=\"font-size:10px;\" >Minden hivat\u00e1sos sof\u0151rnek k\u00f6telez\u0151 a GKI tanfolyamokon val\u00f3 r\u00e9szv\u00e9tel, hogy igazolv\u00e1nyt szerezhessenek \u00e9s hivatalosan v\u00e9gezhess\u00e9k a munk\u00e1jukat. Legyen...<\/span>\n\t\t\t\t\t\t   \n\t\t\t\t\t\t<\/div>\n\t\t\t\t\t\t<div class=\"relatedthumb yuzo-list  \" style=\"\"  >  \n\t\t\t\t\t\t  <a  href=\"https:\/\/www.transzportstudium.hu\/blog\/2014\/09\/18\/valjon-rutinos-vezetove-egyedulallo-szimulatoros-oktatasunk-segitsegevel\/\" class=\"image-list\"  >\n\t\t\t\t\t\t  <div class=\"yuzo-img-wrap  ilen_shine \" style=\"width: 100px;height:65px;\">\n\t\t\t\t\t\t\t\t\t <span class='shine-effect'><\/span> \n\t\t\t\t\t\t\t\t\t <div class=\"yuzo-img\" style=\"background:url('https:\/\/www.transzportstudium.hu\/blog\/wp-content\/uploads\/2014\/09\/ts_szimulator_2-150x150.jpg') 50% 50% no-repeat;width: 105px;height:65px;margin-bottom: 5px;background-size:  cover;  \"><\/div>\n\t\t\t\t\t\t  <\/div>\n\t\t\t\t\t\t  <\/a>\n\t\t\t\t\t\t  <a  class=\"link-list yuzo__text--title\" href=\"https:\/\/www.transzportstudium.hu\/blog\/2014\/09\/18\/valjon-rutinos-vezetove-egyedulallo-szimulatoros-oktatasunk-segitsegevel\/\" style=\"font-size:14px;;line-height:22px;\"> V\u00e1ljon rutinos vezet\u0151v\u00e9 egyed\u00fcl\u00e1ll\u00f3 szimul\u00e1toros o...  <\/a>\n\t\t\t\t\t\t\t\t<span class=\"yuzo_text\" style=\"font-size:10px;\" >\u00c1rufuvaroz\u00f3k\u00e9nt vagy buszvezet\u0151k\u00e9nt felel\u0151ss\u00e9ggel tartozik az \u00f6nre b\u00edzott rakom\u00e1ny\u00e9rt vagy utasok\u00e9rt. Ha nincs el\u00e9g rutinja, nem vezet el\u00e9g felel\u0151ss\u00e9g...<\/span>\n\t\t\t\t\t\t   \n\t\t\t\t\t\t<\/div>\n\t\t\t\t\t\t<div class=\"relatedthumb yuzo-list  \" style=\"\"  >  \n\t\t\t\t\t\t  <a  href=\"https:\/\/www.transzportstudium.hu\/blog\/2014\/12\/23\/okj-targoncavezeto-tanfolyam-ki-allithat-ki-egeszsegugyi-alkalmassagi-igazolast\/\" class=\"image-list\"  >\n\t\t\t\t\t\t  <div class=\"yuzo-img-wrap  ilen_shine \" style=\"width: 100px;height:65px;\">\n\t\t\t\t\t\t\t\t\t <span class='shine-effect'><\/span> \n\t\t\t\t\t\t\t\t\t <div class=\"yuzo-img\" style=\"background:url('https:\/\/www.transzportstudium.hu\/blog\/wp-content\/uploads\/2014\/08\/292125851_db0aa30bc1_o-150x150.jpg') 50% 50% no-repeat;width: 105px;height:65px;margin-bottom: 5px;background-size:  cover;  \"><\/div>\n\t\t\t\t\t\t  <\/div>\n\t\t\t\t\t\t  <\/a>\n\t\t\t\t\t\t  <a  class=\"link-list yuzo__text--title\" href=\"https:\/\/www.transzportstudium.hu\/blog\/2014\/12\/23\/okj-targoncavezeto-tanfolyam-ki-allithat-ki-egeszsegugyi-alkalmassagi-igazolast\/\" style=\"font-size:14px;;line-height:22px;\"> OKJ Targoncavezet\u0151 tanfolyam \u2013 Ki \u00e1ll\u00edthat k...  <\/a>\n\t\t\t\t\t\t\t\t<span class=\"yuzo_text\" style=\"font-size:10px;\" >A targoncavezet\u0151i szakma vonzereje\r\nNapjainkban a kereskedelem \u00e1t-meg \u00e1tsz\u00f6vi nem csak a kontinenseket, hanem az eg\u00e9sz bolyg\u00f3t. A term\u00e9kek el\u0151\u00e1ll\u00edt\u00e1sa...<\/span>\n\t\t\t\t\t\t   \n\t\t\t\t\t\t<\/div>\n<\/div>  <!-- End Yuzo :) -->","protected":false},"excerpt":{"rendered":"<p>A cikksorozat els\u0151 r\u00e9sz\u00e9ben azt kezdt\u00fck el fejtegetni, hogy a h\u00f6lgyek hogy \u00e9rezhetik magukat \u00e9s mennyire lehetnek sikeresek az alapvet\u0151en f\u00e9rfias szakm\u00e1nak tartott taxis munkak\u00f6r\u00e9ben. L\u00e1thattuk, hogy \u2013 ugyan a taxis vizsg\u00e1t ad\u00f3 tanfolyamokon&#46;&#46;&#46;<\/p>\n","protected":false},"author":3,"featured_media":674,"comment_status":"open","ping_status":"open","sticky":false,"template":"","format":"standard","meta":{"footnotes":""},"categories":[3,235],"tags":[225,73,106,105,193,192],"class_list":["post-662","post","type-post","status-publish","format-standard","has-post-thumbnail","hentry","category-gki","category-szemelygepkocsis-tanfolyamok","tag-gki","tag-gki-tanfolyam","tag-taxi","tag-taxi-gepkocsivezeto","tag-taxis-tanfolyam","tag-taxis-vizsga"],"aioseo_notices":[],"_links":{"self":[{"href":"https:\/\/www.transzportstudium.hu\/blog\/wp-json\/wp\/v2\/posts\/662","targetHints":{"allow":["GET"]}}],"collection":[{"href":"https:\/\/www.transzportstudium.hu\/blog\/wp-json\/wp\/v2\/posts"}],"about":[{"href":"https:\/\/www.transzportstudium.hu\/blog\/wp-json\/wp\/v2\/types\/post"}],"author":[{"embeddable":true,"href":"https:\/\/www.transzportstudium.hu\/blog\/wp-json\/wp\/v2\/users\/3"}],"replies":[{"embeddable":true,"href":"https:\/\/www.transzportstudium.hu\/blog\/wp-json\/wp\/v2\/comments?post=662"}],"version-history":[{"count":3,"href":"https:\/\/www.transzportstudium.hu\/blog\/wp-json\/wp\/v2\/posts\/662\/revisions"}],"predecessor-version":[{"id":695,"href":"https:\/\/www.transzportstudium.hu\/blog\/wp-json\/wp\/v2\/posts\/662\/revisions\/695"}],"wp:featuredmedia":[{"embeddable":true,"href":"https:\/\/www.transzportstudium.hu\/blog\/wp-json\/wp\/v2\/media\/674"}],"wp:attachment":[{"href":"https:\/\/www.transzportstudium.hu\/blog\/wp-json\/wp\/v2\/media?parent=662"}],"wp:term":[{"taxonomy":"category","embeddable":true,"href":"https:\/\/www.transzportstudium.hu\/blog\/wp-json\/wp\/v2\/categories?post=662"},{"taxonomy":"post_tag","embeddable":true,"href":"https:\/\/www.transzportstudium.hu\/blog\/wp-json\/wp\/v2\/tags?post=662"}],"curies":[{"name":"wp","href":"https:\/\/api.w.org\/{rel}","templated":true}]}}