{"id":66,"date":"2014-07-26T16:51:58","date_gmt":"2014-07-26T15:51:58","guid":{"rendered":"http:\/\/www.t-s.hu\/blog\/?p=66"},"modified":"2014-11-07T09:09:48","modified_gmt":"2014-11-07T08:09:48","slug":"iranyitsa-sajat-ceget-arufuvarozo-vallalkozokent","status":"publish","type":"post","link":"https:\/\/www.transzportstudium.hu\/blog\/2014\/07\/26\/iranyitsa-sajat-ceget-arufuvarozo-vallalkozokent\/","title":{"rendered":"Ir\u00e1ny\u00edtsa saj\u00e1t c\u00e9g\u00e9t \u00e1rufuvaroz\u00f3 v\u00e1llalkoz\u00f3k\u00e9nt"},"content":{"rendered":"<p>Ha m\u00e1r \u00e9vek vagy ak\u00e1r \u00e9vtizedek \u00f3ta foglalkozik \u00e1rufuvaroz\u00e1ssal, m\u00e1ra j\u00f3 r\u00e1l\u00e1t\u00e1ssal b\u00edr a szakm\u00e1ra: l\u00e1tja, mik azok a szempontok, amelyekre fokozottan oda kell figyelni, hogy egy sz\u00e1ll\u00edtm\u00e1ny biztons\u00e1gban c\u00e9lba \u00e9rjen, \u00e9s a megrendel\u0151 olyan el\u00e9gedett legyen, hogy legk\u00f6zelebb is k\u00e9rd\u00e9s n\u00e9lk\u00fcl \u00f6n\u00f6ket v\u00e1lassza. Azonban olyan megold\u00e1sokkal is szembes\u00fclhetett a c\u00e9gn\u00e9l, amelyeket \u00f6n szerint tov\u00e1bb lehetne fejleszteni annak \u00e9rdek\u00e9ben, hogy a v\u00e1llalkoz\u00e1s m\u00e9g t\u00f6bb \u00fcgyfelet szerezhessen.<\/p>\n<h3>Nemcsak a szakm\u00e1j\u00e1ban, vezet\u0151k\u00e9nt is profinak kell lennie<\/h3>\n<p>Mindezen ismeretek birtok\u00e1ban biztosan megfordult m\u00e1r a fej\u00e9ben, hogy egy saj\u00e1t v\u00e1llalkoz\u00e1st alap\u00edtson, ahol kamatoztathatja tapasztalatait, \u00e9s c\u00e9gvezet\u0151k\u00e9nt hivat\u00e1s\u00e1b\u00f3l m\u00e9g t\u00f6bb bev\u00e9telre tehet szert. Ha a j\u00f6v\u0151j\u00e9t \u00e1rufuvaroz\u00f3 v\u00e1llalkoz\u00f3k\u00e9nt k\u00e9pzeli el, nem el\u00e9g, ha a szakm\u00e1j\u00e1ban profi: vezet\u0151k\u00e9nt is annak kell lennie. Ez\u00e9rt \u00e9rdemes r\u00e9szt vennie egy v\u00e1llalkoz\u00f3i tanfolyamon. A szakmai vezet\u0151 k\u00e9pz\u00e9sen megtanulhatja, hogyan \u00e9rjen el sikert fuvaros v\u00e1llalkoz\u00f3k\u00e9nt: elsaj\u00e1t\u00edthatja a k\u00f6zleked\u00e9si ter\u00fclettel kapcsolatos \u00f6sszes sz\u00fcks\u00e9ges gazdas\u00e1gi \u00e9s jogi ismeretet, ami ahhoz kell, hogy c\u00e9ge j\u00f6vedelmez\u0151en \u00e9s szab\u00e1lyszer\u0171en m\u0171k\u00f6dhessen.<\/p>\n<div id=\"attachment_123\" style=\"width: 449px\" class=\"wp-caption aligncenter\"><img loading=\"lazy\" decoding=\"async\" aria-describedby=\"caption-attachment-123\" class=\"wp-image-123 size-full\" src=\"https:\/\/www.transzportstudium.hu\/blog\/wp-content\/uploads\/2014\/08\/Truck-convoy-istockphoto1.jpg\" alt=\"\u00c1rufuvaroz\u00f3 v\u00e1llalkoz\u00f3 - GKI tanfolyam\" width=\"439\" height=\"273\" srcset=\"https:\/\/www.transzportstudium.hu\/blog\/wp-content\/uploads\/2014\/08\/Truck-convoy-istockphoto1.jpg 439w, https:\/\/www.transzportstudium.hu\/blog\/wp-content\/uploads\/2014\/08\/Truck-convoy-istockphoto1-300x186.jpg 300w\" sizes=\"auto, (max-width: 439px) 100vw, 439px\" \/><p id=\"caption-attachment-123\" class=\"wp-caption-text\">\u00c1rufuvaroz\u00f3 v\u00e1llalkoz\u00f3 &#8211; GKI tanfolyam<\/p><\/div>\n<h3>El\u0151zze meg az ak\u00e1r t\u00f6bbmilli\u00f3s b\u00edrs\u00e1gokat!<\/h3>\n<p>Hiszen hi\u00e1ba v\u00e9gzi t\u00f6k\u00e9letesen a munk\u00e1j\u00e1t, \u00e9s tesz teszt komoly bev\u00e9telre, ha c\u00e9ge forr\u00e1sait ak\u00e1r t\u00f6bbmilli\u00f3s b\u00edrs\u00e1gok em\u00e9sztik fel, amelyekkel az\u00e9rt kell szembes\u00fclnie, mert nem volt tiszt\u00e1ban az aktu\u00e1lis jogszab\u00e1lyokkal, illetve azok helyes alkalmaz\u00e1s\u00e1val. Ak\u00e1r vesz\u00e9lyes \u00e1ru k\u00fcldem\u00e9nydarabos vagy tart\u00e1lyos sz\u00e1ll\u00edt\u00e1s\u00e1val, illetve mez\u0151gazdas\u00e1gi vegyszer vagy \u00fczemanyag, valamint undort kelt\u0151 anyag sz\u00e1ll\u00edt\u00e1s\u00e1val foglalkozik, \u00e9s \u201ef\u0151n\u00f6kk\u00e9pz\u0151 tanfolyamot\u201d keres, \u00e9rdemes elv\u00e9geznie <a title=\"V\u00e1llalkoz\u00f3i tanfolyamok\" href=\"http:\/\/www.transzportstudium.hu\/tanfolyamok\/2_vallalkozoi-szaktanfolyamok\">v\u00e1llalkoz\u00f3 k\u00e9pz\u00e9s\u00fcnket<\/a>. <a title=\"Jelentkez\u00e9s\" href=\"http:\/\/www.transzportstudium.hu\/jelentkezes\">Jelentkezzen most<\/a>, \u00e9s hamarosan a maga ura lehet!<\/p>\n<p>&nbsp;<\/p>\n<!-- Begin Yuzo --><div class='yuzo_related_post style-2'  data-version='5.12.88'><!-- without result --><div class='yuzo_clearfixed yuzo__title yuzo__title'><h3>Hasonl\u00f3 cikkek<\/h3><\/div>\n\t\t\t\t\t\t<div class=\"relatedthumb yuzo-list  \" style=\"\"  >  \n\t\t\t\t\t\t  <a  href=\"https:\/\/www.transzportstudium.hu\/blog\/2014\/07\/26\/a-biztonsagi-tanacsado-feladatai\/\" class=\"image-list\"  >\n\t\t\t\t\t\t  <div class=\"yuzo-img-wrap  ilen_shine \" style=\"width: 100px;height:65px;\">\n\t\t\t\t\t\t\t\t\t <span class='shine-effect'><\/span> \n\t\t\t\t\t\t\t\t\t <div class=\"yuzo-img\" style=\"background:url('https:\/\/www.transzportstudium.hu\/blog\/wp-content\/uploads\/2015\/06\/slide04-small-150x150.jpg') 50% 50% no-repeat;width: 105px;height:65px;margin-bottom: 5px;background-size:  cover;  \"><\/div>\n\t\t\t\t\t\t  <\/div>\n\t\t\t\t\t\t  <\/a>\n\t\t\t\t\t\t  <a  class=\"link-list yuzo__text--title\" href=\"https:\/\/www.transzportstudium.hu\/blog\/2014\/07\/26\/a-biztonsagi-tanacsado-feladatai\/\" style=\"font-size:14px;;line-height:22px;\"> A biztons\u00e1gi tan\u00e1csad\u00f3 feladatai  <\/a>\n\t\t\t\t\t\t\t\t<span class=\"yuzo_text\" style=\"font-size:10px;\" >Az ADR 1.8.3 el\u0151\u00edr\u00e1sai, illetve a 25\/2014 (IV.30.) NFM rendelet szerint a vesz\u00e9lyes \u00e1ruk k\u00f6z\u00fati, vas\u00fati vagy belv\u00edzi, tart\u00e1nyos vagy nemtart\u00e1nyos, \u00f6ml...<\/span>\n\t\t\t\t\t\t   \n\t\t\t\t\t\t<\/div>\n\t\t\t\t\t\t<div class=\"relatedthumb yuzo-list  \" style=\"\"  >  \n\t\t\t\t\t\t  <a  href=\"https:\/\/www.transzportstudium.hu\/blog\/2018\/03\/29\/taxis-tanfolyam-mindenkinek\/\" class=\"image-list\"  >\n\t\t\t\t\t\t  <div class=\"yuzo-img-wrap  ilen_shine \" style=\"width: 100px;height:65px;\">\n\t\t\t\t\t\t\t\t\t <span class='shine-effect'><\/span> \n\t\t\t\t\t\t\t\t\t <div class=\"yuzo-img\" style=\"background:url('https:\/\/www.transzportstudium.hu\/blog\/wp-content\/uploads\/2018\/05\/Transport_13-150x150.jpg') 50% 50% no-repeat;width: 105px;height:65px;margin-bottom: 5px;background-size:  cover;  \"><\/div>\n\t\t\t\t\t\t  <\/div>\n\t\t\t\t\t\t  <\/a>\n\t\t\t\t\t\t  <a  class=\"link-list yuzo__text--title\" href=\"https:\/\/www.transzportstudium.hu\/blog\/2018\/03\/29\/taxis-tanfolyam-mindenkinek\/\" style=\"font-size:14px;;line-height:22px;\"> Taxis tanfolyam mindenkinek  <\/a>\n\t\t\t\t\t\t\t\t<span class=\"yuzo_text\" style=\"font-size:10px;\" >Kinek aj\u00e1nljuk a taxis tanfolyamot? Mindenkinek, aki tud vezetni, pontosabban sz\u00f3lva azoknak, akik rendelkeznek minimum 2 \u00e9ve \u00e9rv\u00e9nyes \"B\" kateg\u00f3ri\u00e1s ...<\/span>\n\t\t\t\t\t\t   \n\t\t\t\t\t\t<\/div>\n\t\t\t\t\t\t<div class=\"relatedthumb yuzo-list  \" style=\"\"  >  \n\t\t\t\t\t\t  <a  href=\"https:\/\/www.transzportstudium.hu\/blog\/2014\/12\/04\/a-veszelyes-aruk-csomagolasa\/\" class=\"image-list\"  >\n\t\t\t\t\t\t  <div class=\"yuzo-img-wrap  ilen_shine \" style=\"width: 100px;height:65px;\">\n\t\t\t\t\t\t\t\t\t <span class='shine-effect'><\/span> \n\t\t\t\t\t\t\t\t\t <div class=\"yuzo-img\" style=\"background:url('https:\/\/www.transzportstudium.hu\/blog\/wp-content\/uploads\/2014\/12\/canstockphoto1828951_800-150x150.jpg') 50% 50% no-repeat;width: 105px;height:65px;margin-bottom: 5px;background-size:  cover;  \"><\/div>\n\t\t\t\t\t\t  <\/div>\n\t\t\t\t\t\t  <\/a>\n\t\t\t\t\t\t  <a  class=\"link-list yuzo__text--title\" href=\"https:\/\/www.transzportstudium.hu\/blog\/2014\/12\/04\/a-veszelyes-aruk-csomagolasa\/\" style=\"font-size:14px;;line-height:22px;\"> A vesz\u00e9lyes \u00e1ruk csomagol\u00e1sa  <\/a>\n\t\t\t\t\t\t\t\t<span class=\"yuzo_text\" style=\"font-size:10px;\" >Az ADR el\u0151\u00edr\u00e1sai szerint a vesz\u00e9lyes \u00e1rukat t\u00f6bbf\u00e9le csomagol\u00e1sban sz\u00e1ll\u00edthatjuk. A hagyom\u00e1nyos v\u00e1ltozatok k\u00f6z\u00e9 tartozik az egyszer\u0171 csomagol\u00e1s, mint ...<\/span>\n\t\t\t\t\t\t   \n\t\t\t\t\t\t<\/div>\n\t\t\t\t\t\t<div class=\"relatedthumb yuzo-list  \" style=\"\"  >  \n\t\t\t\t\t\t  <a  href=\"https:\/\/www.transzportstudium.hu\/blog\/2015\/02\/12\/ha-az-uj-vallalkozasunk-valasztott-tevekenysegehez-engedely-kell\/\" class=\"image-list\"  >\n\t\t\t\t\t\t  <div class=\"yuzo-img-wrap  ilen_shine \" style=\"width: 100px;height:65px;\">\n\t\t\t\t\t\t\t\t\t <span class='shine-effect'><\/span> \n\t\t\t\t\t\t\t\t\t <div class=\"yuzo-img\" style=\"background:url('https:\/\/www.transzportstudium.hu\/blog\/wp-content\/uploads\/2014\/08\/trucker_schools-150x150.jpg') 50% 50% no-repeat;width: 105px;height:65px;margin-bottom: 5px;background-size:  cover;  \"><\/div>\n\t\t\t\t\t\t  <\/div>\n\t\t\t\t\t\t  <\/a>\n\t\t\t\t\t\t  <a  class=\"link-list yuzo__text--title\" href=\"https:\/\/www.transzportstudium.hu\/blog\/2015\/02\/12\/ha-az-uj-vallalkozasunk-valasztott-tevekenysegehez-engedely-kell\/\" style=\"font-size:14px;;line-height:22px;\"> Ha az \u00faj v\u00e1llalkoz\u00e1sunk v\u00e1lasztott tev\u00e9kenys\u00e9g\u00e9hez...  <\/a>\n\t\t\t\t\t\t\t\t<span class=\"yuzo_text\" style=\"font-size:10px;\" >\u00c1ltal\u00e1ban miel\u0151tt v\u00e1llalkoz\u00e1st alap\u00edtunk, m\u00e1r j\u00f3el\u0151re kiv\u00e1lasztottuk annak tev\u00e9kenys\u00e9g\u00e9t. Sz\u00e1mos olyan tev\u00e9kenys\u00e9gi k\u00f6r l\u00e9tezik, amelyhez, ha v\u00e1llalko...<\/span>\n\t\t\t\t\t\t   \n\t\t\t\t\t\t<\/div>\n<\/div>  <!-- End Yuzo :) -->","protected":false},"excerpt":{"rendered":"<p>Ha m\u00e1r \u00e9vek vagy ak\u00e1r \u00e9vtizedek \u00f3ta foglalkozik \u00e1rufuvaroz\u00e1ssal, m\u00e1ra j\u00f3 r\u00e1l\u00e1t\u00e1ssal b\u00edr a szakm\u00e1ra: l\u00e1tja, mik azok a szempontok, amelyekre fokozottan oda kell figyelni, hogy egy sz\u00e1ll\u00edtm\u00e1ny biztons\u00e1gban c\u00e9lba \u00e9rjen, \u00e9s a megrendel\u0151&#46;&#46;&#46;<\/p>\n","protected":false},"author":3,"featured_media":123,"comment_status":"open","ping_status":"open","sticky":false,"template":"","format":"standard","meta":{"footnotes":""},"categories":[4],"tags":[47,45,49],"class_list":["post-66","post","type-post","status-publish","format-standard","has-post-thumbnail","hentry","category-vallalkozoi-vilag","tag-arufuvarozo-vallalkozo","tag-vallalkozoi-kepzes","tag-vallalkozoi-tanfolyam"],"aioseo_notices":[],"_links":{"self":[{"href":"https:\/\/www.transzportstudium.hu\/blog\/wp-json\/wp\/v2\/posts\/66","targetHints":{"allow":["GET"]}}],"collection":[{"href":"https:\/\/www.transzportstudium.hu\/blog\/wp-json\/wp\/v2\/posts"}],"about":[{"href":"https:\/\/www.transzportstudium.hu\/blog\/wp-json\/wp\/v2\/types\/post"}],"author":[{"embeddable":true,"href":"https:\/\/www.transzportstudium.hu\/blog\/wp-json\/wp\/v2\/users\/3"}],"replies":[{"embeddable":true,"href":"https:\/\/www.transzportstudium.hu\/blog\/wp-json\/wp\/v2\/comments?post=66"}],"version-history":[{"count":5,"href":"https:\/\/www.transzportstudium.hu\/blog\/wp-json\/wp\/v2\/posts\/66\/revisions"}],"predecessor-version":[{"id":319,"href":"https:\/\/www.transzportstudium.hu\/blog\/wp-json\/wp\/v2\/posts\/66\/revisions\/319"}],"wp:featuredmedia":[{"embeddable":true,"href":"https:\/\/www.transzportstudium.hu\/blog\/wp-json\/wp\/v2\/media\/123"}],"wp:attachment":[{"href":"https:\/\/www.transzportstudium.hu\/blog\/wp-json\/wp\/v2\/media?parent=66"}],"wp:term":[{"taxonomy":"category","embeddable":true,"href":"https:\/\/www.transzportstudium.hu\/blog\/wp-json\/wp\/v2\/categories?post=66"},{"taxonomy":"post_tag","embeddable":true,"href":"https:\/\/www.transzportstudium.hu\/blog\/wp-json\/wp\/v2\/tags?post=66"}],"curies":[{"name":"wp","href":"https:\/\/api.w.org\/{rel}","templated":true}]}}