{"id":658,"date":"2015-06-23T08:43:11","date_gmt":"2015-06-23T07:43:11","guid":{"rendered":"https:\/\/www.transzportstudium.hu\/blog\/?p=658"},"modified":"2015-06-23T13:31:22","modified_gmt":"2015-06-23T12:31:22","slug":"veszelyes-aru-szallitasi-biztonsagi-tanacsado-nagy-felelosseg-komoly-munkakor","status":"publish","type":"post","link":"https:\/\/www.transzportstudium.hu\/blog\/2015\/06\/23\/veszelyes-aru-szallitasi-biztonsagi-tanacsado-nagy-felelosseg-komoly-munkakor\/","title":{"rendered":"Vesz\u00e9lyes \u00e1ru sz\u00e1ll\u00edt\u00e1si biztons\u00e1gi tan\u00e1csad\u00f3: nagy felel\u0151ss\u00e9g, komoly munkak\u00f6r"},"content":{"rendered":"<h3>A vesz\u00e9lyes \u00e1ru sz\u00e1ll\u00edt\u00e1si biztons\u00e1gi tan\u00e1csad\u00f3k megb\u00edz\u00e1s\u00e1val kapcsolatos jogszab\u00e1lyi el\u0151\u00edr\u00e1sok<\/h3>\n<p>Kor\u00e1bban m\u00e1r <a title=\"Az ADR tan\u00e1csad\u00f3 szerepe a v\u00e1llalat \u00e9let\u00e9ben\" href=\"https:\/\/www.transzportstudium.hu\/blog\/2015\/05\/28\/az-adr-tanacsado-szerepe-a-vallalat-eleteben\/\">\u00edrtunk<\/a> arr\u00f3l, hogy minden, vesz\u00e9lyes \u00e1ruk sz\u00e1ll\u00edt\u00e1s\u00e1val foglalkoz\u00f3 v\u00e1llalkoz\u00e1snak k\u00f6telez\u0151 <a title=\"ADR Vesz\u00e9lyes \u00e1ru sz\u00e1ll\u00edt\u00e1si biztons\u00e1gi tan\u00e1csad\u00f3\" href=\"https:\/\/www.transzportstudium.hu\/tanfolyamok\/adr-tanfolyamok\/34_adr-veszelyes-aru-szallitasi-biztonsagi-tanacsado\">vesz\u00e9lyes \u00e1ru sz\u00e1ll\u00edt\u00e1si biztons\u00e1gi tan\u00e1csad\u00f3t<\/a>, r\u00f6viden ADR tan\u00e1csad\u00f3t alkalmazni. Ez t\u00f6rv\u00e9nyi el\u0151\u00edr\u00e1s, azonban a t\u00f6rv\u00e9ny szigor\u00fa szab\u00e1lyoz\u00e1sa nem csak erre t\u00e9r ki. Arr\u00f3l is rendelkezik, hogy a tan\u00e1csad\u00f3(ka)t \u00edr\u00e1sban kell kinevezni (kiv\u00e9ve, ha ezt a feladatot a v\u00e1llalkoz\u00e1s vezet\u0151 tiszts\u00e9gvisel\u0151je l\u00e1tja el), amely dokumentumban meg kell jel\u00f6lni a munkakezd\u00e9s\u00e9nek pontos id\u0151pontj\u00e1t is. A kinevez\u00e9si dokumentumnak t\u00f6bb szem\u00e9ly kinevez\u00e9se eset\u00e9n tartalmaznia kell a feladatok megoszt\u00e1s\u00e1t, a felel\u0151ss\u00e9gi k\u00f6r\u00f6ket is.<\/p>\n<div id=\"attachment_688\" style=\"width: 610px\" class=\"wp-caption aligncenter\"><img loading=\"lazy\" decoding=\"async\" aria-describedby=\"caption-attachment-688\" class=\"wp-image-688\" src=\"https:\/\/www.transzportstudium.hu\/blog\/wp-content\/uploads\/2015\/06\/slide04-small.jpg\" alt=\"ADR Vesz\u00e9lyes \u00e1ru sz\u00e1ll\u00edt\u00e1si biztons\u00e1gi tan\u00e1csad\u00f3 tanfolyam\" width=\"600\" height=\"225\" srcset=\"https:\/\/www.transzportstudium.hu\/blog\/wp-content\/uploads\/2015\/06\/slide04-small.jpg 960w, https:\/\/www.transzportstudium.hu\/blog\/wp-content\/uploads\/2015\/06\/slide04-small-300x112.jpg 300w\" sizes=\"auto, (max-width: 600px) 100vw, 600px\" \/><p id=\"caption-attachment-688\" class=\"wp-caption-text\">ADR Vesz\u00e9lyes \u00e1ru sz\u00e1ll\u00edt\u00e1si biztons\u00e1gi tan\u00e1csad\u00f3 tanfolyam<\/p><\/div>\n<p>A kinevezett tan\u00e1csad\u00f3k szem\u00e9ly\u00e9t a k\u00f6zleked\u00e9si hat\u00f3s\u00e1g\u00e1n\u00e1l is be kell jelenteni. Ha az ADR tan\u00e1csad\u00f3(k) munka- vagy felel\u0151ss\u00e9gi k\u00f6r\u00e9ben, szem\u00e9ly\u00e9ben v\u00e1ltoz\u00e1s \u00e1ll be, azt a v\u00e1ltoz\u00e1st\u00f3l sz\u00e1m\u00edtott 15 napon bel\u00fcl szint\u00e9n be kell jelenteni, \u00e9s a bejelent\u00e9shez csatolni kell az \u00e9rintett szakemberek elfogad\u00f3 nyilatkozatait is. A v\u00e1ltoz\u00e1sokr\u00f3l nem csak a hat\u00f3s\u00e1got kell \u00e9rtes\u00edteni, hanem a v\u00e1llalkoz\u00e1s dolgoz\u00f3it \u00e9s \u00fczleti partnereit is.<\/p>\n<p>Ha a <a title=\"ADR Vesz\u00e9lyes \u00e1ru sz\u00e1ll\u00edt\u00e1si biztons\u00e1gi tan\u00e1csad\u00f3\" href=\"https:\/\/www.transzportstudium.hu\/tanfolyamok\/adr-tanfolyamok\/34_adr-veszelyes-aru-szallitasi-biztonsagi-tanacsado\">vesz\u00e9lyes \u00e1ru sz\u00e1ll\u00edt\u00e1si biztons\u00e1gi tan\u00e1csad\u00f3<\/a> megb\u00edzat\u00e1sa megsz\u0171nik, azt szint\u00e9n 15 napon bel\u00fcl be kell jelenteni, \u00e9s ez az esem\u00e9ny term\u00e9szetesen nem jelenti azt, hogy a v\u00e1llalkoz\u00e1s felel\u0151ss\u00e9ge v\u00e1ltozna vagy megsz\u0171nne a vesz\u00e9lyes \u00e1ruk kezel\u00e9s\u00e9t illet\u0151en.<\/p>\n<h3>Mire fel ez a szigor\u00fas\u00e1g?<\/h3>\n<p>A k\u00fcl\u00f6nb\u00f6z\u0151 nemzetek orsz\u00e1g\u00fatjain egyre t\u00f6bb vesz\u00e9lyes anyag van \u00faton, becsl\u00e9sek szerint napjainkra a fuvarok 15%-a ilyen term\u00e9szet\u0171 \u00e1rukat sz\u00e1ll\u00edt. Ezek az anyagok egyre vesz\u00e9lyesebbek, egyre nagyobb puszt\u00edt\u00e1sra k\u00e9pesek, ha valamilyen m\u00f3don kiker\u00fclnek a term\u00e9szetbe, vagy valamilyen baleset folyt\u00e1n \u00e9rintkez\u00e9sbe l\u00e9pnek m\u00e1s anyagokkal.<\/p>\n<p>Az ADR hat\u00e1lya al\u00e1 tartoz\u00f3 anyagok sz\u00e1ll\u00edt\u00e1sa \u00f3ri\u00e1si felel\u0151ss\u00e9g \u00e9s nagyon kimunk\u00e1lt szaktud\u00e1st ig\u00e9nyel. Akar \u00d6n\u00a0is ilyen megbecs\u00fclt \u00e9s n\u00e9lk\u00fcl\u00f6zhetetlen munkak\u00f6rben dolgozni? <a title=\"Jelentkez\u00e9s - ADR tanfolyamok\" href=\"https:\/\/www.transzportstudium.hu\/jelentkezesi-lap\/3_adr-tanfolyamok\">Jelentkezzen<\/a>\u00a0a Transzport Studium <a title=\"ADR Vesz\u00e9lyes \u00e1ru sz\u00e1ll\u00edt\u00e1si biztons\u00e1gi tan\u00e1csad\u00f3\" href=\"https:\/\/www.transzportstudium.hu\/tanfolyamok\/adr-tanfolyamok\/34_adr-veszelyes-aru-szallitasi-biztonsagi-tanacsado\">ADR biztons\u00e1gi tan\u00e1csad\u00f3 tanfolyam\u00e1ra<\/a>, \u00e9s ha \u00d6n el\u00e9g prec\u00edz, felel\u0151ss\u00e9gteljes \u00e9s \u00e9rdekl\u0151d\u0151 ember, sikeres karriert \u00e9p\u00edthet a vesz\u00e9lyes \u00e1ruk sz\u00e1ll\u00edt\u00e1s\u00e1nak ter\u00fclet\u00e9n!<\/p>\n<!-- Begin Yuzo --><div class='yuzo_related_post style-2'  data-version='5.12.88'><!-- without result --><div class='yuzo_clearfixed yuzo__title yuzo__title'><h3>Hasonl\u00f3 cikkek<\/h3><\/div>\n\t\t\t\t\t\t<div class=\"relatedthumb yuzo-list  \" style=\"\"  >  \n\t\t\t\t\t\t  <a  href=\"https:\/\/www.transzportstudium.hu\/blog\/2018\/08\/02\/mozgasban-vagyunk\/\" class=\"image-list\"  >\n\t\t\t\t\t\t  <div class=\"yuzo-img-wrap  ilen_shine \" style=\"width: 100px;height:65px;\">\n\t\t\t\t\t\t\t\t\t <span class='shine-effect'><\/span> \n\t\t\t\t\t\t\t\t\t <div class=\"yuzo-img\" style=\"background:url('https:\/\/www.transzportstudium.hu\/blog\/wp-content\/uploads\/2018\/09\/Transport_50-g\u00e9p-150x150.jpg') 50% 50% no-repeat;width: 105px;height:65px;margin-bottom: 5px;background-size:  cover;  \"><\/div>\n\t\t\t\t\t\t  <\/div>\n\t\t\t\t\t\t  <\/a>\n\t\t\t\t\t\t  <a  class=\"link-list yuzo__text--title\" href=\"https:\/\/www.transzportstudium.hu\/blog\/2018\/08\/02\/mozgasban-vagyunk\/\" style=\"font-size:14px;;line-height:22px;\"> Mozg\u00e1sban vagyunk  <\/a>\n\t\t\t\t\t\t\t\t<span class=\"yuzo_text\" style=\"font-size:10px;\" >A g\u00e9pkezel\u0151i munkav\u00e9gz\u00e9shez sz\u00e1mos esetben nem elegend\u0151 az OKJ-s bizony\u00edtv\u00e1ny, hanem g\u00e9pkezel\u0151 jogos\u00edtv\u00e1ny is sz\u00fcks\u00e9ges a munka v\u00e9gz\u00e9s\u00e9hez. Jogosan ve...<\/span>\n\t\t\t\t\t\t   \n\t\t\t\t\t\t<\/div>\n\t\t\t\t\t\t<div class=\"relatedthumb yuzo-list  \" style=\"\"  >  \n\t\t\t\t\t\t  <a  href=\"https:\/\/www.transzportstudium.hu\/blog\/2015\/04\/14\/arufuvarozo-vallalkozo-tanfolyam\/\" class=\"image-list\"  >\n\t\t\t\t\t\t  <div class=\"yuzo-img-wrap  ilen_shine \" style=\"width: 100px;height:65px;\">\n\t\t\t\t\t\t\t\t\t <span class='shine-effect'><\/span> \n\t\t\t\t\t\t\t\t\t <div class=\"yuzo-img\" style=\"background:url('https:\/\/www.transzportstudium.hu\/blog\/wp-content\/uploads\/2015\/04\/truck-rrental-eu-150x150.jpg') 50% 50% no-repeat;width: 105px;height:65px;margin-bottom: 5px;background-size:  cover;  \"><\/div>\n\t\t\t\t\t\t  <\/div>\n\t\t\t\t\t\t  <\/a>\n\t\t\t\t\t\t  <a  class=\"link-list yuzo__text--title\" href=\"https:\/\/www.transzportstudium.hu\/blog\/2015\/04\/14\/arufuvarozo-vallalkozo-tanfolyam\/\" style=\"font-size:14px;;line-height:22px;\"> \u00c1rufuvaroz\u00f3 v\u00e1llalkoz\u00f3 tanfolyam  <\/a>\n\t\t\t\t\t\t\t\t<span class=\"yuzo_text\" style=\"font-size:10px;\" >V\u00e1rosiasod\u00f3 \u00e9s globaliz\u00e1l\u00f3d\u00f3 vil\u00e1gunkban \u00f3ri\u00e1si szerepe van az \u00e1rusz\u00e1ll\u00edt\u00e1snak. A lakoss\u00e1g \u00e9lelmiszerekkel \u00e9s fogyaszt\u00e1si cikkekkel val\u00f3 ell\u00e1t\u00e1sa, \u00f3ri...<\/span>\n\t\t\t\t\t\t   \n\t\t\t\t\t\t<\/div>\n\t\t\t\t\t\t<div class=\"relatedthumb yuzo-list  \" style=\"\"  >  \n\t\t\t\t\t\t  <a  href=\"https:\/\/www.transzportstudium.hu\/blog\/2020\/02\/04\/tanulas-es-odafigyeles-a-targonca-vizsgarol\/\" class=\"image-list\"  >\n\t\t\t\t\t\t  <div class=\"yuzo-img-wrap  ilen_shine \" style=\"width: 100px;height:65px;\">\n\t\t\t\t\t\t\t\t\t <span class='shine-effect'><\/span> \n\t\t\t\t\t\t\t\t\t <div class=\"yuzo-img\" style=\"background:url('https:\/\/www.transzportstudium.hu\/blog\/wp-content\/uploads\/2020\/02\/maxresdefault-150x150.jpg') 50% 50% no-repeat;width: 105px;height:65px;margin-bottom: 5px;background-size:  cover;  \"><\/div>\n\t\t\t\t\t\t  <\/div>\n\t\t\t\t\t\t  <\/a>\n\t\t\t\t\t\t  <a  class=\"link-list yuzo__text--title\" href=\"https:\/\/www.transzportstudium.hu\/blog\/2020\/02\/04\/tanulas-es-odafigyeles-a-targonca-vizsgarol\/\" style=\"font-size:14px;;line-height:22px;\"> Tanul\u00e1s \u00e9s odafigyel\u00e9s \u2013 a targonca vizsg\u00e1r\u00f3...  <\/a>\n\t\t\t\t\t\t\t\t<span class=\"yuzo_text\" style=\"font-size:10px;\" >Targonca vizsg\u00e1t egy, kett\u0151 vagy ak\u00e1r h\u00e1rom g\u00e9pcsoportra is le lehet tenni, ezek a vezet\u0151\u00fcl\u00e9ses targonca, a vezet\u0151\u00e1ll\u00e1sos targonca \u00e9s a gyalogk\u00eds\u00e9ret\u0171...<\/span>\n\t\t\t\t\t\t   \n\t\t\t\t\t\t<\/div>\n\t\t\t\t\t\t<div class=\"relatedthumb yuzo-list  \" style=\"\"  >  \n\t\t\t\t\t\t  <a  href=\"https:\/\/www.transzportstudium.hu\/blog\/2019\/01\/10\/lenduletben-a-piac\/\" class=\"image-list\"  >\n\t\t\t\t\t\t  <div class=\"yuzo-img-wrap  ilen_shine \" style=\"width: 100px;height:65px;\">\n\t\t\t\t\t\t\t\t\t <span class='shine-effect'><\/span> \n\t\t\t\t\t\t\t\t\t <div class=\"yuzo-img\" style=\"background:url('https:\/\/www.transzportstudium.hu\/blog\/wp-content\/uploads\/2018\/12\/ce-20-ton-top-running-electric-double-girder13465895059-150x150.jpg') 50% 50% no-repeat;width: 105px;height:65px;margin-bottom: 5px;background-size:  cover;  \"><\/div>\n\t\t\t\t\t\t  <\/div>\n\t\t\t\t\t\t  <\/a>\n\t\t\t\t\t\t  <a  class=\"link-list yuzo__text--title\" href=\"https:\/\/www.transzportstudium.hu\/blog\/2019\/01\/10\/lenduletben-a-piac\/\" style=\"font-size:14px;;line-height:22px;\"> Lend\u00fcletben a piac  <\/a>\n\t\t\t\t\t\t\t\t<span class=\"yuzo_text\" style=\"font-size:10px;\" >Sok \u00e9v regresszi\u00f3 ut\u00e1n jelenleg hatalmas lend\u00fcletben van az \u00e9p\u00edt\u0151ipar \u00e9s nem csak a lakoss\u00e1gi, de az ipari szegmens is. Szakemberek szerint ez m\u00e9g p\u00e1r...<\/span>\n\t\t\t\t\t\t   \n\t\t\t\t\t\t<\/div>\n<\/div>  <!-- End Yuzo :) -->","protected":false},"excerpt":{"rendered":"<p>A vesz\u00e9lyes \u00e1ru sz\u00e1ll\u00edt\u00e1si biztons\u00e1gi tan\u00e1csad\u00f3k megb\u00edz\u00e1s\u00e1val kapcsolatos jogszab\u00e1lyi el\u0151\u00edr\u00e1sok Kor\u00e1bban m\u00e1r \u00edrtunk arr\u00f3l, hogy minden, vesz\u00e9lyes \u00e1ruk sz\u00e1ll\u00edt\u00e1s\u00e1val foglalkoz\u00f3 v\u00e1llalkoz\u00e1snak k\u00f6telez\u0151 vesz\u00e9lyes \u00e1ru sz\u00e1ll\u00edt\u00e1si biztons\u00e1gi tan\u00e1csad\u00f3t, r\u00f6viden ADR tan\u00e1csad\u00f3t alkalmazni. Ez t\u00f6rv\u00e9nyi el\u0151\u00edr\u00e1s,&#46;&#46;&#46;<\/p>\n","protected":false},"author":3,"featured_media":688,"comment_status":"open","ping_status":"open","sticky":false,"template":"","format":"standard","meta":{"footnotes":""},"categories":[2],"tags":[224,175,174,71,72,23,104],"class_list":["post-658","post","type-post","status-publish","format-standard","has-post-thumbnail","hentry","category-adr","tag-adr","tag-adr-biztonsagi-tanacsado","tag-adr-kepzes","tag-adr-tanfolyam","tag-adr-vizsga","tag-biztonsagi-tanacsado","tag-veszelyes-aru-szallitas"],"aioseo_notices":[],"_links":{"self":[{"href":"https:\/\/www.transzportstudium.hu\/blog\/wp-json\/wp\/v2\/posts\/658","targetHints":{"allow":["GET"]}}],"collection":[{"href":"https:\/\/www.transzportstudium.hu\/blog\/wp-json\/wp\/v2\/posts"}],"about":[{"href":"https:\/\/www.transzportstudium.hu\/blog\/wp-json\/wp\/v2\/types\/post"}],"author":[{"embeddable":true,"href":"https:\/\/www.transzportstudium.hu\/blog\/wp-json\/wp\/v2\/users\/3"}],"replies":[{"embeddable":true,"href":"https:\/\/www.transzportstudium.hu\/blog\/wp-json\/wp\/v2\/comments?post=658"}],"version-history":[{"count":3,"href":"https:\/\/www.transzportstudium.hu\/blog\/wp-json\/wp\/v2\/posts\/658\/revisions"}],"predecessor-version":[{"id":689,"href":"https:\/\/www.transzportstudium.hu\/blog\/wp-json\/wp\/v2\/posts\/658\/revisions\/689"}],"wp:featuredmedia":[{"embeddable":true,"href":"https:\/\/www.transzportstudium.hu\/blog\/wp-json\/wp\/v2\/media\/688"}],"wp:attachment":[{"href":"https:\/\/www.transzportstudium.hu\/blog\/wp-json\/wp\/v2\/media?parent=658"}],"wp:term":[{"taxonomy":"category","embeddable":true,"href":"https:\/\/www.transzportstudium.hu\/blog\/wp-json\/wp\/v2\/categories?post=658"},{"taxonomy":"post_tag","embeddable":true,"href":"https:\/\/www.transzportstudium.hu\/blog\/wp-json\/wp\/v2\/tags?post=658"}],"curies":[{"name":"wp","href":"https:\/\/api.w.org\/{rel}","templated":true}]}}