{"id":623,"date":"2015-05-21T12:15:33","date_gmt":"2015-05-21T11:15:33","guid":{"rendered":"https:\/\/www.transzportstudium.hu\/blog\/?p=623"},"modified":"2015-05-21T15:52:45","modified_gmt":"2015-05-21T14:52:45","slug":"kulcs-a-nagyvilaghoz","status":"publish","type":"post","link":"https:\/\/www.transzportstudium.hu\/blog\/2015\/05\/21\/kulcs-a-nagyvilaghoz\/","title":{"rendered":"Kulcs a nagyvil\u00e1ghoz"},"content":{"rendered":"<p>Sokat hallhatunk-olvashatunk arr\u00f3l, hogy milyen temp\u00f3ban globaliz\u00e1l\u00f3dik a vil\u00e1gunk. A utaz\u00e1si \u00e9s sz\u00e1ll\u00edt\u00e1si m\u00f3dok fejl\u0151d\u00e9s\u00e9vel nem csak a mag\u00e1nemberek juthatnak el t\u00e1voli t\u00e1jakra, hanem szinte b\u00e1rhonnan b\u00e1rhov\u00e1 elker\u00fclhetnek term\u00e9nyek \u00e9s \u00e1rucikkek is. Ez manaps\u00e1g nem megy csodasz\u00e1mba, s\u0151t a v\u00e1s\u00e1rl\u00f3k\u00f6z\u00f6ns\u00e9g nyitotts\u00e1g\u00e1nak n\u00f6veked\u00e9s\u00e9vel p\u00e1rhuzamosan gyakorlatilag ig\u00e9nny\u00e9 krist\u00e1lyosodott. Az egzotikus te\u00e1k, term\u00e9nyek, gy\u00f3gyhat\u00e1s\u00fa t\u00e1pl\u00e1l\u00e9k-kieg\u00e9sz\u00edt\u0151k, s\u0151t a messzi orsz\u00e1gok olcs\u00f3 munkaereje \u00e1ltal megtermelt m\u0171szaki \u00e9s ruh\u00e1zati cikkek is k\u00f6zkedvelt \u00e9s nagy v\u00e1s\u00e1rl\u00f3er\u0151nek \u00f6rvend\u0151 \u00e1rucikkek haz\u00e1nkban is.<\/p>\n<div id=\"attachment_644\" style=\"width: 410px\" class=\"wp-caption aligncenter\"><img loading=\"lazy\" decoding=\"async\" aria-describedby=\"caption-attachment-644\" class=\"size-full wp-image-644\" src=\"https:\/\/www.transzportstudium.hu\/blog\/wp-content\/uploads\/2015\/05\/truck-rrental-eu.jpg\" alt=\"V\u00e1llalkoz\u00f3i tanfolyamok - \u00c1rufuvaroz\u00f3 v\u00e1llalkoz\u00f3 tanfolyam\" width=\"400\" height=\"238\" srcset=\"https:\/\/www.transzportstudium.hu\/blog\/wp-content\/uploads\/2015\/05\/truck-rrental-eu.jpg 400w, https:\/\/www.transzportstudium.hu\/blog\/wp-content\/uploads\/2015\/05\/truck-rrental-eu-300x178.jpg 300w\" sizes=\"auto, (max-width: 400px) 100vw, 400px\" \/><p id=\"caption-attachment-644\" class=\"wp-caption-text\">V\u00e1llalkoz\u00f3i tanfolyamok &#8211; \u00c1rufuvaroz\u00f3 v\u00e1llalkoz\u00f3 tanfolyam<\/p><\/div>\n<p>Haz\u00e1nkban \u00f6rvendetesen megszaporodtak a nagy aut\u00f3gy\u00e1rak, amelyek nagy alkatr\u00e9sz-, f\u00e9lk\u00e9sz \u00e9s k\u00e9szterm\u00e9k-sz\u00e1ll\u00edt\u00e1si ig\u00e9nyt gener\u00e1ltak. A hagyom\u00e1nyos magyar mez\u0151gazdas\u00e1gi \u00e9s \u00e9lelmiszeripari term\u00e9k kisz\u00e1ll\u00edt\u00e1s is a magyar fuvarpiac r\u00e9sze. A magyar v\u00e1llalkoz\u00e1sok sikeresen vesznek r\u00e9szt az Uni\u00f3n bel\u00fcli harmadik-orsz\u00e1gos fuvaroz\u00e1sban is.<\/p>\n<p>A globaliz\u00e1lt termel\u00e9st \u00e9s \u00e1ruforgalmaz\u00e1st kiszolg\u00e1l\u00f3 nemzetk\u00f6zi logisztikai \u00e9s sz\u00e1ll\u00edtm\u00e1nyoz\u00e1si rendszer ki\u00e9p\u00fcl\u0151ben van, illetve folyamatosan fejl\u0151dik. Nem csak olyan szakemberekre van benne sz\u00fcks\u00e9g, akik g\u00e9pkocsit vezetnek, illetve a rakod\u00e1si, mez\u0151gazdas\u00e1gi tev\u00e9kenys\u00e9geket l\u00e1tj\u00e1k el k\u00fcl\u00f6nf\u00e9le g\u00e9pekkel, hanem olyanokra is, akik az \u00e1rutov\u00e1bb\u00edt\u00e1sban r\u00e9szt v\u00e1llal\u00f3 c\u00e9geket ir\u00e1ny\u00edtj\u00e1k.<\/p>\n<p>A Transzport Studium <a title=\"\u00c1rufuvaroz\u00f3 v\u00e1llalkoz\u00f3 tanfolyam\" href=\"https:\/\/www.transzportstudium.hu\/tanfolyamok\/vallalkozoi-szaktanfolyamok\/7_arufuvarozo-vallalkozo\">\u00e1rufuvaroz\u00f3i v\u00e1llalkoz\u00f3i tanfolyama<\/a> azoknak sz\u00f3l, akik kedvet \u00e9s er\u0151t \u00e9reznek fuvaroz\u00f3 c\u00e9gek l\u00e9trehoz\u00e1s\u00e1ra, illetve ilyen v\u00e1llalkoz\u00e1sokban vezet\u0151i feladatok elv\u00e9gz\u00e9s\u00e9re. <strong>Ez a tanfolyam belf\u00f6ldi \u00e9s EU-n bel\u00fcli, valamint azon k\u00edv\u00fcli fuvarokat v\u00e1llal\u00f3 c\u00e9g vezet\u0151i munkak\u00f6r\u00e9re k\u00e9sz\u00edt fel.<\/strong><\/p>\n<p>Mivel a munkak\u00f6r bet\u00f6lt\u00e9s\u00e9hez olyan ismeretek is sz\u00fcks\u00e9gesek \u2013 jogi, munkajogi, gazdas\u00e1gi, fuvaroz\u00e1si, v\u00e1m \u2013 amelyek id\u0151vel elavulnak, illetve meg\u00fajulnak \u2013 az \u00e1rufuvaroz\u00f3 v\u00e1llalkoz\u00f3i tanfolyam \u00e1ltal ny\u00fajtott k\u00e9pzetts\u00e9g a megszerz\u00e9st\u0151l sz\u00e1m\u00edtott t\u00edz \u00e9vig \u00e9rv\u00e9nyes. A k\u00e9pzetts\u00e9get igazol\u00f3 dokumentum lej\u00e1rta el\u0151tt <a title=\"\u00c1rufuvaroz\u00f3 v\u00e1llalkoz\u00f3 ismeretfel\u00faj\u00edt\u00f3 tanfolyam\" href=\"https:\/\/www.transzportstudium.hu\/tanfolyamok\/vallalkozoi-szaktanfolyamok\/8_arufuvarozo-vallalkozo-ismeretfelujito\">\u00e1rufuvaroz\u00f3 v\u00e1llalkoz\u00f3 ismeretfel\u00faj\u00edt\u00f3 tanfolyam<\/a> elv\u00e9gz\u00e9se, \u00e9s a v\u00e9g\u00e9n letett sikeres vizsga r\u00e9v\u00e9n \u00fajabb <strong>t\u00edz \u00e9vre<\/strong> jogosults\u00e1got szerezhet a v\u00e1llalkoz\u00e1sban bet\u00f6lt\u00f6tt poz\u00edci\u00f3 feladatainak elv\u00e9gz\u00e9s\u00e9hez. Az ismeretfel\u00faj\u00edt\u00f3 tanfolyam ugyanazokat a tant\u00e1rgyakat tartalmazza, mint az <a title=\"\u00c1rufuvaroz\u00f3 v\u00e1llalkoz\u00f3 tanfolyam\" href=\"https:\/\/www.transzportstudium.hu\/blog\/2015\/05\/19\/milyen-feladatokbol-tevodik-ossze-az-okj-targonca-vizsga\/\">\u00e1rufuvaroz\u00f3 v\u00e1llalkoz\u00f3 alaptanfolyam<\/a>.<\/p>\n<!-- Begin Yuzo --><div class='yuzo_related_post style-2'  data-version='5.12.88'><!-- without result --><div class='yuzo_clearfixed yuzo__title yuzo__title'><h3>Hasonl\u00f3 cikkek<\/h3><\/div>\n\t\t\t\t\t\t<div class=\"relatedthumb yuzo-list  \" style=\"\"  >  \n\t\t\t\t\t\t  <a  href=\"https:\/\/www.transzportstudium.hu\/blog\/2015\/04\/02\/okj-s-targoncavezeto-tanfolyam\/\" class=\"image-list\"  >\n\t\t\t\t\t\t  <div class=\"yuzo-img-wrap  ilen_shine \" style=\"width: 100px;height:65px;\">\n\t\t\t\t\t\t\t\t\t <span class='shine-effect'><\/span> \n\t\t\t\t\t\t\t\t\t <div class=\"yuzo-img\" style=\"background:url('https:\/\/www.transzportstudium.hu\/blog\/wp-content\/uploads\/2015\/04\/479_additional__50l-7a-forklift-150x150.jpg') 50% 50% no-repeat;width: 105px;height:65px;margin-bottom: 5px;background-size:  cover;  \"><\/div>\n\t\t\t\t\t\t  <\/div>\n\t\t\t\t\t\t  <\/a>\n\t\t\t\t\t\t  <a  class=\"link-list yuzo__text--title\" href=\"https:\/\/www.transzportstudium.hu\/blog\/2015\/04\/02\/okj-s-targoncavezeto-tanfolyam\/\" style=\"font-size:14px;;line-height:22px;\"> OKJ-s Targoncavezet\u0151 tanfolyam  <\/a>\n\t\t\t\t\t\t\t\t<span class=\"yuzo_text\" style=\"font-size:10px;\" >Az emel\u0151g\u00e9p-kezel\u0151i (\u00e9s ezen bel\u00fcl a targoncavezet\u0151i) szakma \u00e9vtizedek \u00f3ta \u00f3ri\u00e1si n\u00e9pszer\u0171s\u00e9gnek \u00f6rvend, hiszen sz\u00e1mtalan ipar\u00e1gban el tud helyezkedni...<\/span>\n\t\t\t\t\t\t   \n\t\t\t\t\t\t<\/div>\n\t\t\t\t\t\t<div class=\"relatedthumb yuzo-list  \" style=\"\"  >  \n\t\t\t\t\t\t  <a  href=\"https:\/\/www.transzportstudium.hu\/blog\/2015\/07\/07\/mirol-is-tanulnak-a-gki-tanfolyam-tanuloi\/\" class=\"image-list\"  >\n\t\t\t\t\t\t  <div class=\"yuzo-img-wrap  ilen_shine \" style=\"width: 100px;height:65px;\">\n\t\t\t\t\t\t\t\t\t <span class='shine-effect'><\/span> \n\t\t\t\t\t\t\t\t\t <div class=\"yuzo-img\" style=\"background:url('https:\/\/www.transzportstudium.hu\/blog\/wp-content\/uploads\/2015\/05\/mercedes1-150x150.jpg') 50% 50% no-repeat;width: 105px;height:65px;margin-bottom: 5px;background-size:  cover;  \"><\/div>\n\t\t\t\t\t\t  <\/div>\n\t\t\t\t\t\t  <\/a>\n\t\t\t\t\t\t  <a  class=\"link-list yuzo__text--title\" href=\"https:\/\/www.transzportstudium.hu\/blog\/2015\/07\/07\/mirol-is-tanulnak-a-gki-tanfolyam-tanuloi\/\" style=\"font-size:14px;;line-height:22px;\"> Mir\u0151l is tanulnak a GKI tanfolyam tanul\u00f3i?  <\/a>\n\t\t\t\t\t\t\t\t<span class=\"yuzo_text\" style=\"font-size:10px;\" >Sokat \u00edrtunk m\u00e1r eddig a GKI k\u00e1rtya jelent\u0151s\u00e9g\u00e9r\u0151l, megszerz\u00e9s\u00e9nek menet\u00e9r\u0151l, sz\u00fcks\u00e9gess\u00e9g\u00e9r\u0151l, hat\u00e1ly\u00e1r\u00f3l \u00e9s az \u00e9rv\u00e9nyben tart\u00e1s\u00e1hoz sz\u00fcks\u00e9ges tov\u00e1bb...<\/span>\n\t\t\t\t\t\t   \n\t\t\t\t\t\t<\/div>\n\t\t\t\t\t\t<div class=\"relatedthumb yuzo-list  \" style=\"\"  >  \n\t\t\t\t\t\t  <a  href=\"https:\/\/www.transzportstudium.hu\/blog\/2019\/07\/14\/az-adr-vizsga-ararol\/\" class=\"image-list\"  >\n\t\t\t\t\t\t  <div class=\"yuzo-img-wrap  ilen_shine \" style=\"width: 100px;height:65px;\">\n\t\t\t\t\t\t\t\t\t <span class='shine-effect'><\/span> \n\t\t\t\t\t\t\t\t\t <div class=\"yuzo-img\" style=\"background:url('https:\/\/www.transzportstudium.hu\/blog\/wp-content\/uploads\/2019\/07\/corrosive-goods-tanker-150x150.jpg') 50% 50% no-repeat;width: 105px;height:65px;margin-bottom: 5px;background-size:  cover;  \"><\/div>\n\t\t\t\t\t\t  <\/div>\n\t\t\t\t\t\t  <\/a>\n\t\t\t\t\t\t  <a  class=\"link-list yuzo__text--title\" href=\"https:\/\/www.transzportstudium.hu\/blog\/2019\/07\/14\/az-adr-vizsga-ararol\/\" style=\"font-size:14px;;line-height:22px;\"> Az ADR vizsga \u00e1r\u00e1r\u00f3l  <\/a>\n\t\t\t\t\t\t\t\t<span class=\"yuzo_text\" style=\"font-size:10px;\" >A kiskereskedelemben folyamatos probl\u00e9mak\u00e9nt vagy ink\u00e1bb kih\u00edv\u00e1sk\u00e9nt jelentkezik, hogy mennyire \u00e1r-\u00e9rz\u00e9keny a magyar fogyaszt\u00f3. Ez azonban nem csak az...<\/span>\n\t\t\t\t\t\t   \n\t\t\t\t\t\t<\/div>\n\t\t\t\t\t\t<div class=\"relatedthumb yuzo-list  \" style=\"\"  >  \n\t\t\t\t\t\t  <a  href=\"https:\/\/www.transzportstudium.hu\/blog\/2019\/09\/26\/az-okj-targoncavezeto-tanfolyamrol\/\" class=\"image-list\"  >\n\t\t\t\t\t\t  <div class=\"yuzo-img-wrap  ilen_shine \" style=\"width: 100px;height:65px;\">\n\t\t\t\t\t\t\t\t\t <span class='shine-effect'><\/span> \n\t\t\t\t\t\t\t\t\t <div class=\"yuzo-img\" style=\"background:url('https:\/\/www.transzportstudium.hu\/blog\/wp-content\/uploads\/2019\/09\/forklift-training-150x150.jpg') 50% 50% no-repeat;width: 105px;height:65px;margin-bottom: 5px;background-size:  cover;  \"><\/div>\n\t\t\t\t\t\t  <\/div>\n\t\t\t\t\t\t  <\/a>\n\t\t\t\t\t\t  <a  class=\"link-list yuzo__text--title\" href=\"https:\/\/www.transzportstudium.hu\/blog\/2019\/09\/26\/az-okj-targoncavezeto-tanfolyamrol\/\" style=\"font-size:14px;;line-height:22px;\"> Az OKJ targoncavezet\u0151 tanfolyamr\u00f3l  <\/a>\n\t\t\t\t\t\t\t\t<span class=\"yuzo_text\" style=\"font-size:10px;\" >A g\u00e9pes\u00edtett anyagmozgat\u00e1s jelent\u0151s r\u00e9sze targonc\u00e1kkal t\u00f6rt\u00e9nik, a targoncavezet\u00e9s el\u0151felt\u00e9tele pedig az OKJ targoncavezet\u0151 tanfolyam elv\u00e9gz\u00e9se, illet...<\/span>\n\t\t\t\t\t\t   \n\t\t\t\t\t\t<\/div>\n<\/div>  <!-- End Yuzo :) -->","protected":false},"excerpt":{"rendered":"<p>Sokat hallhatunk-olvashatunk arr\u00f3l, hogy milyen temp\u00f3ban globaliz\u00e1l\u00f3dik a vil\u00e1gunk. A utaz\u00e1si \u00e9s sz\u00e1ll\u00edt\u00e1si m\u00f3dok fejl\u0151d\u00e9s\u00e9vel nem csak a mag\u00e1nemberek juthatnak el t\u00e1voli t\u00e1jakra, hanem szinte b\u00e1rhonnan b\u00e1rhov\u00e1 elker\u00fclhetnek term\u00e9nyek \u00e9s \u00e1rucikkek is. Ez manaps\u00e1g&#46;&#46;&#46;<\/p>\n","protected":false},"author":3,"featured_media":644,"comment_status":"open","ping_status":"open","sticky":false,"template":"","format":"standard","meta":{"footnotes":""},"categories":[4],"tags":[150,25,47,46,48,45,49,179],"class_list":["post-623","post","type-post","status-publish","format-standard","has-post-thumbnail","hentry","category-vallalkozoi-vilag","tag-arufuvarozas","tag-arufuvarozo","tag-arufuvarozo-vallalkozo","tag-buszos-vallalkozo","tag-szemelygepkocsi-szemelyszallito-vallalkozo","tag-vallalkozoi-kepzes","tag-vallalkozoi-tanfolyam","tag-vallalkozoi-vizsga"],"aioseo_notices":[],"_links":{"self":[{"href":"https:\/\/www.transzportstudium.hu\/blog\/wp-json\/wp\/v2\/posts\/623","targetHints":{"allow":["GET"]}}],"collection":[{"href":"https:\/\/www.transzportstudium.hu\/blog\/wp-json\/wp\/v2\/posts"}],"about":[{"href":"https:\/\/www.transzportstudium.hu\/blog\/wp-json\/wp\/v2\/types\/post"}],"author":[{"embeddable":true,"href":"https:\/\/www.transzportstudium.hu\/blog\/wp-json\/wp\/v2\/users\/3"}],"replies":[{"embeddable":true,"href":"https:\/\/www.transzportstudium.hu\/blog\/wp-json\/wp\/v2\/comments?post=623"}],"version-history":[{"count":3,"href":"https:\/\/www.transzportstudium.hu\/blog\/wp-json\/wp\/v2\/posts\/623\/revisions"}],"predecessor-version":[{"id":645,"href":"https:\/\/www.transzportstudium.hu\/blog\/wp-json\/wp\/v2\/posts\/623\/revisions\/645"}],"wp:featuredmedia":[{"embeddable":true,"href":"https:\/\/www.transzportstudium.hu\/blog\/wp-json\/wp\/v2\/media\/644"}],"wp:attachment":[{"href":"https:\/\/www.transzportstudium.hu\/blog\/wp-json\/wp\/v2\/media?parent=623"}],"wp:term":[{"taxonomy":"category","embeddable":true,"href":"https:\/\/www.transzportstudium.hu\/blog\/wp-json\/wp\/v2\/categories?post=623"},{"taxonomy":"post_tag","embeddable":true,"href":"https:\/\/www.transzportstudium.hu\/blog\/wp-json\/wp\/v2\/tags?post=623"}],"curies":[{"name":"wp","href":"https:\/\/api.w.org\/{rel}","templated":true}]}}