{"id":619,"date":"2015-05-26T09:20:16","date_gmt":"2015-05-26T08:20:16","guid":{"rendered":"https:\/\/www.transzportstudium.hu\/blog\/?p=619"},"modified":"2015-05-26T11:09:53","modified_gmt":"2015-05-26T10:09:53","slug":"az-adr-vizsga-orokke-tart","status":"publish","type":"post","link":"https:\/\/www.transzportstudium.hu\/blog\/2015\/05\/26\/az-adr-vizsga-orokke-tart\/","title":{"rendered":"Az ADR vizsga \u00f6r\u00f6kk\u00e9 tart?"},"content":{"rendered":"<p class=\"Textbodybora\"><span lang=\"HU\">Mindannyian tudjuk m\u00e1r \u2013 hiszen itt a blogon is sokszor volt r\u00f3la sz\u00f3 \u2013, hogy az ADR k\u00fcl\u00f6nf\u00e9le tanfolyamai arra szolg\u00e1lnak, hogy a vesz\u00e9lyes anyagokkal dolgoz\u00f3, azokat sz\u00e1ll\u00edt\u00f3, t\u00e1rol\u00f3 \u00e9s kezel\u0151 t\u00e1rsas\u00e1gok biztons\u00e1ggal v\u00e9gezhess\u00e9k a munk\u00e1jukat. A <a title=\"ADR tart\u00e1nyos alapk\u00e9pz\u00e9s\" href=\"https:\/\/www.transzportstudium.hu\/blog\/2015\/04\/09\/adr-tartanyos-alapkepzes\/\">tart\u00e1nyos<\/a> \u00e9s <a title=\"ADR nem-tart\u00e1nyos alapk\u00e9pz\u00e9s\" href=\"https:\/\/www.transzportstudium.hu\/blog\/2015\/03\/26\/adr-nem-tartanyos-alapkepzes\/\">nem-tart\u00e1nyos<\/a> tanfolyamokr\u00f3l is volt m\u00e1r sz\u00f3, illetve arr\u00f3l is, hogy kinek aj\u00e1nljuk alapk\u00e9pz\u00e9seinket,<a title=\"Az ADR nem-tart\u00e1nyos tanfolyamra \u00e9p\u00fcl\u0151 kieg\u00e9sz\u00edt\u00e9sek: Tart\u00e1nyj\u00e1rm\u0171 kezel\u00e9se\" href=\"https:\/\/www.transzportstudium.hu\/blog\/2015\/05\/12\/az-adr-nem-tartanyos-tanfolyamra-epulo-kiegeszitesek-tartanyjarmu-kezelese\/\"> kiterjeszt\u00e9st szolg\u00e1l\u00f3 k\u00e9pz\u00e9seinket<\/a>, illetve szakos\u00edt\u00f3 tanfolyamainkat. <\/span><\/p>\n<h3>De vajon a nehezen megszerzett ADR vizsga hat\u00e1lya egy \u00e9letre sz\u00f3l?<\/h3>\n<p class=\"Textbodybora\"><span lang=\"HU\">Term\u00e9szetesen nem, hiszen a fuvaroz\u00e1ssal, logisztik\u00e1val, rakod\u00e1ssal, sz\u00e1ll\u00edt\u00e1si m\u00f3dokkal, r\u00f6gz\u00edt\u00e9ssel, tov\u00e1bb\u00e1 a vesz\u00e9lyes anyagok kezel\u00e9s\u00e9vel, t\u00e1rol\u00e1s\u00e1val, az \u00e1ltaluk okozott k\u00e1rokkal \u00e9s balesetekkel kapcsolatos ismeretek \u00e9s technol\u00f3gi\u00e1k folyamatosan fejl\u0151dnek. Ezt \u2013 a sokszor igen gyors \u00fctem\u0171 \u2013 innov\u00e1ci\u00f3t, a v\u00e1ltoz\u00f3 jogszab\u00e1lyokat \u00e9s egy\u00e9b m\u00f3dos\u00edt\u00e1sokat az ADR ismeretben is \u00e9rv\u00e9nyes\u00edteni kell. Maga a tev\u00e9kenys\u00e9get alapjaiban szab\u00e1lyoz\u00f3 ADR egyezm\u00e9ny k\u00e9t \u00e9vente valamilyen tartalommal m\u00f3dosul. <strong>Az \u00f6t \u00e9vre sz\u00f3l\u00f3 igazolv\u00e1nyt a lej\u00e1rat el\u0151tt ADR ismeretfel\u00faj\u00edt\u00f3 vizsga let\u00e9tel\u00e9vel meg kell \u00faj\u00edtani<\/strong>.<\/span><\/p>\n<div id=\"attachment_483\" style=\"width: 235px\" class=\"wp-caption aligncenter\"><img loading=\"lazy\" decoding=\"async\" aria-describedby=\"caption-attachment-483\" class=\"size-medium wp-image-483\" src=\"https:\/\/www.transzportstudium.hu\/blog\/wp-content\/uploads\/2015\/01\/adr_igazolvany-225x300.jpg\" alt=\"ADR igazolv\u00e1ny - ADR tanfolyamok \u00e9s vizsga\" width=\"225\" height=\"300\" srcset=\"https:\/\/www.transzportstudium.hu\/blog\/wp-content\/uploads\/2015\/01\/adr_igazolvany-225x300.jpg 225w, https:\/\/www.transzportstudium.hu\/blog\/wp-content\/uploads\/2015\/01\/adr_igazolvany.jpg 768w\" sizes=\"auto, (max-width: 225px) 100vw, 225px\" \/><p id=\"caption-attachment-483\" class=\"wp-caption-text\">ADR igazolv\u00e1ny &#8211; ADR tanfolyamok \u00e9s vizsga<\/p><\/div>\n<p class=\"Textbodybora\"><span lang=\"HU\">Nagyon vigy\u00e1zzunk, tartsuk fejben az ADR igazolv\u00e1nyunk lej\u00e1rat\u00e1nak d\u00e1tum\u00e1t, mert ha akkor jut esz\u00fcnkbe meg\u00faj\u00edtani, amikor m\u00e1r lej\u00e1rt, akkor ism\u00e9t alaptanfolyamot kell v\u00e9gezn\u00fcnk, ami id\u0151ben \u00e9s anyagilag is nagyobb megterhel\u00e9st jelent, mint az ADR ismeretfel\u00faj\u00edt\u00f3 vizsga.<\/span><\/p>\n<p class=\"Textbodybora\"><span lang=\"HU\">A nem-tart\u00e1nyos ADR ismeretekre l\u00e9tezik a <a title=\"ADR nem-tart\u00e1nyos szakos\u00edt\u00f3 tanfolyam\" href=\"https:\/\/www.transzportstudium.hu\/tanfolyamok\/adr-tanfolyamok\/28_adr-nem-tartanyos-szakosito\">szakos\u00edt\u00f3 tanfolyamb\u00f3l<\/a> is <a title=\"ADR nem-tart\u00e1nyos ismeretfel\u00faj\u00edt\u00f3 szakos\u00edt\u00f3 tanfolyam\" href=\"https:\/\/www.transzportstudium.hu\/tanfolyamok\/adr-tanfolyamok\/64_adr-nem-tartanyos-szakosito-ismeretfelujito\">ismeretfel\u00faj\u00edt\u00f3<\/a> v\u00e1ltozat. Ez k\u00e9t speci\u00e1lis tanfolyam-t\u00edpust egyes\u00edt mag\u00e1ban. A nem-tart\u00e1nyos szakos\u00edt\u00f3 eleve egy kieg\u00e9sz\u00edt\u0151 tanfolyamt\u00edpus, hiszen a nem-tart\u00e1nyos alaptanfolyam anyag\u00e1ba nem tartoz\u00f3 1. \u00e9s 7. \u00e1ruoszt\u00e1lyt taglalja. <\/span><\/p>\n<p class=\"Textbodybora\"><span lang=\"HU\">A szakos\u00edt\u00f3 tanfolyam az alaptanfolyamra \u00e9p\u00edtve v\u00e9gezhet\u0151 el. Abban az esetben, ha ezt a tanfolyamot sikerrel elv\u00e9gzi, \u00d6n az \u00f6sszes, nem tart\u00e1nyban sz\u00e1ll\u00edtand\u00f3 vesz\u00e9lyes \u00e1ru fuvaroz\u00e1s\u00e1ra alkalmass\u00e1 v\u00e1lik. Ennek a kieg\u00e9sz\u00edt\u0151 anyagnak az ADR ismeretfel\u00faj\u00edt\u00f3 vizsg\u00e1j\u00e1t tehetj\u00fck le a <a title=\"ADR nem-tart\u00e1nyos szakos\u00edt\u00f3 ismeretfel\u00faj\u00edt\u00f3 tanfolyam\" href=\"https:\/\/www.transzportstudium.hu\/tanfolyamok\/adr-tanfolyamok\/64_adr-nem-tartanyos-szakosito-ismeretfelujito\">nem-tart\u00e1nyos szakos\u00edt\u00f3 ismeretfel\u00faj\u00edt\u00f3 tanfolyamon<\/a>. \u00d6nnek is sz\u00fcks\u00e9ge van a munk\u00e1j\u00e1hoz ADR tanfolyamra?\u00a0Esetleg a m\u00e1r megl\u00e9v\u0151 igazolv\u00e1nya hamarosan lej\u00e1r? <a title=\"Jelentkez\u00e9s - ADR tanfolyam\" href=\"https:\/\/www.transzportstudium.hu\/jelentkezesi-lap\/3_adr-tanfolyamok\">Jelentkezzen m\u00e9g ma<\/a> tanfolyamunkra \u00e9s szerezze meg a sz\u00fcks\u00e9ges ADR k\u00e9pes\u00edt\u00e9s\u00e9t!<\/span><\/p>\n<!-- Begin Yuzo --><div class='yuzo_related_post style-2'  data-version='5.12.88'><!-- without result --><div class='yuzo_clearfixed yuzo__title yuzo__title'><h3>Hasonl\u00f3 cikkek<\/h3><\/div>\n\t\t\t\t\t\t<div class=\"relatedthumb yuzo-list  \" style=\"\"  >  \n\t\t\t\t\t\t  <a  href=\"https:\/\/www.transzportstudium.hu\/blog\/2019\/10\/10\/biztonsagban-az-utakon-3\/\" class=\"image-list\"  >\n\t\t\t\t\t\t  <div class=\"yuzo-img-wrap  ilen_shine \" style=\"width: 100px;height:65px;\">\n\t\t\t\t\t\t\t\t\t <span class='shine-effect'><\/span> \n\t\t\t\t\t\t\t\t\t <div class=\"yuzo-img\" style=\"background:url('https:\/\/www.transzportstudium.hu\/blog\/wp-content\/uploads\/2019\/10\/Biztons\u00e1gban-az-utakon-150x150.jpg') 50% 50% no-repeat;width: 105px;height:65px;margin-bottom: 5px;background-size:  cover;  \"><\/div>\n\t\t\t\t\t\t  <\/div>\n\t\t\t\t\t\t  <\/a>\n\t\t\t\t\t\t  <a  class=\"link-list yuzo__text--title\" href=\"https:\/\/www.transzportstudium.hu\/blog\/2019\/10\/10\/biztonsagban-az-utakon-3\/\" style=\"font-size:14px;;line-height:22px;\"> Biztons\u00e1gban az utakon  <\/a>\n\t\t\t\t\t\t\t\t<span class=\"yuzo_text\" style=\"font-size:10px;\" >A vesz\u00e9lyes \u00e1ru sz\u00e1ll\u00edt\u00e1si biztons\u00e1gi tan\u00e1csad\u00f3 feladata sokr\u00e9t\u0171 \u00e9s nagy figyelmet k\u00edv\u00e1n. A felel\u0151ss\u00e9gteljes munkak\u00f6r folyamatosan kih\u00edv\u00e1st t\u00e1maszt a ...<\/span>\n\t\t\t\t\t\t   \n\t\t\t\t\t\t<\/div>\n\t\t\t\t\t\t<div class=\"relatedthumb yuzo-list  \" style=\"\"  >  \n\t\t\t\t\t\t  <a  href=\"https:\/\/www.transzportstudium.hu\/blog\/2016\/02\/25\/okj-felnottoktatas\/\" class=\"image-list\"  >\n\t\t\t\t\t\t  <div class=\"yuzo-img-wrap  ilen_shine \" style=\"width: 100px;height:65px;\">\n\t\t\t\t\t\t\t\t\t <span class='shine-effect'><\/span> \n\t\t\t\t\t\t\t\t\t <div class=\"yuzo-img\" style=\"background:url('https:\/\/www.transzportstudium.hu\/blog\/wp-content\/uploads\/2015\/12\/shutterstock_159932873-150x150.jpg') 50% 50% no-repeat;width: 105px;height:65px;margin-bottom: 5px;background-size:  cover;  \"><\/div>\n\t\t\t\t\t\t  <\/div>\n\t\t\t\t\t\t  <\/a>\n\t\t\t\t\t\t  <a  class=\"link-list yuzo__text--title\" href=\"https:\/\/www.transzportstudium.hu\/blog\/2016\/02\/25\/okj-felnottoktatas\/\" style=\"font-size:14px;;line-height:22px;\"> OKJ feln\u0151ttoktat\u00e1s  <\/a>\n\t\t\t\t\t\t\t\t<span class=\"yuzo_text\" style=\"font-size:10px;\" >Ma, amikor a vil\u00e1g folyamatosan v\u00e1ltozik, senkinek nem el\u00e9g m\u00e1r egyetlen szakk\u00e9pes\u00edt\u00e9s \u2013 el\u0151fordulhat, hogy az addig biztosnak gondolt munkahely egyik...<\/span>\n\t\t\t\t\t\t   \n\t\t\t\t\t\t<\/div>\n\t\t\t\t\t\t<div class=\"relatedthumb yuzo-list  \" style=\"\"  >  \n\t\t\t\t\t\t  <a  href=\"https:\/\/www.transzportstudium.hu\/blog\/2019\/04\/09\/az-osszevont-gki-alaptanfolyamrol\/\" class=\"image-list\"  >\n\t\t\t\t\t\t  <div class=\"yuzo-img-wrap  ilen_shine \" style=\"width: 100px;height:65px;\">\n\t\t\t\t\t\t\t\t\t <span class='shine-effect'><\/span> \n\t\t\t\t\t\t\t\t\t <div class=\"yuzo-img\" style=\"background:url('https:\/\/www.transzportstudium.hu\/blog\/wp-content\/uploads\/2019\/04\/MAN_Range_eMobility_1_width_1268_height_470-e1537365187589-150x150.jpg') 50% 50% no-repeat;width: 105px;height:65px;margin-bottom: 5px;background-size:  cover;  \"><\/div>\n\t\t\t\t\t\t  <\/div>\n\t\t\t\t\t\t  <\/a>\n\t\t\t\t\t\t  <a  class=\"link-list yuzo__text--title\" href=\"https:\/\/www.transzportstudium.hu\/blog\/2019\/04\/09\/az-osszevont-gki-alaptanfolyamrol\/\" style=\"font-size:14px;;line-height:22px;\"> Az \u00f6sszevont GKI alaptanfolyamr\u00f3l  <\/a>\n\t\t\t\t\t\t\t\t<span class=\"yuzo_text\" style=\"font-size:10px;\" >K\u00e9t szakma egy k\u00e9pz\u00e9s keret\u00e9ben az \u00d6n\u00e9 lehet, ak\u00e1r m\u00e1r online is.\u00a0Aki \u00fagy d\u00f6nt, hogy aut\u00f3buszvezet\u0151 vagy teherg\u00e9pkocsi vezet\u0151 szeretne lenni, az elv\u00e9g...<\/span>\n\t\t\t\t\t\t   \n\t\t\t\t\t\t<\/div>\n\t\t\t\t\t\t<div class=\"relatedthumb yuzo-list  \" style=\"\"  >  \n\t\t\t\t\t\t  <a  href=\"https:\/\/www.transzportstudium.hu\/blog\/2019\/06\/06\/a-targonca-vizsgarol\/\" class=\"image-list\"  >\n\t\t\t\t\t\t  <div class=\"yuzo-img-wrap  ilen_shine \" style=\"width: 100px;height:65px;\">\n\t\t\t\t\t\t\t\t\t <span class='shine-effect'><\/span> \n\t\t\t\t\t\t\t\t\t <div class=\"yuzo-img\" style=\"background:url('https:\/\/www.transzportstudium.hu\/blog\/wp-content\/uploads\/2015\/06\/FORKLIFT-TRAINING-150x150.jpg') 50% 50% no-repeat;width: 105px;height:65px;margin-bottom: 5px;background-size:  cover;  \"><\/div>\n\t\t\t\t\t\t  <\/div>\n\t\t\t\t\t\t  <\/a>\n\t\t\t\t\t\t  <a  class=\"link-list yuzo__text--title\" href=\"https:\/\/www.transzportstudium.hu\/blog\/2019\/06\/06\/a-targonca-vizsgarol\/\" style=\"font-size:14px;;line-height:22px;\"> A targonca vizsg\u00e1r\u00f3l  <\/a>\n\t\t\t\t\t\t\t\t<span class=\"yuzo_text\" style=\"font-size:10px;\" >Ismertesse a baleset, a munkabaleset, az \u00fati baleset, a s\u00falyos baleset \u00e9s a \"majdnem\" baleset fogalm\u00e1t! Sorolja f\u00f6l a baleset meghat\u00e1roz\u00f3 elemeit! - S...<\/span>\n\t\t\t\t\t\t   \n\t\t\t\t\t\t<\/div>\n<\/div>  <!-- End Yuzo :) -->","protected":false},"excerpt":{"rendered":"<p>Mindannyian tudjuk m\u00e1r \u2013 hiszen itt a blogon is sokszor volt r\u00f3la sz\u00f3 \u2013, hogy az ADR k\u00fcl\u00f6nf\u00e9le tanfolyamai arra szolg\u00e1lnak, hogy a vesz\u00e9lyes anyagokkal dolgoz\u00f3, azokat sz\u00e1ll\u00edt\u00f3, t\u00e1rol\u00f3 \u00e9s kezel\u0151 t\u00e1rsas\u00e1gok biztons\u00e1ggal v\u00e9gezhess\u00e9k&#46;&#46;&#46;<\/p>\n","protected":false},"author":3,"featured_media":483,"comment_status":"open","ping_status":"open","sticky":false,"template":"","format":"standard","meta":{"footnotes":""},"categories":[2],"tags":[224,149,174,173,71,186,72,187,145,177],"class_list":["post-619","post","type-post","status-publish","format-standard","has-post-thumbnail","hentry","category-adr","tag-adr","tag-adr-igazolvany","tag-adr-kepzes","tag-adr-nem-tartanyos","tag-adr-tanfolyam","tag-adr-tartanyos","tag-adr-vizsga","tag-alapkepzes","tag-ismeretfelujito","tag-szakosito"],"aioseo_notices":[],"_links":{"self":[{"href":"https:\/\/www.transzportstudium.hu\/blog\/wp-json\/wp\/v2\/posts\/619","targetHints":{"allow":["GET"]}}],"collection":[{"href":"https:\/\/www.transzportstudium.hu\/blog\/wp-json\/wp\/v2\/posts"}],"about":[{"href":"https:\/\/www.transzportstudium.hu\/blog\/wp-json\/wp\/v2\/types\/post"}],"author":[{"embeddable":true,"href":"https:\/\/www.transzportstudium.hu\/blog\/wp-json\/wp\/v2\/users\/3"}],"replies":[{"embeddable":true,"href":"https:\/\/www.transzportstudium.hu\/blog\/wp-json\/wp\/v2\/comments?post=619"}],"version-history":[{"count":3,"href":"https:\/\/www.transzportstudium.hu\/blog\/wp-json\/wp\/v2\/posts\/619\/revisions"}],"predecessor-version":[{"id":647,"href":"https:\/\/www.transzportstudium.hu\/blog\/wp-json\/wp\/v2\/posts\/619\/revisions\/647"}],"wp:featuredmedia":[{"embeddable":true,"href":"https:\/\/www.transzportstudium.hu\/blog\/wp-json\/wp\/v2\/media\/483"}],"wp:attachment":[{"href":"https:\/\/www.transzportstudium.hu\/blog\/wp-json\/wp\/v2\/media?parent=619"}],"wp:term":[{"taxonomy":"category","embeddable":true,"href":"https:\/\/www.transzportstudium.hu\/blog\/wp-json\/wp\/v2\/categories?post=619"},{"taxonomy":"post_tag","embeddable":true,"href":"https:\/\/www.transzportstudium.hu\/blog\/wp-json\/wp\/v2\/tags?post=619"}],"curies":[{"name":"wp","href":"https:\/\/api.w.org\/{rel}","templated":true}]}}