{"id":594,"date":"2015-04-30T08:50:56","date_gmt":"2015-04-30T07:50:56","guid":{"rendered":"https:\/\/www.transzportstudium.hu\/blog\/?p=594"},"modified":"2015-04-30T13:53:26","modified_gmt":"2015-04-30T12:53:26","slug":"miert-jo-szakma-a-taxis","status":"publish","type":"post","link":"https:\/\/www.transzportstudium.hu\/blog\/2015\/04\/30\/miert-jo-szakma-a-taxis\/","title":{"rendered":"Mi\u00e9rt j\u00f3 szakma a taxis?"},"content":{"rendered":"<h3><strong>A t\u00f6megk\u00f6zleked\u00e9s neh\u00e9zs\u00e9gei<\/strong><\/h3>\n<p>A nagyv\u00e1rosokban mindig is voltak neh\u00e9zs\u00e9gek a szem\u00e9lysz\u00e1ll\u00edt\u00e1ssal, az optim\u00e1lis t\u00f6megmozgat\u00e1s ritk\u00e1n megval\u00f3s\u00edthat\u00f3. Nem mondunk senki sz\u00e1m\u00e1ra \u00fajdons\u00e1got, ha pl. a budapesti t\u00f6megk\u00f6zleked\u00e9s siralmas helyzet\u00e9t hozzuk sz\u00f3ba. A g\u00e9pj\u00e1rm\u0171vek \u00e1llapota, a menetrend hi\u00e1nyoss\u00e1ga, a p\u00e9nzhi\u00e1nnyal val\u00f3 k\u00fczdelem, a j\u00e1ratmegsz\u00fcntet\u00e9sek term\u00e9szetesen nincsenek j\u00f3 hat\u00e1ssal a szolg\u00e1ltat\u00e1s min\u0151s\u00e9g\u00e9re.<\/p>\n<p>Ha belegondolunk nagyv\u00e1rosaink k\u00f6zleked\u00e9se nagy val\u00f3sz\u00edn\u0171s\u00e9ggel a New York \u00e1ltal meghat\u00e1rozott \u00faton fog tov\u00e1bb haladni, ahol a k\u00f6z\u00e9pr\u00e9tegt\u0151l felfel\u00e9 szinte mindenki taxival j\u00e1r. Ennek oka a fent eml\u00edtett param\u00e9terekben rejlik, illetve abban, hogy sok szempontb\u00f3l meg\u00e9ri a t\u00f6megk\u00f6zleked\u00e9shez viszony\u00edtott \u2013 manaps\u00e1g m\u00e1r nem is olyan sokkal \u2013 magasabb \u00e1r. A k\u00e9nyelem, a pontoss\u00e1g, a precizit\u00e1s, a diszkr\u00e9ci\u00f3 \u00e9s a kieg\u00e9sz\u00edt\u0151 szolg\u00e1ltat\u00e1sok meghozz\u00e1k a gy\u00fcm\u00f6lcs\u00fcket a <a title=\"Taxis v\u00e1llalkoz\u00f3 tanfolyam\" href=\"https:\/\/www.transzportstudium.hu\/tanfolyamok\/vallalkozoi-szaktanfolyamok\/10_taxis-vallalkozo\">taxis v\u00e1llalkoz\u00f3k<\/a> sz\u00e1m\u00e1ra.<\/p>\n<div id=\"attachment_604\" style=\"width: 515px\" class=\"wp-caption aligncenter\"><img loading=\"lazy\" decoding=\"async\" aria-describedby=\"caption-attachment-604\" class=\"size-full wp-image-604\" src=\"https:\/\/www.transzportstudium.hu\/blog\/wp-content\/uploads\/2015\/04\/51323_original.jpg\" alt=\"Taxis v\u00e1llalkoz\u00f3 tanfolyam\" width=\"505\" height=\"335\" srcset=\"https:\/\/www.transzportstudium.hu\/blog\/wp-content\/uploads\/2015\/04\/51323_original.jpg 505w, https:\/\/www.transzportstudium.hu\/blog\/wp-content\/uploads\/2015\/04\/51323_original-300x199.jpg 300w\" sizes=\"auto, (max-width: 505px) 100vw, 505px\" \/><p id=\"caption-attachment-604\" class=\"wp-caption-text\">Taxis v\u00e1llalkoz\u00f3 tanfolyam<\/p><\/div>\n<h3><strong>A taxis v\u00e1llalkoz\u00f3i szaktanfolyam<\/strong><\/h3>\n<p>Ennek a tanfolyamnak az elv\u00e9gz\u00e9se akkor sz\u00fcks\u00e9ges, ha \u00d6n olyan v\u00e1llalkoz\u00e1st k\u00edv\u00e1n alap\u00edtani, vagy olyan c\u00e9gn\u00e9l k\u00edv\u00e1n dolgozni, ahol belf\u00f6ld\u00f6n <a title=\"Taxis g\u00e9pkocsivezet\u0151\" href=\"https:\/\/www.transzportstudium.hu\/tanfolyamok\/gepkocsivezetoi-szaktanfolyamok-gki-tanfolyam\/5_taxi-gepkocsivezeto\">taxi-g\u00e9pkocsival v\u00e9gzett szem\u00e9lysz\u00e1ll\u00edt\u00e1ssal<\/a> foglalkoznak.<\/p>\n<p>A taxis v\u00e1llalkoz\u00f3i tanfolyam a <a title=\"89\/1988. (XII.20.) MT sz\u00e1m\u00fa rendelet\" href=\"http:\/\/net.jogtar.hu\/jr\/gen\/hjegy_doc.cgi?docid=98800089.MT\" target=\"_blank\">89\/1988. (XII.20.) MT sz\u00e1m\u00fa rendelet<\/a> 5\/A. \u00a7., 1. sz. Mell\u00e9klet A r\u00e9sz I. pontja el\u0151\u00edr\u00e1sainak megfelel\u0151 ismereteket oktatja, elv\u00e9gz\u00e9s\u00e9nek nincs felt\u00e9tele, \u00e9s a <strong>k\u00e9pes\u00edt\u00e9snek nincs lej\u00e1rati ideje<\/strong>.<\/p>\n<p>A <a title=\"Taxis v\u00e1llalkoz\u00f3 tanfolyam\" href=\"https:\/\/www.transzportstudium.hu\/tanfolyamok\/vallalkozoi-szaktanfolyamok\/10_taxis-vallalkozo\">taxis v\u00e1llalkoz\u00f3i tanfolyamon<\/a> a jelentkez\u0151k azt saj\u00e1t\u00edthatj\u00e1k el, hogy hogyan kell az el\u0151\u00edr\u00e1soknak megfelel\u0151en m\u0171k\u00f6dtetni egy ilyen v\u00e1llalkoz\u00e1st, \u00fagy, hogy az sikeres \u00e9s rent\u00e1bilis legyen. A <em>Jogi ismeretek<\/em> a t\u00f6rv\u00e9nyeknek megfelel\u0151 m\u0171k\u00f6dtet\u00e9st szolg\u00e1lj\u00e1k, a <em>Gazdas\u00e1gi-, p\u00e9nz\u00fcgyi \u00e9s ad\u00f3z\u00e1si ismeretek<\/em> elsaj\u00e1t\u00edt\u00e1sa pedig lehet\u0151v\u00e9 teszi, hogy a v\u00e1llalkoz\u00e1s gazdas\u00e1gilag is az el\u0151\u00edr\u00e1soknak megfelel\u0151, stabil \u00e9s kisz\u00e1m\u00edthat\u00f3 alapokon \u00e1lljon. A <em>Munka\u00fcgyi ismeretek<\/em> r\u00e9v\u00e9n a tanul\u00f3 a c\u00e9g foglalkoztat\u00e1ssal kapcsolatos feladatait tudja majd g\u00f6rd\u00fcl\u00e9kenyen ell\u00e1tni. A <a title=\"Taxis v\u00e1llalkoz\u00f3 tanfolyam\" href=\"https:\/\/www.transzportstudium.hu\/tanfolyamok\/vallalkozoi-szaktanfolyamok\/10_taxis-vallalkozo\">taxis v\u00e1llalkoz\u00f3i tanfolyam<\/a> szem\u00e9lysz\u00e1ll\u00edt\u00e1si szakmai r\u00e9sz\u00e9t a <em>Szem\u00e9lytaxis szakmai ismeretek<\/em> elnevez\u00e9s\u0171 tant\u00e1rgy adja, amely lehet\u0151v\u00e9 teszi, hogy a v\u00e1llalkoz\u00e1s vezet\u0151je akkor is \u201ek\u00e9pben legyen\u201d ha \u0151 maga nem is dolgozik taxisof\u0151rk\u00e9nt.<\/p>\n<p>Mindh\u00e1rom tant\u00e1rgyb\u00f3l \u00edr\u00e1sbeli teszt \u00e9s sz\u00f3beli vizsga z\u00e1rja a taxis v\u00e1llalkoz\u00f3i tanfolyamot. <a title=\"Jelentkez\u00e9s\" href=\"https:\/\/www.transzportstudium.hu\/jelentkezesi-lap\/2_vallalkozoi-szaktanfolyamok\">Jelentkezzen<\/a> tanfolyamunkra m\u00e9g ma!<\/p>\n<!-- Begin Yuzo --><div class='yuzo_related_post style-2'  data-version='5.12.88'><!-- without result --><div class='yuzo_clearfixed yuzo__title yuzo__title'><h3>Hasonl\u00f3 cikkek<\/h3><\/div>\n\t\t\t\t\t\t<div class=\"relatedthumb yuzo-list  \" style=\"\"  >  \n\t\t\t\t\t\t  <a  href=\"https:\/\/www.transzportstudium.hu\/blog\/2019\/10\/22\/miert-vonzo-a-targoncas-tanfolyam\/\" class=\"image-list\"  >\n\t\t\t\t\t\t  <div class=\"yuzo-img-wrap  ilen_shine \" style=\"width: 100px;height:65px;\">\n\t\t\t\t\t\t\t\t\t <span class='shine-effect'><\/span> \n\t\t\t\t\t\t\t\t\t <div class=\"yuzo-img\" style=\"background:url('https:\/\/www.transzportstudium.hu\/blog\/wp-content\/uploads\/2019\/10\/pexels-photo-1267337-150x150.jpeg') 50% 50% no-repeat;width: 105px;height:65px;margin-bottom: 5px;background-size:  cover;  \"><\/div>\n\t\t\t\t\t\t  <\/div>\n\t\t\t\t\t\t  <\/a>\n\t\t\t\t\t\t  <a  class=\"link-list yuzo__text--title\" href=\"https:\/\/www.transzportstudium.hu\/blog\/2019\/10\/22\/miert-vonzo-a-targoncas-tanfolyam\/\" style=\"font-size:14px;;line-height:22px;\"> Mi\u00e9rt vonz\u00f3 a targonc\u00e1s tanfolyam  <\/a>\n\t\t\t\t\t\t\t\t<span class=\"yuzo_text\" style=\"font-size:10px;\" >A targonc\u00e1s tanfolyam \u00e9vek \u00f3ta top list\u00e1n szerepel, gyakran pedig els\u0151 helyen v\u00e9gez a feln\u0151ttk\u00e9pz\u00e9sek n\u00e9pszer\u0171s\u00e9gi list\u00e1j\u00e1n. Tal\u00e1n mondani sem kell, h...<\/span>\n\t\t\t\t\t\t   \n\t\t\t\t\t\t<\/div>\n\t\t\t\t\t\t<div class=\"relatedthumb yuzo-list  \" style=\"\"  >  \n\t\t\t\t\t\t  <a  href=\"https:\/\/www.transzportstudium.hu\/blog\/2019\/07\/04\/gepkezeloi-jogositvany-minden-szegmensben\/\" class=\"image-list\"  >\n\t\t\t\t\t\t  <div class=\"yuzo-img-wrap  ilen_shine \" style=\"width: 100px;height:65px;\">\n\t\t\t\t\t\t\t\t\t <span class='shine-effect'><\/span> \n\t\t\t\t\t\t\t\t\t <div class=\"yuzo-img\" style=\"background:url('https:\/\/www.transzportstudium.hu\/blog\/wp-content\/uploads\/2019\/07\/cheery-pickers-271234_960_720-150x150.jpg') 50% 50% no-repeat;width: 105px;height:65px;margin-bottom: 5px;background-size:  cover;  \"><\/div>\n\t\t\t\t\t\t  <\/div>\n\t\t\t\t\t\t  <\/a>\n\t\t\t\t\t\t  <a  class=\"link-list yuzo__text--title\" href=\"https:\/\/www.transzportstudium.hu\/blog\/2019\/07\/04\/gepkezeloi-jogositvany-minden-szegmensben\/\" style=\"font-size:14px;;line-height:22px;\"> G\u00e9pkezel\u0151i jogos\u00edtv\u00e1ny minden szegmensben  <\/a>\n\t\t\t\t\t\t\t\t<span class=\"yuzo_text\" style=\"font-size:10px;\" >Jelen pillanatban mind\u00f6ssze 362 g\u00e9pkezel\u0151i jogos\u00edtv\u00e1nnyal rendelkez\u0151 munkav\u00e1llal\u00f3t keresnek, csak Budapest ter\u00fclet\u00e9n. A mind\u00f6ssze term\u00e9szetesen itt id...<\/span>\n\t\t\t\t\t\t   \n\t\t\t\t\t\t<\/div>\n\t\t\t\t\t\t<div class=\"relatedthumb yuzo-list  \" style=\"\"  >  \n\t\t\t\t\t\t  <a  href=\"https:\/\/www.transzportstudium.hu\/blog\/2018\/03\/29\/taxis-tanfolyam-mindenkinek\/\" class=\"image-list\"  >\n\t\t\t\t\t\t  <div class=\"yuzo-img-wrap  ilen_shine \" style=\"width: 100px;height:65px;\">\n\t\t\t\t\t\t\t\t\t <span class='shine-effect'><\/span> \n\t\t\t\t\t\t\t\t\t <div class=\"yuzo-img\" style=\"background:url('https:\/\/www.transzportstudium.hu\/blog\/wp-content\/uploads\/2018\/05\/Transport_13-150x150.jpg') 50% 50% no-repeat;width: 105px;height:65px;margin-bottom: 5px;background-size:  cover;  \"><\/div>\n\t\t\t\t\t\t  <\/div>\n\t\t\t\t\t\t  <\/a>\n\t\t\t\t\t\t  <a  class=\"link-list yuzo__text--title\" href=\"https:\/\/www.transzportstudium.hu\/blog\/2018\/03\/29\/taxis-tanfolyam-mindenkinek\/\" style=\"font-size:14px;;line-height:22px;\"> Taxis tanfolyam mindenkinek  <\/a>\n\t\t\t\t\t\t\t\t<span class=\"yuzo_text\" style=\"font-size:10px;\" >Kinek aj\u00e1nljuk a taxis tanfolyamot? Mindenkinek, aki tud vezetni, pontosabban sz\u00f3lva azoknak, akik rendelkeznek minimum 2 \u00e9ve \u00e9rv\u00e9nyes \"B\" kateg\u00f3ri\u00e1s ...<\/span>\n\t\t\t\t\t\t   \n\t\t\t\t\t\t<\/div>\n\t\t\t\t\t\t<div class=\"relatedthumb yuzo-list  \" style=\"\"  >  \n\t\t\t\t\t\t  <a  href=\"https:\/\/www.transzportstudium.hu\/blog\/2019\/01\/17\/egy-kelendo-szakma\/\" class=\"image-list\"  >\n\t\t\t\t\t\t  <div class=\"yuzo-img-wrap  ilen_shine \" style=\"width: 100px;height:65px;\">\n\t\t\t\t\t\t\t\t\t <span class='shine-effect'><\/span> \n\t\t\t\t\t\t\t\t\t <div class=\"yuzo-img\" style=\"background:url('https:\/\/www.transzportstudium.hu\/blog\/wp-content\/uploads\/2015\/04\/clark-forklifts-cq30-1-150x150.jpg') 50% 50% no-repeat;width: 105px;height:65px;margin-bottom: 5px;background-size:  cover;  \"><\/div>\n\t\t\t\t\t\t  <\/div>\n\t\t\t\t\t\t  <\/a>\n\t\t\t\t\t\t  <a  class=\"link-list yuzo__text--title\" href=\"https:\/\/www.transzportstudium.hu\/blog\/2019\/01\/17\/egy-kelendo-szakma\/\" style=\"font-size:14px;;line-height:22px;\"> Egy kelend\u0151 szakma  <\/a>\n\t\t\t\t\t\t\t\t<span class=\"yuzo_text\" style=\"font-size:10px;\" >Szerte a vil\u00e1gon, az anyagmozgat\u00e1s egyik legfontosabb eszk\u00f6ze a targonca, a gazdas\u00e1g fejl\u0151d\u00e9s\u00e9vel pedig egyre t\u00f6bb targoncavezet\u0151re van sz\u00fcks\u00e9g haz\u00e1nk...<\/span>\n\t\t\t\t\t\t   \n\t\t\t\t\t\t<\/div>\n<\/div>  <!-- End Yuzo :) -->","protected":false},"excerpt":{"rendered":"<p>A t\u00f6megk\u00f6zleked\u00e9s neh\u00e9zs\u00e9gei A nagyv\u00e1rosokban mindig is voltak neh\u00e9zs\u00e9gek a szem\u00e9lysz\u00e1ll\u00edt\u00e1ssal, az optim\u00e1lis t\u00f6megmozgat\u00e1s ritk\u00e1n megval\u00f3s\u00edthat\u00f3. Nem mondunk senki sz\u00e1m\u00e1ra \u00fajdons\u00e1got, ha pl. a budapesti t\u00f6megk\u00f6zleked\u00e9s siralmas helyzet\u00e9t hozzuk sz\u00f3ba. A g\u00e9pj\u00e1rm\u0171vek \u00e1llapota, a&#46;&#46;&#46;<\/p>\n","protected":false},"author":3,"featured_media":604,"comment_status":"open","ping_status":"open","sticky":false,"template":"","format":"standard","meta":{"footnotes":""},"categories":[4],"tags":[106,51,94,45,49,179],"class_list":["post-594","post","type-post","status-publish","format-standard","has-post-thumbnail","hentry","category-vallalkozoi-vilag","tag-taxi","tag-taxi-vallalkozo","tag-taxis-vallalkozo","tag-vallalkozoi-kepzes","tag-vallalkozoi-tanfolyam","tag-vallalkozoi-vizsga"],"aioseo_notices":[],"_links":{"self":[{"href":"https:\/\/www.transzportstudium.hu\/blog\/wp-json\/wp\/v2\/posts\/594","targetHints":{"allow":["GET"]}}],"collection":[{"href":"https:\/\/www.transzportstudium.hu\/blog\/wp-json\/wp\/v2\/posts"}],"about":[{"href":"https:\/\/www.transzportstudium.hu\/blog\/wp-json\/wp\/v2\/types\/post"}],"author":[{"embeddable":true,"href":"https:\/\/www.transzportstudium.hu\/blog\/wp-json\/wp\/v2\/users\/3"}],"replies":[{"embeddable":true,"href":"https:\/\/www.transzportstudium.hu\/blog\/wp-json\/wp\/v2\/comments?post=594"}],"version-history":[{"count":5,"href":"https:\/\/www.transzportstudium.hu\/blog\/wp-json\/wp\/v2\/posts\/594\/revisions"}],"predecessor-version":[{"id":606,"href":"https:\/\/www.transzportstudium.hu\/blog\/wp-json\/wp\/v2\/posts\/594\/revisions\/606"}],"wp:featuredmedia":[{"embeddable":true,"href":"https:\/\/www.transzportstudium.hu\/blog\/wp-json\/wp\/v2\/media\/604"}],"wp:attachment":[{"href":"https:\/\/www.transzportstudium.hu\/blog\/wp-json\/wp\/v2\/media?parent=594"}],"wp:term":[{"taxonomy":"category","embeddable":true,"href":"https:\/\/www.transzportstudium.hu\/blog\/wp-json\/wp\/v2\/categories?post=594"},{"taxonomy":"post_tag","embeddable":true,"href":"https:\/\/www.transzportstudium.hu\/blog\/wp-json\/wp\/v2\/tags?post=594"}],"curies":[{"name":"wp","href":"https:\/\/api.w.org\/{rel}","templated":true}]}}