{"id":56,"date":"2014-08-26T10:35:12","date_gmt":"2014-08-26T09:35:12","guid":{"rendered":"http:\/\/www.t-s.hu\/blog\/?p=56"},"modified":"2014-11-10T09:27:16","modified_gmt":"2014-11-10T08:27:16","slug":"targoncakezeles-kozben-bekovetkezo-jellemzo-balesetek","status":"publish","type":"post","link":"https:\/\/www.transzportstudium.hu\/blog\/2014\/08\/26\/targoncakezeles-kozben-bekovetkezo-jellemzo-balesetek\/","title":{"rendered":"Targoncakezel\u00e9s k\u00f6zben bek\u00f6vetkez\u0151 jellemz\u0151 balesetek"},"content":{"rendered":"<p>Ha targoncakezel\u0151k\u00e9nt szeretne elhelyezkedni, hogy a k\u00f6znyelvben r\u00e1\u00fcl\u0151s targoncak\u00e9nt, r\u00e1\u00e1ll\u00f3s targoncak\u00e9nt, illetve gyalogtargoncak\u00e9nt ismert j\u00e1rm\u0171veket (azaz \u00fclve vez\u00e9relt vagy vezet\u0151\u00fcl\u00e9ses targonc\u00e1t, \u00e1llva vez\u00e9relt vagy vezet\u0151\u00e1ll\u00e1sos targonc\u00e1t, illetve gyalogk\u00eds\u00e9ret\u0171 targonc\u00e1t) m\u0171k\u00f6dtethessen, \u00e9rdemes elv\u00e9geznie targonc\u00e1s tanfolyamunkat, amelyen t\u00f6bbek k\u00f6zt azt is megtanulhatja, hogyan ker\u00fclje el azokat a baleseteket, amelyekkel egy targoncakezel\u0151nek a leggyakrabban szembes\u00fclnie kell.<\/p>\n<h3>A legt\u00f6bb targoncabaleset nekihajt\u00e1s miatt k\u00f6vetkezik be<\/h3>\n<p>Egy 2000-es n\u00e9metorsz\u00e1gi felm\u00e9r\u00e9s szerint a rakt\u00e1rakban \u00e9s a nagykereskedelemben adott \u00e9vben a legt\u00f6bb baleset az\u00e9rt k\u00f6vetkezett be targoncavezet\u00e9s k\u00f6zben, mert a targonc\u00e1t m\u0171k\u00f6dtet\u0151 munk\u00e1s nekihajtott valaminek. Az esetek fel\u00e9ben az \u00fctk\u00f6z\u00e9s m\u00e1sik targonc\u00e1val, m\u00e1s t\u00e1rggyal (falak, \u00e1ruk) vagy szem\u00e9llyel t\u00f6rt\u00e9nt. Ezen balesetek oka \u00e1ltal\u00e1ban a targoncakezel\u0151 figyelmetlens\u00e9ge, a sz\u0171k t\u00e9r vagy a l\u00e1t\u00e1si viszonyokat ront\u00f3 t\u00e9nyez\u0151k. A baleset kock\u00e1zata a sz\u00fcks\u00e9ges szervez\u00e9si int\u00e9zked\u00e9sek bevezet\u00e9s\u00e9vel minimaliz\u00e1lhat\u00f3. Gyakran t\u00f6rt\u00e9nik s\u00falyos baleset a teherg\u00e9pkocsikra val\u00f3 rakod\u00e1sakor is, melyben a s\u00e9r\u00fclt \u00e1ltal\u00e1ban a teherg\u00e9pkocsi-vezet\u0151. Ennek elker\u00fcl\u00e9s\u00e9re a g\u00e9pkocsivezet\u0151nek c\u00e9lszer\u0171 a rakod\u00e1si ter\u00fcleten k\u00edv\u00fcl tart\u00f3zkodnia.<\/p>\n<div id=\"attachment_128\" style=\"width: 480px\" class=\"wp-caption aligncenter\"><img loading=\"lazy\" decoding=\"async\" aria-describedby=\"caption-attachment-128\" class=\"wp-image-128 size-full\" src=\"https:\/\/www.transzportstudium.hu\/blog\/wp-content\/uploads\/2014\/08\/forklift-accident.gif\" alt=\"OKJ-s targoncavezet\u0151 tanfolyam\" width=\"470\" height=\"333\" \/><p id=\"caption-attachment-128\" class=\"wp-caption-text\">OKJ-s targoncavezet\u0151 tanfolyam<\/p><\/div>\n<h3>Balesetek le- \u00e9s felsz\u00e1ll\u00e1skor, illetve a targonca jav\u00edt\u00e1sakor<\/h3>\n<p>A targonc\u00e1ra t\u00f6rt\u00e9n\u0151 le- \u00e9s felsz\u00e1ll\u00e1skor szint\u00e9n t\u00f6rt\u00e9nnek balesetek. A targoncakezel\u0151 a j\u00e1rm\u0171r\u0151l leugorva \u00e1ltal\u00e1ban t\u00f6r\u00e9st vagy \u00ednszalagszakad\u00e1st szenved. Ennek oka lehet a siets\u00e9g, a talaj egyenetlens\u00e9ge vagy a targonca l\u00e9pcs\u0151j\u00e9nek nem megfelel\u0151 kialak\u00edt\u00e1sa. Borul\u00e1sos balesetek kisebb sz\u00e1mban fordulnak el\u0151. Ezek oka \u00e1ltal\u00e1ban a t\u00fal gyors kanyarod\u00e1s, az egyenetlen talaj \u00e9s a felemelt rakom\u00e1nnyal t\u00f6rt\u00e9n\u0151 k\u00f6zleked\u00e9s. Baleset t\u00f6rt\u00e9nhet a targonca jav\u00edt\u00e1sakor, a rakom\u00e1ny kezel\u00e9sekor vagy az akkumul\u00e1tor cser\u00e9je k\u00f6zben is. Gyalogk\u00eds\u00e9ret\u0171 targonc\u00e1k m\u0171k\u00f6dtet\u00e9se k\u00f6zben el\u0151fordul, hogy p\u00e9ld\u00e1ul az emel\u0151\u00e1llv\u00e1nyon \u00e1tny\u00fal\u00f3 szem\u00e9lyzet az emel\u0151kart v\u00e9letlen\u00fcl elmozd\u00edtva, a s\u00fcllyed\u0151 emel\u0151 al\u00e1 ker\u00fclve s\u00falyos, ak\u00e1r hal\u00e1los balesetet szenved. Ezek a balesetek legk\u00f6nnyebben egy v\u00e9d\u0151r\u00e1cs vagy v\u00e9d\u0151lemez alkalmaz\u00e1s\u00e1val el\u0151zhet\u0151k meg. Ha targoncakezel\u0151k\u00e9nt szeretne elhelyezkedni, v\u00e9gezze el <a title=\"OKJ-s g\u00e9pkezel\u0151i tanfolyamok\" href=\"http:\/\/www.transzportstudium.hu\/tanfolyamok\/4_okj-s-gepkezeloi-tanfolyamok\">OKJ-s g\u00e9pkezel\u0151i tanfolyamaink<\/a> egyik\u00e9t, ahol azt is megtanulhatja, hogyan ker\u00fclje el a fenti baleseteket.<\/p>\n<p>&nbsp;<\/p>\n<!-- Begin Yuzo --><div class='yuzo_related_post style-2'  data-version='5.12.88'><!-- without result --><div class='yuzo_clearfixed yuzo__title yuzo__title'><h3>Hasonl\u00f3 cikkek<\/h3><\/div>\n\t\t\t\t\t\t<div class=\"relatedthumb yuzo-list  \" style=\"\"  >  \n\t\t\t\t\t\t  <a  href=\"https:\/\/www.transzportstudium.hu\/blog\/2019\/07\/02\/emelogep-regen-es-most\/\" class=\"image-list\"  >\n\t\t\t\t\t\t  <div class=\"yuzo-img-wrap  ilen_shine \" style=\"width: 100px;height:65px;\">\n\t\t\t\t\t\t\t\t\t <span class='shine-effect'><\/span> \n\t\t\t\t\t\t\t\t\t <div class=\"yuzo-img\" style=\"background:url('https:\/\/www.transzportstudium.hu\/blog\/wp-content\/uploads\/2019\/07\/new-fb-cover-150x150.png') 50% 50% no-repeat;width: 105px;height:65px;margin-bottom: 5px;background-size:  cover;  \"><\/div>\n\t\t\t\t\t\t  <\/div>\n\t\t\t\t\t\t  <\/a>\n\t\t\t\t\t\t  <a  class=\"link-list yuzo__text--title\" href=\"https:\/\/www.transzportstudium.hu\/blog\/2019\/07\/02\/emelogep-regen-es-most\/\" style=\"font-size:14px;;line-height:22px;\"> Emel\u0151g\u00e9p r\u00e9gen \u00e9s most  <\/a>\n\t\t\t\t\t\t\t\t<span class=\"yuzo_text\" style=\"font-size:10px;\" >B\u00e1r emel\u0151g\u00e9pkezel\u0151 tanfolyamot akkoriban m\u00e9g nem kellett v\u00e9gezni, de emel\u0151g\u00e9pet vagy m\u00e1s sz\u00f3val darut, m\u00e1r az \u00f3korban is haszn\u00e1ltak. Ak\u00e1rcsak napjaink...<\/span>\n\t\t\t\t\t\t   \n\t\t\t\t\t\t<\/div>\n\t\t\t\t\t\t<div class=\"relatedthumb yuzo-list  \" style=\"\"  >  \n\t\t\t\t\t\t  <a  href=\"https:\/\/www.transzportstudium.hu\/blog\/2016\/06\/02\/mit-kell-tudni-az-adr-oktatasi-bizonyitvanyrol\/\" class=\"image-list\"  >\n\t\t\t\t\t\t  <div class=\"yuzo-img-wrap  ilen_shine \" style=\"width: 100px;height:65px;\">\n\t\t\t\t\t\t\t\t\t <span class='shine-effect'><\/span> \n\t\t\t\t\t\t\t\t\t <div class=\"yuzo-img\" style=\"background:url('https:\/\/www.transzportstudium.hu\/blog\/wp-content\/uploads\/2015\/01\/adr_igazolvany-150x150.jpg') 50% 50% no-repeat;width: 105px;height:65px;margin-bottom: 5px;background-size:  cover;  \"><\/div>\n\t\t\t\t\t\t  <\/div>\n\t\t\t\t\t\t  <\/a>\n\t\t\t\t\t\t  <a  class=\"link-list yuzo__text--title\" href=\"https:\/\/www.transzportstudium.hu\/blog\/2016\/06\/02\/mit-kell-tudni-az-adr-oktatasi-bizonyitvanyrol\/\" style=\"font-size:14px;;line-height:22px;\"> Mit kell tudni az ADR oktat\u00e1si bizony\u00edtv\u00e1nyr\u00f3l?...  <\/a>\n\t\t\t\t\t\t\t\t<span class=\"yuzo_text\" style=\"font-size:10px;\" >A vezet\u00e9s (szem\u00e9lyg\u00e9pkocsi vagy \u00e9pp teheraut\u00f3 eset\u00e9ben) csak bizonyos tud\u00e1s \u00e9s ezt igazol\u00f3 dokumentumok megl\u00e9te eset\u00e9ben lehets\u00e9ges, r\u00e1ad\u00e1sul vannak o...<\/span>\n\t\t\t\t\t\t   \n\t\t\t\t\t\t<\/div>\n\t\t\t\t\t\t<div class=\"relatedthumb yuzo-list  \" style=\"\"  >  \n\t\t\t\t\t\t  <a  href=\"https:\/\/www.transzportstudium.hu\/blog\/2015\/12\/08\/uber-sofor-legalisan\/\" class=\"image-list\"  >\n\t\t\t\t\t\t  <div class=\"yuzo-img-wrap  ilen_shine \" style=\"width: 100px;height:65px;\">\n\t\t\t\t\t\t\t\t\t <span class='shine-effect'><\/span> \n\t\t\t\t\t\t\t\t\t <div class=\"yuzo-img\" style=\"background:url('https:\/\/www.transzportstudium.hu\/blog\/wp-content\/uploads\/2015\/11\/shutterstock_300817451-150x150.jpg') 50% 50% no-repeat;width: 105px;height:65px;margin-bottom: 5px;background-size:  cover;  \"><\/div>\n\t\t\t\t\t\t  <\/div>\n\t\t\t\t\t\t  <\/a>\n\t\t\t\t\t\t  <a  class=\"link-list yuzo__text--title\" href=\"https:\/\/www.transzportstudium.hu\/blog\/2015\/12\/08\/uber-sofor-legalisan\/\" style=\"font-size:14px;;line-height:22px;\"> Uber sof\u0151r leg\u00e1lisan?  <\/a>\n\t\t\t\t\t\t\t\t<span class=\"yuzo_text\" style=\"font-size:10px;\" >Nos, nem is olyan egyszer\u0171, mint els\u0151re gondoln\u00e1nk. De n\u00e9zz\u00fck meg el\u0151sz\u00f6r azt, hogy mi is az az Uber. Az Uber egy k\u00f6z\u00f6ss\u00e9gi utaztat\u00e1s, amiben az a von...<\/span>\n\t\t\t\t\t\t   \n\t\t\t\t\t\t<\/div>\n\t\t\t\t\t\t<div class=\"relatedthumb yuzo-list  \" style=\"\"  >  \n\t\t\t\t\t\t  <a  href=\"https:\/\/www.transzportstudium.hu\/blog\/2016\/03\/29\/amit-a-gki-igazolvanyrol-tudni-kell\/\" class=\"image-list\"  >\n\t\t\t\t\t\t  <div class=\"yuzo-img-wrap  ilen_shine \" style=\"width: 100px;height:65px;\">\n\t\t\t\t\t\t\t\t\t <span class='shine-effect'><\/span> \n\t\t\t\t\t\t\t\t\t <div class=\"yuzo-img\" style=\"background:url('https:\/\/www.transzportstudium.hu\/blog\/wp-content\/uploads\/2014\/08\/Truckdriver-150x150.jpg') 50% 50% no-repeat;width: 105px;height:65px;margin-bottom: 5px;background-size:  cover;  \"><\/div>\n\t\t\t\t\t\t  <\/div>\n\t\t\t\t\t\t  <\/a>\n\t\t\t\t\t\t  <a  class=\"link-list yuzo__text--title\" href=\"https:\/\/www.transzportstudium.hu\/blog\/2016\/03\/29\/amit-a-gki-igazolvanyrol-tudni-kell\/\" style=\"font-size:14px;;line-height:22px;\"> Amit a GKI igazolv\u00e1nyr\u00f3l tudni kell  <\/a>\n\t\t\t\t\t\t\t\t<span class=\"yuzo_text\" style=\"font-size:10px;\" >Mivel 2014. szeptember 10. \u00f3ta egyetlen hivat\u00e1sos sof\u0151r sem vezethet GKI vizsga, illetve GKI igazolv\u00e1ny n\u00e9lk\u00fcl, ez\u00e9rt most \u00f6sszegy\u0171jt\u00f6tt\u00fck a t\u00e9m\u00e1val k...<\/span>\n\t\t\t\t\t\t   \n\t\t\t\t\t\t<\/div>\n<\/div>  <!-- End Yuzo :) -->","protected":false},"excerpt":{"rendered":"<p>Ha targoncakezel\u0151k\u00e9nt szeretne elhelyezkedni, hogy a k\u00f6znyelvben r\u00e1\u00fcl\u0151s targoncak\u00e9nt, r\u00e1\u00e1ll\u00f3s targoncak\u00e9nt, illetve gyalogtargoncak\u00e9nt ismert j\u00e1rm\u0171veket (azaz \u00fclve vez\u00e9relt vagy vezet\u0151\u00fcl\u00e9ses targonc\u00e1t, \u00e1llva vez\u00e9relt vagy vezet\u0151\u00e1ll\u00e1sos targonc\u00e1t, illetve gyalogk\u00eds\u00e9ret\u0171 targonc\u00e1t) m\u0171k\u00f6dtethessen, \u00e9rdemes elv\u00e9geznie targonc\u00e1s tanfolyamunkat,&#46;&#46;&#46;<\/p>\n","protected":false},"author":3,"featured_media":128,"comment_status":"open","ping_status":"open","sticky":false,"template":"","format":"standard","meta":{"footnotes":""},"categories":[5],"tags":[112,20,113,31,78,79,32,82,81,80,33,34,77],"class_list":["post-56","post","type-post","status-publish","format-standard","has-post-thumbnail","hentry","category-okj","tag-baleset","tag-balesetvedelem","tag-biztonsag","tag-okj-2","tag-okj-kepzesek","tag-okj-tanfolyamok","tag-tagonca","tag-targonca-jogositvany","tag-targonca-tanfolyam","tag-targonca-vizsga","tag-targoncakezelo","tag-targoncavezeto","tag-targoncavezeto-tanfolyam"],"aioseo_notices":[],"_links":{"self":[{"href":"https:\/\/www.transzportstudium.hu\/blog\/wp-json\/wp\/v2\/posts\/56","targetHints":{"allow":["GET"]}}],"collection":[{"href":"https:\/\/www.transzportstudium.hu\/blog\/wp-json\/wp\/v2\/posts"}],"about":[{"href":"https:\/\/www.transzportstudium.hu\/blog\/wp-json\/wp\/v2\/types\/post"}],"author":[{"embeddable":true,"href":"https:\/\/www.transzportstudium.hu\/blog\/wp-json\/wp\/v2\/users\/3"}],"replies":[{"embeddable":true,"href":"https:\/\/www.transzportstudium.hu\/blog\/wp-json\/wp\/v2\/comments?post=56"}],"version-history":[{"count":5,"href":"https:\/\/www.transzportstudium.hu\/blog\/wp-json\/wp\/v2\/posts\/56\/revisions"}],"predecessor-version":[{"id":322,"href":"https:\/\/www.transzportstudium.hu\/blog\/wp-json\/wp\/v2\/posts\/56\/revisions\/322"}],"wp:featuredmedia":[{"embeddable":true,"href":"https:\/\/www.transzportstudium.hu\/blog\/wp-json\/wp\/v2\/media\/128"}],"wp:attachment":[{"href":"https:\/\/www.transzportstudium.hu\/blog\/wp-json\/wp\/v2\/media?parent=56"}],"wp:term":[{"taxonomy":"category","embeddable":true,"href":"https:\/\/www.transzportstudium.hu\/blog\/wp-json\/wp\/v2\/categories?post=56"},{"taxonomy":"post_tag","embeddable":true,"href":"https:\/\/www.transzportstudium.hu\/blog\/wp-json\/wp\/v2\/tags?post=56"}],"curies":[{"name":"wp","href":"https:\/\/api.w.org\/{rel}","templated":true}]}}