{"id":559,"date":"2015-04-16T08:29:10","date_gmt":"2015-04-16T07:29:10","guid":{"rendered":"https:\/\/www.transzportstudium.hu\/blog\/?p=559"},"modified":"2015-04-16T13:32:27","modified_gmt":"2015-04-16T12:32:27","slug":"kulfoldon-is-slager-allas-a-targoncavezetoi","status":"publish","type":"post","link":"https:\/\/www.transzportstudium.hu\/blog\/2015\/04\/16\/kulfoldon-is-slager-allas-a-targoncavezetoi\/","title":{"rendered":"K\u00fclf\u00f6ld\u00f6n is sl\u00e1ger-\u00e1ll\u00e1s a targoncavezet\u0151i"},"content":{"rendered":"<p>Vil\u00e1gszerte nagyon j\u00f3 visszhangja van a magyar munkaer\u0151nek, \u2013 kev\u00e9s kiv\u00e9telt\u0151l eltekintve \u2013 mindenhol \u00f6r\u00f6mmel alkalmazz\u00e1k a haz\u00e1nkb\u00f3l kiv\u00e1ndorl\u00f3 munkav\u00e1llal\u00f3kat. Egyre t\u00f6bben <a title=\"Hogyan dolgozhatok k\u00fclf\u00f6ld\u00f6n magyar OKJ-s k\u00e9pes\u00edt\u00e9ssel?\" href=\"https:\/\/www.transzportstudium.hu\/blog\/2014\/10\/23\/hogyan-dolgozhatok-kulfoldon-magyar-okj-s-kepesitessel\/\">mennek is k\u00fclf\u00f6ldre<\/a> pl. egy sikeresen elv\u00e9gzett <a title=\"OKJ-s Targoncavezet\u0151 egy g\u00e9pcsoportra\" href=\"https:\/\/www.transzportstudium.hu\/tanfolyamok\/okj-s-gepkezeloi-tanfolyamok\/45_okj-s-targoncavezeto-egy-gepcsoportra\">targoncavezet\u0151i tanfolyam<\/a> ut\u00e1n, hiszen a k\u00fcl\u00f6nf\u00e9le szakk\u00e9pes\u00edt\u00e9st ig\u00e9nyl\u0151 \u00e1ll\u00e1sokban \u00f3ri\u00e1si a kereslet a sz\u00ednvonalas munkaer\u0151re, \u00e9s a fizet\u00e9sek az itthon el\u00e9rhet\u0151 keresetek t\u00f6bbsz\u00f6r\u00f6s\u00e9re r\u00fagnak.<\/p>\n<div id=\"attachment_589\" style=\"width: 610px\" class=\"wp-caption aligncenter\"><img loading=\"lazy\" decoding=\"async\" aria-describedby=\"caption-attachment-589\" class=\"size-large wp-image-589\" src=\"https:\/\/www.transzportstudium.hu\/blog\/wp-content\/uploads\/2015\/04\/clark-forklifts-cq30-1-1024x682.jpg\" alt=\"OKJ-s Targoncavezet\u0151 tanfolyam \u00e9s vizsga\" width=\"600\" height=\"399\" srcset=\"https:\/\/www.transzportstudium.hu\/blog\/wp-content\/uploads\/2015\/04\/clark-forklifts-cq30-1-1024x682.jpg 1024w, https:\/\/www.transzportstudium.hu\/blog\/wp-content\/uploads\/2015\/04\/clark-forklifts-cq30-1-300x200.jpg 300w\" sizes=\"auto, (max-width: 600px) 100vw, 600px\" \/><p id=\"caption-attachment-589\" class=\"wp-caption-text\">OKJ-s Targoncavezet\u0151 tanfolyam \u00e9s vizsga<\/p><\/div>\n<p>K\u00e9t nagy gond szokott lenni a magyarorsz\u00e1gi munkav\u00e1llal\u00f3kkal, ha k\u00fclf\u00f6ld\u00f6n szeretn\u00e9nek \u00e9rv\u00e9nyes\u00fclni: az egyik, hogy nem besz\u00e9lnek j\u00f3l nyelveket, a m\u00e1sik, hogy nem minden esetben rendelkeznek <a title=\"Hogyan dolgozhatok k\u00fclf\u00f6ld\u00f6n magyar OKJ-s k\u00e9pes\u00edt\u00e9ssel?\" href=\"https:\/\/www.transzportstudium.hu\/blog\/2014\/10\/23\/hogyan-dolgozhatok-kulfoldon-magyar-okj-s-kepesitessel\/\">megfelel\u0151 bizony\u00edtv\u00e1nyokkal<\/a> a munk\u00e1hoz, amire jelentkezn\u00e9nek. Ez ut\u00f3bbi nem azt jelenti, hogy ne volna megfelel\u0151 v\u00e9gzetts\u00e9g\u00fck (s\u0151t sok esetben \u00e9ves-\u00e9vtizedes tapasztalatuk), hanem azt az anom\u00e1li\u00e1t takarja, hogy haz\u00e1nkban hossz\u00fa ideig m\u00e1s volt a szakm\u00e1k \u00e9s ennek megfelel\u0151en a szakmai oktat\u00e1s besorol\u00e1sa \u00e9s oktat\u00e1si rendje is, mint a nemzetk\u00f6zi piacon.<\/p>\n<h3>K\u00e9pes\u00edt\u00e9sek &#8211; r\u00e9gen \u00e9s most<\/h3>\n<p>Tipikus p\u00e9lda volt erre a <a title=\"OKJ-s Targoncavezet\u0151 egy g\u00e9pcsoportra\" href=\"https:\/\/www.transzportstudium.hu\/tanfolyamok\/okj-s-gepkezeloi-tanfolyamok\/45_okj-s-targoncavezeto-egy-gepcsoportra\">targoncavezet\u0151i tanfolyam<\/a>, amelyet r\u00e9gen nem csak OKJ-s rendszerben lehetett elv\u00e9gezni. Ez az elt\u00e9r\u00e9s fog megsz\u0171nni v\u00e9gk\u00e9p <a title=\"G\u00e9pkezel\u0151knek fontos d\u00e1tum: 2015. december 31.!\" href=\"https:\/\/www.transzportstudium.hu\/blog\/2015\/02\/03\/gepkezeloknek-fontos-datum-2015-december-31\/\">ez \u00e9v december 31-e ut\u00e1n<\/a>, amikort\u00f3l kiz\u00e1r\u00f3lag a nemzetk\u00f6zi rendszereknek is megfelel\u0151 OKJ-s besorol\u00e1soknak \u00e9s oktat\u00e1s rendnek megfelel\u0151en lehet a k\u00fcl\u00f6nf\u00e9le g\u00e9pcsoportokra kezel\u0151i szakk\u00e9pes\u00edt\u00e9st szerezni \u00e9s vizsg\u00e1t tenni.<\/p>\n<h3>OKJ-s vizsga, NKH-s vizsga<\/h3>\n<p>Azok, akiknek a <a title=\"OKJ-s Targoncavezet\u0151 egy g\u00e9pcsoportra\" href=\"https:\/\/www.transzportstudium.hu\/tanfolyamok\/okj-s-gepkezeloi-tanfolyamok\/45_okj-s-targoncavezeto-egy-gepcsoportra\">targoncavezet\u0151i tanfolyamon<\/a> megszerzett k\u00e9pes\u00edt\u00e9s\u00fck nem OKJ-s, el kell v\u00e9gezni\u00fck egy OKJ-s tanfolyamot (majd a v\u00e9g\u00e9n <a title=\"Jelentkez\u00e9s\" href=\"https:\/\/www.transzportstudium.hu\/jelentkezesi-lap\/4_okj-s-gepkezeloi-tanfolyamok\">sikeres vizsg\u00e1t tenni<\/a> a bizony\u00edtv\u00e1ny megszerz\u00e9s\u00e9hez), akik <a title=\"OKJ-s Targoncavezet\u0151 egy g\u00e9pcsoportra\" href=\"https:\/\/www.transzportstudium.hu\/tanfolyamok\/okj-s-gepkezeloi-tanfolyamok\/45_okj-s-targoncavezeto-egy-gepcsoportra\">OKJ-s targoncavezet\u0151i tanfolyamot<\/a> v\u00e9geztek, azok \u00fan. <a title=\"NKH-s gyakorlati kieg\u00e9sz\u00edt\u0151 t\u00edpusvizsga\" href=\"https:\/\/www.transzportstudium.hu\/tanfolyamok\/okj-s-gepkezeloi-tanfolyamok\/59_nkh-s-gyakorlati-kiegeszito-tipusvizsga\">NHK-s gyakorlati kieg\u00e9sz\u00edt\u0151 t\u00edpusvizsg\u00e1t<\/a> kell, hogy letegyenek a <a title=\"G\u00e9pkezel\u0151knek fontos d\u00e1tum: 2015. december 31.!\" href=\"https:\/\/www.transzportstudium.hu\/blog\/2015\/02\/03\/gepkezeloknek-fontos-datum-2015-december-31\/\">december 31-i hat\u00e1rid\u0151<\/a> lej\u00e1rta el\u0151tt.<\/p>\n<p>Nagy felz\u00fadul\u00e1st okozott az itthoni szakemberek eset\u00e9ben az \u00e1tsorol\u00e1s (\u00e9s f\u0151leg az \u00faj beiskol\u00e1z\u00e1s \u00e9s vizsg\u00e1k tort\u00far\u00e1ja, valamint k\u00f6lts\u00e9gei), de a szakemberek nagy r\u00e9sze meg\u00e9rti \u00e9s elfogadja annak gyakorlati haszn\u00e1t.<\/p>\n<p>Az \u00fajfajta besorol\u00e1s az oktat\u00e1s \u00e9s a szakmunka szempontj\u00e1b\u00f3l is hasznos, valamint k\u00f6zelebb \u00e1ll a gyakorlati \u00e9lethez is. P\u00e9ld\u00e1ul<strong> mostant\u00f3l aki targoncavezet\u0151i tanfolyamot v\u00e9gez, az mindenfajta targonc\u00e1t vezethet, er\u0151forr\u00e1st\u00f3l, emel\u00e9si magass\u00e1gt\u00f3l f\u00fcggetlen\u00fcl.<\/strong><\/p>\n<!-- Begin Yuzo --><div class='yuzo_related_post style-2'  data-version='5.12.88'><!-- without result --><div class='yuzo_clearfixed yuzo__title yuzo__title'><h3>Hasonl\u00f3 cikkek<\/h3><\/div>\n\t\t\t\t\t\t<div class=\"relatedthumb yuzo-list  \" style=\"\"  >  \n\t\t\t\t\t\t  <a  href=\"https:\/\/www.transzportstudium.hu\/blog\/2019\/03\/19\/targonca-tanfolyam-mindenkinek\/\" class=\"image-list\"  >\n\t\t\t\t\t\t  <div class=\"yuzo-img-wrap  ilen_shine \" style=\"width: 100px;height:65px;\">\n\t\t\t\t\t\t\t\t\t <span class='shine-effect'><\/span> \n\t\t\t\t\t\t\t\t\t <div class=\"yuzo-img\" style=\"background:url('https:\/\/www.transzportstudium.hu\/blog\/wp-content\/uploads\/2019\/04\/pedal-forklift-truck-150x150.jpg') 50% 50% no-repeat;width: 105px;height:65px;margin-bottom: 5px;background-size:  cover;  \"><\/div>\n\t\t\t\t\t\t  <\/div>\n\t\t\t\t\t\t  <\/a>\n\t\t\t\t\t\t  <a  class=\"link-list yuzo__text--title\" href=\"https:\/\/www.transzportstudium.hu\/blog\/2019\/03\/19\/targonca-tanfolyam-mindenkinek\/\" style=\"font-size:14px;;line-height:22px;\"> Targonca tanfolyam mindenkinek  <\/a>\n\t\t\t\t\t\t\t\t<span class=\"yuzo_text\" style=\"font-size:10px;\" >El\u0151k\u00e9pzetts\u00e9g \u00e9s \u00e9retts\u00e9gi n\u00e9lk\u00fcl is b\u00e1rkib\u0151l lehet profi targonc\u00e1s. Szemben sok m\u00e1s k\u00e9pz\u00e9ssel, a targonca tanfolyamnak azaz egyik nagy el\u0151nye, hogy n...<\/span>\n\t\t\t\t\t\t   \n\t\t\t\t\t\t<\/div>\n\t\t\t\t\t\t<div class=\"relatedthumb yuzo-list  \" style=\"\"  >  \n\t\t\t\t\t\t  <a  href=\"https:\/\/www.transzportstudium.hu\/blog\/2016\/03\/10\/az-emelovillas-targonca\/\" class=\"image-list\"  >\n\t\t\t\t\t\t  <div class=\"yuzo-img-wrap  ilen_shine \" style=\"width: 100px;height:65px;\">\n\t\t\t\t\t\t\t\t\t <span class='shine-effect'><\/span> \n\t\t\t\t\t\t\t\t\t <div class=\"yuzo-img\" style=\"background:url('https:\/\/www.transzportstudium.hu\/blog\/wp-content\/uploads\/2015\/12\/12874549_l-150x150.jpg') 50% 50% no-repeat;width: 105px;height:65px;margin-bottom: 5px;background-size:  cover;  \"><\/div>\n\t\t\t\t\t\t  <\/div>\n\t\t\t\t\t\t  <\/a>\n\t\t\t\t\t\t  <a  class=\"link-list yuzo__text--title\" href=\"https:\/\/www.transzportstudium.hu\/blog\/2016\/03\/10\/az-emelovillas-targonca\/\" style=\"font-size:14px;;line-height:22px;\"> Az emel\u0151vill\u00e1s targonca  <\/a>\n\t\t\t\t\t\t\t\t<span class=\"yuzo_text\" style=\"font-size:10px;\" >A targonc\u00e1knak h\u00e1rom alapt\u00edpusa l\u00e9tezik, amiknek a kezel\u00e9s\u00e9t OKJ-s targoncavezet\u0151 tanfolyamon saj\u00e1t\u00edthatja el. A h\u00e1rom targoncat\u00edpus a vezet\u0151\u00fcl\u00e9ses, a...<\/span>\n\t\t\t\t\t\t   \n\t\t\t\t\t\t<\/div>\n\t\t\t\t\t\t<div class=\"relatedthumb yuzo-list  \" style=\"\"  >  \n\t\t\t\t\t\t  <a  href=\"https:\/\/www.transzportstudium.hu\/blog\/2019\/03\/07\/mar-barhonnan-tanulhato\/\" class=\"image-list\"  >\n\t\t\t\t\t\t  <div class=\"yuzo-img-wrap  ilen_shine \" style=\"width: 100px;height:65px;\">\n\t\t\t\t\t\t\t\t\t <span class='shine-effect'><\/span> \n\t\t\t\t\t\t\t\t\t <div class=\"yuzo-img\" style=\"background:url('https:\/\/www.transzportstudium.hu\/blog\/wp-content\/uploads\/2019\/04\/MANtrucks53-1-150x150.gif') 50% 50% no-repeat;width: 105px;height:65px;margin-bottom: 5px;background-size:  cover;  \"><\/div>\n\t\t\t\t\t\t  <\/div>\n\t\t\t\t\t\t  <\/a>\n\t\t\t\t\t\t  <a  class=\"link-list yuzo__text--title\" href=\"https:\/\/www.transzportstudium.hu\/blog\/2019\/03\/07\/mar-barhonnan-tanulhato\/\" style=\"font-size:14px;;line-height:22px;\"> M\u00e1r b\u00e1rhonnan tanulhat\u00f3  <\/a>\n\t\t\t\t\t\t\t\t<span class=\"yuzo_text\" style=\"font-size:10px;\" >Mindenkinek GKI vizsg\u00e1t kell tennie, aki g\u00e9pkocsivezet\u0151k\u00e9nt dolgozik, vagy aki aut\u00f3buszos szem\u00e9lysz\u00e1ll\u00edt\u00e1ssal foglalkozik. A GKI vizsga el\u0151tt el\u0151sz\u00f6r ...<\/span>\n\t\t\t\t\t\t   \n\t\t\t\t\t\t<\/div>\n\t\t\t\t\t\t<div class=\"relatedthumb yuzo-list  \" style=\"\"  >  \n\t\t\t\t\t\t  <a  href=\"https:\/\/www.transzportstudium.hu\/blog\/2018\/11\/22\/harman-parban\/\" class=\"image-list\"  >\n\t\t\t\t\t\t  <div class=\"yuzo-img-wrap  ilen_shine \" style=\"width: 100px;height:65px;\">\n\t\t\t\t\t\t\t\t\t <span class='shine-effect'><\/span> \n\t\t\t\t\t\t\t\t\t <div class=\"yuzo-img\" style=\"background:url('https:\/\/www.transzportstudium.hu\/blog\/wp-content\/uploads\/2018\/12\/Transport_55-150x150.jpg') 50% 50% no-repeat;width: 105px;height:65px;margin-bottom: 5px;background-size:  cover;  \"><\/div>\n\t\t\t\t\t\t  <\/div>\n\t\t\t\t\t\t  <\/a>\n\t\t\t\t\t\t  <a  class=\"link-list yuzo__text--title\" href=\"https:\/\/www.transzportstudium.hu\/blog\/2018\/11\/22\/harman-parban\/\" style=\"font-size:14px;;line-height:22px;\"> H\u00e1rman p\u00e1rban  <\/a>\n\t\t\t\t\t\t\t\t<span class=\"yuzo_text\" style=\"font-size:10px;\" >A logisztika \u00e9s a rakt\u00e1roz\u00e1s napjaink egyik gazdas\u00e1gi h\u00faz\u00f3 \u00e1gazata, ebb\u0151l ad\u00f3d\u00f3an folyamatos ig\u00e9ny van a szakk\u00e9pzett targoncavezet\u0151kre, amihez OKJ tar...<\/span>\n\t\t\t\t\t\t   \n\t\t\t\t\t\t<\/div>\n<\/div>  <!-- End Yuzo :) -->","protected":false},"excerpt":{"rendered":"<p>Vil\u00e1gszerte nagyon j\u00f3 visszhangja van a magyar munkaer\u0151nek, \u2013 kev\u00e9s kiv\u00e9telt\u0151l eltekintve \u2013 mindenhol \u00f6r\u00f6mmel alkalmazz\u00e1k a haz\u00e1nkb\u00f3l kiv\u00e1ndorl\u00f3 munkav\u00e1llal\u00f3kat. Egyre t\u00f6bben mennek is k\u00fclf\u00f6ldre pl. egy sikeresen elv\u00e9gzett targoncavezet\u0151i tanfolyam ut\u00e1n, hiszen a&#46;&#46;&#46;<\/p>\n","protected":false},"author":3,"featured_media":589,"comment_status":"open","ping_status":"open","sticky":false,"template":"","format":"standard","meta":{"footnotes":""},"categories":[5],"tags":[88,155,31,78,79,91,59,82,81,80,33,34,77],"class_list":["post-559","post","type-post","status-publish","format-standard","has-post-thumbnail","hentry","category-okj","tag-europass","tag-nkh","tag-okj-2","tag-okj-kepzesek","tag-okj-tanfolyamok","tag-okj-s-tanfolyam","tag-targonca","tag-targonca-jogositvany","tag-targonca-tanfolyam","tag-targonca-vizsga","tag-targoncakezelo","tag-targoncavezeto","tag-targoncavezeto-tanfolyam"],"aioseo_notices":[],"_links":{"self":[{"href":"https:\/\/www.transzportstudium.hu\/blog\/wp-json\/wp\/v2\/posts\/559","targetHints":{"allow":["GET"]}}],"collection":[{"href":"https:\/\/www.transzportstudium.hu\/blog\/wp-json\/wp\/v2\/posts"}],"about":[{"href":"https:\/\/www.transzportstudium.hu\/blog\/wp-json\/wp\/v2\/types\/post"}],"author":[{"embeddable":true,"href":"https:\/\/www.transzportstudium.hu\/blog\/wp-json\/wp\/v2\/users\/3"}],"replies":[{"embeddable":true,"href":"https:\/\/www.transzportstudium.hu\/blog\/wp-json\/wp\/v2\/comments?post=559"}],"version-history":[{"count":3,"href":"https:\/\/www.transzportstudium.hu\/blog\/wp-json\/wp\/v2\/posts\/559\/revisions"}],"predecessor-version":[{"id":590,"href":"https:\/\/www.transzportstudium.hu\/blog\/wp-json\/wp\/v2\/posts\/559\/revisions\/590"}],"wp:featuredmedia":[{"embeddable":true,"href":"https:\/\/www.transzportstudium.hu\/blog\/wp-json\/wp\/v2\/media\/589"}],"wp:attachment":[{"href":"https:\/\/www.transzportstudium.hu\/blog\/wp-json\/wp\/v2\/media?parent=559"}],"wp:term":[{"taxonomy":"category","embeddable":true,"href":"https:\/\/www.transzportstudium.hu\/blog\/wp-json\/wp\/v2\/categories?post=559"},{"taxonomy":"post_tag","embeddable":true,"href":"https:\/\/www.transzportstudium.hu\/blog\/wp-json\/wp\/v2\/tags?post=559"}],"curies":[{"name":"wp","href":"https:\/\/api.w.org\/{rel}","templated":true}]}}