{"id":553,"date":"2015-04-09T08:24:28","date_gmt":"2015-04-09T07:24:28","guid":{"rendered":"https:\/\/www.transzportstudium.hu\/blog\/?p=553"},"modified":"2015-04-09T13:39:20","modified_gmt":"2015-04-09T12:39:20","slug":"adr-tartanyos-alapkepzes","status":"publish","type":"post","link":"https:\/\/www.transzportstudium.hu\/blog\/2015\/04\/09\/adr-tartanyos-alapkepzes\/","title":{"rendered":"ADR tart\u00e1nyos alapk\u00e9pz\u00e9s"},"content":{"rendered":"<p>Ugye, ha m\u00e1r van <a title=\"ADR Nem-tart\u00e1nyos alapk\u00e9pz\u00e9s\" href=\"https:\/\/www.transzportstudium.hu\/tanfolyamok\/adr-tanfolyamok\/12_adr-nem-tartanyos-alapkepzes\">nem-tart\u00e1nyos alapk\u00e9pz\u00e9s<\/a>, azt v\u00e1rn\u00e1nk, hogy tart\u00e1nyos alapk\u00e9pz\u00e9s is legyen? A dolog enn\u00e9l egy picit bonyolultabb, itt az id\u0151, hogy rendet tegy\u00fcnk benne.<\/p>\n<div id=\"attachment_582\" style=\"width: 788px\" class=\"wp-caption aligncenter\"><img loading=\"lazy\" decoding=\"async\" aria-describedby=\"caption-attachment-582\" class=\"size-full wp-image-582\" src=\"https:\/\/www.transzportstudium.hu\/blog\/wp-content\/uploads\/2015\/04\/Tanker.jpg\" alt=\"ADR - Tart\u00e1nyos vesz\u00e9lyes \u00e1ru sz\u00e1ll\u00edt\u00e1s\" width=\"778\" height=\"433\" srcset=\"https:\/\/www.transzportstudium.hu\/blog\/wp-content\/uploads\/2015\/04\/Tanker.jpg 778w, https:\/\/www.transzportstudium.hu\/blog\/wp-content\/uploads\/2015\/04\/Tanker-300x166.jpg 300w\" sizes=\"auto, (max-width: 778px) 100vw, 778px\" \/><p id=\"caption-attachment-582\" class=\"wp-caption-text\">ADR &#8211; Tart\u00e1nyos vesz\u00e9lyes \u00e1ru sz\u00e1ll\u00edt\u00e1s<\/p><\/div>\n<h3><strong>Mely \u00e1rucsoportok sz\u00e1ll\u00edthat\u00f3ak tart\u00e1nyban?<\/strong><\/h3>\n<p>A szakos\u00edt\u00f3 \u00e9s kiterjeszt\u0151 tanfolyamok a 2. (g\u00e1zok), 3. (gy\u00fal\u00e9kony foly\u00e9kony anyagok), 5. (gy\u00fajt\u00f3 hat\u00e1s\u00fa (oxid\u00e1l\u00f3) anyagok, szerves peroxidok), 6.1 (m\u00e9rgez\u0151 anyagok), 8. (mar\u00f3 anyagok) \u00e9s 9. (k\u00fcl\u00f6nf\u00e9le vesz\u00e9lyes anyagok \u00e9s t\u00e1rgyak) \u00e1ruoszt\u00e1lyokra szerezhet\u0151 meg ig\u00e9ny szerinti \u00f6ssze\u00e1ll\u00edt\u00e1sban \u00e9s sorrendben.<\/p>\n<h3><strong>A tanfolyam, amely a tart\u00e1nyos sz\u00e1ll\u00edt\u00e1si munk\u00e1kat megalapozza<\/strong><\/h3>\n<p>A tart\u00e1nyos k\u00e9pz\u00e9sek k\u00f6z\u00fcl amit &#8222;alapk\u00e9pz\u00e9snek&#8221; nevezhetn\u00e9nk az az <a title=\"ADR Tart\u00e1nyos szakos\u00edt\u00f3\" href=\"https:\/\/www.transzportstudium.hu\/tanfolyamok\/adr-tanfolyamok\/29_adr-tartanyos-szakosito\"><strong>ADR tart\u00e1nyos szakos\u00edt\u00f3 tanfolyam<\/strong><\/a>. Ennek a tanfolyamnak az elv\u00e9gz\u00e9se azonban <strong>k\u00e9t felt\u00e9telhez is k\u00f6t\u00f6tt<\/strong>:<\/p>\n<ol>\n<li>A\u00a0jelentkez\u0151nek m\u00e1r birtok\u00e1ban van a nem tart\u00e1nyos alaptanfolyam elv\u00e9gz\u00e9s\u00e9r\u0151l sz\u00f3l\u00f3 bizony\u00edtv\u00e1ny (\u00e9s \u00e9rv\u00e9nyes is, azaz lej\u00e1rt ADR nem-tart\u00e1nyos bizony\u00edtv\u00e1nnyal nem lehet a tanfolyamot megkezdeni!),<\/li>\n<li>A\u00a0jelentkez\u0151 elv\u00e9gzett m\u00e1r egy tart\u00e1ny j\u00e1rm\u0171 tanfolyamot is (a Transzport Studiumn\u00e1l <a title=\"ADR Tart\u00e1ny j\u00e1rm\u0171 kezel\u00e9se\" href=\"https:\/\/www.transzportstudium.hu\/tanfolyamok\/adr-tanfolyamok\/26_adr-tartany-jarmu-kezelese\">ADR Tart\u00e1ny j\u00e1rm\u0171 kezel\u00e9se<\/a> elnevez\u00e9ssel).<\/li>\n<\/ol>\n<h3><strong>Szakos\u00edt\u00f3 tanfolyamok<\/strong><\/h3>\n<p>Teh\u00e1t a <strong>tart\u00e1nyos k\u00e9pz\u00e9sek minden fajt\u00e1j\u00e1t a nem-tart\u00e1nyos alapk\u00e9pz\u00e9s szakos\u00edt\u00f3jak\u00e9nt vagy kiterjeszt\u0151 tanfolyamak\u00e9nt tekinthetj\u00fck<\/strong>. A tart\u00e1nyos k\u00e9pz\u00e9sek a kiv\u00e1lasztott \u00e1ruoszt\u00e1lyokra v\u00e9gezhet\u0151ek el, az els\u0151 \u00e1rucsoport az &#8222;<a title=\"ADR Tart\u00e1nyos szakos\u00edt\u00f3\" href=\"https:\/\/www.transzportstudium.hu\/tanfolyamok\/adr-tanfolyamok\/29_adr-tartanyos-szakosito\">ADR tart\u00e1nyos szakos\u00edt\u00f3&#8221;<\/a>\u00a0tanfolyamon (ez tartalmazza a Tart\u00e1nyos \u00e1ltal\u00e1nos ismeretek tant\u00e1rgyat \u00e9s a kiv\u00e1lasztott \u00e1rucsoport Speci\u00e1lis ismereteit), a t\u00f6bbi az &#8222;<a title=\"ADR kiterjeszt\u00e9s m\u00e1s tart\u00e1nyos \u00e1rucsoportra\" href=\"https:\/\/www.transzportstudium.hu\/tanfolyamok\/adr-tanfolyamok\/31_adr-kiterjesztes-mas-tartanyos-arucsoportra\">ADR kiterjeszt\u00e9se m\u00e1s tart\u00e1nyos \u00e1rucsoportra&#8221;<\/a>\u00a0elnevez\u00e9s\u0171 tanfolyamon lehets\u00e9ges (ahol m\u00e1r csak az \u00e1rucsoportra vonatkoz\u00f3 Speci\u00e1lis ismereteit oktatjuk).<\/p>\n<h3><strong>Vizsg\u00e1k<\/strong><\/h3>\n<p>Az <a title=\"ADR Tart\u00e1nyos szakos\u00edt\u00f3 tanfolyamon\" href=\"https:\/\/www.transzportstudium.hu\/tanfolyamok\/adr-tanfolyamok\/29_adr-tartanyos-szakosito\">ADR Tart\u00e1nyos szakos\u00edt\u00f3 tanfolyamon<\/a> az \u00e1ltal\u00e1nos ismeretekb\u0151l \u00edr\u00e1sbeli teszt, az \u00e1ruoszt\u00e1lyokra vonatkoz\u00f3 szakismeretekb\u0151l \u00edr\u00e1sbeli \u00e9s gyakorlati <a title=\"Jelentkez\u00e9s\" href=\"https:\/\/www.transzportstudium.hu\/jelentkezesi-lap\/3_adr-tanfolyamok\">vizsga<\/a> is van. A kiterjeszt\u0151 tanfolyam \u00edr\u00e1sbeli \u00e9s gyakorlati vizsg\u00e1val z\u00e1rul, hiszen itt a kor\u00e1bban megszerzett bizony\u00edtv\u00e1ny \u00e9rv\u00e9nyess\u00e9g\u00e9nek kiterjeszt\u00e9se t\u00f6rt\u00e9nik \u00fajabb \u00e1rucsoportok szakismereteire \u00e9s ezek a tant\u00e1rgyak a szakos\u00edt\u00f3n is mindk\u00e9t fajta vizsg\u00e1t felt\u00e9telezt\u00e9k. <a title=\"Jelentkez\u00e9s\" href=\"https:\/\/www.transzportstudium.hu\/jelentkezesi-lap\/3_adr-tanfolyamok\">Jelentkezzen<\/a> m\u00e9g ma!<\/p>\n<!-- Begin Yuzo --><div class='yuzo_related_post style-2'  data-version='5.12.88'><!-- without result --><div class='yuzo_clearfixed yuzo__title yuzo__title'><h3>Hasonl\u00f3 cikkek<\/h3><\/div>\n\t\t\t\t\t\t<div class=\"relatedthumb yuzo-list  \" style=\"\"  >  \n\t\t\t\t\t\t  <a  href=\"https:\/\/www.transzportstudium.hu\/blog\/2019\/01\/31\/tanacsadas-felsofokon\/\" class=\"image-list\"  >\n\t\t\t\t\t\t  <div class=\"yuzo-img-wrap  ilen_shine \" style=\"width: 100px;height:65px;\">\n\t\t\t\t\t\t\t\t\t <span class='shine-effect'><\/span> \n\t\t\t\t\t\t\t\t\t <div class=\"yuzo-img\" style=\"background:url('https:\/\/www.transzportstudium.hu\/blog\/wp-content\/uploads\/2015\/06\/slide04-small-150x150.jpg') 50% 50% no-repeat;width: 105px;height:65px;margin-bottom: 5px;background-size:  cover;  \"><\/div>\n\t\t\t\t\t\t  <\/div>\n\t\t\t\t\t\t  <\/a>\n\t\t\t\t\t\t  <a  class=\"link-list yuzo__text--title\" href=\"https:\/\/www.transzportstudium.hu\/blog\/2019\/01\/31\/tanacsadas-felsofokon\/\" style=\"font-size:14px;;line-height:22px;\"> Tan\u00e1csad\u00e1s fels\u0151fokon  <\/a>\n\t\t\t\t\t\t\t\t<span class=\"yuzo_text\" style=\"font-size:10px;\" >Az eur\u00f3pai uni\u00f3s \u00e9s a hazai el\u0151\u00edr\u00e1soknak megfelel\u0151en 2003. janu\u00e1r 1-t\u0151l ADR biztons\u00e1gi tan\u00e1csad\u00f3t kell minden olyan v\u00e1llalkoz\u00e1sn\u00e1l alkalmazni, ahol ve...<\/span>\n\t\t\t\t\t\t   \n\t\t\t\t\t\t<\/div>\n\t\t\t\t\t\t<div class=\"relatedthumb yuzo-list  \" style=\"\"  >  \n\t\t\t\t\t\t  <a  href=\"https:\/\/www.transzportstudium.hu\/blog\/2014\/09\/01\/a-szemelyszallito-vallalkozoi-munka-elonyei\/\" class=\"image-list\"  >\n\t\t\t\t\t\t  <div class=\"yuzo-img-wrap  ilen_shine \" style=\"width: 100px;height:65px;\">\n\t\t\t\t\t\t\t\t\t <span class='shine-effect'><\/span> \n\t\t\t\t\t\t\t\t\t <div class=\"yuzo-img\" style=\"background:url('https:\/\/www.transzportstudium.hu\/blog\/wp-content\/uploads\/2014\/08\/airport-150x150.jpg') 50% 50% no-repeat;width: 105px;height:65px;margin-bottom: 5px;background-size:  cover;  \"><\/div>\n\t\t\t\t\t\t  <\/div>\n\t\t\t\t\t\t  <\/a>\n\t\t\t\t\t\t  <a  class=\"link-list yuzo__text--title\" href=\"https:\/\/www.transzportstudium.hu\/blog\/2014\/09\/01\/a-szemelyszallito-vallalkozoi-munka-elonyei\/\" style=\"font-size:14px;;line-height:22px;\"> A szem\u00e9lysz\u00e1ll\u00edt\u00f3 v\u00e1llalkoz\u00f3i munka el\u0151nyei  <\/a>\n\t\t\t\t\t\t\t\t<span class=\"yuzo_text\" style=\"font-size:10px;\" >Ha sz\u00edvesen, r\u00e9g\u00f3ta, felel\u0151ss\u00e9gteljesen \u00e9s balesetmentesen vezet, biztosan elgondolkozott m\u00e1r azon, hogy v\u00e1llalkoz\u00f3k\u00e9nt vagy saj\u00e1t c\u00e9get alap\u00edtva hiva...<\/span>\n\t\t\t\t\t\t   \n\t\t\t\t\t\t<\/div>\n\t\t\t\t\t\t<div class=\"relatedthumb yuzo-list  \" style=\"\"  >  \n\t\t\t\t\t\t  <a  href=\"https:\/\/www.transzportstudium.hu\/blog\/2019\/05\/28\/erettsegi-utani-kepzesek-3\/\" class=\"image-list\"  >\n\t\t\t\t\t\t  <div class=\"yuzo-img-wrap  ilen_shine \" style=\"width: 100px;height:65px;\">\n\t\t\t\t\t\t\t\t\t <span class='shine-effect'><\/span> \n\t\t\t\t\t\t\t\t\t <div class=\"yuzo-img\" style=\"background:url('https:\/\/www.transzportstudium.hu\/blog\/wp-content\/uploads\/2018\/09\/Transport-36_sml-150x150.jpg') 50% 50% no-repeat;width: 105px;height:65px;margin-bottom: 5px;background-size:  cover;  \"><\/div>\n\t\t\t\t\t\t  <\/div>\n\t\t\t\t\t\t  <\/a>\n\t\t\t\t\t\t  <a  class=\"link-list yuzo__text--title\" href=\"https:\/\/www.transzportstudium.hu\/blog\/2019\/05\/28\/erettsegi-utani-kepzesek-3\/\" style=\"font-size:14px;;line-height:22px;\"> \u00c9retts\u00e9gi ut\u00e1ni k\u00e9pz\u00e9sek  <\/a>\n\t\t\t\t\t\t\t\t<span class=\"yuzo_text\" style=\"font-size:10px;\" >A magyar oktat\u00e1snak \u00e9s a munkaer\u0151piacnak egyar\u00e1nt szembe kell n\u00e9znie azzal a probl\u00e9m\u00e1val, hogy mi lesz azokkal a di\u00e1kokkal, akik gimn\u00e1ziumi \u00e9retts\u00e9giv...<\/span>\n\t\t\t\t\t\t   \n\t\t\t\t\t\t<\/div>\n\t\t\t\t\t\t<div class=\"relatedthumb yuzo-list  \" style=\"\"  >  \n\t\t\t\t\t\t  <a  href=\"https:\/\/www.transzportstudium.hu\/blog\/2014\/09\/23\/a-veszelyes-aruk-adr-osztalyozasa\/\" class=\"image-list\"  >\n\t\t\t\t\t\t  <div class=\"yuzo-img-wrap  ilen_shine \" style=\"width: 100px;height:65px;\">\n\t\t\t\t\t\t\t\t\t <span class='shine-effect'><\/span> \n\t\t\t\t\t\t\t\t\t <div class=\"yuzo-img\" style=\"background:url('https:\/\/www.transzportstudium.hu\/blog\/wp-content\/uploads\/2014\/09\/3018695657_1d3b635293_o-150x150.jpg') 50% 50% no-repeat;width: 105px;height:65px;margin-bottom: 5px;background-size:  cover;  \"><\/div>\n\t\t\t\t\t\t  <\/div>\n\t\t\t\t\t\t  <\/a>\n\t\t\t\t\t\t  <a  class=\"link-list yuzo__text--title\" href=\"https:\/\/www.transzportstudium.hu\/blog\/2014\/09\/23\/a-veszelyes-aruk-adr-osztalyozasa\/\" style=\"font-size:14px;;line-height:22px;\"> A vesz\u00e9lyes \u00e1ruk ADR-oszt\u00e1lyoz\u00e1sa  <\/a>\n\t\t\t\t\t\t\t\t<span class=\"yuzo_text\" style=\"font-size:10px;\" >A vesz\u00e9lyes \u00e1runak \u2013 melynek sz\u00e1ll\u00edt\u00e1s\u00e1ra az ADR (a Vesz\u00e9lyes \u00c1ruk Sz\u00e1ll\u00edt\u00e1s\u00e1r\u00f3l sz\u00f3l\u00f3 Eur\u00f3pai Meg\u00e1llapod\u00e1s) Magyarorsz\u00e1gon 1979. \u00f3ta vonatkozik \u2013 azo...<\/span>\n\t\t\t\t\t\t   \n\t\t\t\t\t\t<\/div>\n<\/div>  <!-- End Yuzo :) -->","protected":false},"excerpt":{"rendered":"<p>Ugye, ha m\u00e1r van nem-tart\u00e1nyos alapk\u00e9pz\u00e9s, azt v\u00e1rn\u00e1nk, hogy tart\u00e1nyos alapk\u00e9pz\u00e9s is legyen? A dolog enn\u00e9l egy picit bonyolultabb, itt az id\u0151, hogy rendet tegy\u00fcnk benne. Mely \u00e1rucsoportok sz\u00e1ll\u00edthat\u00f3ak tart\u00e1nyban? A szakos\u00edt\u00f3 \u00e9s kiterjeszt\u0151&#46;&#46;&#46;<\/p>\n","protected":false},"author":3,"featured_media":582,"comment_status":"open","ping_status":"open","sticky":false,"template":"","format":"standard","meta":{"footnotes":""},"categories":[2],"tags":[224,149,174,71,72,56,177,19],"class_list":["post-553","post","type-post","status-publish","format-standard","has-post-thumbnail","hentry","category-adr","tag-adr","tag-adr-igazolvany","tag-adr-kepzes","tag-adr-tanfolyam","tag-adr-vizsga","tag-adr-osztaly","tag-szakosito","tag-tartanyos"],"aioseo_notices":[],"_links":{"self":[{"href":"https:\/\/www.transzportstudium.hu\/blog\/wp-json\/wp\/v2\/posts\/553","targetHints":{"allow":["GET"]}}],"collection":[{"href":"https:\/\/www.transzportstudium.hu\/blog\/wp-json\/wp\/v2\/posts"}],"about":[{"href":"https:\/\/www.transzportstudium.hu\/blog\/wp-json\/wp\/v2\/types\/post"}],"author":[{"embeddable":true,"href":"https:\/\/www.transzportstudium.hu\/blog\/wp-json\/wp\/v2\/users\/3"}],"replies":[{"embeddable":true,"href":"https:\/\/www.transzportstudium.hu\/blog\/wp-json\/wp\/v2\/comments?post=553"}],"version-history":[{"count":4,"href":"https:\/\/www.transzportstudium.hu\/blog\/wp-json\/wp\/v2\/posts\/553\/revisions"}],"predecessor-version":[{"id":583,"href":"https:\/\/www.transzportstudium.hu\/blog\/wp-json\/wp\/v2\/posts\/553\/revisions\/583"}],"wp:featuredmedia":[{"embeddable":true,"href":"https:\/\/www.transzportstudium.hu\/blog\/wp-json\/wp\/v2\/media\/582"}],"wp:attachment":[{"href":"https:\/\/www.transzportstudium.hu\/blog\/wp-json\/wp\/v2\/media?parent=553"}],"wp:term":[{"taxonomy":"category","embeddable":true,"href":"https:\/\/www.transzportstudium.hu\/blog\/wp-json\/wp\/v2\/categories?post=553"},{"taxonomy":"post_tag","embeddable":true,"href":"https:\/\/www.transzportstudium.hu\/blog\/wp-json\/wp\/v2\/tags?post=553"}],"curies":[{"name":"wp","href":"https:\/\/api.w.org\/{rel}","templated":true}]}}