{"id":546,"date":"2015-03-26T16:13:05","date_gmt":"2015-03-26T15:13:05","guid":{"rendered":"https:\/\/www.transzportstudium.hu\/blog\/?p=546"},"modified":"2015-03-26T16:35:18","modified_gmt":"2015-03-26T15:35:18","slug":"adr-nem-tartanyos-alapkepzes","status":"publish","type":"post","link":"https:\/\/www.transzportstudium.hu\/blog\/2015\/03\/26\/adr-nem-tartanyos-alapkepzes\/","title":{"rendered":"ADR nem-tart\u00e1nyos alapk\u00e9pz\u00e9s"},"content":{"rendered":"<h3><strong>A vesz\u00e9lyes \u00e1ru sz\u00e1ll\u00edt\u00e1s\u00e1ra vonatkoz\u00f3 oktat\u00e1s felt\u00e9telei<\/strong><\/h3>\n<p>A vesz\u00e9lyes \u00e1ruk sz\u00e1ll\u00edt\u00e1s\u00e1nak k\u00f6r\u00fclm\u00e9nyeir\u0151l sz\u00fcletett ADR meg\u00e1llapod\u00e1s (a francia \u201e<strong>A<\/strong>ccord europ\u00e9en relatif au transport international des marchandises <strong>d<\/strong>angereuses par <strong>r<\/strong>oute\u201d, azaz \u201eEur\u00f3pai egyezm\u00e9ny a vesz\u00e9lyes \u00e1ruk k\u00f6z\u00fati sz\u00e1ll\u00edt\u00e1s\u00e1r\u00f3l\u201d r\u00f6vid\u00edt\u00e9se) 8.2-es fejezete a <a title=\"ADR tanfolyamok\" href=\"https:\/\/www.transzportstudium.hu\/tanfolyamok#3-adr-tanfolyamok\">vesz\u00e9lyes \u00e1ruk sz\u00e1ll\u00edt\u00e1s\u00e1t v\u00e9gz\u0151 j\u00e1rm\u0171vezet\u0151k k\u00e9pz\u00e9s\u00e9r\u0151l<\/a> sz\u00f3l.<\/p>\n<p>Ennek a fejezetnek az el\u0151\u00edr\u00e1sai alapj\u00e1n k\u00e9sz\u00fclt el a <a title=\"ADR nem-tart\u00e1nyos alapk\u00e9pz\u00e9s\" href=\"https:\/\/www.transzportstudium.hu\/tanfolyamok\/adr-tanfolyamok\/12_adr-nem-tartanyos-alapkepzes\">nem tart\u00e1nyos alapk\u00e9pz\u00e9s<\/a> tanmenete. Ez a tanfolyam azok sz\u00e1m\u00e1ra javasolt, akik olyan fuvaroz\u00f3 j\u00e1rm\u0171vet k\u00edv\u00e1nnak majd vezetni, amely k\u00fcldem\u00e9nydarabos vagy \u00f6mlesztett sz\u00e1ll\u00edt\u00e1si m\u00f3dban tartalmazza a vesz\u00e9lyes \u00e1rukat.<\/p>\n<p>Az alapk\u00e9pz\u00e9s ut\u00e1n a szakmai v\u00e9gzetts\u00e9get <strong>\u00f6t \u00e9venk\u00e9nt<\/strong> <a title=\"ADR Nem-tart\u00e1nyos ismeretfel\u00faj\u00edt\u00f3\" href=\"https:\/\/www.transzportstudium.hu\/tanfolyamok\/adr-tanfolyamok\/27_adr-nem-tartanyos-ismeretfelujito\">fel\u00faj\u00edt\u00f3 tanfolyam<\/a> elv\u00e9gz\u00e9s\u00e9vel lehet meghosszabb\u00edtani. Abban az esetben, ha a bizony\u00edtv\u00e1ny tulajdonosa a hat\u00e1rid\u0151 lej\u00e1rta el\u0151tt nem v\u00e9gez el egy fel\u00faj\u00edt\u00f3 tanfolyamot \u00e9s tesz a v\u00e9g\u00e9n sikeres vizsg\u00e1t, nem folytathatja a vesz\u00e9lyes \u00e1ruk sz\u00e1ll\u00edt\u00e1s\u00e1t, illetve az ezeket fuvaroz\u00f3 g\u00e9pj\u00e1rm\u0171vek vezet\u00e9s\u00e9t.<\/p>\n<div id=\"attachment_353\" style=\"width: 950px\" class=\"wp-caption aligncenter\"><img loading=\"lazy\" decoding=\"async\" aria-describedby=\"caption-attachment-353\" class=\"size-full wp-image-353\" src=\"https:\/\/www.transzportstudium.hu\/blog\/wp-content\/uploads\/2014\/11\/dangerous.jpg\" alt=\"ADR tanfolyamok\" width=\"940\" height=\"332\" srcset=\"https:\/\/www.transzportstudium.hu\/blog\/wp-content\/uploads\/2014\/11\/dangerous.jpg 940w, https:\/\/www.transzportstudium.hu\/blog\/wp-content\/uploads\/2014\/11\/dangerous-300x105.jpg 300w\" sizes=\"auto, (max-width: 940px) 100vw, 940px\" \/><p id=\"caption-attachment-353\" class=\"wp-caption-text\">ADR tanfolyamok<\/p><\/div>\n<h3><strong>A tart\u00e1nyos \u00e9s nem tart\u00e1nyos sz\u00e1ll\u00edt\u00e1s k\u00fcl\u00f6nbs\u00e9gei<\/strong><\/h3>\n<p>Ebbe a k\u00f6rbe egy\u00e9rtelm\u0171en nem tartozik bele a <a title=\"ADR Tart\u00e1nyos szakos\u00edt\u00f3 tanfolyam\" href=\"https:\/\/www.transzportstudium.hu\/tanfolyamok\/adr-tanfolyamok\/29_adr-tartanyos-szakosito\">tart\u00e1nyos sz\u00e1ll\u00edt\u00e1si m\u00f3d<\/a>, amelyhez k\u00fcl\u00f6n k\u00e9pz\u00e9st szervez\u00fcnk a g\u00e9pj\u00e1rm\u0171vezet\u0151knek. A <a title=\"ADR nem-tart\u00e1nyos alapk\u00e9pz\u00e9s\" href=\"https:\/\/www.transzportstudium.hu\/tanfolyamok\/adr-tanfolyamok\/12_adr-nem-tartanyos-alapkepzes\">nem tart\u00e1nyos alapk\u00e9pz\u00e9sen<\/a> minden \u00e1ruoszt\u00e1ly vesz\u00e9lyes \u00e1ruinak sz\u00e1ll\u00edt\u00e1s\u00e1t megtanulj\u00e1k a hallgat\u00f3k, kiv\u00e9telt k\u00e9pez az 1-es (robban\u00f3 anyagok) \u00e9s a 7-es (sug\u00e1rz\u00f3 anyagok) \u00e1ruoszt\u00e1ly, amelynek ismeretanyaga a tart\u00e1nyos tanfolyam r\u00e9sz\u00e9t k\u00e9pezi.<\/p>\n<h3><strong>A tanfolyam elv\u00e9gz\u00e9s\u00e9nek felt\u00e9telei<\/strong><\/h3>\n<p>A <a title=\"Jelentkez\u00e9s - ADR tanfolyam\" href=\"https:\/\/www.transzportstudium.hu\/jelentkezesi-lap\/3_adr-tanfolyamok\">tanfolyamra t\u00f6rt\u00e9n\u0151 beiratkoz\u00e1s<\/a> felt\u00e9tele a <strong>bet\u00f6lt\u00f6tt 20. \u00e9let\u00e9v<\/strong>, illetve a <strong>legal\u00e1bb k\u00e9t \u00e9ve megszerzett B t\u00edpus\u00fa g\u00e9pj\u00e1rm\u0171vezet\u0151i jogos\u00edtv\u00e1ny<\/strong>.<\/p>\n<p>A tanfolyamon nem k\u00e9ret\u0151ek tant\u00e1rgyi felment\u00e9sek, \u00e9s az \u00f3r\u00e1kr\u00f3l t\u00f6rt\u00e9n\u0151 hi\u00e1nyz\u00e1s eset\u00e9n a hallgat\u00f3 nem bocs\u00e1jthat\u00f3 vizsg\u00e1ra!<\/p>\n<p>A tanfolyam h\u00e1rom napot vesz ig\u00e9nybe, a sikeres vizsga eset\u00e9n <strong>hat\u00f3s\u00e1gi bizony\u00edtv\u00e1nyt adunk<\/strong>. A tant\u00e1rgyak egy r\u00e9sze elm\u00e9leti (\u00e1ltal\u00e1nos \u00e9s speci\u00e1lis ismeretek), a t\u00f6bbi gyakorlati (gyakorlati I. \u00e9s II.) jelleg\u0171. Az elm\u00e9leti t\u00e1rgyakb\u00f3l \u00edr\u00e1sbeli vizsga, a gyakorlati oktat\u00e1sb\u00f3l gyakorlati vizsga van.<\/p>\n<!-- Begin Yuzo --><div class='yuzo_related_post style-2'  data-version='5.12.88'><!-- without result --><div class='yuzo_clearfixed yuzo__title yuzo__title'><h3>Hasonl\u00f3 cikkek<\/h3><\/div>\n\t\t\t\t\t\t<div class=\"relatedthumb yuzo-list  \" style=\"\"  >  \n\t\t\t\t\t\t  <a  href=\"https:\/\/www.transzportstudium.hu\/blog\/2016\/06\/28\/veszelyes-aruk-szallitasa\/\" class=\"image-list\"  >\n\t\t\t\t\t\t  <div class=\"yuzo-img-wrap  ilen_shine \" style=\"width: 100px;height:65px;\">\n\t\t\t\t\t\t\t\t\t <span class='shine-effect'><\/span> \n\t\t\t\t\t\t\t\t\t <div class=\"yuzo-img\" style=\"background:url('https:\/\/www.transzportstudium.hu\/blog\/wp-content\/uploads\/2016\/06\/51782895_l-150x150.jpg') 50% 50% no-repeat;width: 105px;height:65px;margin-bottom: 5px;background-size:  cover;  \"><\/div>\n\t\t\t\t\t\t  <\/div>\n\t\t\t\t\t\t  <\/a>\n\t\t\t\t\t\t  <a  class=\"link-list yuzo__text--title\" href=\"https:\/\/www.transzportstudium.hu\/blog\/2016\/06\/28\/veszelyes-aruk-szallitasa\/\" style=\"font-size:14px;;line-height:22px;\"> Vesz\u00e9lyes \u00e1ruk sz\u00e1ll\u00edt\u00e1sa  <\/a>\n\t\t\t\t\t\t\t\t<span class=\"yuzo_text\" style=\"font-size:10px;\" >A vesz\u00e9lyes \u00e1ruk sz\u00e1ll\u00edt\u00e1sa nem mindennapi k\u00f6r\u00fcltekint\u00e9st \u00e9s felk\u00e9sz\u00fclts\u00e9get ig\u00e9nyel a sof\u0151r\u00f6kt\u0151l, hiszen ezek az anyagok az eg\u00e9szs\u00e9gre \u00e1rtalmasak, \u00e9s...<\/span>\n\t\t\t\t\t\t   \n\t\t\t\t\t\t<\/div>\n\t\t\t\t\t\t<div class=\"relatedthumb yuzo-list  \" style=\"\"  >  \n\t\t\t\t\t\t  <a  href=\"https:\/\/www.transzportstudium.hu\/blog\/2019\/09\/05\/az-emelohatfal-vizsgarol\/\" class=\"image-list\"  >\n\t\t\t\t\t\t  <div class=\"yuzo-img-wrap  ilen_shine \" style=\"width: 100px;height:65px;\">\n\t\t\t\t\t\t\t\t\t <span class='shine-effect'><\/span> \n\t\t\t\t\t\t\t\t\t <div class=\"yuzo-img\" style=\"background:url('https:\/\/www.transzportstudium.hu\/blog\/wp-content\/uploads\/2019\/09\/ImJVshGA5d01mA-150x150.jpg') 50% 50% no-repeat;width: 105px;height:65px;margin-bottom: 5px;background-size:  cover;  \"><\/div>\n\t\t\t\t\t\t  <\/div>\n\t\t\t\t\t\t  <\/a>\n\t\t\t\t\t\t  <a  class=\"link-list yuzo__text--title\" href=\"https:\/\/www.transzportstudium.hu\/blog\/2019\/09\/05\/az-emelohatfal-vizsgarol\/\" style=\"font-size:14px;;line-height:22px;\"> Az emel\u0151h\u00e1tfal vizsg\u00e1r\u00f3l  <\/a>\n\t\t\t\t\t\t\t\t<span class=\"yuzo_text\" style=\"font-size:10px;\" >Az emel\u0151h\u00e1tfal vizsga mind\u00f6ssze egy napot vesz ig\u00e9nybe, felt\u00e9ve, ha valaki rendelkezik m\u00e1r emel\u0151g\u00e9pkezel\u0151 OKJ-s szakk\u00e9pes\u00edt\u00e9ssel, k\u00f6nny\u0171g\u00e9pkezel\u0151 vagy...<\/span>\n\t\t\t\t\t\t   \n\t\t\t\t\t\t<\/div>\n\t\t\t\t\t\t<div class=\"relatedthumb yuzo-list  \" style=\"\"  >  \n\t\t\t\t\t\t  <a  href=\"https:\/\/www.transzportstudium.hu\/blog\/2016\/02\/18\/adr-vizsga\/\" class=\"image-list\"  >\n\t\t\t\t\t\t  <div class=\"yuzo-img-wrap  ilen_shine \" style=\"width: 100px;height:65px;\">\n\t\t\t\t\t\t\t\t\t <span class='shine-effect'><\/span> \n\t\t\t\t\t\t\t\t\t <div class=\"yuzo-img\" style=\"background:url('https:\/\/www.transzportstudium.hu\/blog\/wp-content\/uploads\/2015\/12\/13655676_l-150x150.jpg') 50% 50% no-repeat;width: 105px;height:65px;margin-bottom: 5px;background-size:  cover;  \"><\/div>\n\t\t\t\t\t\t  <\/div>\n\t\t\t\t\t\t  <\/a>\n\t\t\t\t\t\t  <a  class=\"link-list yuzo__text--title\" href=\"https:\/\/www.transzportstudium.hu\/blog\/2016\/02\/18\/adr-vizsga\/\" style=\"font-size:14px;;line-height:22px;\"> ADR vizsga  <\/a>\n\t\t\t\t\t\t\t\t<span class=\"yuzo_text\" style=\"font-size:10px;\" >A vesz\u00e9lyes \u00e1ruk sz\u00e1ll\u00edt\u00e1s\u00e1t a g\u00e9pj\u00e1rm\u0171vezet\u0151 csak ADR vizsga birtok\u00e1ban v\u00e9gezheti. Az ADR vizsga megszerz\u00e9s\u00e9nek felt\u00e9tele pedig a megfelel\u0151 tanfolyam...<\/span>\n\t\t\t\t\t\t   \n\t\t\t\t\t\t<\/div>\n\t\t\t\t\t\t<div class=\"relatedthumb yuzo-list  \" style=\"\"  >  \n\t\t\t\t\t\t  <a  href=\"https:\/\/www.transzportstudium.hu\/blog\/2020\/02\/04\/tanulas-es-odafigyeles-a-targonca-vizsgarol\/\" class=\"image-list\"  >\n\t\t\t\t\t\t  <div class=\"yuzo-img-wrap  ilen_shine \" style=\"width: 100px;height:65px;\">\n\t\t\t\t\t\t\t\t\t <span class='shine-effect'><\/span> \n\t\t\t\t\t\t\t\t\t <div class=\"yuzo-img\" style=\"background:url('https:\/\/www.transzportstudium.hu\/blog\/wp-content\/uploads\/2020\/02\/maxresdefault-150x150.jpg') 50% 50% no-repeat;width: 105px;height:65px;margin-bottom: 5px;background-size:  cover;  \"><\/div>\n\t\t\t\t\t\t  <\/div>\n\t\t\t\t\t\t  <\/a>\n\t\t\t\t\t\t  <a  class=\"link-list yuzo__text--title\" href=\"https:\/\/www.transzportstudium.hu\/blog\/2020\/02\/04\/tanulas-es-odafigyeles-a-targonca-vizsgarol\/\" style=\"font-size:14px;;line-height:22px;\"> Tanul\u00e1s \u00e9s odafigyel\u00e9s \u2013 a targonca vizsg\u00e1r\u00f3...  <\/a>\n\t\t\t\t\t\t\t\t<span class=\"yuzo_text\" style=\"font-size:10px;\" >Targonca vizsg\u00e1t egy, kett\u0151 vagy ak\u00e1r h\u00e1rom g\u00e9pcsoportra is le lehet tenni, ezek a vezet\u0151\u00fcl\u00e9ses targonca, a vezet\u0151\u00e1ll\u00e1sos targonca \u00e9s a gyalogk\u00eds\u00e9ret\u0171...<\/span>\n\t\t\t\t\t\t   \n\t\t\t\t\t\t<\/div>\n<\/div>  <!-- End Yuzo :) -->","protected":false},"excerpt":{"rendered":"<p>A vesz\u00e9lyes \u00e1ru sz\u00e1ll\u00edt\u00e1s\u00e1ra vonatkoz\u00f3 oktat\u00e1s felt\u00e9telei A vesz\u00e9lyes \u00e1ruk sz\u00e1ll\u00edt\u00e1s\u00e1nak k\u00f6r\u00fclm\u00e9nyeir\u0151l sz\u00fcletett ADR meg\u00e1llapod\u00e1s (a francia \u201eAccord europ\u00e9en relatif au transport international des marchandises dangereuses par route\u201d, azaz \u201eEur\u00f3pai egyezm\u00e9ny a vesz\u00e9lyes \u00e1ruk&#46;&#46;&#46;<\/p>\n","protected":false},"author":3,"featured_media":353,"comment_status":"open","ping_status":"open","sticky":false,"template":"","format":"standard","meta":{"footnotes":""},"categories":[2],"tags":[224,149,174,173,71,72],"class_list":["post-546","post","type-post","status-publish","format-standard","has-post-thumbnail","hentry","category-adr","tag-adr","tag-adr-igazolvany","tag-adr-kepzes","tag-adr-nem-tartanyos","tag-adr-tanfolyam","tag-adr-vizsga"],"aioseo_notices":[],"_links":{"self":[{"href":"https:\/\/www.transzportstudium.hu\/blog\/wp-json\/wp\/v2\/posts\/546","targetHints":{"allow":["GET"]}}],"collection":[{"href":"https:\/\/www.transzportstudium.hu\/blog\/wp-json\/wp\/v2\/posts"}],"about":[{"href":"https:\/\/www.transzportstudium.hu\/blog\/wp-json\/wp\/v2\/types\/post"}],"author":[{"embeddable":true,"href":"https:\/\/www.transzportstudium.hu\/blog\/wp-json\/wp\/v2\/users\/3"}],"replies":[{"embeddable":true,"href":"https:\/\/www.transzportstudium.hu\/blog\/wp-json\/wp\/v2\/comments?post=546"}],"version-history":[{"count":1,"href":"https:\/\/www.transzportstudium.hu\/blog\/wp-json\/wp\/v2\/posts\/546\/revisions"}],"predecessor-version":[{"id":548,"href":"https:\/\/www.transzportstudium.hu\/blog\/wp-json\/wp\/v2\/posts\/546\/revisions\/548"}],"wp:featuredmedia":[{"embeddable":true,"href":"https:\/\/www.transzportstudium.hu\/blog\/wp-json\/wp\/v2\/media\/353"}],"wp:attachment":[{"href":"https:\/\/www.transzportstudium.hu\/blog\/wp-json\/wp\/v2\/media?parent=546"}],"wp:term":[{"taxonomy":"category","embeddable":true,"href":"https:\/\/www.transzportstudium.hu\/blog\/wp-json\/wp\/v2\/categories?post=546"},{"taxonomy":"post_tag","embeddable":true,"href":"https:\/\/www.transzportstudium.hu\/blog\/wp-json\/wp\/v2\/tags?post=546"}],"curies":[{"name":"wp","href":"https:\/\/api.w.org\/{rel}","templated":true}]}}