{"id":537,"date":"2015-03-19T08:33:02","date_gmt":"2015-03-19T07:33:02","guid":{"rendered":"https:\/\/www.transzportstudium.hu\/blog\/?p=537"},"modified":"2015-03-16T20:43:21","modified_gmt":"2015-03-16T19:43:21","slug":"mi-az-a-ro-la","status":"publish","type":"post","link":"https:\/\/www.transzportstudium.hu\/blog\/2015\/03\/19\/mi-az-a-ro-la\/","title":{"rendered":"Mi az a Ro-La?"},"content":{"rendered":"<p>A Ro-La vagy RoLa a n\u00e9met Rollende Landstrasse kifejez\u00e9s r\u00f6vid\u00edt\u00e9se, amely magyarul g\u00f6rd\u00fcl\u0151 orsz\u00e1gutat jelent. Kombin\u00e1lt sz\u00e1ll\u00edt\u00e1si m\u00f3d, amelynek c\u00e9lja a k\u00f6z\u00fati sz\u00e1ll\u00edt\u00e1s terheinek \u00e9s k\u00f6rnyezetk\u00e1ros\u00edt\u00f3 hat\u00e1sainak cs\u00f6kkent\u00e9se. A kombin\u00e1lt sz\u00e1ll\u00edt\u00e1si m\u00f3dok jellegzetess\u00e9ge, hogy a k\u00f6z\u00fati sz\u00e1ll\u00edt\u00f3j\u00e1rm\u00fa (vagy annak az a r\u00e9sze, amely a rakom\u00e1nyt mag\u00e1ba foglalja) m\u00e1sik, nem k\u00f6z\u00faton k\u00f6zleked\u0151 j\u00e1rm\u0171re (vonatra, haj\u00f3ra stb.) ker\u00fcl.<\/p>\n<p>A Ro-La eset\u00e9ben a teljes teheraut\u00f3szerelv\u00e9nyt rakj\u00e1k fel speci\u00e1lis vagonokra. A vas\u00fati szerelv\u00e9ny kiz\u00e1r\u00f3lag RoLa vagonokb\u00f3l \u00e9s egy k\u00eds\u00e9r\u0151kocsib\u00f3l \u00e1ll, amelyben a g\u00e9pkocsivezet\u0151k kapnak lehet\u0151s\u00e9get arra, hogy a vonat\u00fat alatt kipihenj\u00e9k magukat.<\/p>\n<div id=\"attachment_538\" style=\"width: 810px\" class=\"wp-caption aligncenter\"><img loading=\"lazy\" decoding=\"async\" aria-describedby=\"caption-attachment-538\" class=\"size-full wp-image-538\" src=\"https:\/\/www.transzportstudium.hu\/blog\/wp-content\/uploads\/2015\/03\/rollende-landstrasse-kurz-nach-dem-175761.jpg\" alt=\"Ro-La\" width=\"800\" height=\"559\" srcset=\"https:\/\/www.transzportstudium.hu\/blog\/wp-content\/uploads\/2015\/03\/rollende-landstrasse-kurz-nach-dem-175761.jpg 800w, https:\/\/www.transzportstudium.hu\/blog\/wp-content\/uploads\/2015\/03\/rollende-landstrasse-kurz-nach-dem-175761-300x209.jpg 300w\" sizes=\"auto, (max-width: 800px) 100vw, 800px\" \/><p id=\"caption-attachment-538\" class=\"wp-caption-text\">Ro-La<\/p><\/div>\n<p><strong>A Ro-La el\u0151nyei<\/strong><\/p>\n<p>Ha a k\u00f6z\u00fati fuvaroz\u00e1s forgalm\u00e1nak egy r\u00e9sz\u00e9t \u2013 legal\u00e1bb bizonyos szakaszokon \u2013 a vas\u00fatra terelik, azzal jelent\u0151s m\u00e9rt\u00e9kben cs\u00f6kkentik a k\u00f6zutak terhel\u00e9s\u00e9t, ez\u00e1ltal lass\u00edtj\u00e1k az amortiz\u00e1ci\u00f3t. Hatalmas \u00e9s s\u00falyos rakom\u00e1nyokkal terhelt j\u00e1rm\u0171vek tengelyterhel\u00e9se n\u00f6vekv\u0151 m\u00e9rt\u00e9kben j\u00e1rul hozz\u00e1 a k\u00f6zutak gyors elhaszn\u00e1l\u00f3d\u00e1s\u00e1hoz, illetve sok esetben a fel\u00faj\u00edt\u00e1s \u00e9s korszer\u0171s\u00edt\u00e9s sz\u00fcks\u00e9gess\u00e9g\u00e9t vetn\u00e9 fel. Ahol nincs erre p\u00e9nz, ott a k\u00f6z\u00fati forgalmat, vagy annak egy szegmens\u00e9t RoLa forgalomba v\u00e1ltj\u00e1k \u00e1t.<\/p>\n<p>Tov\u00e1bbi el\u0151nye, hogy a sof\u0151r \u00fagy t\u00f6ltheti el a pihen\u0151idej\u00e9t, hogy nem \u00e1ll k\u00f6zben (nincs id\u0151kies\u00e9s), alacsonyabb a k\u00f6rnyezetterhel\u00e9s, hiszen nincs emisszi\u00f3 a g\u00e9pj\u00e1rm\u0171vek r\u00e9sz\u00e9r\u0151l, nem lass\u00edtja a fuvart a k\u00f6zleked\u00e9si helyzet v\u00e1ltoz\u00e9konys\u00e1ga (pl. dug\u00f3k, balesetek), nem befoly\u00e1solja az id\u0151j\u00e1r\u00e1s, nem tartja fel a h\u00e9tv\u00e9gi kamion-stop \u00e9s konkr\u00e9tan a g\u00e9pj\u00e1rm\u0171veken vezet\u00e9si id\u0151t, kilom\u00e9tereket is meg lehet takar\u00edtani.<\/p>\n<p><strong>A Ro-La h\u00e1tr\u00e1nyai<\/strong><\/p>\n<p>Ennek a kombin\u00e1lt fuvaroz\u00e1si m\u00f3dnak az egyik legnagyobb h\u00e1tr\u00e1nya, hogy speci\u00e1lis vagonok sz\u00fcks\u00e9gesek hozz\u00e1, illetve a fel \u00e9s lerakod\u00e1s felt\u00e9tele a RoLa termin\u00e1l. Mindezek ki\u00e9p\u00edt\u00e9se \u00e9s beszerz\u00e9se rendk\u00edv\u00fcl dr\u00e1ga, tov\u00e1bb\u00e1 a RoLa vagonok igen \u00e9rz\u00e9kenyek a vas\u00fati p\u00e1lya hi\u00e1nyoss\u00e1gaira, k\u00f6nnyebben haszn\u00e1l\u00f3dnak el az \u00f3ri\u00e1si terhel\u00e9s alatt.<\/p>\n<p>Ennek megfelel\u0151en azon \u00e1llom\u00e1sok list\u00e1ja, amely ilyen vonatokat tud fogadni, illetve ind\u00edtani, korl\u00e1tozott, \u00e9s a fuvaroz\u00f3nak a fuvar megszervez\u00e9s\u00e9n\u00e9l ezek nyitva tart\u00e1s\u00e1hoz, a gy\u0171jt\u0151vonatok menetrendj\u00e9hez igazodnia kell.<\/p>\n<p>A RoLa sz\u00e1ll\u00edt\u00e1si m\u00f3dn\u00e1l a kamionok, teherg\u00e9pkocsik szerelv\u00e9nye tulajdonk\u00e9ppen holt-teher (nem is kev\u00e9s), amely f\u00f6l\u00f6slegesen utazik, ez\u00e9rt tal\u00e1lt\u00e1k ki azt a kombin\u00e1lt sz\u00e1ll\u00edt\u00e1si m\u00f3dszert, amelyn\u00e9l csak a p\u00f3tkocsikat, transzkont\u00e9nereket vagy kocsiszekr\u00e9nyeket teszik r\u00e1 a vonatra, \u00e9s a c\u00e9l\u00e1llom\u00e1son olyan szerelv\u00e9ny v\u00e1rja ezeket, amelyekre gond n\u00e9lk\u00fcl felhelyezhet\u0151ek.<\/p>\n<p>Iskol\u00e1nkban a <a title=\"GKI tanfolyamokon\" href=\"https:\/\/www.transzportstudium.hu\/tanfolyamok#1-gepkocsivezetoi-szaktanfolyamok-gki-tanfolyam\">GKI tanfolyamokon<\/a> tov\u00e1bbi fontos \u00e9s hasznos r\u00e9szleteket tudhat meg. <a title=\"Jelentkezzen m\u00e9g ma\" href=\"https:\/\/www.transzportstudium.hu\/jelentkezesi-lap\/1_gepkocsivezetoi-szaktanfolyamok-gki-tanfolyam\">Jelentkezzen m\u00e9g ma<\/a>!<\/p>\n<!-- Begin Yuzo --><div class='yuzo_related_post style-2'  data-version='5.12.88'><!-- without result --><div class='yuzo_clearfixed yuzo__title yuzo__title'><h3>Hasonl\u00f3 cikkek<\/h3><\/div>\n\t\t\t\t\t\t<div class=\"relatedthumb yuzo-list  \" style=\"\"  >  \n\t\t\t\t\t\t  <a  href=\"https:\/\/www.transzportstudium.hu\/blog\/2014\/07\/26\/erdemes-visszaternie-a-buszvezeto-szakmahoz\/\" class=\"image-list\"  >\n\t\t\t\t\t\t  <div class=\"yuzo-img-wrap  ilen_shine \" style=\"width: 100px;height:65px;\">\n\t\t\t\t\t\t\t\t\t <span class='shine-effect'><\/span> \n\t\t\t\t\t\t\t\t\t <div class=\"yuzo-img\" style=\"background:url('https:\/\/www.transzportstudium.hu\/blog\/wp-content\/uploads\/2014\/08\/maxresdefault-150x150.jpg') 50% 50% no-repeat;width: 105px;height:65px;margin-bottom: 5px;background-size:  cover;  \"><\/div>\n\t\t\t\t\t\t  <\/div>\n\t\t\t\t\t\t  <\/a>\n\t\t\t\t\t\t  <a  class=\"link-list yuzo__text--title\" href=\"https:\/\/www.transzportstudium.hu\/blog\/2014\/07\/26\/erdemes-visszaternie-a-buszvezeto-szakmahoz\/\" style=\"font-size:14px;;line-height:22px;\"> \u00c9rdemes visszat\u00e9rnie a buszvezet\u0151 szakm\u00e1hoz  <\/a>\n\t\t\t\t\t\t\t\t<span class=\"yuzo_text\" style=\"font-size:10px;\" >Kor\u00e1bban buszvezet\u0151k\u00e9nt dolgozott, de karriert v\u00e1ltott? Ha jelenlegi munkahely\u00e9vel valami\u00e9rt nem el\u00e9gedett, \u00e9s nemcsak a c\u00e9gt\u0151l, hanem a szakm\u00e1t\u00f3l is ...<\/span>\n\t\t\t\t\t\t   \n\t\t\t\t\t\t<\/div>\n\t\t\t\t\t\t<div class=\"relatedthumb yuzo-list  \" style=\"\"  >  \n\t\t\t\t\t\t  <a  href=\"https:\/\/www.transzportstudium.hu\/blog\/2015\/05\/05\/okj-s-targoncavezeto-tanfolyam-2\/\" class=\"image-list\"  >\n\t\t\t\t\t\t  <div class=\"yuzo-img-wrap  ilen_shine \" style=\"width: 100px;height:65px;\">\n\t\t\t\t\t\t\t\t\t <span class='shine-effect'><\/span> \n\t\t\t\t\t\t\t\t\t <div class=\"yuzo-img\" style=\"background:url('https:\/\/www.transzportstudium.hu\/blog\/wp-content\/uploads\/2015\/05\/kalmar-150x150.jpeg') 50% 50% no-repeat;width: 105px;height:65px;margin-bottom: 5px;background-size:  cover;  \"><\/div>\n\t\t\t\t\t\t  <\/div>\n\t\t\t\t\t\t  <\/a>\n\t\t\t\t\t\t  <a  class=\"link-list yuzo__text--title\" href=\"https:\/\/www.transzportstudium.hu\/blog\/2015\/05\/05\/okj-s-targoncavezeto-tanfolyam-2\/\" style=\"font-size:14px;;line-height:22px;\"> OKJ-s Targoncavezet\u0151 tanfolyam  <\/a>\n\t\t\t\t\t\t\t\t<span class=\"yuzo_text\" style=\"font-size:10px;\" >Ha megn\u00e9z\u00fcnk k\u00fcl\u00f6nf\u00e9le \u00f6ssze\u00e1ll\u00edt\u00e1sokat a hi\u00e1ny- \u00e9s sl\u00e1gerszakm\u00e1kr\u00f3l, \u00fajra azzal fogunk szembes\u00fclni, hogy a targoncavezet\u0151i szakma nagyon keresett vil...<\/span>\n\t\t\t\t\t\t   \n\t\t\t\t\t\t<\/div>\n\t\t\t\t\t\t<div class=\"relatedthumb yuzo-list  \" style=\"\"  >  \n\t\t\t\t\t\t  <a  href=\"https:\/\/www.transzportstudium.hu\/blog\/2016\/02\/09\/kulcs-a-sikerhez-vallalkozoi-kepzes\/\" class=\"image-list\"  >\n\t\t\t\t\t\t  <div class=\"yuzo-img-wrap  ilen_shine \" style=\"width: 100px;height:65px;\">\n\t\t\t\t\t\t\t\t\t <span class='shine-effect'><\/span> \n\t\t\t\t\t\t\t\t\t <div class=\"yuzo-img\" style=\"background:url('https:\/\/www.transzportstudium.hu\/blog\/wp-content\/uploads\/2015\/12\/13310115_l-150x150.jpg') 50% 50% no-repeat;width: 105px;height:65px;margin-bottom: 5px;background-size:  cover;  \"><\/div>\n\t\t\t\t\t\t  <\/div>\n\t\t\t\t\t\t  <\/a>\n\t\t\t\t\t\t  <a  class=\"link-list yuzo__text--title\" href=\"https:\/\/www.transzportstudium.hu\/blog\/2016\/02\/09\/kulcs-a-sikerhez-vallalkozoi-kepzes\/\" style=\"font-size:14px;;line-height:22px;\"> Kulcs a sikerhez: v\u00e1llalkoz\u00f3i k\u00e9pz\u00e9s  <\/a>\n\t\t\t\t\t\t\t\t<span class=\"yuzo_text\" style=\"font-size:10px;\" >Amikor az ember hossz\u00fa id\u0151n \u00e1t dolgozik egy c\u00e9g alkalmazottjak\u00e9nt, \u00e9s hatalmas tapasztalatra tesz szert, akkor felmer\u00fcl benne a k\u00e9rd\u00e9s, hogy mi\u00e9rt ne ...<\/span>\n\t\t\t\t\t\t   \n\t\t\t\t\t\t<\/div>\n\t\t\t\t\t\t<div class=\"relatedthumb yuzo-list  \" style=\"\"  >  \n\t\t\t\t\t\t  <a  href=\"https:\/\/www.transzportstudium.hu\/blog\/2015\/02\/24\/gki-tehergepkocsi-vezetoi-alapkepzes\/\" class=\"image-list\"  >\n\t\t\t\t\t\t  <div class=\"yuzo-img-wrap  ilen_shine \" style=\"width: 100px;height:65px;\">\n\t\t\t\t\t\t\t\t\t <span class='shine-effect'><\/span> \n\t\t\t\t\t\t\t\t\t <div class=\"yuzo-img\" style=\"background:url('https:\/\/www.transzportstudium.hu\/blog\/wp-content\/uploads\/2014\/08\/man-truck-test-drive-150x150.jpg') 50% 50% no-repeat;width: 105px;height:65px;margin-bottom: 5px;background-size:  cover;  \"><\/div>\n\t\t\t\t\t\t  <\/div>\n\t\t\t\t\t\t  <\/a>\n\t\t\t\t\t\t  <a  class=\"link-list yuzo__text--title\" href=\"https:\/\/www.transzportstudium.hu\/blog\/2015\/02\/24\/gki-tehergepkocsi-vezetoi-alapkepzes\/\" style=\"font-size:14px;;line-height:22px;\"> GKI teherg\u00e9pkocsi vezet\u0151i alapk\u00e9pz\u00e9s  <\/a>\n\t\t\t\t\t\t\t\t<span class=\"yuzo_text\" style=\"font-size:10px;\" >A teherg\u00e9pkocsi vezet\u0151i alapk\u00e9pz\u00e9s megszerz\u00e9s\u00e9re k\u00f6telezett minden, a k\u00f6z\u00fati k\u00f6zleked\u00e9sben r\u00e9szt venni sz\u00e1nd\u00e9koz\u00f3, C, C1, alapkateg\u00f3ri\u00e1j\u00fa vagy C+E, C1...<\/span>\n\t\t\t\t\t\t   \n\t\t\t\t\t\t<\/div>\n<\/div>  <!-- End Yuzo :) -->","protected":false},"excerpt":{"rendered":"<p>A Ro-La vagy RoLa a n\u00e9met Rollende Landstrasse kifejez\u00e9s r\u00f6vid\u00edt\u00e9se, amely magyarul g\u00f6rd\u00fcl\u0151 orsz\u00e1gutat jelent. Kombin\u00e1lt sz\u00e1ll\u00edt\u00e1si m\u00f3d, amelynek c\u00e9lja a k\u00f6z\u00fati sz\u00e1ll\u00edt\u00e1s terheinek \u00e9s k\u00f6rnyezetk\u00e1ros\u00edt\u00f3 hat\u00e1sainak cs\u00f6kkent\u00e9se. A kombin\u00e1lt sz\u00e1ll\u00edt\u00e1si m\u00f3dok jellegzetess\u00e9ge, hogy&#46;&#46;&#46;<\/p>\n","protected":false},"author":3,"featured_media":538,"comment_status":"open","ping_status":"open","sticky":false,"template":"","format":"standard","meta":{"footnotes":""},"categories":[3],"tags":[225,67,65,146,73,74,172,171],"class_list":["post-537","post","type-post","status-publish","format-standard","has-post-thumbnail","hentry","category-gki","tag-gki","tag-gki-igazolvany","tag-gki-kartya","tag-gki-kepzes","tag-gki-tanfolyam","tag-gki-vizsga","tag-ro-la","tag-rola"],"aioseo_notices":[],"_links":{"self":[{"href":"https:\/\/www.transzportstudium.hu\/blog\/wp-json\/wp\/v2\/posts\/537","targetHints":{"allow":["GET"]}}],"collection":[{"href":"https:\/\/www.transzportstudium.hu\/blog\/wp-json\/wp\/v2\/posts"}],"about":[{"href":"https:\/\/www.transzportstudium.hu\/blog\/wp-json\/wp\/v2\/types\/post"}],"author":[{"embeddable":true,"href":"https:\/\/www.transzportstudium.hu\/blog\/wp-json\/wp\/v2\/users\/3"}],"replies":[{"embeddable":true,"href":"https:\/\/www.transzportstudium.hu\/blog\/wp-json\/wp\/v2\/comments?post=537"}],"version-history":[{"count":1,"href":"https:\/\/www.transzportstudium.hu\/blog\/wp-json\/wp\/v2\/posts\/537\/revisions"}],"predecessor-version":[{"id":539,"href":"https:\/\/www.transzportstudium.hu\/blog\/wp-json\/wp\/v2\/posts\/537\/revisions\/539"}],"wp:featuredmedia":[{"embeddable":true,"href":"https:\/\/www.transzportstudium.hu\/blog\/wp-json\/wp\/v2\/media\/538"}],"wp:attachment":[{"href":"https:\/\/www.transzportstudium.hu\/blog\/wp-json\/wp\/v2\/media?parent=537"}],"wp:term":[{"taxonomy":"category","embeddable":true,"href":"https:\/\/www.transzportstudium.hu\/blog\/wp-json\/wp\/v2\/categories?post=537"},{"taxonomy":"post_tag","embeddable":true,"href":"https:\/\/www.transzportstudium.hu\/blog\/wp-json\/wp\/v2\/tags?post=537"}],"curies":[{"name":"wp","href":"https:\/\/api.w.org\/{rel}","templated":true}]}}