{"id":529,"date":"2015-03-24T09:05:44","date_gmt":"2015-03-24T08:05:44","guid":{"rendered":"https:\/\/www.transzportstudium.hu\/blog\/?p=529"},"modified":"2015-03-25T09:44:30","modified_gmt":"2015-03-25T08:44:30","slug":"mi-a-kulonbseg-a-vezeteskozi-szunet-es-a-piheno-fogalma-kozott","status":"publish","type":"post","link":"https:\/\/www.transzportstudium.hu\/blog\/2015\/03\/24\/mi-a-kulonbseg-a-vezeteskozi-szunet-es-a-piheno-fogalma-kozott\/","title":{"rendered":"Mi a k\u00fcl\u00f6nbs\u00e9g a vezet\u00e9sk\u00f6zi sz\u00fcnet \u00e9s a pihen\u0151 fogalma k\u00f6z\u00f6tt?"},"content":{"rendered":"<p>Ahhoz, hogy meg\u00e9rts\u00fck a pihen\u0151id\u0151 illetve vezet\u00e9sk\u00f6zi sz\u00fcnet szab\u00e1lyait, el\u0151sz\u00f6r vess\u00fcnk egy pillant\u00e1st a vezet\u00e9si id\u0151 \u00e9s a pihen\u00e9s szab\u00e1lyaira! A pihen\u00e9s \u00e9s vezet\u00e9s \u00f3r\u00e1inak dinamikus, \u00e9s szab\u00e1ly szerinti v\u00e1ltoz\u00e1s\u00e1t a <a title=\"Digit\u00e1lis tachogr\u00e1f kezel\u00e9s\u00e9re felk\u00e9sz\u00edt\u0151 tanfolyam\" href=\"https:\/\/www.transzportstudium.hu\/tanfolyamok\/gepkocsivezetoi-kiegeszito-kepzesek\/19_digitalis-tachograf-kezelesere-felkeszito-tanfolyam\">tachogr\u00e1ffal<\/a> felszerelt g\u00e9pj\u00e1rm\u0171vekben a m\u0171szer k\u00f6veti nyomon, s\u0151t betartatja a sof\u0151rrel az el\u0151\u00edr\u00e1sokat. \u00c9rdemes ezeket az el\u0151\u00edr\u00e1sokat pontosan \u00e9s behat\u00f3an ismerni, mert a hat\u00f3s\u00e1gok igen szigor\u00faak ezen a ter\u00fcleten, \u00e9s k\u00f6nnyen belefuthatunk egy b\u00fcntet\u00e9sbe vagy egy k\u00e9nyszerpihen\u0151be.<strong>\u00a0<\/strong>Ker\u00fclje el a kellemetlens\u00e9geket \u00e9s <a title=\"Jelentkez\u00e9s - GKI tanfolyam\" href=\"https:\/\/www.transzportstudium.hu\/jelentkezesi-lap\/1_gepkocsivezetoi-szaktanfolyamok-gki-tanfolyam\">jelentkezzen<\/a> m\u00e9g ma <a title=\"GKI tanfolyamok\" href=\"https:\/\/www.transzportstudium.hu\/tanfolyamok#5-gepkocsivezetoi-kiegeszito-kepzesek\">GKI tanfolyamainkra<\/a>, ahol a k\u00f6telez\u0151 dolgokon k\u00edv\u00fcl sz\u00e1mos hasznos\u00a0dolgot is megtanulhat!<\/p>\n<h3><strong>A vezet\u00e9s szab\u00e1lyai<\/strong><\/h3>\n<p>Egy sof\u0151r egy huzamban maximum 4 \u00e9s f\u00e9l \u00f3r\u00e1t vezethet pihen\u00e9s n\u00e9lk\u00fcl. Egy nap maximum 9 \u00f3r\u00e1t vezethet, ami hetente k\u00e9t alkalommal n\u00f6velhet\u0151 10 \u00f3r\u00e1ra. Egy h\u00e9t alatt az \u00f6sszes vezet\u00e9si id\u0151 nem haladhatja meg az 56, k\u00e9t h\u00e9t alatt a 90 \u00f3r\u00e1t.<\/p>\n<h3><strong>A vezet\u00e9s megszak\u00edt\u00e1s\u00e1nak szab\u00e1lyai<\/strong><\/h3>\n<p>Minden (maximum 4 \u00e9s f\u00e9l \u00f3r\u00e1s) vezet\u00e9si ciklus ut\u00e1n a sof\u0151rnek minimum 45 perces sz\u00fcnetet kell tartania. Ez az \u00fagynevezett vezet\u00e9sk\u00f6zi sz\u00fcnet k\u00e9t r\u00e9szre oszthat\u00f3: el\u0151sz\u00f6r egy 15 perces, majd egy 30 perces szakaszra bonthatjuk a 4 \u00e9s f\u00e9l \u00f3ra sor\u00e1n. A megszak\u00edt\u00e1s alatt a g\u00e9pkocsivezet\u0151 nem v\u00e9gezhet semmilyen munk\u00e1t, ez azt id\u0151 regener\u00e1l\u00f3d\u00e1sra szolg\u00e1l.<\/p>\n<div id=\"attachment_542\" style=\"width: 331px\" class=\"wp-caption aligncenter\"><img loading=\"lazy\" decoding=\"async\" aria-describedby=\"caption-attachment-542\" class=\"wp-image-542\" src=\"https:\/\/www.transzportstudium.hu\/blog\/wp-content\/uploads\/2015\/03\/forward-fold.jpg\" alt=\"Pihen\u0151id\u0151, felfriss\u00fcl\u00e9s\" width=\"321\" height=\"400\" srcset=\"https:\/\/www.transzportstudium.hu\/blog\/wp-content\/uploads\/2015\/03\/forward-fold.jpg 550w, https:\/\/www.transzportstudium.hu\/blog\/wp-content\/uploads\/2015\/03\/forward-fold-240x300.jpg 240w\" sizes=\"auto, (max-width: 321px) 100vw, 321px\" \/><p id=\"caption-attachment-542\" class=\"wp-caption-text\">Pihen\u0151id\u0151, felfriss\u00fcl\u00e9s<\/p><\/div>\n<h3><strong>A pihen\u00e9s szab\u00e1lyai<\/strong><\/h3>\n<p>A rendszeres napi pihen\u0151id\u0151 11 \u00f3ra\/nap. Ez a mennyis\u00e9g hetente h\u00e1romszor 9 \u00f3r\u00e1sra cs\u00f6kkenthet\u0151. Az elmaradt napi pihen\u0151id\u0151ket nem kell kompenz\u00e1lni, visszap\u00f3tolni! A rendszeres napi pihen\u0151id\u0151 is megtarthat\u00f3 k\u00e9t r\u00e9szben: egy 3 \u00f3r\u00e1s \u00e9s egy 9 \u00f3r\u00e1s pihen\u00e9si szakaszra bonthatjuk. A heti szinten sz\u00e1molt pihen\u0151id\u0151 45 \u00f3ra, amely k\u00e9thetente egyszer 24 \u00f3r\u00e1sra cs\u00f6kkenthet\u0151, amit a t\u00e1rgyhetet k\u00f6vet\u0151 h\u00e1rom h\u00e9ten bel\u00fcl kompenz\u00e1lni kell. A heti pihen\u0151id\u0151 kezd\u00e9s\u00e9vel kapcsolatban el\u0151\u00edr\u00e1s, hogy az el\u0151z\u0151 pihen\u0151id\u0151 v\u00e9g\u00e9t\u0151l sz\u00e1m\u00edtott \u2013 teherg\u00e9pkocsi vezet\u0151k eset\u00e9ben \u2013 6*24 \u00f3r\u00e1n bel\u00fcl, aut\u00f3buszvezet\u0151kn\u00e9l maximum 12*24 \u00f3r\u00e1t k\u00f6vet\u0151en meg kell kezdeni. A cs\u00f6kkent\u00e9s kompenz\u00e1ci\u00f3j\u00e1t egy cs\u00f6kkentett napi, 9 \u00f3r\u00e1s pihen\u0151id\u0151h\u00f6z is hozz\u00e1 lehet \u00a0kapcsolni \u00e9s egyben megtartani.<\/p>\n<h3><strong>\u00d6sszefoglal\u00e1s<\/strong><\/h3>\n<p>Teh\u00e1t a c\u00edmben feltett k\u00e9rd\u00e9sre az a v\u00e1lasz, hogy a vezet\u00e9sk\u00f6zi sz\u00fcnet 45 perces, k\u00e9t maximum 4 \u00e9s f\u00e9l \u00f3r\u00e1s vezet\u00e9si szakasz k\u00f6z\u00f6tti regener\u00e1l\u00f3d\u00e1sra szolg\u00e1l, nincs szabad rendelkez\u00e9se az id\u0151 felett a g\u00e9pkocsivezet\u0151nek, a k\u00e9szenl\u00e9t jellege miatt nem pihen\u0151 id\u0151. A pihen\u0151id\u0151 viszont a sof\u0151r munk\u00e1n k\u00edv\u00fcl t\u00f6lt\u00f6tt, alv\u00e1st \u00e9s felt\u00f6lt\u0151d\u00e9st szolg\u00e1l\u00f3 szabad rendelkez\u00e9s\u0171 ideje, de mindkett\u0151 minim\u00e1lis mennyis\u00e9ge t\u00f6rv\u00e9nyben maghat\u00e1rozott.\u00a0Ezt is \u00e9s m\u00e9g sok m\u00e1s fontos dolgot is megtanulnak hallgat\u00f3ink a <a title=\"GKI tanfolyamok\" href=\"https:\/\/www.transzportstudium.hu\/tanfolyamok#1-gepkocsivezetoi-szaktanfolyamok-gki-tanfolyam\">GKI tanfolyamokon<\/a>.\u00a0Legyen \u00d6n is hallgat\u00f3nk \u00e9s <a title=\"Jelentkez\u00e9s - G\u00e9pkocsivezet\u0151i szaktanfolyamok (GKI tanfolyam)\" href=\"https:\/\/www.transzportstudium.hu\/jelentkezesi-lap\/1_gepkocsivezetoi-szaktanfolyamok-gki-tanfolyam\">jelentkezzen<\/a> m\u00e9g ma!<\/p>\n<!-- Begin Yuzo --><div class='yuzo_related_post style-2'  data-version='5.12.88'><!-- without result --><div class='yuzo_clearfixed yuzo__title yuzo__title'><h3>Hasonl\u00f3 cikkek<\/h3><\/div>\n\t\t\t\t\t\t<div class=\"relatedthumb yuzo-list  \" style=\"\"  >  \n\t\t\t\t\t\t  <a  href=\"https:\/\/www.transzportstudium.hu\/blog\/2018\/03\/06\/taxisok-es-szemelygepkocsis-szemelyszallitok-figyelem-uj-hatarido\/\" class=\"image-list\"  >\n\t\t\t\t\t\t  <div class=\"yuzo-img-wrap  ilen_shine \" style=\"width: 100px;height:65px;\">\n\t\t\t\t\t\t\t\t\t <span class='shine-effect'><\/span> \n\t\t\t\t\t\t\t\t\t <div class=\"yuzo-img\" style=\"background:url('https:\/\/www.transzportstudium.hu\/blog\/wp-content\/uploads\/2018\/03\/Transport_06-150x150.jpg') 50% 50% no-repeat;width: 105px;height:65px;margin-bottom: 5px;background-size:  cover;  \"><\/div>\n\t\t\t\t\t\t  <\/div>\n\t\t\t\t\t\t  <\/a>\n\t\t\t\t\t\t  <a  class=\"link-list yuzo__text--title\" href=\"https:\/\/www.transzportstudium.hu\/blog\/2018\/03\/06\/taxisok-es-szemelygepkocsis-szemelyszallitok-figyelem-uj-hatarido\/\" style=\"font-size:14px;;line-height:22px;\"> Taxisok \u00e9s szem\u00e9lyg\u00e9pkocsis szem\u00e9lysz\u00e1ll\u00edt\u00f3k figye...  <\/a>\n\t\t\t\t\t\t\t\t<span class=\"yuzo_text\" style=\"font-size:10px;\" >A szem\u00e9lyg\u00e9pkocsival d\u00edj ellen\u00e9ben v\u00e9gzett k\u00f6z\u00fati szem\u00e9lysz\u00e1ll\u00edt\u00e1sr\u00f3l sz\u00f3l\u00f3 176\/2015. (VII. 7.) Korm. rendelet 2018. janu\u00e1r 1-j\u00e9vel meghosszabb\u00edtotta ...<\/span>\n\t\t\t\t\t\t   \n\t\t\t\t\t\t<\/div>\n\t\t\t\t\t\t<div class=\"relatedthumb yuzo-list  \" style=\"\"  >  \n\t\t\t\t\t\t  <a  href=\"https:\/\/www.transzportstudium.hu\/blog\/2019\/07\/14\/az-adr-vizsga-ararol\/\" class=\"image-list\"  >\n\t\t\t\t\t\t  <div class=\"yuzo-img-wrap  ilen_shine \" style=\"width: 100px;height:65px;\">\n\t\t\t\t\t\t\t\t\t <span class='shine-effect'><\/span> \n\t\t\t\t\t\t\t\t\t <div class=\"yuzo-img\" style=\"background:url('https:\/\/www.transzportstudium.hu\/blog\/wp-content\/uploads\/2019\/07\/corrosive-goods-tanker-150x150.jpg') 50% 50% no-repeat;width: 105px;height:65px;margin-bottom: 5px;background-size:  cover;  \"><\/div>\n\t\t\t\t\t\t  <\/div>\n\t\t\t\t\t\t  <\/a>\n\t\t\t\t\t\t  <a  class=\"link-list yuzo__text--title\" href=\"https:\/\/www.transzportstudium.hu\/blog\/2019\/07\/14\/az-adr-vizsga-ararol\/\" style=\"font-size:14px;;line-height:22px;\"> Az ADR vizsga \u00e1r\u00e1r\u00f3l  <\/a>\n\t\t\t\t\t\t\t\t<span class=\"yuzo_text\" style=\"font-size:10px;\" >A kiskereskedelemben folyamatos probl\u00e9mak\u00e9nt vagy ink\u00e1bb kih\u00edv\u00e1sk\u00e9nt jelentkezik, hogy mennyire \u00e1r-\u00e9rz\u00e9keny a magyar fogyaszt\u00f3. Ez azonban nem csak az...<\/span>\n\t\t\t\t\t\t   \n\t\t\t\t\t\t<\/div>\n\t\t\t\t\t\t<div class=\"relatedthumb yuzo-list  \" style=\"\"  >  \n\t\t\t\t\t\t  <a  href=\"https:\/\/www.transzportstudium.hu\/blog\/2019\/03\/28\/az-adr-oktatasrol\/\" class=\"image-list\"  >\n\t\t\t\t\t\t  <div class=\"yuzo-img-wrap  ilen_shine \" style=\"width: 100px;height:65px;\">\n\t\t\t\t\t\t\t\t\t <span class='shine-effect'><\/span> \n\t\t\t\t\t\t\t\t\t <div class=\"yuzo-img\" style=\"background:url('https:\/\/www.transzportstudium.hu\/blog\/wp-content\/uploads\/2018\/12\/otpad-kod-nas21-150x150.jpg') 50% 50% no-repeat;width: 105px;height:65px;margin-bottom: 5px;background-size:  cover;  \"><\/div>\n\t\t\t\t\t\t  <\/div>\n\t\t\t\t\t\t  <\/a>\n\t\t\t\t\t\t  <a  class=\"link-list yuzo__text--title\" href=\"https:\/\/www.transzportstudium.hu\/blog\/2019\/03\/28\/az-adr-oktatasrol\/\" style=\"font-size:14px;;line-height:22px;\"> Az ADR oktat\u00e1sr\u00f3l  <\/a>\n\t\t\t\t\t\t\t\t<span class=\"yuzo_text\" style=\"font-size:10px;\" >Mindenki \u00e9rintett, aki valamilyen form\u00e1ban r\u00e9szt vesz a sz\u00e1ll\u00edt\u00e1si folyamatban.\u00a0Mag\u00e1t az ADR egyezm\u00e9nyt m\u00e9g 1957-ben Genfben \u00edrt\u00e1k al\u00e1, de csak t\u00edz \u00e9v...<\/span>\n\t\t\t\t\t\t   \n\t\t\t\t\t\t<\/div>\n\t\t\t\t\t\t<div class=\"relatedthumb yuzo-list  \" style=\"\"  >  \n\t\t\t\t\t\t  <a  href=\"https:\/\/www.transzportstudium.hu\/blog\/2019\/07\/25\/adr-tanacsado-es-a-biztonsag\/\" class=\"image-list\"  >\n\t\t\t\t\t\t  <div class=\"yuzo-img-wrap  ilen_shine \" style=\"width: 100px;height:65px;\">\n\t\t\t\t\t\t\t\t\t <span class='shine-effect'><\/span> \n\t\t\t\t\t\t\t\t\t <div class=\"yuzo-img\" style=\"background:url('https:\/\/www.transzportstudium.hu\/blog\/wp-content\/uploads\/2019\/07\/11077223_831447090279943_2516466723172391038_n-150x150.jpg') 50% 50% no-repeat;width: 105px;height:65px;margin-bottom: 5px;background-size:  cover;  \"><\/div>\n\t\t\t\t\t\t  <\/div>\n\t\t\t\t\t\t  <\/a>\n\t\t\t\t\t\t  <a  class=\"link-list yuzo__text--title\" href=\"https:\/\/www.transzportstudium.hu\/blog\/2019\/07\/25\/adr-tanacsado-es-a-biztonsag\/\" style=\"font-size:14px;;line-height:22px;\"> ADR tan\u00e1csad\u00f3 \u00e9s a biztons\u00e1g  <\/a>\n\t\t\t\t\t\t\t\t<span class=\"yuzo_text\" style=\"font-size:10px;\" >A vesz\u00e9lyes \u00e1ru sz\u00e1ll\u00edt\u00e1s\u00e1nak a szab\u00e1lyoz\u00e1sa meglehet\u0151sen \u00f6sszetett \u00e9s bonyolult feladat, ez\u00e9rt van sz\u00fcks\u00e9g \u00e9s ez\u00e9rt k\u00f6telez\u0151 ADR tan\u00e1csad\u00f3t alkalmazn...<\/span>\n\t\t\t\t\t\t   \n\t\t\t\t\t\t<\/div>\n<\/div>  <!-- End Yuzo :) -->","protected":false},"excerpt":{"rendered":"<p>Ahhoz, hogy meg\u00e9rts\u00fck a pihen\u0151id\u0151 illetve vezet\u00e9sk\u00f6zi sz\u00fcnet szab\u00e1lyait, el\u0151sz\u00f6r vess\u00fcnk egy pillant\u00e1st a vezet\u00e9si id\u0151 \u00e9s a pihen\u00e9s szab\u00e1lyaira! A pihen\u00e9s \u00e9s vezet\u00e9s \u00f3r\u00e1inak dinamikus, \u00e9s szab\u00e1ly szerinti v\u00e1ltoz\u00e1s\u00e1t a tachogr\u00e1ffal felszerelt g\u00e9pj\u00e1rm\u0171vekben&#46;&#46;&#46;<\/p>\n","protected":false},"author":3,"featured_media":542,"comment_status":"open","ping_status":"open","sticky":false,"template":"","format":"standard","meta":{"footnotes":""},"categories":[3],"tags":[225,67,65,146,73,74],"class_list":["post-529","post","type-post","status-publish","format-standard","has-post-thumbnail","hentry","category-gki","tag-gki","tag-gki-igazolvany","tag-gki-kartya","tag-gki-kepzes","tag-gki-tanfolyam","tag-gki-vizsga"],"aioseo_notices":[],"_links":{"self":[{"href":"https:\/\/www.transzportstudium.hu\/blog\/wp-json\/wp\/v2\/posts\/529","targetHints":{"allow":["GET"]}}],"collection":[{"href":"https:\/\/www.transzportstudium.hu\/blog\/wp-json\/wp\/v2\/posts"}],"about":[{"href":"https:\/\/www.transzportstudium.hu\/blog\/wp-json\/wp\/v2\/types\/post"}],"author":[{"embeddable":true,"href":"https:\/\/www.transzportstudium.hu\/blog\/wp-json\/wp\/v2\/users\/3"}],"replies":[{"embeddable":true,"href":"https:\/\/www.transzportstudium.hu\/blog\/wp-json\/wp\/v2\/comments?post=529"}],"version-history":[{"count":4,"href":"https:\/\/www.transzportstudium.hu\/blog\/wp-json\/wp\/v2\/posts\/529\/revisions"}],"predecessor-version":[{"id":545,"href":"https:\/\/www.transzportstudium.hu\/blog\/wp-json\/wp\/v2\/posts\/529\/revisions\/545"}],"wp:featuredmedia":[{"embeddable":true,"href":"https:\/\/www.transzportstudium.hu\/blog\/wp-json\/wp\/v2\/media\/542"}],"wp:attachment":[{"href":"https:\/\/www.transzportstudium.hu\/blog\/wp-json\/wp\/v2\/media?parent=529"}],"wp:term":[{"taxonomy":"category","embeddable":true,"href":"https:\/\/www.transzportstudium.hu\/blog\/wp-json\/wp\/v2\/categories?post=529"},{"taxonomy":"post_tag","embeddable":true,"href":"https:\/\/www.transzportstudium.hu\/blog\/wp-json\/wp\/v2\/tags?post=529"}],"curies":[{"name":"wp","href":"https:\/\/api.w.org\/{rel}","templated":true}]}}