{"id":476,"date":"2015-02-12T08:40:28","date_gmt":"2015-02-12T07:40:28","guid":{"rendered":"https:\/\/www.transzportstudium.hu\/blog\/?p=476"},"modified":"2015-01-31T23:39:06","modified_gmt":"2015-01-31T22:39:06","slug":"ha-az-uj-vallalkozasunk-valasztott-tevekenysegehez-engedely-kell","status":"publish","type":"post","link":"https:\/\/www.transzportstudium.hu\/blog\/2015\/02\/12\/ha-az-uj-vallalkozasunk-valasztott-tevekenysegehez-engedely-kell\/","title":{"rendered":"Ha az \u00faj v\u00e1llalkoz\u00e1sunk v\u00e1lasztott tev\u00e9kenys\u00e9g\u00e9hez enged\u00e9ly kell"},"content":{"rendered":"<p>\u00c1ltal\u00e1ban miel\u0151tt v\u00e1llalkoz\u00e1st alap\u00edtunk, m\u00e1r j\u00f3el\u0151re kiv\u00e1lasztottuk annak tev\u00e9kenys\u00e9g\u00e9t. Sz\u00e1mos olyan tev\u00e9kenys\u00e9gi k\u00f6r l\u00e9tezik, amelyhez, ha v\u00e1llalkoz\u00e1st k\u00edv\u00e1nunk alap\u00edtani, annak k\u00fcl\u00f6nb\u00f6z\u0151 felt\u00e9telei vannak. Ilyen felt\u00e9telek p\u00e9ld\u00e1ul a k\u00fcl\u00f6nf\u00e9le hat\u00f3s\u00e1gokt\u00f3l el\u0151zetesen beszerzend\u0151 enged\u00e9lyek.<\/p>\n<div id=\"attachment_124\" style=\"width: 502px\" class=\"wp-caption aligncenter\"><img loading=\"lazy\" decoding=\"async\" aria-describedby=\"caption-attachment-124\" class=\"size-full wp-image-124\" src=\"https:\/\/www.transzportstudium.hu\/blog\/wp-content\/uploads\/2014\/08\/trucker_schools.jpg\" alt=\"V\u00e1llalkoz\u00f3i tanfolyamok\" width=\"492\" height=\"305\" srcset=\"https:\/\/www.transzportstudium.hu\/blog\/wp-content\/uploads\/2014\/08\/trucker_schools.jpg 492w, https:\/\/www.transzportstudium.hu\/blog\/wp-content\/uploads\/2014\/08\/trucker_schools-300x185.jpg 300w\" sizes=\"auto, (max-width: 492px) 100vw, 492px\" \/><p id=\"caption-attachment-124\" class=\"wp-caption-text\">V\u00e1llalkoz\u00f3i tanfolyamok<\/p><\/div>\n<h2><strong>Enged\u00e9lyk\u00f6teles v\u00e1llalkoz\u00e1sok<\/strong><\/h2>\n<p>Az enged\u00e9lyk\u00f6teles v\u00e1llalkoz\u00e1sok tev\u00e9kenys\u00e9geit hat nagy csoportba sorolhatjuk.<\/p>\n<ol>\n<li>koncesszi\u00f3k\u00f6teles tev\u00e9kenys\u00e9gek: kiz\u00e1r\u00f3lagos \u00e1llami vagy \u00f6nkorm\u00e1nyzati hat\u00e1sk\u00f6rbe utalt tev\u00e9kenys\u00e9gek<\/li>\n<li>hat\u00f3s\u00e1gi enged\u00e9lyhez k\u00f6t\u00f6tt tev\u00e9kenys\u00e9gek: alap\u00edt\u00e1s \u00e9s\/vagy tev\u00e9kenys\u00e9g gyakorl\u00e1s\u00e1hoz sz\u00fcks\u00e9ges enged\u00e9ly sz\u00fcks\u00e9ges<\/li>\n<li>k\u00e9pes\u00edt\u00e9shez k\u00f6t\u00f6tt tev\u00e9kenys\u00e9gek: a tev\u00e9kenys\u00e9g v\u00e9gz\u00e9s\u00e9hez szakmai k\u00e9pes\u00edt\u00e9s sz\u00fcks\u00e9ges<\/li>\n<li>form\u00e1hoz k\u00f6t\u00f6tt tev\u00e9kenys\u00e9gek: egyes tev\u00e9kenys\u00e9gek csak meghat\u00e1rozott gazdas\u00e1gi form\u00e1ban v\u00e9gezhet\u0151ek<\/li>\n<li>nyilv\u00e1ntart\u00e1sba v\u00e9telhez k\u00f6t\u00f6tt tev\u00e9kenys\u00e9gek: a gazdas\u00e1gi t\u00e1rsas\u00e1g m\u0171k\u00f6d\u00e9s\u00e9nek felt\u00e9tele meghat\u00e1rozott jegyz\u00e9kekben val\u00f3 nyilv\u00e1ntart\u00e1sba v\u00e9tel<\/li>\n<li>bejelent\u00e9shez k\u00f6t\u00f6tt tev\u00e9kenys\u00e9gek: a gazdas\u00e1gi t\u00e1rsas\u00e1g sz\u00e9khelye szerinti k\u00f6zigazgat\u00e1si szervhez kell a tev\u00e9kenys\u00e9get bejelenteni<\/li>\n<\/ol>\n<p><strong><em>Ezek k\u00f6z\u00fcl melyek vonatkozhatnak a k\u00f6z\u00fati sz\u00e1ll\u00edtm\u00e1nyoz\u00e1sban dolgoz\u00f3kra? (A lista nem teljes!)<\/em><\/strong><\/p>\n<p>Annak, aki olyan <a title=\"v\u00e1llalkoz\u00f3i tanfolyamok\" href=\"https:\/\/www.transzportstudium.hu\/tanfolyamok#2-vallalkozoi-szaktanfolyamok\">v\u00e1llalkoz\u00e1st<\/a> k\u00edv\u00e1n alap\u00edtani, amelynek f\u0151 tev\u00e9kenys\u00e9ge \u00e1ruk tov\u00e1bb\u00edt\u00e1sa d\u00edj ellen\u00e9ben bel- \u00e9s k\u00fclf\u00f6ld\u00f6n (az EU ter\u00fclet\u00e9n \u00e9s azon k\u00edv\u00fcl), annak <a title=\"\u00c1rufuvaroz\u00f3 v\u00e1llalkoz\u00f3 tanfolyamot\" href=\"https:\/\/www.transzportstudium.hu\/tanfolyamok\/vallalkozoi-szaktanfolyamok\/7_arufuvarozo-vallalkozo\">\u00c1rufuvaroz\u00f3 v\u00e1llalkoz\u00f3 tanfolyamot<\/a> kell v\u00e9geznie (szakk\u00e9pes\u00edt\u00e9shez k\u00f6t\u00f6tt tev\u00e9kenys\u00e9g).<\/p>\n<p>A <a title=\"vesz\u00e9lyes anyagok k\u00f6z\u00fati sz\u00e1ll\u00edt\u00e1s\u00e1hoz\" href=\"https:\/\/www.transzportstudium.hu\/tanfolyamok#3-adr-tanfolyamok\">vesz\u00e9lyes anyagok k\u00f6z\u00fati sz\u00e1ll\u00edt\u00e1s\u00e1hoz<\/a> a v\u00e1llalkoz\u00e1snak <a title=\"ADR biztons\u00e1gi tan\u00e1csad\u00f3\" href=\"https:\/\/www.transzportstudium.hu\/tanfolyamok\/adr-tanfolyamok\/34_adr-veszelyes-aru-szallitasi-biztonsagi-tanacsado\">ADR biztons\u00e1gi tan\u00e1csad\u00f3<\/a> k\u00e9pzetts\u00e9gr\u0151l sz\u00f3l\u00f3 bizony\u00edtv\u00e1nnyal rendelkez\u0151 szak\u00e9rt\u0151re van sz\u00fcks\u00e9ge, valamint ADR v\u00e9gzetts\u00e9g\u0171 g\u00e9pkocsivezet\u0151 sz\u00fcks\u00e9ges (k\u00e9pes\u00edt\u00e9shez k\u00f6t\u00f6tt tev\u00e9kenys\u00e9g).<\/p>\n<p>A 3,5 tonna feletti \u00f6sszt\u00f6meg\u0171 g\u00e9pj\u00e1rm\u0171vekkel fuvaroz\u00e1si tev\u00e9kenys\u00e9get v\u00e9gz\u0151 fuvaroz\u00f3 a m\u0171k\u00f6d\u00e9s\u00e9hez tev\u00e9kenys\u00e9gi enged\u00e9lyt k\u00f6teles kiv\u00e1ltani, amelyhez n\u00e9lk\u00fcl\u00f6zhetetlen, hogy a <a title=\"v\u00e1llalkoz\u00e1s\" href=\"https:\/\/www.transzportstudium.hu\/tanfolyamok#2-vallalkozoi-szaktanfolyamok\">v\u00e1llalkoz\u00e1s<\/a> teljes\u00edtse a 261\/2011. (XII. 7.) Korm. rendelet \u00e9s a\u00a0 <a title=\"261\/2011. (XII. 7.) Korm. rendelet\" href=\"http:\/\/net.jogtar.hu\/jr\/gen\/hjegy_doc.cgi?docid=A1100261.KOR\" target=\"_blank\">261\/2011. (XII. 7.) Korm. rendelet<\/a> el\u0151\u00edr\u00e1sait (hat\u00f3s\u00e1gi enged\u00e9lyhez k\u00f6t\u00f6tt tev\u00e9kenys\u00e9g).<\/p>\n<p>A vesz\u00e9lyes anyagok mozgat\u00e1s\u00e1hoz tev\u00e9kenys\u00e9gi \u00e9s forgalmaz\u00e1si enged\u00e9ly sz\u00fcks\u00e9ges, tov\u00e1bb\u00e1 a v\u00e1llalkoz\u00e1s tev\u00e9kenys\u00e9g\u00e9t be is kell jelenteni (hat\u00f3s\u00e1gi enged\u00e9lyhez k\u00f6t\u00f6tt tev\u00e9kenys\u00e9g, bejelent\u00e9shez k\u00f6t\u00f6tt tev\u00e9kenys\u00e9g).<\/p>\n<!-- Begin Yuzo --><div class='yuzo_related_post style-2'  data-version='5.12.88'><!-- without result --><div class='yuzo_clearfixed yuzo__title yuzo__title'><h3>Hasonl\u00f3 cikkek<\/h3><\/div>\n\t\t\t\t\t\t<div class=\"relatedthumb yuzo-list  \" style=\"\"  >  \n\t\t\t\t\t\t  <a  href=\"https:\/\/www.transzportstudium.hu\/blog\/2016\/04\/07\/az-elektromos-targoncak\/\" class=\"image-list\"  >\n\t\t\t\t\t\t  <div class=\"yuzo-img-wrap  ilen_shine \" style=\"width: 100px;height:65px;\">\n\t\t\t\t\t\t\t\t\t <span class='shine-effect'><\/span> \n\t\t\t\t\t\t\t\t\t <div class=\"yuzo-img\" style=\"background:url('https:\/\/www.transzportstudium.hu\/blog\/wp-content\/uploads\/2015\/12\/12874549_l-150x150.jpg') 50% 50% no-repeat;width: 105px;height:65px;margin-bottom: 5px;background-size:  cover;  \"><\/div>\n\t\t\t\t\t\t  <\/div>\n\t\t\t\t\t\t  <\/a>\n\t\t\t\t\t\t  <a  class=\"link-list yuzo__text--title\" href=\"https:\/\/www.transzportstudium.hu\/blog\/2016\/04\/07\/az-elektromos-targoncak\/\" style=\"font-size:14px;;line-height:22px;\"> Az elektromos targonc\u00e1k  <\/a>\n\t\t\t\t\t\t\t\t<span class=\"yuzo_text\" style=\"font-size:10px;\" >A targonc\u00e1kat a meghajt\u00e1suk alapj\u00e1n h\u00e1rom k\u00fcl\u00f6nf\u00e9le csoportba sorolhatjuk. Ennek megfelel\u0151en megk\u00fcl\u00f6nb\u00f6ztet\u00fcnk d\u00edzel, g\u00e1z\u00fczem\u0171, illetve elektromos tar...<\/span>\n\t\t\t\t\t\t   \n\t\t\t\t\t\t<\/div>\n\t\t\t\t\t\t<div class=\"relatedthumb yuzo-list  \" style=\"\"  >  \n\t\t\t\t\t\t  <a  href=\"https:\/\/www.transzportstudium.hu\/blog\/2015\/02\/24\/gki-tehergepkocsi-vezetoi-alapkepzes\/\" class=\"image-list\"  >\n\t\t\t\t\t\t  <div class=\"yuzo-img-wrap  ilen_shine \" style=\"width: 100px;height:65px;\">\n\t\t\t\t\t\t\t\t\t <span class='shine-effect'><\/span> \n\t\t\t\t\t\t\t\t\t <div class=\"yuzo-img\" style=\"background:url('https:\/\/www.transzportstudium.hu\/blog\/wp-content\/uploads\/2014\/08\/man-truck-test-drive-150x150.jpg') 50% 50% no-repeat;width: 105px;height:65px;margin-bottom: 5px;background-size:  cover;  \"><\/div>\n\t\t\t\t\t\t  <\/div>\n\t\t\t\t\t\t  <\/a>\n\t\t\t\t\t\t  <a  class=\"link-list yuzo__text--title\" href=\"https:\/\/www.transzportstudium.hu\/blog\/2015\/02\/24\/gki-tehergepkocsi-vezetoi-alapkepzes\/\" style=\"font-size:14px;;line-height:22px;\"> GKI teherg\u00e9pkocsi vezet\u0151i alapk\u00e9pz\u00e9s  <\/a>\n\t\t\t\t\t\t\t\t<span class=\"yuzo_text\" style=\"font-size:10px;\" >A teherg\u00e9pkocsi vezet\u0151i alapk\u00e9pz\u00e9s megszerz\u00e9s\u00e9re k\u00f6telezett minden, a k\u00f6z\u00fati k\u00f6zleked\u00e9sben r\u00e9szt venni sz\u00e1nd\u00e9koz\u00f3, C, C1, alapkateg\u00f3ri\u00e1j\u00fa vagy C+E, C1...<\/span>\n\t\t\t\t\t\t   \n\t\t\t\t\t\t<\/div>\n\t\t\t\t\t\t<div class=\"relatedthumb yuzo-list  \" style=\"\"  >  \n\t\t\t\t\t\t  <a  href=\"https:\/\/www.transzportstudium.hu\/blog\/2019\/07\/09\/csucson-a-targoncavezetoi-tanfolyam\/\" class=\"image-list\"  >\n\t\t\t\t\t\t  <div class=\"yuzo-img-wrap  ilen_shine \" style=\"width: 100px;height:65px;\">\n\t\t\t\t\t\t\t\t\t <span class='shine-effect'><\/span> \n\t\t\t\t\t\t\t\t\t <div class=\"yuzo-img\" style=\"background:url('https:\/\/www.transzportstudium.hu\/blog\/wp-content\/uploads\/2019\/07\/pexels-photo-1267338-150x150.jpeg') 50% 50% no-repeat;width: 105px;height:65px;margin-bottom: 5px;background-size:  cover;  \"><\/div>\n\t\t\t\t\t\t  <\/div>\n\t\t\t\t\t\t  <\/a>\n\t\t\t\t\t\t  <a  class=\"link-list yuzo__text--title\" href=\"https:\/\/www.transzportstudium.hu\/blog\/2019\/07\/09\/csucson-a-targoncavezetoi-tanfolyam\/\" style=\"font-size:14px;;line-height:22px;\"> Cs\u00facson a targoncavezet\u0151i tanfolyam  <\/a>\n\t\t\t\t\t\t\t\t<span class=\"yuzo_text\" style=\"font-size:10px;\" >Sokszor \u00edrtuk m\u00e1r, hogy az elm\u00falt \u00e9vekben, az OKJ-s k\u00e9pz\u00e9sek k\u00f6z\u00f6tt, mennyire kelend\u0151 lett a targoncavezet\u0151i tanfolyam \u00e9s ezzel egy\u00fctt, mennyire n\u00e9psz...<\/span>\n\t\t\t\t\t\t   \n\t\t\t\t\t\t<\/div>\n\t\t\t\t\t\t<div class=\"relatedthumb yuzo-list  \" style=\"\"  >  \n\t\t\t\t\t\t  <a  href=\"https:\/\/www.transzportstudium.hu\/blog\/2015\/03\/17\/mit-fontos-tudni-az-ekaer-rol\/\" class=\"image-list\"  >\n\t\t\t\t\t\t  <div class=\"yuzo-img-wrap  ilen_shine \" style=\"width: 100px;height:65px;\">\n\t\t\t\t\t\t\t\t\t <span class='shine-effect'><\/span> \n\t\t\t\t\t\t\t\t\t <div class=\"yuzo-img\" style=\"background:url('https:\/\/www.transzportstudium.hu\/blog\/wp-content\/uploads\/2015\/03\/ht2-150x150.jpg') 50% 50% no-repeat;width: 105px;height:65px;margin-bottom: 5px;background-size:  cover;  \"><\/div>\n\t\t\t\t\t\t  <\/div>\n\t\t\t\t\t\t  <\/a>\n\t\t\t\t\t\t  <a  class=\"link-list yuzo__text--title\" href=\"https:\/\/www.transzportstudium.hu\/blog\/2015\/03\/17\/mit-fontos-tudni-az-ekaer-rol\/\" style=\"font-size:14px;;line-height:22px;\"> Mit fontos tudni az EK\u00c1ER-r\u0151l?  <\/a>\n\t\t\t\t\t\t\t\t<span class=\"yuzo_text\" style=\"font-size:10px;\" >2014-ben fogadta el az Orsz\u00e1ggy\u0171l\u00e9s az ad\u00f3t\u00f6rv\u00e9ny azon m\u00f3dos\u00edt\u00e1sait, amelyek a gazdas\u00e1g feh\u00e9r\u00edt\u00e9s\u00e9t szolg\u00e1lj\u00e1k. Ezek k\u00f6z\u00f6tt kiemelt szerepet t\u00f6lt be a...<\/span>\n\t\t\t\t\t\t   \n\t\t\t\t\t\t<\/div>\n<\/div>  <!-- End Yuzo :) -->","protected":false},"excerpt":{"rendered":"<p>\u00c1ltal\u00e1ban miel\u0151tt v\u00e1llalkoz\u00e1st alap\u00edtunk, m\u00e1r j\u00f3el\u0151re kiv\u00e1lasztottuk annak tev\u00e9kenys\u00e9g\u00e9t. Sz\u00e1mos olyan tev\u00e9kenys\u00e9gi k\u00f6r l\u00e9tezik, amelyhez, ha v\u00e1llalkoz\u00e1st k\u00edv\u00e1nunk alap\u00edtani, annak k\u00fcl\u00f6nb\u00f6z\u0151 felt\u00e9telei vannak. Ilyen felt\u00e9telek p\u00e9ld\u00e1ul a k\u00fcl\u00f6nf\u00e9le hat\u00f3s\u00e1gokt\u00f3l el\u0151zetesen beszerzend\u0151 enged\u00e9lyek. Enged\u00e9lyk\u00f6teles v\u00e1llalkoz\u00e1sok&#46;&#46;&#46;<\/p>\n","protected":false},"author":3,"featured_media":124,"comment_status":"open","ping_status":"open","sticky":false,"template":"","format":"standard","meta":{"footnotes":""},"categories":[4],"tags":[224,150,47,23,153,85,154,45,49],"class_list":["post-476","post","type-post","status-publish","format-standard","has-post-thumbnail","hentry","category-vallalkozoi-vilag","tag-adr","tag-arufuvarozas","tag-arufuvarozo-vallalkozo","tag-biztonsagi-tanacsado","tag-engedely","tag-eu","tag-tevekenyseg","tag-vallalkozoi-kepzes","tag-vallalkozoi-tanfolyam"],"aioseo_notices":[],"_links":{"self":[{"href":"https:\/\/www.transzportstudium.hu\/blog\/wp-json\/wp\/v2\/posts\/476","targetHints":{"allow":["GET"]}}],"collection":[{"href":"https:\/\/www.transzportstudium.hu\/blog\/wp-json\/wp\/v2\/posts"}],"about":[{"href":"https:\/\/www.transzportstudium.hu\/blog\/wp-json\/wp\/v2\/types\/post"}],"author":[{"embeddable":true,"href":"https:\/\/www.transzportstudium.hu\/blog\/wp-json\/wp\/v2\/users\/3"}],"replies":[{"embeddable":true,"href":"https:\/\/www.transzportstudium.hu\/blog\/wp-json\/wp\/v2\/comments?post=476"}],"version-history":[{"count":3,"href":"https:\/\/www.transzportstudium.hu\/blog\/wp-json\/wp\/v2\/posts\/476\/revisions"}],"predecessor-version":[{"id":479,"href":"https:\/\/www.transzportstudium.hu\/blog\/wp-json\/wp\/v2\/posts\/476\/revisions\/479"}],"wp:featuredmedia":[{"embeddable":true,"href":"https:\/\/www.transzportstudium.hu\/blog\/wp-json\/wp\/v2\/media\/124"}],"wp:attachment":[{"href":"https:\/\/www.transzportstudium.hu\/blog\/wp-json\/wp\/v2\/media?parent=476"}],"wp:term":[{"taxonomy":"category","embeddable":true,"href":"https:\/\/www.transzportstudium.hu\/blog\/wp-json\/wp\/v2\/categories?post=476"},{"taxonomy":"post_tag","embeddable":true,"href":"https:\/\/www.transzportstudium.hu\/blog\/wp-json\/wp\/v2\/tags?post=476"}],"curies":[{"name":"wp","href":"https:\/\/api.w.org\/{rel}","templated":true}]}}