{"id":449,"date":"2015-01-29T09:17:14","date_gmt":"2015-01-29T08:17:14","guid":{"rendered":"https:\/\/www.transzportstudium.hu\/blog\/?p=449"},"modified":"2015-01-07T19:23:56","modified_gmt":"2015-01-07T18:23:56","slug":"arufuvarozas-az-eu-ban-35-t-nal-nagyobb-jarmuvekkel","status":"publish","type":"post","link":"https:\/\/www.transzportstudium.hu\/blog\/2015\/01\/29\/arufuvarozas-az-eu-ban-35-t-nal-nagyobb-jarmuvekkel\/","title":{"rendered":"\u00c1rufuvaroz\u00e1s az EU-ban 3,5 t-n\u00e1l nagyobb j\u00e1rm\u0171vekkel"},"content":{"rendered":"<h2><strong>K\u00f6z\u00fati \u00e1rutov\u00e1bb\u00edt\u00e1si enged\u00e9ly<\/strong><\/h2>\n<p>A <a title=\"261\/2011. (XII. 7.) Korm. rendelet\" href=\"http:\/\/net.jogtar.hu\/jr\/gen\/hjegy_doc.cgi?docid=A1100261.KOR\" target=\"_blank\">261\/2011. (XII. 7.) Korm. rendelet<\/a> rendelet hat\u00e1lya al\u00e1 t\u00f6bbek k\u00f6z\u00f6tt a 3,5 tonna \u00f6sszt\u00f6meget meghalad\u00f3 g\u00e9pj\u00e1rm\u0171vek, illetve a vel\u00fck folytatott sz\u00e1ll\u00edtm\u00e1nyoz\u00e1si tev\u00e9kenys\u00e9g tartozik. A hat\u00e1r\u00e9rt\u00e9ket meghalad\u00f3 m\u00e9ret\u0171 j\u00e1rm\u0171vekkel v\u00e9gzett \u00fczleti tev\u00e9kenys\u00e9g (d\u00edj ellen\u00e9ben v\u00e9gzett k\u00f6z\u00fati \u00e1rusz\u00e1ll\u00edt\u00e1s) folytat\u00e1s\u00e1hoz az EU ter\u00fclet\u00e9n k\u00f6z\u00fati \u00e1rutov\u00e1bb\u00edt\u00e1si enged\u00e9ly sz\u00fcks\u00e9ges.<\/p>\n<p>A k\u00f6z\u00fati \u00e1rutov\u00e1bb\u00edt\u00e1si enged\u00e9lyt \u2013 ak\u00e1r belf\u00f6ldi, ak\u00e1r nemzetk\u00f6zi forgalomban \u2013 a magyar k\u00f6zleked\u00e9si hat\u00f3s\u00e1g bocs\u00e1jtja ki a magyarorsz\u00e1gi sz\u00e9khellyel rendelkez\u0151 v\u00e1llalkoz\u00e1s sz\u00e1m\u00e1ra.<\/p>\n<p>A tev\u00e9kenys\u00e9gi enged\u00e9lyt (\u00e9s a sz\u00fcks\u00e9ges enged\u00e9lykivonatokat) a k\u00f6z\u00fati hat\u00f3s\u00e1g a fuvaroz\u00f3 k\u00e9r\u00e9s\u00e9re \u00e1ll\u00edtja ki, abban az esetben, ha a a v\u00e1llalkoz\u00e1s teljes\u00edti a <a href=\"http:\/\/net.jogtar.hu\/jr\/gen\/hjegy_doc.cgi?docid=A1100261.KOR\" target=\"_blank\">261\/2011. (XII. 7.) Korm. rendelet<\/a>\u00a0el\u0151\u00edr\u00e1sait.<\/p>\n<div id=\"attachment_122\" style=\"width: 634px\" class=\"wp-caption aligncenter\"><img loading=\"lazy\" decoding=\"async\" aria-describedby=\"caption-attachment-122\" class=\"size-full wp-image-122\" src=\"https:\/\/www.transzportstudium.hu\/blog\/wp-content\/uploads\/2014\/08\/p017gb1f.jpg\" alt=\"V\u00e1llalkoz\u00f3i tanfolyam\" width=\"624\" height=\"351\" srcset=\"https:\/\/www.transzportstudium.hu\/blog\/wp-content\/uploads\/2014\/08\/p017gb1f.jpg 624w, https:\/\/www.transzportstudium.hu\/blog\/wp-content\/uploads\/2014\/08\/p017gb1f-300x168.jpg 300w\" sizes=\"auto, (max-width: 624px) 100vw, 624px\" \/><p id=\"caption-attachment-122\" class=\"wp-caption-text\">V\u00e1llalkoz\u00f3i tanfolyam<\/p><\/div>\n<p>A tev\u00e9kenys\u00e9gi enged\u00e9ly ki\u00e1ll\u00edt\u00e1s\u00e1nak felt\u00e9tele a v\u00e1llalkoz\u00e1s, a v\u00e1llalkoz\u00e1s vezet\u0151j\u00e9nek, szakmai ir\u00e1ny\u00edt\u00f3j\u00e1nak j\u00f3 h\u00edrneve (erk\u00f6lcsi bizony\u00edtv\u00e1nyok sz\u00fcks\u00e9gesek az ig\u00e9nyl\u00e9shez mind a vezet\u0151, mind a szakmai ir\u00e1ny\u00edt\u00f3(k) r\u00e9sz\u00e9r\u0151l), a megfelel\u0151 gazdas\u00e1gi h\u00e1tt\u00e9r (nincs k\u00f6ztartoz\u00e1s) \u00e9s vagyon (vagyoni igazol\u00e1s sz\u00fcks\u00e9ges, a v\u00e1llalkoz\u00e1s \u00f6sszes sz\u00e1ll\u00edtm\u00e1nyoz\u00f3 j\u00e1rm\u0171v\u00e9t bele\u00e9rtve).<\/p>\n<p>A tev\u00e9kenys\u00e9gi enged\u00e9ly kiv\u00e1lt\u00e1s\u00e1hoz v\u00e1llalkoz\u00f3i vizsgabizony\u00edtv\u00e1ny is sz\u00fcks\u00e9ges, amely <a title=\"\u00c1rufuvaroz\u00f3 V\u00e1llalkoz\u00f3 szaktanfolyam\" href=\"https:\/\/www.transzportstudium.hu\/tanfolyamok\/vallalkozoi-szaktanfolyamok\/7_arufuvarozo-vallalkozo\">\u00c1rufuvaroz\u00f3 V\u00e1llalkoz\u00f3 szaktanfolyam<\/a> elv\u00e9gz\u00e9s\u00e9t tan\u00fas\u00edtja. A k\u00e9pes\u00edt\u00e9s 10 \u00e9vre \u00e9rv\u00e9nyes, a meg\u00faj\u00edt\u00e1sa <a title=\"\u00c1rufuvaroz\u00f3 V\u00e1llalkoz\u00f3 ismeretfel\u00faj\u00edt\u00f3 tanfolyam\" href=\"https:\/\/www.transzportstudium.hu\/tanfolyamok\/vallalkozoi-szaktanfolyamok\/8_arufuvarozo-vallalkozo-ismeretfelujito\">\u00c1rufuvaroz\u00f3 V\u00e1llalkoz\u00f3 ismeretfel\u00faj\u00edt\u00f3 tanfolyam<\/a> elv\u00e9gz\u00e9se ut\u00e1n lehets\u00e9ges. A tanfolyamoknak nincs elv\u00e9gz\u00e9si felt\u00e9tele.<\/p>\n<p>Ha a sz\u00e1ll\u00edtm\u00e1nyoz\u00f3 flott\u00e1j\u00e1ban egy\u00e9bk\u00e9nt kisebb \u00f6sszt\u00f6meg\u0171 j\u00e1rm\u0171vek vannak, de legal\u00e1bb egy 3,5 tonna felettivel rendelkezik, akkor mindegyik j\u00e1rm\u0171re vonatkozik a bejelent\u00e9si k\u00f6telezetts\u00e9g, illetve minden j\u00e1rm\u0171re a Korm\u00e1nyrendelet 3,5 tonna \u00f6sszt\u00f6meg feletti sz\u00e1ll\u00edt\u00f3j\u00e1rm\u0171vekre vonatkoz\u00f3 el\u0151\u00edr\u00e1sait kell alkalmazni.<\/p>\n<p>2013-t\u00f3l jelent\u0151s v\u00e1ltoz\u00e1s az is, hogy 3,5 t \u00f6sszt\u00f6meg felett a sz\u00e1ll\u00edt\u00e1st v\u00e9gz\u0151 j\u00e1rm\u0171vekre is k\u00f6telez\u0151 beszerezni a\u00a0&#8222;saj\u00e1tsz\u00e1ml\u00e1s sz\u00e1ll\u00edt\u00e1si enged\u00e9ly&#8221;-t, az okm\u00e1ny n\u00e9lk\u00fcl nem k\u00f6zlekedhet nagyobb sz\u00e1ll\u00edt\u00f3 teherg\u00e9pj\u00e1rm\u0171 a k\u00f6z\u00faton.<\/p>\n<h2><strong>V\u00e1ltoz\u00e1s a k\u00f6z\u00fati \u00e1rusz\u00e1ll\u00edt\u00e1sban az EU-ban 2015 janu\u00e1r 1-t\u0151l<\/strong><\/h2>\n<p>Ez \u00e9v elej\u00e9t\u0151l mindenf\u00e9le EU-n bel\u00fcli \u00e1rumozgat\u00e1st el\u0151re fel kell vezetni az <a title=\"EK\u00c1ER\" href=\"http:\/\/ekaer.hu\/\" target=\"_blank\">EK\u00c1ER<\/a> (Elektronikus K\u00f6z\u00fati \u00c1ruforgalom Ellen\u0151rz\u0151 Rendszer) adminisztr\u00e1ci\u00f3s rendszer\u00e9be.<\/p>\n<!-- Begin Yuzo --><div class='yuzo_related_post style-2'  data-version='5.12.88'><!-- without result --><div class='yuzo_clearfixed yuzo__title yuzo__title'><h3>Hasonl\u00f3 cikkek<\/h3><\/div>\n\t\t\t\t\t\t<div class=\"relatedthumb yuzo-list  \" style=\"\"  >  \n\t\t\t\t\t\t  <a  href=\"https:\/\/www.transzportstudium.hu\/blog\/2018\/01\/11\/a-veszelyes-anyagok-orzoi-az-adr-biztonsagi-tanacsadok\/\" class=\"image-list\"  >\n\t\t\t\t\t\t  <div class=\"yuzo-img-wrap  ilen_shine \" style=\"width: 100px;height:65px;\">\n\t\t\t\t\t\t\t\t\t <span class='shine-effect'><\/span> \n\t\t\t\t\t\t\t\t\t <div class=\"yuzo-img\" style=\"background:url('https:\/\/www.transzportstudium.hu\/blog\/wp-content\/uploads\/2018\/01\/ADR-veszelyes-aru-szallitasi-biztonsagi-tanacsado_small-150x150.jpg') 50% 50% no-repeat;width: 105px;height:65px;margin-bottom: 5px;background-size:  cover;  \"><\/div>\n\t\t\t\t\t\t  <\/div>\n\t\t\t\t\t\t  <\/a>\n\t\t\t\t\t\t  <a  class=\"link-list yuzo__text--title\" href=\"https:\/\/www.transzportstudium.hu\/blog\/2018\/01\/11\/a-veszelyes-anyagok-orzoi-az-adr-biztonsagi-tanacsadok\/\" style=\"font-size:14px;;line-height:22px;\"> A vesz\u00e9lyes anyagok \u0151rz\u0151i: az ADR biztons\u00e1gi tan\u00e1c...  <\/a>\n\t\t\t\t\t\t\t\t<span class=\"yuzo_text\" style=\"font-size:10px;\" >A vesz\u00e9lyes anyagok k\u00f6z\u00fati, vas\u00fati \u00e9s v\u00edzi sz\u00e1ll\u00edt\u00e1sa egyar\u00e1nt rendk\u00edv\u00fcl prec\u00edz \u00e9s alapos szak\u00e9rtelmet ig\u00e9nyel. Az ADR biztons\u00e1gi tan\u00e1csad\u00f3 tanfolyam ...<\/span>\n\t\t\t\t\t\t   \n\t\t\t\t\t\t<\/div>\n\t\t\t\t\t\t<div class=\"relatedthumb yuzo-list  \" style=\"\"  >  \n\t\t\t\t\t\t  <a  href=\"https:\/\/www.transzportstudium.hu\/blog\/2019\/11\/07\/az-adr-tanacsado-tanfolyamrol\/\" class=\"image-list\"  >\n\t\t\t\t\t\t  <div class=\"yuzo-img-wrap  ilen_shine \" style=\"width: 100px;height:65px;\">\n\t\t\t\t\t\t\t\t\t <span class='shine-effect'><\/span> \n\t\t\t\t\t\t\t\t\t <div class=\"yuzo-img\" style=\"background:url('https:\/\/www.transzportstudium.hu\/blog\/wp-content\/uploads\/2019\/11\/top-dangerous-150x150.jpg') 50% 50% no-repeat;width: 105px;height:65px;margin-bottom: 5px;background-size:  cover;  \"><\/div>\n\t\t\t\t\t\t  <\/div>\n\t\t\t\t\t\t  <\/a>\n\t\t\t\t\t\t  <a  class=\"link-list yuzo__text--title\" href=\"https:\/\/www.transzportstudium.hu\/blog\/2019\/11\/07\/az-adr-tanacsado-tanfolyamrol\/\" style=\"font-size:14px;;line-height:22px;\"> Az ADR tan\u00e1csad\u00f3 tanfolyamr\u00f3l  <\/a>\n\t\t\t\t\t\t\t\t<span class=\"yuzo_text\" style=\"font-size:10px;\" >Az ADR tan\u00e1csad\u00f3 tanfolyam sokban k\u00fcl\u00f6nb\u00f6zik a legt\u00f6bb feln\u0151ttk\u00e9pz\u00e9st\u0151l, gyakran ugyanis ezeken nem kell t\u00fal magas k\u00f6vetelm\u00e9nyeknek megfelelni, hogy k...<\/span>\n\t\t\t\t\t\t   \n\t\t\t\t\t\t<\/div>\n\t\t\t\t\t\t<div class=\"relatedthumb yuzo-list  \" style=\"\"  >  \n\t\t\t\t\t\t  <a  href=\"https:\/\/www.transzportstudium.hu\/blog\/2019\/10\/29\/taxis-vallalkozoi-vizsga\/\" class=\"image-list\"  >\n\t\t\t\t\t\t  <div class=\"yuzo-img-wrap  ilen_shine \" style=\"width: 100px;height:65px;\">\n\t\t\t\t\t\t\t\t\t <span class='shine-effect'><\/span> \n\t\t\t\t\t\t\t\t\t <div class=\"yuzo-img\" style=\"background:url('https:\/\/www.transzportstudium.hu\/blog\/wp-content\/uploads\/2018\/04\/Transport_07-150x150.jpg') 50% 50% no-repeat;width: 105px;height:65px;margin-bottom: 5px;background-size:  cover;  \"><\/div>\n\t\t\t\t\t\t  <\/div>\n\t\t\t\t\t\t  <\/a>\n\t\t\t\t\t\t  <a  class=\"link-list yuzo__text--title\" href=\"https:\/\/www.transzportstudium.hu\/blog\/2019\/10\/29\/taxis-vallalkozoi-vizsga\/\" style=\"font-size:14px;;line-height:22px;\"> Taxis v\u00e1llalkoz\u00f3i vizsga  <\/a>\n\t\t\t\t\t\t\t\t<span class=\"yuzo_text\" style=\"font-size:10px;\" >A taxis v\u00e1llalkoz\u00f3i vizsga megszerz\u00e9s\u00e9vel m\u00e1r nem csak, mint taxis v\u00e1llalkoz\u00f3 helyezkedhet el az ember, hanem mint szem\u00e9lyg\u00e9pkocsis szem\u00e9lysz\u00e1ll\u00edt\u00f3 v\u00e1...<\/span>\n\t\t\t\t\t\t   \n\t\t\t\t\t\t<\/div>\n\t\t\t\t\t\t<div class=\"relatedthumb yuzo-list  \" style=\"\"  >  \n\t\t\t\t\t\t  <a  href=\"https:\/\/www.transzportstudium.hu\/blog\/2015\/11\/12\/neheznek-tunik-de-konnyu\/\" class=\"image-list\"  >\n\t\t\t\t\t\t  <div class=\"yuzo-img-wrap  ilen_shine \" style=\"width: 100px;height:65px;\">\n\t\t\t\t\t\t\t\t\t <span class='shine-effect'><\/span> \n\t\t\t\t\t\t\t\t\t <div class=\"yuzo-img\" style=\"background:url('https:\/\/www.transzportstudium.hu\/blog\/wp-content\/uploads\/2015\/11\/shutterstock_134630873-150x150.jpg') 50% 50% no-repeat;width: 105px;height:65px;margin-bottom: 5px;background-size:  cover;  \"><\/div>\n\t\t\t\t\t\t  <\/div>\n\t\t\t\t\t\t  <\/a>\n\t\t\t\t\t\t  <a  class=\"link-list yuzo__text--title\" href=\"https:\/\/www.transzportstudium.hu\/blog\/2015\/11\/12\/neheznek-tunik-de-konnyu\/\" style=\"font-size:14px;;line-height:22px;\"> Neh\u00e9znek t\u0171nik, de k\u00f6nny\u0171  <\/a>\n\t\t\t\t\t\t\t\t<span class=\"yuzo_text\" style=\"font-size:10px;\" >Aki K\u00f6nny\u0171- \u00e9s Neh\u00e9zg\u00e9pkezel\u0151 tanfolyamra szeretne jelentkezni, \u00e9s mondjuk r\u00e9g\u00f3ta fontolgatja mag\u00e1ban a dolgot, de nem n\u00e9zett ut\u00e1na t\u00e9nylegesen a lehe...<\/span>\n\t\t\t\t\t\t   \n\t\t\t\t\t\t<\/div>\n<\/div>  <!-- End Yuzo :) -->","protected":false},"excerpt":{"rendered":"<p>K\u00f6z\u00fati \u00e1rutov\u00e1bb\u00edt\u00e1si enged\u00e9ly A 261\/2011. (XII. 7.) Korm. rendelet rendelet hat\u00e1lya al\u00e1 t\u00f6bbek k\u00f6z\u00f6tt a 3,5 tonna \u00f6sszt\u00f6meget meghalad\u00f3 g\u00e9pj\u00e1rm\u0171vek, illetve a vel\u00fck folytatott sz\u00e1ll\u00edtm\u00e1nyoz\u00e1si tev\u00e9kenys\u00e9g tartozik. A hat\u00e1r\u00e9rt\u00e9ket meghalad\u00f3 m\u00e9ret\u0171 j\u00e1rm\u0171vekkel v\u00e9gzett \u00fczleti&#46;&#46;&#46;<\/p>\n","protected":false},"author":3,"featured_media":122,"comment_status":"open","ping_status":"open","sticky":false,"template":"","format":"standard","meta":{"footnotes":""},"categories":[3,4],"tags":[150,25,151,85,225,146,73,74],"class_list":["post-449","post","type-post","status-publish","format-standard","has-post-thumbnail","hentry","category-gki","category-vallalkozoi-vilag","tag-arufuvarozas","tag-arufuvarozo","tag-ekaer","tag-eu","tag-gki","tag-gki-kepzes","tag-gki-tanfolyam","tag-gki-vizsga"],"aioseo_notices":[],"_links":{"self":[{"href":"https:\/\/www.transzportstudium.hu\/blog\/wp-json\/wp\/v2\/posts\/449","targetHints":{"allow":["GET"]}}],"collection":[{"href":"https:\/\/www.transzportstudium.hu\/blog\/wp-json\/wp\/v2\/posts"}],"about":[{"href":"https:\/\/www.transzportstudium.hu\/blog\/wp-json\/wp\/v2\/types\/post"}],"author":[{"embeddable":true,"href":"https:\/\/www.transzportstudium.hu\/blog\/wp-json\/wp\/v2\/users\/3"}],"replies":[{"embeddable":true,"href":"https:\/\/www.transzportstudium.hu\/blog\/wp-json\/wp\/v2\/comments?post=449"}],"version-history":[{"count":4,"href":"https:\/\/www.transzportstudium.hu\/blog\/wp-json\/wp\/v2\/posts\/449\/revisions"}],"predecessor-version":[{"id":473,"href":"https:\/\/www.transzportstudium.hu\/blog\/wp-json\/wp\/v2\/posts\/449\/revisions\/473"}],"wp:featuredmedia":[{"embeddable":true,"href":"https:\/\/www.transzportstudium.hu\/blog\/wp-json\/wp\/v2\/media\/122"}],"wp:attachment":[{"href":"https:\/\/www.transzportstudium.hu\/blog\/wp-json\/wp\/v2\/media?parent=449"}],"wp:term":[{"taxonomy":"category","embeddable":true,"href":"https:\/\/www.transzportstudium.hu\/blog\/wp-json\/wp\/v2\/categories?post=449"},{"taxonomy":"post_tag","embeddable":true,"href":"https:\/\/www.transzportstudium.hu\/blog\/wp-json\/wp\/v2\/tags?post=449"}],"curies":[{"name":"wp","href":"https:\/\/api.w.org\/{rel}","templated":true}]}}