{"id":447,"date":"2015-01-22T09:04:53","date_gmt":"2015-01-22T08:04:53","guid":{"rendered":"https:\/\/www.transzportstudium.hu\/blog\/?p=447"},"modified":"2015-01-05T22:50:10","modified_gmt":"2015-01-05T21:50:10","slug":"rakomanyrogzites-tanfolyam","status":"publish","type":"post","link":"https:\/\/www.transzportstudium.hu\/blog\/2015\/01\/22\/rakomanyrogzites-tanfolyam\/","title":{"rendered":"Rakom\u00e1nyr\u00f6gz\u00edt\u00e9s tanfolyam"},"content":{"rendered":"<h2><strong>Mi\u00e9rt fontos a rakom\u00e1ny t\u00f6k\u00e9letes r\u00f6gz\u00edt\u00e9se?<\/strong><\/h2>\n<p>A rakom\u00e1ny r\u00f6gz\u00edt\u00e9se rendk\u00edv\u00fcl fontos a sz\u00e1ll\u00edtm\u00e1nyoz\u00e1s sor\u00e1n, mert ha b\u00e1rmilyen okb\u00f3l megmozdul a plat\u00f3n felhalmozott \u00e1ru, az befoly\u00e1solja a j\u00e1rm\u0171 menetlend\u00fclet\u00e9t, \u00e9s nem csak az sz\u00e1ll\u00edtm\u00e1nyban eshet k\u00e1r, hanem balesetet \u00e9s szem\u00e9lyi s\u00e9r\u00fcl\u00e9st is okozhat.<\/p>\n<p>Jogszab\u00e1ly \u00edrja el\u0151, hogy a fuvaroz\u00e1s sor\u00e1n \u00fagy kell r\u00f6gz\u00edteni az \u00e1rucikkeket, hogy azok ne tudjanak a sz\u00e1ll\u00edt\u00f3eszk\u00f6z\u00f6n bel\u00fcl elmozdulni, arr\u00f3l leesni, kiborulni, kifolyni. A felpakol\u00e1sn\u00e1l figyelni kell arra is, hogy pl. a plat\u00f3n elhelyezett dolog ne rontsa a kamion stabilit\u00e1s\u00e1t. Hiszen ha nagyon eltol\u00f3dik az egyens\u00faly, akkor nem is kell elmozdulni a rakom\u00e1nynak ahhoz, hogy a j\u00e1rm\u0171 mozg\u00e1s\u00e1t sz\u00e1mottev\u0151en befoly\u00e1solja, kisz\u00e1m\u00edthatatlann\u00e1 tegye \u00e9s ezzel id\u00e9zzen el\u0151 balesetvesz\u00e9lyes helyzeteket.<\/p>\n<div id=\"attachment_164\" style=\"width: 610px\" class=\"wp-caption aligncenter\"><img loading=\"lazy\" decoding=\"async\" aria-describedby=\"caption-attachment-164\" class=\"size-large wp-image-164\" src=\"https:\/\/www.transzportstudium.hu\/blog\/wp-content\/uploads\/2014\/09\/home-slide3-1024x282.jpg\" alt=\"Rakom\u00e1nyr\u00f6gz\u00edt\u00e9s tanfolyam\" width=\"600\" height=\"165\" srcset=\"https:\/\/www.transzportstudium.hu\/blog\/wp-content\/uploads\/2014\/09\/home-slide3-1024x282.jpg 1024w, https:\/\/www.transzportstudium.hu\/blog\/wp-content\/uploads\/2014\/09\/home-slide3-300x82.jpg 300w, https:\/\/www.transzportstudium.hu\/blog\/wp-content\/uploads\/2014\/09\/home-slide3.jpg 1920w\" sizes=\"auto, (max-width: 600px) 100vw, 600px\" \/><p id=\"caption-attachment-164\" class=\"wp-caption-text\">Rakom\u00e1nyr\u00f6gz\u00edt\u00e9s tanfolyam<\/p><\/div>\n<p>A rakom\u00e1ny felpakol\u00e1sa, a jogszab\u00e1lyban foglaltaknak megfelel\u0151en, az \u00e1ru k\u00fcld\u0151j\u00e9nek feladata, a\u00a0 lepakol\u00e1s pedig a c\u00edmzett felel\u0151ss\u00e9ge. A berakod\u00e1s befejez\u00e9se ut\u00e1n azonban a g\u00e9pkocsivezet\u0151nek \u2013 aki a fuvaroz\u00f3 c\u00e9g k\u00e9pvisel\u0151je \u2013 ellen\u0151riznie kell az \u00e1ru r\u00f6gz\u00edt\u00e9s\u00e9t, hiszen az, ami \u00fat k\u00f6zben t\u00f6rt\u00e9nik a kamionnal \u00e9s az \u00e1ruval, az \u0151 felel\u0151ss\u00e9ge (erk\u00f6lcsi \u00e9s anyagi szempontb\u00f3l is).<\/p>\n<p>Sajnos a szakmai k\u00e9pz\u00e9s elhanyagolja a r\u00f6gz\u00edt\u00e9ssel kapcsolatos tapasztalatok \u00e9s tr\u00fckk\u00f6k \u00e1tad\u00e1s\u00e1t az ifjabb g\u00e9pj\u00e1rm\u0171vezet\u0151-gener\u00e1ci\u00f3nak. Egyre ink\u00e1bb a biztos\u00edt\u00f3kra b\u00edzz\u00e1k a felel\u0151ss\u00e9gv\u00e1llal\u00e1st a rakom\u00e1ny helytelen r\u00f6gz\u00edt\u00e9s\u00e9b\u0151l ad\u00f3d\u00f3 k\u00e1rok \u00e9s balesetek k\u00f6vetkezm\u00e9nyi\u00e9rt.<\/p>\n<p>Ez\u00e9rt d\u00f6nt\u00f6tt\u00fcnk \u00fagy, hogy megszervezz\u00fck ezt az egynapos oktat\u00e1st, amely minden, a fuvaroz\u00e1sban dolgoz\u00f3 munkat\u00e1rs sz\u00e1m\u00e1ra hasznos, \u00e9s az elv\u00e9gz\u00e9s\u00e9nek semmilyen felt\u00e9tele nincs.<\/p>\n<h2><strong>A tanfolyam<\/strong><\/h2>\n<p>A <a title=\"rakom\u00e1nyr\u00f6gz\u00edt\u00e9s tanfolyam\" href=\"https:\/\/www.transzportstudium.hu\/tanfolyamok\/gepkocsivezetoi-kiegeszito-kepzesek\/20_rakomanyrogzites\">rakom\u00e1nyr\u00f6gz\u00edt\u00e9s tanfolyam<\/a> egy napos id\u0151tartamban ker\u00fcl megszervez\u00e9sre. A tanfolyam elm\u00e9leti k\u00e9pz\u00e9st (4 \u00f3ra) \u00e9s gyakorlati r\u00e9szt (2 \u00f3ra) is tartalmaz. Az elm\u00e9leti \u00f3r\u00e1kon az oktat\u00e1st \u00e1br\u00e1k \u00e9s anim\u00e1ci\u00f3k seg\u00edtik. A gyakorlati \u00f3r\u00e1kon \u201e\u00e9l\u0151ben\u201d is megmutatjuk a r\u00f6gz\u00edt\u0151eszk\u00f6z\u00f6k haszn\u00e1lat\u00e1t, a k\u00fcl\u00f6nf\u00e9le fajt\u00e1j\u00fa, form\u00e1j\u00fa \u00e9s viselked\u00e9s\u0171 \u00e1rucikkek eset\u00e9ben.<\/p>\n<p>Az oktat\u00e1s MSz-EN 12195-1 magyar \u00e9s eur\u00f3pai szabv\u00e1ny alapj\u00e1n t\u00f6rt\u00e9nik.<\/p>\n<p>A <a title=\"Rakom\u00e1nyr\u00f6gz\u00edt\u00e9s tanfolyam\" href=\"https:\/\/www.transzportstudium.hu\/tanfolyamok\/gepkocsivezetoi-kiegeszito-kepzesek\/20_rakomanyrogzites\">Rakom\u00e1nyr\u00f6gz\u00edt\u00e9s tanfolyam<\/a> nem hat\u00f3s\u00e1gi vizsgak\u00f6teles k\u00e9pz\u00e9s, az elv\u00e9gz\u00e9s\u00e9r\u0151l az oktat\u00e1si int\u00e9zm\u00e9ny \u00e1ll\u00edt ki tan\u00fas\u00edtv\u00e1nyt.<\/p>\n<!-- Begin Yuzo --><div class='yuzo_related_post style-2'  data-version='5.12.88'><!-- without result --><div class='yuzo_clearfixed yuzo__title yuzo__title'><h3>Hasonl\u00f3 cikkek<\/h3><\/div>\n\t\t\t\t\t\t<div class=\"relatedthumb yuzo-list  \" style=\"\"  >  \n\t\t\t\t\t\t  <a  href=\"https:\/\/www.transzportstudium.hu\/blog\/2018\/07\/12\/nem-draga-az-adr-vizsga-ara\/\" class=\"image-list\"  >\n\t\t\t\t\t\t  <div class=\"yuzo-img-wrap  ilen_shine \" style=\"width: 100px;height:65px;\">\n\t\t\t\t\t\t\t\t\t <span class='shine-effect'><\/span> \n\t\t\t\t\t\t\t\t\t <div class=\"yuzo-img\" style=\"background:url('https:\/\/www.transzportstudium.hu\/blog\/wp-content\/uploads\/2016\/04\/51782892_l-150x150.jpg') 50% 50% no-repeat;width: 105px;height:65px;margin-bottom: 5px;background-size:  cover;  \"><\/div>\n\t\t\t\t\t\t  <\/div>\n\t\t\t\t\t\t  <\/a>\n\t\t\t\t\t\t  <a  class=\"link-list yuzo__text--title\" href=\"https:\/\/www.transzportstudium.hu\/blog\/2018\/07\/12\/nem-draga-az-adr-vizsga-ara\/\" style=\"font-size:14px;;line-height:22px;\"> Nem dr\u00e1ga az ADR vizsga \u00e1ra  <\/a>\n\t\t\t\t\t\t\t\t<span class=\"yuzo_text\" style=\"font-size:10px;\" >Szakmai f\u00f3rumokon, gyakran lehet olvasni, hogy az ADR nem j\u00e1t\u00e9k, komolyan kell venni, \u00e9s csak j\u00f3l k\u00e9pzett, felk\u00e9sz\u00fclt szakembereknek lenne szabad vele...<\/span>\n\t\t\t\t\t\t   \n\t\t\t\t\t\t<\/div>\n\t\t\t\t\t\t<div class=\"relatedthumb yuzo-list  \" style=\"\"  >  \n\t\t\t\t\t\t  <a  href=\"https:\/\/www.transzportstudium.hu\/blog\/2014\/12\/16\/legy-az-epitkezesek-kiralya-okj-s-foldmunkagep-kezeloi-tanfolyamok\/\" class=\"image-list\"  >\n\t\t\t\t\t\t  <div class=\"yuzo-img-wrap  ilen_shine \" style=\"width: 100px;height:65px;\">\n\t\t\t\t\t\t\t\t\t <span class='shine-effect'><\/span> \n\t\t\t\t\t\t\t\t\t <div class=\"yuzo-img\" style=\"background:url('https:\/\/www.transzportstudium.hu\/blog\/wp-content\/uploads\/2014\/12\/MZ-1-JCB-JS-290-150x150.jpg') 50% 50% no-repeat;width: 105px;height:65px;margin-bottom: 5px;background-size:  cover;  \"><\/div>\n\t\t\t\t\t\t  <\/div>\n\t\t\t\t\t\t  <\/a>\n\t\t\t\t\t\t  <a  class=\"link-list yuzo__text--title\" href=\"https:\/\/www.transzportstudium.hu\/blog\/2014\/12\/16\/legy-az-epitkezesek-kiralya-okj-s-foldmunkagep-kezeloi-tanfolyamok\/\" style=\"font-size:14px;;line-height:22px;\"> L\u00e9gy az \u00e9p\u00edtkez\u00e9sek kir\u00e1lya! \u2013 OKJ-s F\u00f6ldmun...  <\/a>\n\t\t\t\t\t\t\t\t<span class=\"yuzo_text\" style=\"font-size:10px;\" >Napjainkban egyre t\u00f6bb az \u00e9p\u00edtkez\u00e9s, lak\u00f3telepek \u00e9s bev\u00e1s\u00e1rl\u00f3-komplexumok n\u0151nek ki a f\u00f6ldb\u0151l egyre-m\u00e1sra, \u00fajabb \u00e9s \u00fajabb irodah\u00e1zak k\u00e9sz\u00fclnek el vagy ...<\/span>\n\t\t\t\t\t\t   \n\t\t\t\t\t\t<\/div>\n\t\t\t\t\t\t<div class=\"relatedthumb yuzo-list  \" style=\"\"  >  \n\t\t\t\t\t\t  <a  href=\"https:\/\/www.transzportstudium.hu\/blog\/2014\/09\/11\/a-helyes-rakomanyrogzites-10-alapszabalya\/\" class=\"image-list\"  >\n\t\t\t\t\t\t  <div class=\"yuzo-img-wrap  ilen_shine \" style=\"width: 100px;height:65px;\">\n\t\t\t\t\t\t\t\t\t <span class='shine-effect'><\/span> \n\t\t\t\t\t\t\t\t\t <div class=\"yuzo-img\" style=\"background:url('https:\/\/www.transzportstudium.hu\/blog\/wp-content\/uploads\/2014\/09\/home-slide3-150x150.jpg') 50% 50% no-repeat;width: 105px;height:65px;margin-bottom: 5px;background-size:  cover;  \"><\/div>\n\t\t\t\t\t\t  <\/div>\n\t\t\t\t\t\t  <\/a>\n\t\t\t\t\t\t  <a  class=\"link-list yuzo__text--title\" href=\"https:\/\/www.transzportstudium.hu\/blog\/2014\/09\/11\/a-helyes-rakomanyrogzites-10-alapszabalya\/\" style=\"font-size:14px;;line-height:22px;\"> A helyes rakom\u00e1nyr\u00f6gz\u00edt\u00e9s 10 alapszab\u00e1lya  <\/a>\n\t\t\t\t\t\t\t\t<span class=\"yuzo_text\" style=\"font-size:10px;\" >Vannak bizonyos szab\u00e1lyok, amelyeknek a sz\u00e1ll\u00edtott \u00e1ru jelleg\u00e9t\u0151l f\u00fcggetlen\u00fcl teljes\u00fclni\u00fck kell a rakom\u00e1nyr\u00f6gz\u00edt\u00e9sn\u00e9l ahhoz, hogy a rakom\u00e1ny biztons\u00e1g...<\/span>\n\t\t\t\t\t\t   \n\t\t\t\t\t\t<\/div>\n\t\t\t\t\t\t<div class=\"relatedthumb yuzo-list  \" style=\"\"  >  \n\t\t\t\t\t\t  <a  href=\"https:\/\/www.transzportstudium.hu\/blog\/2018\/06\/07\/targoncavezeto-tanfolyam-budapesten\/\" class=\"image-list\"  >\n\t\t\t\t\t\t  <div class=\"yuzo-img-wrap  ilen_shine \" style=\"width: 100px;height:65px;\">\n\t\t\t\t\t\t\t\t\t <span class='shine-effect'><\/span> \n\t\t\t\t\t\t\t\t\t <div class=\"yuzo-img\" style=\"background:url('https:\/\/www.transzportstudium.hu\/blog\/wp-content\/uploads\/2018\/06\/Transport_31-150x150.jpg') 50% 50% no-repeat;width: 105px;height:65px;margin-bottom: 5px;background-size:  cover;  \"><\/div>\n\t\t\t\t\t\t  <\/div>\n\t\t\t\t\t\t  <\/a>\n\t\t\t\t\t\t  <a  class=\"link-list yuzo__text--title\" href=\"https:\/\/www.transzportstudium.hu\/blog\/2018\/06\/07\/targoncavezeto-tanfolyam-budapesten\/\" style=\"font-size:14px;;line-height:22px;\"> Targoncavezet\u0151 tanfolyam Budapesten!  <\/a>\n\t\t\t\t\t\t\t\t<span class=\"yuzo_text\" style=\"font-size:10px;\" >\u00c9vek \u00f3ta folyamatosan t\u00e9ma a sajt\u00f3ban, hogy mennyire keresett szakma a targoncavezet\u0151. Ennek a legf\u0151bb oka, hogy ahogyan n\u00f6vekszik a gazdas\u00e1g, annyira...<\/span>\n\t\t\t\t\t\t   \n\t\t\t\t\t\t<\/div>\n<\/div>  <!-- End Yuzo :) -->","protected":false},"excerpt":{"rendered":"<p>Mi\u00e9rt fontos a rakom\u00e1ny t\u00f6k\u00e9letes r\u00f6gz\u00edt\u00e9se? A rakom\u00e1ny r\u00f6gz\u00edt\u00e9se rendk\u00edv\u00fcl fontos a sz\u00e1ll\u00edtm\u00e1nyoz\u00e1s sor\u00e1n, mert ha b\u00e1rmilyen okb\u00f3l megmozdul a plat\u00f3n felhalmozott \u00e1ru, az befoly\u00e1solja a j\u00e1rm\u0171 menetlend\u00fclet\u00e9t, \u00e9s nem csak az sz\u00e1ll\u00edtm\u00e1nyban eshet&#46;&#46;&#46;<\/p>\n","protected":false},"author":3,"featured_media":164,"comment_status":"open","ping_status":"open","sticky":false,"template":"","format":"standard","meta":{"footnotes":""},"categories":[3],"tags":[225,30,53,54],"class_list":["post-447","post","type-post","status-publish","format-standard","has-post-thumbnail","hentry","category-gki","tag-gki","tag-rakomanyrogzites","tag-tanfolyam","tag-vizsga"],"aioseo_notices":[],"_links":{"self":[{"href":"https:\/\/www.transzportstudium.hu\/blog\/wp-json\/wp\/v2\/posts\/447","targetHints":{"allow":["GET"]}}],"collection":[{"href":"https:\/\/www.transzportstudium.hu\/blog\/wp-json\/wp\/v2\/posts"}],"about":[{"href":"https:\/\/www.transzportstudium.hu\/blog\/wp-json\/wp\/v2\/types\/post"}],"author":[{"embeddable":true,"href":"https:\/\/www.transzportstudium.hu\/blog\/wp-json\/wp\/v2\/users\/3"}],"replies":[{"embeddable":true,"href":"https:\/\/www.transzportstudium.hu\/blog\/wp-json\/wp\/v2\/comments?post=447"}],"version-history":[{"count":2,"href":"https:\/\/www.transzportstudium.hu\/blog\/wp-json\/wp\/v2\/posts\/447\/revisions"}],"predecessor-version":[{"id":465,"href":"https:\/\/www.transzportstudium.hu\/blog\/wp-json\/wp\/v2\/posts\/447\/revisions\/465"}],"wp:featuredmedia":[{"embeddable":true,"href":"https:\/\/www.transzportstudium.hu\/blog\/wp-json\/wp\/v2\/media\/164"}],"wp:attachment":[{"href":"https:\/\/www.transzportstudium.hu\/blog\/wp-json\/wp\/v2\/media?parent=447"}],"wp:term":[{"taxonomy":"category","embeddable":true,"href":"https:\/\/www.transzportstudium.hu\/blog\/wp-json\/wp\/v2\/categories?post=447"},{"taxonomy":"post_tag","embeddable":true,"href":"https:\/\/www.transzportstudium.hu\/blog\/wp-json\/wp\/v2\/tags?post=447"}],"curies":[{"name":"wp","href":"https:\/\/api.w.org\/{rel}","templated":true}]}}