{"id":395,"date":"2014-12-11T09:40:05","date_gmt":"2014-12-11T08:40:05","guid":{"rendered":"https:\/\/www.transzportstudium.hu\/blog\/?p=395"},"modified":"2014-11-30T20:27:17","modified_gmt":"2014-11-30T19:27:17","slug":"100-ig-balesetmentesek-lesznek-a-volvo-kamionok","status":"publish","type":"post","link":"https:\/\/www.transzportstudium.hu\/blog\/2014\/12\/11\/100-ig-balesetmentesek-lesznek-a-volvo-kamionok\/","title":{"rendered":"100%-ig balesetmentesek lesznek a Volvo kamionok"},"content":{"rendered":"<h3><strong>Kamiont vezetni vesz\u00e9lyes \u00fczem<\/strong><\/h3>\n<p>Sajnos kamionokkal sz\u00e1mos baleset t\u00f6rt\u00e9nik, ami nem csak emberi trag\u00e9di\u00e1kat, hanem jelent\u0151s anyagi k\u00e1rt is okozhat. A kamionosok munk\u00e1ja rendk\u00edv\u00fcl megterhel\u0151, nem csak az\u00e9rt, mert a <a title=\"sikeres v\u00e1llalkoz\u00e1sok\" href=\"https:\/\/www.transzportstudium.hu\/tanfolyamok\/2_vallalkozoi-szaktanfolyamok\">sikeres v\u00e1llalkoz\u00e1sok<\/a> alkalmazottai nagyon fesz\u00edtett temp\u00f3ban dolgoznak, hanem az\u00e9rt is, mert a terjedelmes \u00e9s hatalmas erej\u0171 j\u00e1rm\u0171vek vezet\u00e9se, illetve a k\u00fcl\u00f6nf\u00e9le \u00fatviszonyok k\u00f6z\u00f6tt tan\u00fas\u00edtott viselked\u00e9se speci\u00e1lis a szem\u00e9lyg\u00e9pkocsikhoz k\u00e9pest.<\/p>\n<p>A hatalmas j\u00e1rm\u0171veket neh\u00e9z megfelel\u0151en l\u00e1tni minden ir\u00e1nyb\u00f3l, sok a holtt\u00e9r, \u00e9s ha a vezet\u0151 figyelme elkalandozik, a kialakul\u00f3 k\u00f6zleked\u00e9si helyzeteket sem tudja egy korm\u00e1ny-f\u00e9lrer\u00e1nt\u00e1ssal megoldani, hiszen a hatalmas j\u00e1rm\u0171vet viszi a lend\u00fclet \u00e9s nem is olyan mozg\u00e9kony, mint a szem\u00e9lyaut\u00f3k.<\/p>\n<p>Persze a balesetmentes \u00e9s gyors k\u00f6zleked\u00e9s nagyban m\u00falik a sof\u0151r k\u00e9pzetts\u00e9g\u00e9n, egy\u00e1ltal\u00e1n\u00a0 nem mindegy, hogy a <a title=\"GKI tanfolyam\" href=\"https:\/\/www.transzportstudium.hu\/tanfolyamok\/1_gepkocsivezetoi-szaktanfolyamok-gki-tanfolyam\">GKI tanfolyam<\/a> sor\u00e1n mennyire k\u00e9sz\u00edtett\u00e9k fel a v\u00e1ratlan helyzetek kezel\u00e9s\u00e9re. A kamionsof\u0151rnek nagyon sok inform\u00e1ci\u00f3t kellene tudnia lankadatlanul befogadni \u00e9s ki\u00e9rt\u00e9kelni, ami ha \u00e1tmenetileg t\u00f6k\u00e9letesen megy is, a hossz\u00fa utak sor\u00e1n, \u00e9s a monotonit\u00e1s k\u00f6vetkezt\u00e9ben el\u0151bb-ut\u00f3bb lankad a figyelem.<\/p>\n<p>M\u00e1r eddig is sz\u00e1mtalan gy\u00e1rt\u00f3 fejlesztett ki t\u00f6bbf\u00e9le okos seg\u00e9dletet a t\u00falterhelt sof\u0151r\u00f6k t\u00e1mogat\u00e1s\u00e1ra. Ilyenek a s\u00e1vtart\u00f3, holtt\u00e9rfigyel\u0151, automatikus f\u00e9k\/v\u00e9szf\u00e9k, automatikus kanyarod\u00e1s stb.<\/p>\n<p><iframe loading=\"lazy\" src=\"\/\/www.youtube.com\/embed\/bLDG6oZKrsc\" width=\"560\" height=\"315\" frameborder=\"0\" allowfullscreen=\"allowfullscreen\"><\/iframe><\/p>\n<h3><strong>A szuperrendszer<\/strong><\/h3>\n<p>A c\u00e9l hosszabb t\u00e1von az lenne, hogy ezeket a k\u00fcl\u00f6n\u00e1ll\u00f3 m\u0171szereket egy igen hat\u00e9kony rendszerben olvassz\u00e1k \u00f6ssze, amely gyakorlatilag teljes eg\u00e9sz\u00e9ben megsz\u00fcnteti a balesetvesz\u00e9lyt, m\u00e1r ami a kamion vezet\u0151j\u00e9nek hib\u00e1j\u00e1b\u00f3l ad\u00f3dhat. K\u00fcl\u00f6n\u00f6sen fontos lehet ez a <a title=\"vesz\u00e9lyes anyagok fuvaroz\u00e1sa\" href=\"https:\/\/www.transzportstudium.hu\/tanfolyamok\/3_adr-tanfolyamok\">vesz\u00e9lyes anyagok fuvaroz\u00e1sa<\/a> sor\u00e1n, amelyek k\u00f6rnyezetbe ker\u00fcl\u00e9se ember\u00e9letben \u00e9s a k\u00f6rnyezetben is \u00f3ri\u00e1si k\u00e1rokat tehet.<\/p>\n<p>A Non-hit Car and Truck elnevez\u00e9s\u0171, egyel\u0151re fejleszt\u00e9s \u00e9s tesztel\u00e9s alatt \u00e1ll\u00f3 rendszer l\u00e9nyege, hogy 360 fokos, azaz teljes k\u00f6r\u0171 megfigyel\u00e9st tesz lehet\u0151v\u00e9 a j\u00e1rm\u0171 k\u00f6r\u00fcl. Az inform\u00e1ci\u00f3k gy\u0171jt\u00e9s\u00e9t szenzorok \u00e9s kamer\u00e1k v\u00e9gzik, a be\u00e9rkez\u0151 adatokat egy sz\u00e1m\u00edt\u00f3g\u00e9p gy\u0171jti \u00f6ssze \u00e9s dolgozza fel. Az adatok ki\u00e9rt\u00e9kel\u00e9se alapj\u00e1n a megfigyel\u0151 rendszer azonos\u00edtja a kamion k\u00f6r\u00fcli mozg\u00f3 j\u00e1rm\u0171veket (aut\u00f3, bicikli), gyalogost, \u00e1llatokat, terept\u00e1rgyakat, meghat\u00e1rozza a sebess\u00e9g\u00fcket \u00e9s a halad\u00e1suk ir\u00e1ny\u00e1t.<\/p>\n<p>A rengeteg begy\u0171jt\u00f6tt adat alapj\u00e1n a rendszer halad\u00e1si tervet \u00e1ll\u00edt fel, \u00e9s ha a sof\u0151r att\u00f3l elt\u00e9r, jelzi azt. Ha tov\u00e1bbra sem vesz a vezet\u0151 tudom\u00e1st a figyelmeztet\u00e9sr\u0151l, a rendszer lelass\u00edtja a j\u00e1rm\u0171vet, hogy elker\u00fclj\u00f6n pl. egy potenci\u00e1lis \u00fctk\u00f6z\u00e9st.<\/p>\n<!-- Begin Yuzo --><div class='yuzo_related_post style-2'  data-version='5.12.88'><!-- without result --><div class='yuzo_clearfixed yuzo__title yuzo__title'><h3>Hasonl\u00f3 cikkek<\/h3><\/div>\n\t\t\t\t\t\t<div class=\"relatedthumb yuzo-list  \" style=\"\"  >  \n\t\t\t\t\t\t  <a  href=\"https:\/\/www.transzportstudium.hu\/blog\/2019\/02\/26\/szakmak-sztarja\/\" class=\"image-list\"  >\n\t\t\t\t\t\t  <div class=\"yuzo-img-wrap  ilen_shine \" style=\"width: 100px;height:65px;\">\n\t\t\t\t\t\t\t\t\t <span class='shine-effect'><\/span> \n\t\t\t\t\t\t\t\t\t <div class=\"yuzo-img\" style=\"background:url('https:\/\/www.transzportstudium.hu\/blog\/wp-content\/uploads\/2019\/02\/Kalmar-EVT-5-9T-1--150x150.jpg') 50% 50% no-repeat;width: 105px;height:65px;margin-bottom: 5px;background-size:  cover;  \"><\/div>\n\t\t\t\t\t\t  <\/div>\n\t\t\t\t\t\t  <\/a>\n\t\t\t\t\t\t  <a  class=\"link-list yuzo__text--title\" href=\"https:\/\/www.transzportstudium.hu\/blog\/2019\/02\/26\/szakmak-sztarja\/\" style=\"font-size:14px;;line-height:22px;\"> Szakm\u00e1k szt\u00e1rja  <\/a>\n\t\t\t\t\t\t\t\t<span class=\"yuzo_text\" style=\"font-size:10px;\" >A targoncavezet\u0151i tanfolyamra szinte mindenki jelentkezhet, b\u00e1r az ifjaknak rossz h\u00edr, hogy a 18. \u00e9let\u00e9vet a hat\u00f3s\u00e1gi vizsg\u00e1ig be kell t\u00f6lteni. Ezen k...<\/span>\n\t\t\t\t\t\t   \n\t\t\t\t\t\t<\/div>\n\t\t\t\t\t\t<div class=\"relatedthumb yuzo-list  \" style=\"\"  >  \n\t\t\t\t\t\t  <a  href=\"https:\/\/www.transzportstudium.hu\/blog\/2019\/01\/24\/szabalyok-menten-az-adr-vizsga\/\" class=\"image-list\"  >\n\t\t\t\t\t\t  <div class=\"yuzo-img-wrap  ilen_shine \" style=\"width: 100px;height:65px;\">\n\t\t\t\t\t\t\t\t\t <span class='shine-effect'><\/span> \n\t\t\t\t\t\t\t\t\t <div class=\"yuzo-img\" style=\"background:url('https:\/\/www.transzportstudium.hu\/blog\/wp-content\/uploads\/2015\/12\/13655676_l-150x150.jpg') 50% 50% no-repeat;width: 105px;height:65px;margin-bottom: 5px;background-size:  cover;  \"><\/div>\n\t\t\t\t\t\t  <\/div>\n\t\t\t\t\t\t  <\/a>\n\t\t\t\t\t\t  <a  class=\"link-list yuzo__text--title\" href=\"https:\/\/www.transzportstudium.hu\/blog\/2019\/01\/24\/szabalyok-menten-az-adr-vizsga\/\" style=\"font-size:14px;;line-height:22px;\"> Szab\u00e1lyok ment\u00e9n: az ADR vizsga  <\/a>\n\t\t\t\t\t\t\t\t<span class=\"yuzo_text\" style=\"font-size:10px;\" >Az ADR jogszab\u00e1lyok szigor\u00faak, egy\u00e9rtelm\u0171ek, de id\u0151r\u0151l-id\u0151re v\u00e1ltoznak, illet\u0151leg \u00fajak j\u00f6nnek helyett\u00fck. Ez\u00e9rt kell mindenkinek, aki vesz\u00e9lyes \u00e1ru sz\u00e1...<\/span>\n\t\t\t\t\t\t   \n\t\t\t\t\t\t<\/div>\n\t\t\t\t\t\t<div class=\"relatedthumb yuzo-list  \" style=\"\"  >  \n\t\t\t\t\t\t  <a  href=\"https:\/\/www.transzportstudium.hu\/blog\/2018\/04\/19\/egy-keresett-szakma\/\" class=\"image-list\"  >\n\t\t\t\t\t\t  <div class=\"yuzo-img-wrap  ilen_shine \" style=\"width: 100px;height:65px;\">\n\t\t\t\t\t\t\t\t\t <span class='shine-effect'><\/span> \n\t\t\t\t\t\t\t\t\t <div class=\"yuzo-img\" style=\"background:url('https:\/\/www.transzportstudium.hu\/blog\/wp-content\/uploads\/2018\/06\/Transport_18-150x150.jpg') 50% 50% no-repeat;width: 105px;height:65px;margin-bottom: 5px;background-size:  cover;  \"><\/div>\n\t\t\t\t\t\t  <\/div>\n\t\t\t\t\t\t  <\/a>\n\t\t\t\t\t\t  <a  class=\"link-list yuzo__text--title\" href=\"https:\/\/www.transzportstudium.hu\/blog\/2018\/04\/19\/egy-keresett-szakma\/\" style=\"font-size:14px;;line-height:22px;\"> Egy keresett szakma  <\/a>\n\t\t\t\t\t\t\t\t<span class=\"yuzo_text\" style=\"font-size:10px;\" >Az \u00e9p\u00edt\u0151 \u00e9s anyagmozgat\u00f3 g\u00e9p kezel\u0151je sz\u00e1mos munkak\u00f6rt l\u00e1that el, g\u00e9pcsoportt\u00f3l f\u00fcgg\u0151en. Egy ilyen k\u00e9pes\u00edt\u00e9ssel el lehet helyezkedni az \u00e9p\u00edt\u0151iparban, ...<\/span>\n\t\t\t\t\t\t   \n\t\t\t\t\t\t<\/div>\n\t\t\t\t\t\t<div class=\"relatedthumb yuzo-list  \" style=\"\"  >  \n\t\t\t\t\t\t  <a  href=\"https:\/\/www.transzportstudium.hu\/blog\/2016\/02\/25\/okj-felnottoktatas\/\" class=\"image-list\"  >\n\t\t\t\t\t\t  <div class=\"yuzo-img-wrap  ilen_shine \" style=\"width: 100px;height:65px;\">\n\t\t\t\t\t\t\t\t\t <span class='shine-effect'><\/span> \n\t\t\t\t\t\t\t\t\t <div class=\"yuzo-img\" style=\"background:url('https:\/\/www.transzportstudium.hu\/blog\/wp-content\/uploads\/2015\/12\/shutterstock_159932873-150x150.jpg') 50% 50% no-repeat;width: 105px;height:65px;margin-bottom: 5px;background-size:  cover;  \"><\/div>\n\t\t\t\t\t\t  <\/div>\n\t\t\t\t\t\t  <\/a>\n\t\t\t\t\t\t  <a  class=\"link-list yuzo__text--title\" href=\"https:\/\/www.transzportstudium.hu\/blog\/2016\/02\/25\/okj-felnottoktatas\/\" style=\"font-size:14px;;line-height:22px;\"> OKJ feln\u0151ttoktat\u00e1s  <\/a>\n\t\t\t\t\t\t\t\t<span class=\"yuzo_text\" style=\"font-size:10px;\" >Ma, amikor a vil\u00e1g folyamatosan v\u00e1ltozik, senkinek nem el\u00e9g m\u00e1r egyetlen szakk\u00e9pes\u00edt\u00e9s \u2013 el\u0151fordulhat, hogy az addig biztosnak gondolt munkahely egyik...<\/span>\n\t\t\t\t\t\t   \n\t\t\t\t\t\t<\/div>\n<\/div>  <!-- End Yuzo :) -->","protected":false},"excerpt":{"rendered":"<p>Kamiont vezetni vesz\u00e9lyes \u00fczem Sajnos kamionokkal sz\u00e1mos baleset t\u00f6rt\u00e9nik, ami nem csak emberi trag\u00e9di\u00e1kat, hanem jelent\u0151s anyagi k\u00e1rt is okozhat. A kamionosok munk\u00e1ja rendk\u00edv\u00fcl megterhel\u0151, nem csak az\u00e9rt, mert a sikeres v\u00e1llalkoz\u00e1sok alkalmazottai nagyon&#46;&#46;&#46;<\/p>\n","protected":false},"author":3,"featured_media":397,"comment_status":"open","ping_status":"open","sticky":false,"template":"","format":"standard","meta":{"footnotes":""},"categories":[3],"tags":[225,73,74,130,129],"class_list":["post-395","post","type-post","status-publish","format-standard","has-post-thumbnail","hentry","category-gki","tag-gki","tag-gki-tanfolyam","tag-gki-vizsga","tag-non-hit-car-and-truck","tag-volvo"],"aioseo_notices":[],"_links":{"self":[{"href":"https:\/\/www.transzportstudium.hu\/blog\/wp-json\/wp\/v2\/posts\/395","targetHints":{"allow":["GET"]}}],"collection":[{"href":"https:\/\/www.transzportstudium.hu\/blog\/wp-json\/wp\/v2\/posts"}],"about":[{"href":"https:\/\/www.transzportstudium.hu\/blog\/wp-json\/wp\/v2\/types\/post"}],"author":[{"embeddable":true,"href":"https:\/\/www.transzportstudium.hu\/blog\/wp-json\/wp\/v2\/users\/3"}],"replies":[{"embeddable":true,"href":"https:\/\/www.transzportstudium.hu\/blog\/wp-json\/wp\/v2\/comments?post=395"}],"version-history":[{"count":2,"href":"https:\/\/www.transzportstudium.hu\/blog\/wp-json\/wp\/v2\/posts\/395\/revisions"}],"predecessor-version":[{"id":398,"href":"https:\/\/www.transzportstudium.hu\/blog\/wp-json\/wp\/v2\/posts\/395\/revisions\/398"}],"wp:featuredmedia":[{"embeddable":true,"href":"https:\/\/www.transzportstudium.hu\/blog\/wp-json\/wp\/v2\/media\/397"}],"wp:attachment":[{"href":"https:\/\/www.transzportstudium.hu\/blog\/wp-json\/wp\/v2\/media?parent=395"}],"wp:term":[{"taxonomy":"category","embeddable":true,"href":"https:\/\/www.transzportstudium.hu\/blog\/wp-json\/wp\/v2\/categories?post=395"},{"taxonomy":"post_tag","embeddable":true,"href":"https:\/\/www.transzportstudium.hu\/blog\/wp-json\/wp\/v2\/tags?post=395"}],"curies":[{"name":"wp","href":"https:\/\/api.w.org\/{rel}","templated":true}]}}