{"id":347,"date":"2014-11-13T10:30:02","date_gmt":"2014-11-13T09:30:02","guid":{"rendered":"https:\/\/www.transzportstudium.hu\/blog\/?p=347"},"modified":"2014-11-08T16:40:00","modified_gmt":"2014-11-08T15:40:00","slug":"milyen-okj-s-tanfolyamra-jelentkezhet-ha-gepkezelokent-szeretne-elhelyezkedni","status":"publish","type":"post","link":"https:\/\/www.transzportstudium.hu\/blog\/2014\/11\/13\/milyen-okj-s-tanfolyamra-jelentkezhet-ha-gepkezelokent-szeretne-elhelyezkedni\/","title":{"rendered":"Milyen OKJ-s tanfolyamra jelentkezhet, ha g\u00e9pkezel\u0151k\u00e9nt szeretne elhelyezkedni?"},"content":{"rendered":"<p>Ha az \u00e9p\u00edt\u0151iparban szeretne elhelyezkedni, \u00e9s \u00fagy gondolja, a g\u00e9pkezel\u0151i munkak\u00f6r lenne a legide\u00e1lisabb az \u00f6n sz\u00e1m\u00e1ra, t\u00f6bbf\u00e9le OKJ-s tanfolyam k\u00f6z\u00fcl is v\u00e1laszthat, \u00e9s a k\u00e9pzetts\u00e9g\u00e9t igazol\u00f3 <a title=\"Hogyan dolgozhatok k\u00fclf\u00f6ld\u00f6n magyar OKJ-s k\u00e9pes\u00edt\u00e9ssel?\" href=\"https:\/\/www.transzportstudium.hu\/blog\/2014\/10\/23\/hogyan-dolgozhatok-kulfoldon-magyar-okj-s-kepesitessel\/\">Europass bizony\u00edtv\u00e1nykieg\u00e9sz\u00edt\u0151 kiv\u00e1lt\u00e1s\u00e1val ak\u00e1r k\u00fclf\u00f6ld\u00f6n is elhelyezkedhet.<\/a> OKJ-s g\u00e9pkezel\u0151i tanfolyamainkon 18. \u00e9let\u00e9v\u00fcket bet\u00f6lt\u00f6tt, 8 \u00e1ltal\u00e1nos iskolai v\u00e9gzetts\u00e9ggel \u00e9s eg\u00e9szs\u00e9g\u00fcgyi alkalmass\u00e1ggal rendelkez\u0151 jelentkez\u0151k vehetnek r\u00e9szt. Az OKJ-s \u00f6nj\u00e1r\u00f3 vagy nem \u00f6nj\u00e1r\u00f3 emel\u0151g\u00e9p-kezel\u0151i, az \u00f6nj\u00e1r\u00f3 vagy nem \u00f6nj\u00e1r\u00f3 f\u00f6ldmunkag\u00e9p-kezel\u0151i, illetve a targoncavezet\u0151i k\u00e9pz\u00e9st v\u00e9gezheti el n\u00e1lunk egy vagy ak\u00e1r plusz 2 g\u00e9pcsoportra.<\/p>\n<div id=\"attachment_350\" style=\"width: 263px\" class=\"wp-caption aligncenter\"><img loading=\"lazy\" decoding=\"async\" aria-describedby=\"caption-attachment-350\" class=\"wp-image-350 size-medium\" src=\"https:\/\/www.transzportstudium.hu\/blog\/wp-content\/uploads\/2014\/11\/knuckleboom-truck-cranes-17586-40324641-253x300.jpg\" alt=\"OKJ-s g\u00e9pkezel\u0151 tanfolyamok\" width=\"253\" height=\"300\" srcset=\"https:\/\/www.transzportstudium.hu\/blog\/wp-content\/uploads\/2014\/11\/knuckleboom-truck-cranes-17586-40324641-253x300.jpg 253w, https:\/\/www.transzportstudium.hu\/blog\/wp-content\/uploads\/2014\/11\/knuckleboom-truck-cranes-17586-40324641.jpg 700w\" sizes=\"auto, (max-width: 253px) 100vw, 253px\" \/><p id=\"caption-attachment-350\" class=\"wp-caption-text\">OKJ-s g\u00e9pkezel\u0151 tanfolyamok<\/p><\/div>\n<p><strong>Emel\u0151g\u00e9p-kezel\u0151i tanfolyamok<\/strong><\/p>\n<p>Az <a title=\"OKJ-s emel\u0151g\u00e9p-kezel\u0151i (kiv\u00e9ve targonca) (nem \u00f6nj\u00e1r\u00f3) tanfolyam\" href=\"https:\/\/www.transzportstudium.hu\/tanfolyamok\/okj-s-gepkezeloi-tanfolyamok\/51_okj-s-emelogep-kezelo-kiveve-targonca-nem-onjaro-egy-gepcsoportra\">OKJ-s emel\u0151g\u00e9p-kezel\u0151i (kiv\u00e9ve targonca) (nem \u00f6nj\u00e1r\u00f3) tanfolyam<\/a>ot elv\u00e9gezve dolgozhat az \u00e9p\u00edt\u0151iparban, a sz\u00e1ll\u00edt\u00e1s \u00e9s a rakt\u00e1roz\u00e1s ter\u00fclet\u00e9n, illetve a logisztik\u00e1ban, \u00e9s h\u00edd- \u00e9s fut\u00f3darukat, emel\u0151asztalokat vagy eml\u0151\u00e1llv\u00e1nyokat, illetve villamosemel\u0151ket kezelhet. Az \u00f6nj\u00e1r\u00f3 emel\u0151g\u00e9pek kezel\u00e9s\u00e9t is elsaj\u00e1t\u00edthatja OKJ-s tanfolyamon. Ezzel a vizsg\u00e1val p\u00e9ld\u00e1ul g\u00e9pj\u00e1rm\u0171-emel\u0151h\u00e1tfalakat, hidraulikus szerel\u0151kosaras j\u00e1rm\u0171veket vagy aut\u00f3darukat vez\u00e9relhet.<\/p>\n<p><strong>F\u00f6ldmunkag\u00e9p-kezel\u0151i tanfolyamok<\/strong><\/p>\n<p>Az <a title=\"OKJ-s f\u00f6ldmunkag\u00e9p-kezel\u0151i (nem \u00f6nj\u00e1r\u00f3) tanfolyam\" href=\"https:\/\/www.transzportstudium.hu\/tanfolyamok\/okj-s-gepkezeloi-tanfolyamok\/52_okj-s-foldmunkagep-kezelo-nem-onjaro-egy-gepcsoportra\">OKJ-s f\u00f6ldmunkag\u00e9p-kezel\u0151i (nem \u00f6nj\u00e1r\u00f3) tanfolyam<\/a>on k\u00fcl\u00f6nb\u00f6z\u0151 f\u00f6ldmunka-, rakod\u00f3- \u00e9s sz\u00e1ll\u00edt\u00f3g\u00e9pek \u2013 hengerek, szivatty\u00fak \u00e9s vibr\u00e1ci\u00f3s vagy t\u00f6m\u00edt\u0151lapok \u2013 kezel\u00e9s\u00e9t saj\u00e1t\u00edthatja el. Az OKJ-s f\u00f6ldmunkag\u00e9p-kezel\u0151i (\u00f6nj\u00e1r\u00f3) k\u00e9pz\u00e9s azoknak sz\u00f3l, akik p\u00e9ld\u00e1ul traktoralap\u00fa univerz\u00e1lis f\u00f6ldmunkag\u00e9peket, l\u00e1nctalpas kotr\u00f3kat vagy homlokrakod\u00f3kat szeretn\u00e9nek ir\u00e1ny\u00edtani.<\/p>\n<p><strong>Targoncavezet\u0151i tanfolyam<\/strong><\/p>\n<p>Az <a title=\"OKJ-s targoncavezet\u0151i tanfolyam\" href=\"https:\/\/www.transzportstudium.hu\/tanfolyamok\/okj-s-gepkezeloi-tanfolyamok\/45_okj-s-targoncavezeto-egy-gepcsoportra\">OKJ-s targoncavezet\u0151i tanfolyam<\/a>ot pedig akkor aj\u00e1nljuk, ha targonc\u00e1s \u00e1ll\u00e1st szeretne bet\u00f6lteni p\u00e9ld\u00e1ul egy \u00e1ruh\u00e1zban vagy rakt\u00e1rban. A k\u00e9pes\u00edt\u00e9s birtok\u00e1ban vezethet vezet\u0151\u00fcl\u00e9ses, vezet\u0151\u00e1ll\u00e1sos vagy gyalogk\u00eds\u00e9ret\u0171 targonc\u00e1t. Ak\u00e1rmelyik g\u00e9pkezel\u0151i tanfolyam keltette is fel az \u00e9rdekl\u0151d\u00e9s\u00e9t, <a title=\"jelentkezzen most OKJ-s k\u00e9pz\u00e9s\u00fcnkre\" href=\"https:\/\/www.transzportstudium.hu\/jelentkezesi-lap\/4_okj-s-gepkezeloi-tanfolyamok\">jelentkezzen most OKJ-s k\u00e9pz\u00e9s\u00fcnkre<\/a>!<\/p>\n<p>&nbsp;<\/p>\n<!-- Begin Yuzo --><div class='yuzo_related_post style-2'  data-version='5.12.88'><!-- without result --><div class='yuzo_clearfixed yuzo__title yuzo__title'><h3>Hasonl\u00f3 cikkek<\/h3><\/div>\n\t\t\t\t\t\t<div class=\"relatedthumb yuzo-list  \" style=\"\"  >  \n\t\t\t\t\t\t  <a  href=\"https:\/\/www.transzportstudium.hu\/blog\/2019\/05\/21\/profi-adr-oktatas\/\" class=\"image-list\"  >\n\t\t\t\t\t\t  <div class=\"yuzo-img-wrap  ilen_shine \" style=\"width: 100px;height:65px;\">\n\t\t\t\t\t\t\t\t\t <span class='shine-effect'><\/span> \n\t\t\t\t\t\t\t\t\t <div class=\"yuzo-img\" style=\"background:url('https:\/\/www.transzportstudium.hu\/blog\/wp-content\/uploads\/2018\/12\/otpad-kod-nas21-150x150.jpg') 50% 50% no-repeat;width: 105px;height:65px;margin-bottom: 5px;background-size:  cover;  \"><\/div>\n\t\t\t\t\t\t  <\/div>\n\t\t\t\t\t\t  <\/a>\n\t\t\t\t\t\t  <a  class=\"link-list yuzo__text--title\" href=\"https:\/\/www.transzportstudium.hu\/blog\/2019\/05\/21\/profi-adr-oktatas\/\" style=\"font-size:14px;;line-height:22px;\"> Profi ADR oktat\u00e1s  <\/a>\n\t\t\t\t\t\t\t\t<span class=\"yuzo_text\" style=\"font-size:10px;\" >Mindig is k\u00f6ztudott volt, hogy a magyarok kiv\u00e9teles szellemi t\u0151k\u00e9t mondhatnak maguk\u00e9nak, \u00e9s igaz ez az ADR oktat\u00e1sra is. Aki n\u00e1lunk tanul, fels\u0151fokon ...<\/span>\n\t\t\t\t\t\t   \n\t\t\t\t\t\t<\/div>\n\t\t\t\t\t\t<div class=\"relatedthumb yuzo-list  \" style=\"\"  >  \n\t\t\t\t\t\t  <a  href=\"https:\/\/www.transzportstudium.hu\/blog\/2014\/08\/21\/a-tartanyos-szallitassal-fuvarozott-arukra-vonatkozo-balesetvedelmi-eloirasok\/\" class=\"image-list\"  >\n\t\t\t\t\t\t  <div class=\"yuzo-img-wrap  ilen_shine \" style=\"width: 100px;height:65px;\">\n\t\t\t\t\t\t\t\t\t <span class='shine-effect'><\/span> \n\t\t\t\t\t\t\t\t\t <div class=\"yuzo-img\" style=\"background:url('https:\/\/www.transzportstudium.hu\/blog\/wp-content\/uploads\/2014\/08\/MG_0030-150x150.jpg') 50% 50% no-repeat;width: 105px;height:65px;margin-bottom: 5px;background-size:  cover;  \"><\/div>\n\t\t\t\t\t\t  <\/div>\n\t\t\t\t\t\t  <\/a>\n\t\t\t\t\t\t  <a  class=\"link-list yuzo__text--title\" href=\"https:\/\/www.transzportstudium.hu\/blog\/2014\/08\/21\/a-tartanyos-szallitassal-fuvarozott-arukra-vonatkozo-balesetvedelmi-eloirasok\/\" style=\"font-size:14px;;line-height:22px;\"> A tart\u00e1nyos sz\u00e1ll\u00edt\u00e1ssal fuvarozott \u00e1rukra vonatko...  <\/a>\n\t\t\t\t\t\t\t\t<span class=\"yuzo_text\" style=\"font-size:10px;\" >A vesz\u00e9lyes \u00e1ruk az ADR-el\u0151\u00edr\u00e1sok szerint az \u00f6mlesztett \u00e9s a k\u00fcldem\u00e9nydarabos m\u00f3dszer mellett tart\u00e1nyos form\u00e1ban sz\u00e1ll\u00edthat\u00f3k. Tart\u00e1nyos sz\u00e1ll\u00edt\u00e1skor ...<\/span>\n\t\t\t\t\t\t   \n\t\t\t\t\t\t<\/div>\n\t\t\t\t\t\t<div class=\"relatedthumb yuzo-list  \" style=\"\"  >  \n\t\t\t\t\t\t  <a  href=\"https:\/\/www.transzportstudium.hu\/blog\/2015\/06\/18\/a-gepjarmuvezetok-magas-fokon-kepzettek\/\" class=\"image-list\"  >\n\t\t\t\t\t\t  <div class=\"yuzo-img-wrap  ilen_shine \" style=\"width: 100px;height:65px;\">\n\t\t\t\t\t\t\t\t\t <span class='shine-effect'><\/span> \n\t\t\t\t\t\t\t\t\t <div class=\"yuzo-img\" style=\"background:url('https:\/\/www.transzportstudium.hu\/blog\/wp-content\/uploads\/2015\/05\/MAN-Titelbild_659x300-150x150.jpg') 50% 50% no-repeat;width: 105px;height:65px;margin-bottom: 5px;background-size:  cover;  \"><\/div>\n\t\t\t\t\t\t  <\/div>\n\t\t\t\t\t\t  <\/a>\n\t\t\t\t\t\t  <a  class=\"link-list yuzo__text--title\" href=\"https:\/\/www.transzportstudium.hu\/blog\/2015\/06\/18\/a-gepjarmuvezetok-magas-fokon-kepzettek\/\" style=\"font-size:14px;;line-height:22px;\"> A g\u00e9pj\u00e1rm\u0171vezet\u0151k magas fokon k\u00e9pzettek  <\/a>\n\t\t\t\t\t\t\t\t<span class=\"yuzo_text\" style=\"font-size:10px;\" >Kor\u00e1bban m\u00e1r volt sz\u00f3 ezen a blogon arr\u00f3l, hogy a g\u00e9pj\u00e1rm\u0171vezet\u0151knek milyen pap\u00edrokra van sz\u00fcks\u00e9ge ahhoz, hogy t\u00f6rv\u00e9nyesen, a szab\u00e1lyoknak \u00e9s az el\u0151\u00edr...<\/span>\n\t\t\t\t\t\t   \n\t\t\t\t\t\t<\/div>\n\t\t\t\t\t\t<div class=\"relatedthumb yuzo-list  \" style=\"\"  >  \n\t\t\t\t\t\t  <a  href=\"https:\/\/www.transzportstudium.hu\/blog\/2015\/01\/20\/elveszett-adr-oktatasi-igazolvany-potlasa\/\" class=\"image-list\"  >\n\t\t\t\t\t\t  <div class=\"yuzo-img-wrap  ilen_shine \" style=\"width: 100px;height:65px;\">\n\t\t\t\t\t\t\t\t\t <span class='shine-effect'><\/span> \n\t\t\t\t\t\t\t\t\t <div class=\"yuzo-img\" style=\"background:url('https:\/\/www.transzportstudium.hu\/blog\/wp-content\/uploads\/2015\/01\/adr_igazolvany-150x150.jpg') 50% 50% no-repeat;width: 105px;height:65px;margin-bottom: 5px;background-size:  cover;  \"><\/div>\n\t\t\t\t\t\t  <\/div>\n\t\t\t\t\t\t  <\/a>\n\t\t\t\t\t\t  <a  class=\"link-list yuzo__text--title\" href=\"https:\/\/www.transzportstudium.hu\/blog\/2015\/01\/20\/elveszett-adr-oktatasi-igazolvany-potlasa\/\" style=\"font-size:14px;;line-height:22px;\"> Elveszett ADR oktat\u00e1si igazolv\u00e1ny p\u00f3tl\u00e1sa  <\/a>\n\t\t\t\t\t\t\t\t<span class=\"yuzo_text\" style=\"font-size:10px;\" >A vesz\u00e9lyes \u00e1rukat fuvaroz\u00f3 g\u00e9pj\u00e1rm\u0171vezet\u0151knek, \u00e9s a fuvaroz\u00e1s valamint \u00e1rukezel\u00e9s egy\u00e9b r\u00e9sztvev\u0151inek az ADR tanfolyami v\u00e9gzetts\u00e9get igazol\u00f3 k\u00e1rty\u00e1va...<\/span>\n\t\t\t\t\t\t   \n\t\t\t\t\t\t<\/div>\n<\/div>  <!-- End Yuzo :) -->","protected":false},"excerpt":{"rendered":"<p>Ha az \u00e9p\u00edt\u0151iparban szeretne elhelyezkedni, \u00e9s \u00fagy gondolja, a g\u00e9pkezel\u0151i munkak\u00f6r lenne a legide\u00e1lisabb az \u00f6n sz\u00e1m\u00e1ra, t\u00f6bbf\u00e9le OKJ-s tanfolyam k\u00f6z\u00fcl is v\u00e1laszthat, \u00e9s a k\u00e9pzetts\u00e9g\u00e9t igazol\u00f3 Europass bizony\u00edtv\u00e1nykieg\u00e9sz\u00edt\u0151 kiv\u00e1lt\u00e1s\u00e1val ak\u00e1r k\u00fclf\u00f6ld\u00f6n is elhelyezkedhet.&#46;&#46;&#46;<\/p>\n","protected":false},"author":3,"featured_media":350,"comment_status":"open","ping_status":"open","sticky":false,"template":"","format":"standard","meta":{"footnotes":""},"categories":[5],"tags":[41,64,42,35,31,78,79,91,59,82,80,33,34,77],"class_list":["post-347","post","type-post","status-publish","format-standard","has-post-thumbnail","hentry","category-okj","tag-emelogep","tag-emelogep-kezelo","tag-emelohatfal-kezelo","tag-foldmunkagep","tag-okj-2","tag-okj-kepzesek","tag-okj-tanfolyamok","tag-okj-s-tanfolyam","tag-targonca","tag-targonca-jogositvany","tag-targonca-vizsga","tag-targoncakezelo","tag-targoncavezeto","tag-targoncavezeto-tanfolyam"],"aioseo_notices":[],"_links":{"self":[{"href":"https:\/\/www.transzportstudium.hu\/blog\/wp-json\/wp\/v2\/posts\/347","targetHints":{"allow":["GET"]}}],"collection":[{"href":"https:\/\/www.transzportstudium.hu\/blog\/wp-json\/wp\/v2\/posts"}],"about":[{"href":"https:\/\/www.transzportstudium.hu\/blog\/wp-json\/wp\/v2\/types\/post"}],"author":[{"embeddable":true,"href":"https:\/\/www.transzportstudium.hu\/blog\/wp-json\/wp\/v2\/users\/3"}],"replies":[{"embeddable":true,"href":"https:\/\/www.transzportstudium.hu\/blog\/wp-json\/wp\/v2\/comments?post=347"}],"version-history":[{"count":2,"href":"https:\/\/www.transzportstudium.hu\/blog\/wp-json\/wp\/v2\/posts\/347\/revisions"}],"predecessor-version":[{"id":351,"href":"https:\/\/www.transzportstudium.hu\/blog\/wp-json\/wp\/v2\/posts\/347\/revisions\/351"}],"wp:featuredmedia":[{"embeddable":true,"href":"https:\/\/www.transzportstudium.hu\/blog\/wp-json\/wp\/v2\/media\/350"}],"wp:attachment":[{"href":"https:\/\/www.transzportstudium.hu\/blog\/wp-json\/wp\/v2\/media?parent=347"}],"wp:term":[{"taxonomy":"category","embeddable":true,"href":"https:\/\/www.transzportstudium.hu\/blog\/wp-json\/wp\/v2\/categories?post=347"},{"taxonomy":"post_tag","embeddable":true,"href":"https:\/\/www.transzportstudium.hu\/blog\/wp-json\/wp\/v2\/tags?post=347"}],"curies":[{"name":"wp","href":"https:\/\/api.w.org\/{rel}","templated":true}]}}