{"id":345,"date":"2014-11-11T11:00:45","date_gmt":"2014-11-11T10:00:45","guid":{"rendered":"https:\/\/www.transzportstudium.hu\/blog\/?p=345"},"modified":"2018-03-04T12:05:38","modified_gmt":"2018-03-04T11:05:38","slug":"ki-alkalmas-a-taxis-vallalkozoi-munkara","status":"publish","type":"post","link":"https:\/\/www.transzportstudium.hu\/blog\/2014\/11\/11\/ki-alkalmas-a-taxis-vallalkozoi-munkara\/","title":{"rendered":"Ki alkalmas a taxis v\u00e1llalkoz\u00f3i munk\u00e1ra?"},"content":{"rendered":"<p>Nem el\u00e9g, ha van jogos\u00edtv\u00e1nya, \u00e9s szeret vezetni; ahhoz, hogy taxis v\u00e1llalkoz\u00f3k\u00e9nt dolgozhasson, tov\u00e1bbi felt\u00e9teleknek is teljes\u00fclni\u00fck kell.<\/p>\n<h2><strong>Taxi g\u00e9pkocsivezet\u0151 tanfolyam<\/strong><\/h2>\n<p>Ha a v\u00e1llalkoz\u00f3 maga akarja vezetni a taxi g\u00e9pkocsit, akkor\u00a0 el\u0151sz\u00f6r is el kell v\u00e9geznie egy g\u00e9pkocsivezet\u0151i szaktanfolyamot, amelyen t\u00f6bbek k\u00f6zt a sz\u00fcks\u00e9ges k\u00f6zleked\u00e9si, hibaelh\u00e1r\u00edt\u00e1si \u00e9s vezet\u00e9stechnikai ismereteket saj\u00e1t\u00edthatja el, vezet\u00e9selm\u00e9letet \u00e9s vezet\u00e9si gyakorlatot tanulhat, megismerkedhet a szem\u00e9lytaxi tartoz\u00e9kainak kezel\u00e9s\u00e9vel, t\u00f6k\u00e9letes\u00edtheti helyismereti j\u00e1rtass\u00e1g\u00e1t \u00e9s idegenforgalmi ismereteit, megismerheti az utasfelv\u00e9tel \u00e9s a fuvarv\u00e1llal\u00e1s szab\u00e1lyait; illetve ezekb\u0151l sz\u00f3beli vagy \u00edr\u00e1sbeli vizsg\u00e1t kell tennie.<\/p>\n<div id=\"attachment_154\" style=\"width: 980px\" class=\"wp-caption aligncenter\"><img loading=\"lazy\" decoding=\"async\" aria-describedby=\"caption-attachment-154\" class=\"wp-image-154 size-full\" src=\"https:\/\/www.transzportstudium.hu\/blog\/wp-content\/uploads\/2014\/08\/promo_1096_en.jpg\" alt=\"Taxi g\u00e9pkocsivezet\u0151 tanfolyam\" width=\"970\" height=\"300\" srcset=\"https:\/\/www.transzportstudium.hu\/blog\/wp-content\/uploads\/2014\/08\/promo_1096_en.jpg 970w, https:\/\/www.transzportstudium.hu\/blog\/wp-content\/uploads\/2014\/08\/promo_1096_en-300x92.jpg 300w\" sizes=\"auto, (max-width: 970px) 100vw, 970px\" \/><p id=\"caption-attachment-154\" class=\"wp-caption-text\">Taxi g\u00e9pkocsivezet\u0151 tanfolyam<\/p><\/div>\n<h2><strong>V\u00e1llalkoz\u00f3i tanfolyam<\/strong><\/h2>\n<p>Amennyiben maga k\u00edv\u00e1nja ir\u00e1ny\u00edtani a taxi-v\u00e1llalkoz\u00e1s munk\u00e1j\u00e1t, akkor k\u00fcl\u00f6nb\u00f6z\u0151 v\u00e1llalkoz\u00f3i ismeretekre is sz\u00fcks\u00e9ge lesz, hogy tev\u00e9kenys\u00e9g\u00e9t szab\u00e1lyszer\u0171en \u00e9s hat\u00e9konyan v\u00e9gezhesse. Ezeket egy taxis v\u00e1llalkoz\u00f3i szaktanfolyam keret\u00e9ben saj\u00e1t\u00edthatja el. A k\u00e9pz\u00e9sen jogi, gazdas\u00e1gi \u00e9s p\u00e9nz\u00fcgyi, ad\u00f3z\u00e1si, munka\u00fcgyi \u00e9s szem\u00e9lysz\u00e1ll\u00edt\u00e1si ismereteket szerezhet; friss tud\u00e1s\u00e1r\u00f3l pedig \u00edr\u00e1sbeli \u00e9s sz\u00f3beli vizsga keret\u00e9ben kell sz\u00e1mot adnia.<\/p>\n<h2><strong>Jellemvon\u00e1sok, k\u00e9pess\u00e9gek<\/strong><\/h2>\n<p>A fentieken k\u00edv\u00fcl a taxisnak rendelkeznie kell k\u00fcl\u00f6nb\u00f6z\u0151 k\u00e9pess\u00e9gekkel \u00e9s jellemvon\u00e1sokkal, amelyek alkalmass\u00e1 teszik erre a munkak\u00f6rre. T\u00f6bbek k\u00f6zt maxim\u00e1lisan be kell tartania a KRESZ szab\u00e1lyait, a vezet\u00e9si st\u00edlusa nem kelthet f\u00e9lelmet az utas\u00e1ban, emellett hat\u00e1rozottnak \u00e9s ugyanakkor higgadtnak kell lennie, hogy elker\u00fclhesse az esetleges \u00f6sszet\u0171z\u00e9seket. Megfelel\u0151 t\u00e9rl\u00e1t\u00e1ssal kell rendelkeznie, illetve emberismeretre \u00e9s kommunik\u00e1ci\u00f3s k\u00e9szs\u00e9gre is sz\u00fcks\u00e9g van, hogy minden utassal sz\u00f3t tudjon \u00e9rteni. A kiemelked\u0151 mem\u00f3ria szint\u00e9n fontos, hiszen a taxisnak meg kell jegyeznie a legfontosabb k\u00f6zint\u00e9zm\u00e9nyek, sz\u00e1ll\u00e1s-, vend\u00e9gl\u00e1t\u00f3- \u00e9s sz\u00f3rakoz\u00f3helyek, illetve k\u00f3rh\u00e1zak elhelyezked\u00e9s\u00e9t.<\/p>\n<p>Amennyiben rendelkezik a fenti tulajdons\u00e1gokkal, azonban a sz\u00fcks\u00e9ges k\u00e9pz\u00e9seket m\u00e9g nem v\u00e9gezte el, \u00a0<a title=\"Jelentkez\u00e9s - v\u00e1llalkoz\u00f3i tanfolyam\" href=\"https:\/\/www.transzportstudium.hu\/jelentkezesi-lap\/2_vallalkozoi-szaktanfolyamok\">jelentkezzen<\/a> most <a title=\"Taxi g\u00e9pkocsivezet\u0151\" href=\"https:\/\/www.transzportstudium.hu\/tanfolyamok\/gepkocsivezetoi-szaktanfolyamok-gki-tanfolyam\/5_taxi-gepkocsivezeto\">taxi g\u00e9pkocsivezet\u0151i<\/a>&#8211; vagy <a title=\"V\u00e1llalkoz\u00f3i tanfolyam\" href=\"https:\/\/www.transzportstudium.hu\/tanfolyamok\/2_vallalkozoi-szaktanfolyamok\">v\u00e1llalkoz\u00f3i tanfolyam<\/a>unkra!<\/p>\n<p>&nbsp;<\/p>\n<!-- Begin Yuzo --><div class='yuzo_related_post style-2'  data-version='5.12.88'><!-- without result --><div class='yuzo_clearfixed yuzo__title yuzo__title'><h3>Hasonl\u00f3 cikkek<\/h3><\/div>\n\t\t\t\t\t\t<div class=\"relatedthumb yuzo-list  \" style=\"\"  >  \n\t\t\t\t\t\t  <a  href=\"https:\/\/www.transzportstudium.hu\/blog\/2018\/02\/01\/biztonsagban-az-utakon\/\" class=\"image-list\"  >\n\t\t\t\t\t\t  <div class=\"yuzo-img-wrap  ilen_shine \" style=\"width: 100px;height:65px;\">\n\t\t\t\t\t\t\t\t\t <span class='shine-effect'><\/span> \n\t\t\t\t\t\t\t\t\t <div class=\"yuzo-img\" style=\"background:url('https:\/\/www.transzportstudium.hu\/blog\/wp-content\/uploads\/2016\/07\/1-0-150x150.jpg') 50% 50% no-repeat;width: 105px;height:65px;margin-bottom: 5px;background-size:  cover;  \"><\/div>\n\t\t\t\t\t\t  <\/div>\n\t\t\t\t\t\t  <\/a>\n\t\t\t\t\t\t  <a  class=\"link-list yuzo__text--title\" href=\"https:\/\/www.transzportstudium.hu\/blog\/2018\/02\/01\/biztonsagban-az-utakon\/\" style=\"font-size:14px;;line-height:22px;\"> Biztons\u00e1gban az utakon  <\/a>\n\t\t\t\t\t\t\t\t<span class=\"yuzo_text\" style=\"font-size:10px;\" >Nem v\u00e9letlen\u00fcl van GKI igazolv\u00e1nyra sz\u00fcks\u00e9ge minden 3,5 tonn\u00e1n\u00e1l nehezebb j\u00e1rm\u0171vet vezet\u0151 sof\u0151rnek, az ide vonatkoz\u00f3 jogszab\u00e1lyokat a Nemzeti Fejleszt...<\/span>\n\t\t\t\t\t\t   \n\t\t\t\t\t\t<\/div>\n\t\t\t\t\t\t<div class=\"relatedthumb yuzo-list  \" style=\"\"  >  \n\t\t\t\t\t\t  <a  href=\"https:\/\/www.transzportstudium.hu\/blog\/2016\/01\/18\/mikor-buntethetik-az-uber-sofort\/\" class=\"image-list\"  >\n\t\t\t\t\t\t  <div class=\"yuzo-img-wrap  ilen_shine \" style=\"width: 100px;height:65px;\">\n\t\t\t\t\t\t\t\t\t <span class='shine-effect'><\/span> \n\t\t\t\t\t\t\t\t\t <div class=\"yuzo-img\" style=\"background:url('https:\/\/www.transzportstudium.hu\/blog\/wp-content\/uploads\/2016\/01\/43260445_l-150x150.jpg') 50% 50% no-repeat;width: 105px;height:65px;margin-bottom: 5px;background-size:  cover;  \"><\/div>\n\t\t\t\t\t\t  <\/div>\n\t\t\t\t\t\t  <\/a>\n\t\t\t\t\t\t  <a  class=\"link-list yuzo__text--title\" href=\"https:\/\/www.transzportstudium.hu\/blog\/2016\/01\/18\/mikor-buntethetik-az-uber-sofort\/\" style=\"font-size:14px;;line-height:22px;\"> Mikor b\u00fcntethetik az Uber-sof\u0151rt?  <\/a>\n\t\t\t\t\t\t\t\t<span class=\"yuzo_text\" style=\"font-size:10px;\" >A k\u00f6z\u00f6ss\u00e9gi alapon szervez\u0151d\u0151, szem\u00e9lysz\u00e1ll\u00edt\u00e1si tev\u00e9kenys\u00e9get v\u00e9gz\u0151 Uber 2014 \u00f3ta m\u00e1r Magyarorsz\u00e1gon is el\u00e9rhet\u0151. Mivel sem saj\u00e1t j\u00e1rm\u0171flott\u00e1ja, sem ...<\/span>\n\t\t\t\t\t\t   \n\t\t\t\t\t\t<\/div>\n\t\t\t\t\t\t<div class=\"relatedthumb yuzo-list  \" style=\"\"  >  \n\t\t\t\t\t\t  <a  href=\"https:\/\/www.transzportstudium.hu\/blog\/2017\/05\/30\/mire-tanitanak-meg-a-gepkezeloi-tanfolyamok\/\" class=\"image-list\"  >\n\t\t\t\t\t\t  <div class=\"yuzo-img-wrap  ilen_shine \" style=\"width: 100px;height:65px;\">\n\t\t\t\t\t\t\t\t\t <span class='shine-effect'><\/span> \n\t\t\t\t\t\t\t\t\t <div class=\"yuzo-img\" style=\"background:url('https:\/\/www.transzportstudium.hu\/blog\/wp-content\/uploads\/2017\/05\/17.-h\u00e9t-Mire-tan\u00edtanak-meg-a-g\u00e9pkezel\u0151i-tanfolyamok-150x150.jpg') 50% 50% no-repeat;width: 105px;height:65px;margin-bottom: 5px;background-size:  cover;  \"><\/div>\n\t\t\t\t\t\t  <\/div>\n\t\t\t\t\t\t  <\/a>\n\t\t\t\t\t\t  <a  class=\"link-list yuzo__text--title\" href=\"https:\/\/www.transzportstudium.hu\/blog\/2017\/05\/30\/mire-tanitanak-meg-a-gepkezeloi-tanfolyamok\/\" style=\"font-size:14px;;line-height:22px;\"> Mire tan\u00edtanak meg a g\u00e9pkezel\u0151i tanfolyamok?  <\/a>\n\t\t\t\t\t\t\t\t<span class=\"yuzo_text\" style=\"font-size:10px;\" >A g\u00e9pkezel\u0151i tanfolyamok Magyarorsz\u00e1g legn\u00e9pszer\u0171bb k\u00e9pz\u00e9sei k\u00f6z\u00e9 tartoznak. Mindez annak is k\u00f6sz\u00f6nhet\u0151, hogy nagyon alacsony a bel\u00e9p\u00e9si k\u00fcsz\u00f6b: a jel...<\/span>\n\t\t\t\t\t\t   \n\t\t\t\t\t\t<\/div>\n\t\t\t\t\t\t<div class=\"relatedthumb yuzo-list  \" style=\"\"  >  \n\t\t\t\t\t\t  <a  href=\"https:\/\/www.transzportstudium.hu\/blog\/2014\/08\/26\/targoncakezeles-kozben-bekovetkezo-jellemzo-balesetek\/\" class=\"image-list\"  >\n\t\t\t\t\t\t  <div class=\"yuzo-img-wrap  ilen_shine \" style=\"width: 100px;height:65px;\">\n\t\t\t\t\t\t\t\t\t <span class='shine-effect'><\/span> \n\t\t\t\t\t\t\t\t\t <div class=\"yuzo-img\" style=\"background:url('https:\/\/www.transzportstudium.hu\/blog\/wp-content\/uploads\/2014\/08\/forklift-accident-150x150.gif') 50% 50% no-repeat;width: 105px;height:65px;margin-bottom: 5px;background-size:  cover;  \"><\/div>\n\t\t\t\t\t\t  <\/div>\n\t\t\t\t\t\t  <\/a>\n\t\t\t\t\t\t  <a  class=\"link-list yuzo__text--title\" href=\"https:\/\/www.transzportstudium.hu\/blog\/2014\/08\/26\/targoncakezeles-kozben-bekovetkezo-jellemzo-balesetek\/\" style=\"font-size:14px;;line-height:22px;\"> Targoncakezel\u00e9s k\u00f6zben bek\u00f6vetkez\u0151 jellemz\u0151 balese...  <\/a>\n\t\t\t\t\t\t\t\t<span class=\"yuzo_text\" style=\"font-size:10px;\" >Ha targoncakezel\u0151k\u00e9nt szeretne elhelyezkedni, hogy a k\u00f6znyelvben r\u00e1\u00fcl\u0151s targoncak\u00e9nt, r\u00e1\u00e1ll\u00f3s targoncak\u00e9nt, illetve gyalogtargoncak\u00e9nt ismert j\u00e1rm\u0171vek...<\/span>\n\t\t\t\t\t\t   \n\t\t\t\t\t\t<\/div>\n<\/div>  <!-- End Yuzo :) -->","protected":false},"excerpt":{"rendered":"<p>Nem el\u00e9g, ha van jogos\u00edtv\u00e1nya, \u00e9s szeret vezetni; ahhoz, hogy taxis v\u00e1llalkoz\u00f3k\u00e9nt dolgozhasson, tov\u00e1bbi felt\u00e9teleknek is teljes\u00fclni\u00fck kell. Taxi g\u00e9pkocsivezet\u0151 tanfolyam Ha a v\u00e1llalkoz\u00f3 maga akarja vezetni a taxi g\u00e9pkocsit, akkor\u00a0 el\u0151sz\u00f6r is el&#46;&#46;&#46;<\/p>\n","protected":false},"author":3,"featured_media":154,"comment_status":"open","ping_status":"open","sticky":false,"template":"","format":"standard","meta":{"footnotes":""},"categories":[3,235,4],"tags":[225,73,106,105,51,94,49],"class_list":["post-345","post","type-post","status-publish","format-standard","has-post-thumbnail","hentry","category-gki","category-szemelygepkocsis-tanfolyamok","category-vallalkozoi-vilag","tag-gki","tag-gki-tanfolyam","tag-taxi","tag-taxi-gepkocsivezeto","tag-taxi-vallalkozo","tag-taxis-vallalkozo","tag-vallalkozoi-tanfolyam"],"aioseo_notices":[],"_links":{"self":[{"href":"https:\/\/www.transzportstudium.hu\/blog\/wp-json\/wp\/v2\/posts\/345","targetHints":{"allow":["GET"]}}],"collection":[{"href":"https:\/\/www.transzportstudium.hu\/blog\/wp-json\/wp\/v2\/posts"}],"about":[{"href":"https:\/\/www.transzportstudium.hu\/blog\/wp-json\/wp\/v2\/types\/post"}],"author":[{"embeddable":true,"href":"https:\/\/www.transzportstudium.hu\/blog\/wp-json\/wp\/v2\/users\/3"}],"replies":[{"embeddable":true,"href":"https:\/\/www.transzportstudium.hu\/blog\/wp-json\/wp\/v2\/comments?post=345"}],"version-history":[{"count":1,"href":"https:\/\/www.transzportstudium.hu\/blog\/wp-json\/wp\/v2\/posts\/345\/revisions"}],"predecessor-version":[{"id":346,"href":"https:\/\/www.transzportstudium.hu\/blog\/wp-json\/wp\/v2\/posts\/345\/revisions\/346"}],"wp:featuredmedia":[{"embeddable":true,"href":"https:\/\/www.transzportstudium.hu\/blog\/wp-json\/wp\/v2\/media\/154"}],"wp:attachment":[{"href":"https:\/\/www.transzportstudium.hu\/blog\/wp-json\/wp\/v2\/media?parent=345"}],"wp:term":[{"taxonomy":"category","embeddable":true,"href":"https:\/\/www.transzportstudium.hu\/blog\/wp-json\/wp\/v2\/categories?post=345"},{"taxonomy":"post_tag","embeddable":true,"href":"https:\/\/www.transzportstudium.hu\/blog\/wp-json\/wp\/v2\/tags?post=345"}],"curies":[{"name":"wp","href":"https:\/\/api.w.org\/{rel}","templated":true}]}}