{"id":229,"date":"2014-10-23T10:37:51","date_gmt":"2014-10-23T09:37:51","guid":{"rendered":"http:\/\/www.transzportstudium.hu\/blog\/?p=229"},"modified":"2014-11-07T09:15:02","modified_gmt":"2014-11-07T08:15:02","slug":"hogyan-dolgozhatok-kulfoldon-magyar-okj-s-kepesitessel","status":"publish","type":"post","link":"https:\/\/www.transzportstudium.hu\/blog\/2014\/10\/23\/hogyan-dolgozhatok-kulfoldon-magyar-okj-s-kepesitessel\/","title":{"rendered":"Hogyan dolgozhatok k\u00fclf\u00f6ld\u00f6n magyar OKJ-s k\u00e9pes\u00edt\u00e9ssel?"},"content":{"rendered":"<p>Ha k\u00fclf\u00f6ld\u00f6n szeretne elhelyezkedni g\u00e9pkezel\u0151k\u00e9nt, az OKJ-s k\u00e9pes\u00edt\u00e9s megszerz\u00e9se mellett egy Europass bizony\u00edtv\u00e1ny-kieg\u00e9sz\u00edt\u0151 dokumentumra is sz\u00fcks\u00e9ge lesz. Az Europass dokumentumok c\u00e9lja, hogy Eur\u00f3p\u00e1n bel\u00fcl egys\u00e9ges form\u00e1tumban tegy\u00e9k \u00f6sszehasonl\u00edthat\u00f3v\u00e1 az egy\u00e9n v\u00e9gzetts\u00e9g\u00e9t \u00e9s szaktud\u00e1s\u00e1t. Az Europass bizony\u00edtv\u00e1ny-kieg\u00e9sz\u00edt\u0151 t\u00e1j\u00e9koztat\u00e1st ny\u00fajt a k\u00fclf\u00f6ldi k\u00e9pz\u0151int\u00e9zm\u00e9nyek \u00e9s munkaad\u00f3k r\u00e9sz\u00e9re az OKJ-s szakk\u00e9pes\u00edt\u00e9sekr\u0151l. Ennek birtok\u00e1ban a g\u00e9pkezel\u0151nek egyszer\u0171bb k\u00fclf\u00f6ld\u00f6n elhelyezkednie, hiszen az uni\u00f3s munkaad\u00f3k k\u00f6nnyebben elfogadhatj\u00e1k a Magyarorsz\u00e1gon megszerzett OKJ-s szakk\u00e9pes\u00edt\u00e9st.<\/p>\n<div id=\"attachment_230\" style=\"width: 610px\" class=\"wp-caption aligncenter\"><img loading=\"lazy\" decoding=\"async\" aria-describedby=\"caption-attachment-230\" class=\"wp-image-230 size-large\" src=\"https:\/\/www.transzportstudium.hu\/blog\/wp-content\/uploads\/2014\/10\/europass-logo-color-1024x565.jpg\" alt=\"Europass bizony\u00edtv\u00e1ny = k\u00fclf\u00f6ldi munkav\u00e1llal\u00e1s lehet\u0151s\u00e9ge\" width=\"600\" height=\"331\" srcset=\"https:\/\/www.transzportstudium.hu\/blog\/wp-content\/uploads\/2014\/10\/europass-logo-color-1024x565.jpg 1024w, https:\/\/www.transzportstudium.hu\/blog\/wp-content\/uploads\/2014\/10\/europass-logo-color-300x165.jpg 300w, https:\/\/www.transzportstudium.hu\/blog\/wp-content\/uploads\/2014\/10\/europass-logo-color.jpg 1298w\" sizes=\"auto, (max-width: 600px) 100vw, 600px\" \/><p id=\"caption-attachment-230\" class=\"wp-caption-text\">Europass bizony\u00edtv\u00e1ny = k\u00fclf\u00f6ldi munkav\u00e1llal\u00e1s lehet\u0151s\u00e9ge Magyarorsz\u00e1gon letett vizsg\u00e1val<\/p><\/div>\n<h2><strong>Az Europass bizony\u00edtv\u00e1ny-kieg\u00e9sz\u00edt\u0151 ny\u00fajtotta inform\u00e1ci\u00f3k<\/strong><\/h2>\n<p>Az Europass az eredeti bizony\u00edtv\u00e1nyban nem szerepl\u0151 inform\u00e1ci\u00f3kat szolg\u00e1ltat. Ezek k\u00f6z\u00e9 tartoznak az adott k\u00e9pz\u00e9sbe val\u00f3 bel\u00e9p\u00e9si k\u00f6vetelm\u00e9nyek, a megszerzett kompetenci\u00e1k \u00e9s k\u00e9szs\u00e9gek, az oszt\u00e1lyz\u00e1si rendszer, a lehets\u00e9ges tov\u00e1bbtanul\u00e1si szint, az elv\u00e9gzett \u00f3r\u00e1k sz\u00e1ma, illetve az elm\u00e9leti \u00e9s gyakorlati \u00f3r\u00e1k ar\u00e1nya. B\u00e1r az Europass bizony\u00edtv\u00e1ny-kieg\u00e9sz\u00edt\u0151 nem garant\u00e1lja a v\u00e9gzetts\u00e9g automatikus elismer\u00e9s\u00e9t, illetve az eredeti OKJ-s bizony\u00edtv\u00e1nyt sem helyettes\u00edti; beszerz\u00e9se hasznos a g\u00e9pkezel\u0151k sz\u00e1m\u00e1ra, hiszen pontos le\u00edr\u00e1st ad szaktud\u00e1sukr\u00f3l, \u00e9s k\u00e9pz\u00e9s\u00fck jobban \u00f6sszehasonl\u00edthat\u00f3v\u00e1 v\u00e1lik.<\/p>\n<h2><strong>Hol lehet beszerezni az Europass bizony\u00edtv\u00e1ny-kieg\u00e9sz\u00edt\u0151t?<\/strong><\/h2>\n<p>Az Europass bizony\u00edtv\u00e1ny-kieg\u00e9sz\u00edt\u0151t a vizsg\u00e1ztat\u00f3 int\u00e9zm\u00e9nyekt\u0151l lehet k\u00e9relmezni t\u00e9r\u00edt\u00e9si d\u00edj ellen\u00e9ben. A dokumentumot az OKJ-s k\u00e9pes\u00edt\u00e9st 2005. j\u00falius 1. ut\u00e1n megszerz\u0151 g\u00e9pkezel\u0151k kaphatj\u00e1k meg. A <a title=\"20\/2007. (V. 21.) SZMM rendelet\" href=\"http:\/\/jogszabalykereso.mhk.hu\/cgi_bin\/njt_doc.cgi?docid=108158.609613\" target=\"_blank\">20\/2007. (V. 21.) SZMM rendelet<\/a> \u00e9rtelm\u00e9ben a bizony\u00edtv\u00e1ny-kieg\u00e9sz\u00edt\u0151 d\u00edj\u00e1t az int\u00e9zm\u00e9nyek maguk hat\u00e1rozz\u00e1k meg. E szerint a magyar nyelv\u0171 dokumentum\u00e9rt t\u00e9r\u00edt\u00e9s nem, az idegen nyelv\u0171\u00e9rt pedig maximum a mindenkori minim\u00e1lb\u00e9r 5 sz\u00e1zal\u00e9k\u00e1t meg nem halad\u00f3 m\u00e9rt\u00e9kben k\u00e9rhet\u0151. A kieg\u00e9sz\u00edt\u0151t a g\u00e9pkezel\u0151 angol, n\u00e9met, olasz, francia \u00e9s spanyol nyelven k\u00e9rv\u00e9nyezheti.<\/p>\n<p>Amennyiben \u00d6n is szeretne G\u00e9pkezel\u0151 tanfolyamot elv\u00e9gezni, tekintse meg c\u00e9g\u00fcnk <a title=\"OKJ-s g\u00e9pkezel\u0151i tanfolyamok\" href=\"http:\/\/www.transzportstudium.hu\/tanfolyamok\/4_okj-s-gepkezeloi-tanfolyamok\">tanfolyam k\u00edn\u00e1lat\u00e1t<\/a>, ahol sz\u00e1mos t\u00edpus k\u00f6z\u00fcl v\u00e1logathat.\u00a0Legyen sz\u00f3 ak\u00e1r F\u00f6ldmunka-kezel\u0151 tanfolyamr\u00f3l, ak\u00e1r Emel\u0151g\u00e9p kezel\u0151 tanfolyamr\u00f3l vagy Targoncavezet\u0151 tanfolyamr\u00f3l, n\u00e1lunk mindenre tal\u00e1l megold\u00e1st! <a title=\"Jelentkez\u00e9s OKJ-s g\u00e9pkezel\u0151i tanfolyamra\" href=\"http:\/\/www.transzportstudium.hu\/jelentkezesi-lap\/4_okj-s-gepkezeloi-tanfolyamok\">Jelentkezzen<\/a> most!<\/p>\n<p>&nbsp;<\/p>\n<!-- Begin Yuzo --><div class='yuzo_related_post style-2'  data-version='5.12.88'><!-- without result --><div class='yuzo_clearfixed yuzo__title yuzo__title'><h3>Hasonl\u00f3 cikkek<\/h3><\/div>\n\t\t\t\t\t\t<div class=\"relatedthumb yuzo-list  \" style=\"\"  >  \n\t\t\t\t\t\t  <a  href=\"https:\/\/www.transzportstudium.hu\/blog\/2015\/06\/18\/a-gepjarmuvezetok-magas-fokon-kepzettek\/\" class=\"image-list\"  >\n\t\t\t\t\t\t  <div class=\"yuzo-img-wrap  ilen_shine \" style=\"width: 100px;height:65px;\">\n\t\t\t\t\t\t\t\t\t <span class='shine-effect'><\/span> \n\t\t\t\t\t\t\t\t\t <div class=\"yuzo-img\" style=\"background:url('https:\/\/www.transzportstudium.hu\/blog\/wp-content\/uploads\/2015\/05\/MAN-Titelbild_659x300-150x150.jpg') 50% 50% no-repeat;width: 105px;height:65px;margin-bottom: 5px;background-size:  cover;  \"><\/div>\n\t\t\t\t\t\t  <\/div>\n\t\t\t\t\t\t  <\/a>\n\t\t\t\t\t\t  <a  class=\"link-list yuzo__text--title\" href=\"https:\/\/www.transzportstudium.hu\/blog\/2015\/06\/18\/a-gepjarmuvezetok-magas-fokon-kepzettek\/\" style=\"font-size:14px;;line-height:22px;\"> A g\u00e9pj\u00e1rm\u0171vezet\u0151k magas fokon k\u00e9pzettek  <\/a>\n\t\t\t\t\t\t\t\t<span class=\"yuzo_text\" style=\"font-size:10px;\" >Kor\u00e1bban m\u00e1r volt sz\u00f3 ezen a blogon arr\u00f3l, hogy a g\u00e9pj\u00e1rm\u0171vezet\u0151knek milyen pap\u00edrokra van sz\u00fcks\u00e9ge ahhoz, hogy t\u00f6rv\u00e9nyesen, a szab\u00e1lyoknak \u00e9s az el\u0151\u00edr...<\/span>\n\t\t\t\t\t\t   \n\t\t\t\t\t\t<\/div>\n\t\t\t\t\t\t<div class=\"relatedthumb yuzo-list  \" style=\"\"  >  \n\t\t\t\t\t\t  <a  href=\"https:\/\/www.transzportstudium.hu\/blog\/2016\/02\/28\/biztonsagos-vezetes-telen-is\/\" class=\"image-list\"  >\n\t\t\t\t\t\t  <div class=\"yuzo-img-wrap  ilen_shine \" style=\"width: 100px;height:65px;\">\n\t\t\t\t\t\t\t\t\t <span class='shine-effect'><\/span> \n\t\t\t\t\t\t\t\t\t <div class=\"yuzo-img\" style=\"background:url('https:\/\/www.transzportstudium.hu\/blog\/wp-content\/uploads\/2016\/02\/2195721_l-150x150.jpg') 50% 50% no-repeat;width: 105px;height:65px;margin-bottom: 5px;background-size:  cover;  \"><\/div>\n\t\t\t\t\t\t  <\/div>\n\t\t\t\t\t\t  <\/a>\n\t\t\t\t\t\t  <a  class=\"link-list yuzo__text--title\" href=\"https:\/\/www.transzportstudium.hu\/blog\/2016\/02\/28\/biztonsagos-vezetes-telen-is\/\" style=\"font-size:14px;;line-height:22px;\"> Biztons\u00e1gos vezet\u00e9s t\u00e9len is  <\/a>\n\t\t\t\t\t\t\t\t<span class=\"yuzo_text\" style=\"font-size:10px;\" >A t\u00e9li id\u0151szak \u2013 a havas utak, a j\u00e9g, a lefagyott aszfalt \u2013 nagy kih\u00edv\u00e1sok el\u00e9 \u00e1ll\u00edtja a sof\u0151r\u00f6ket. Egy szem\u00e9lyg\u00e9pkocsit sem egyszer\u0171 ilyenkor vezetni...<\/span>\n\t\t\t\t\t\t   \n\t\t\t\t\t\t<\/div>\n\t\t\t\t\t\t<div class=\"relatedthumb yuzo-list  \" style=\"\"  >  \n\t\t\t\t\t\t  <a  href=\"https:\/\/www.transzportstudium.hu\/blog\/2019\/09\/26\/az-okj-targoncavezeto-tanfolyamrol\/\" class=\"image-list\"  >\n\t\t\t\t\t\t  <div class=\"yuzo-img-wrap  ilen_shine \" style=\"width: 100px;height:65px;\">\n\t\t\t\t\t\t\t\t\t <span class='shine-effect'><\/span> \n\t\t\t\t\t\t\t\t\t <div class=\"yuzo-img\" style=\"background:url('https:\/\/www.transzportstudium.hu\/blog\/wp-content\/uploads\/2019\/09\/forklift-training-150x150.jpg') 50% 50% no-repeat;width: 105px;height:65px;margin-bottom: 5px;background-size:  cover;  \"><\/div>\n\t\t\t\t\t\t  <\/div>\n\t\t\t\t\t\t  <\/a>\n\t\t\t\t\t\t  <a  class=\"link-list yuzo__text--title\" href=\"https:\/\/www.transzportstudium.hu\/blog\/2019\/09\/26\/az-okj-targoncavezeto-tanfolyamrol\/\" style=\"font-size:14px;;line-height:22px;\"> Az OKJ targoncavezet\u0151 tanfolyamr\u00f3l  <\/a>\n\t\t\t\t\t\t\t\t<span class=\"yuzo_text\" style=\"font-size:10px;\" >A g\u00e9pes\u00edtett anyagmozgat\u00e1s jelent\u0151s r\u00e9sze targonc\u00e1kkal t\u00f6rt\u00e9nik, a targoncavezet\u00e9s el\u0151felt\u00e9tele pedig az OKJ targoncavezet\u0151 tanfolyam elv\u00e9gz\u00e9se, illet...<\/span>\n\t\t\t\t\t\t   \n\t\t\t\t\t\t<\/div>\n\t\t\t\t\t\t<div class=\"relatedthumb yuzo-list  \" style=\"\"  >  \n\t\t\t\t\t\t  <a  href=\"https:\/\/www.transzportstudium.hu\/blog\/2014\/10\/07\/a-gepkocsivezetok-pihenoidejenek-eu-s-szabalyzasa\/\" class=\"image-list\"  >\n\t\t\t\t\t\t  <div class=\"yuzo-img-wrap  ilen_shine \" style=\"width: 100px;height:65px;\">\n\t\t\t\t\t\t\t\t\t <span class='shine-effect'><\/span> \n\t\t\t\t\t\t\t\t\t <div class=\"yuzo-img\" style=\"background:url('https:\/\/www.transzportstudium.hu\/blog\/wp-content\/uploads\/2014\/10\/46823_lowres_04612-038-150x150.jpg') 50% 50% no-repeat;width: 105px;height:65px;margin-bottom: 5px;background-size:  cover;  \"><\/div>\n\t\t\t\t\t\t  <\/div>\n\t\t\t\t\t\t  <\/a>\n\t\t\t\t\t\t  <a  class=\"link-list yuzo__text--title\" href=\"https:\/\/www.transzportstudium.hu\/blog\/2014\/10\/07\/a-gepkocsivezetok-pihenoidejenek-eu-s-szabalyzasa\/\" style=\"font-size:14px;;line-height:22px;\"> A g\u00e9pkocsivezet\u0151k pihen\u0151idej\u00e9nek EU-s szab\u00e1lyz\u00e1sa...  <\/a>\n\t\t\t\t\t\t\t\t<span class=\"yuzo_text\" style=\"font-size:10px;\" >Az 561\/2006 EU rendelet \u00e9rtelm\u00e9ben 2007. \u00e1prilis 11-\u00e9t\u0151l jelent\u0151s v\u00e1ltoz\u00e1sok t\u00f6rt\u00e9ntek a k\u00f6z\u00fati szem\u00e9ly- \u00e9s \u00e1rusz\u00e1ll\u00edt\u00e1sban. A sof\u0151r\u00f6knek nemcsak GKI ...<\/span>\n\t\t\t\t\t\t   \n\t\t\t\t\t\t<\/div>\n<\/div>  <!-- End Yuzo :) -->","protected":false},"excerpt":{"rendered":"<p>Ha k\u00fclf\u00f6ld\u00f6n szeretne elhelyezkedni g\u00e9pkezel\u0151k\u00e9nt, az OKJ-s k\u00e9pes\u00edt\u00e9s megszerz\u00e9se mellett egy Europass bizony\u00edtv\u00e1ny-kieg\u00e9sz\u00edt\u0151 dokumentumra is sz\u00fcks\u00e9ge lesz. Az Europass dokumentumok c\u00e9lja, hogy Eur\u00f3p\u00e1n bel\u00fcl egys\u00e9ges form\u00e1tumban tegy\u00e9k \u00f6sszehasonl\u00edthat\u00f3v\u00e1 az egy\u00e9n v\u00e9gzetts\u00e9g\u00e9t \u00e9s szaktud\u00e1s\u00e1t. Az&#46;&#46;&#46;<\/p>\n","protected":false},"author":3,"featured_media":230,"comment_status":"open","ping_status":"open","sticky":false,"template":"","format":"standard","meta":{"footnotes":""},"categories":[5],"tags":[63,85,88,37,95,89,31,18,53,54],"class_list":["post-229","post","type-post","status-publish","format-standard","has-post-thumbnail","hentry","category-okj","tag-bizonyitvany","tag-eu","tag-europass","tag-gepkezelo","tag-gepkezeloi-tanfolyam","tag-munkavallalas","tag-okj-2","tag-szabalyok","tag-tanfolyam","tag-vizsga"],"aioseo_notices":[],"_links":{"self":[{"href":"https:\/\/www.transzportstudium.hu\/blog\/wp-json\/wp\/v2\/posts\/229","targetHints":{"allow":["GET"]}}],"collection":[{"href":"https:\/\/www.transzportstudium.hu\/blog\/wp-json\/wp\/v2\/posts"}],"about":[{"href":"https:\/\/www.transzportstudium.hu\/blog\/wp-json\/wp\/v2\/types\/post"}],"author":[{"embeddable":true,"href":"https:\/\/www.transzportstudium.hu\/blog\/wp-json\/wp\/v2\/users\/3"}],"replies":[{"embeddable":true,"href":"https:\/\/www.transzportstudium.hu\/blog\/wp-json\/wp\/v2\/comments?post=229"}],"version-history":[{"count":4,"href":"https:\/\/www.transzportstudium.hu\/blog\/wp-json\/wp\/v2\/posts\/229\/revisions"}],"predecessor-version":[{"id":336,"href":"https:\/\/www.transzportstudium.hu\/blog\/wp-json\/wp\/v2\/posts\/229\/revisions\/336"}],"wp:featuredmedia":[{"embeddable":true,"href":"https:\/\/www.transzportstudium.hu\/blog\/wp-json\/wp\/v2\/media\/230"}],"wp:attachment":[{"href":"https:\/\/www.transzportstudium.hu\/blog\/wp-json\/wp\/v2\/media?parent=229"}],"wp:term":[{"taxonomy":"category","embeddable":true,"href":"https:\/\/www.transzportstudium.hu\/blog\/wp-json\/wp\/v2\/categories?post=229"},{"taxonomy":"post_tag","embeddable":true,"href":"https:\/\/www.transzportstudium.hu\/blog\/wp-json\/wp\/v2\/tags?post=229"}],"curies":[{"name":"wp","href":"https:\/\/api.w.org\/{rel}","templated":true}]}}