{"id":183,"date":"2014-10-21T11:20:35","date_gmt":"2014-10-21T10:20:35","guid":{"rendered":"http:\/\/www.transzportstudium.hu\/blog\/?p=183"},"modified":"2014-11-07T09:14:44","modified_gmt":"2014-11-07T08:14:44","slug":"a-sajat-fuvarozovallalkozas-beinditasanak-elonyei","status":"publish","type":"post","link":"https:\/\/www.transzportstudium.hu\/blog\/2014\/10\/21\/a-sajat-fuvarozovallalkozas-beinditasanak-elonyei\/","title":{"rendered":"A saj\u00e1t fuvaroz\u00f3v\u00e1llalkoz\u00e1s beind\u00edt\u00e1s\u00e1nak el\u0151nyei"},"content":{"rendered":"<p>Amennyiben \u00e9vekig vagy ak\u00e1r \u00e9vtizedekig dolgozott alkalmazottk\u00e9nt egy sz\u00e1ll\u00edtm\u00e1nyoz\u00e1si v\u00e1llalatn\u00e1l, biztosan megfordult m\u00e1r a fej\u00e9ben, hogy a munk\u00e1t v\u00e1llalkoz\u00f3i tev\u00e9kenys\u00e9g keret\u00e9ben folytassa; hiszen \u00edgy a maga ura lehet, \u00e9s anyagilag is jobban j\u00e1rhat. Manaps\u00e1g sokan d\u00f6ntenek \u00fagy, hogy v\u00e1llalkoz\u00e1sba fognak, f\u0151k\u00e9nt akkor, ha elvesz\u00edtik az \u00e1ll\u00e1sukat, \u00e9s az \u00e1ll\u00e1skeres\u00e9s nem j\u00e1r sikerrel. Ha \u00f6n is f\u00fcggetlens\u00e9gre v\u00e1gyik, \u00e9rdemes elv\u00e9geznie v\u00e1llalkoz\u00f3i tanfolyamunkat, \u00e9s kor\u00e1bbi tapasztalatait ezut\u00e1n v\u00e1llalkoz\u00f3k\u00e9nt kamatoztatni. A tanfolyam elv\u00e9gz\u00e9s\u00e9vel gondoskodhat arr\u00f3l, hogy szab\u00e1lyosan v\u00e9gzi majd tev\u00e9kenys\u00e9g\u00e9t, \u00edgy nem ker\u00fcl \u00f6sszet\u0171z\u00e9sbe a hat\u00f3s\u00e1gokkal.<\/p>\n<div id=\"attachment_122\" style=\"width: 634px\" class=\"wp-caption aligncenter\"><img loading=\"lazy\" decoding=\"async\" aria-describedby=\"caption-attachment-122\" class=\"wp-image-122 size-full\" src=\"https:\/\/www.transzportstudium.hu\/blog\/wp-content\/uploads\/2014\/08\/p017gb1f.jpg\" alt=\"\u00c1rufuvaroz\u00f3 v\u00e1llalkoz\u00f3i, aut\u00f3buszos szem\u00e9lysz\u00e1ll\u00edt\u00f3 v\u00e1llalkoz\u00f3i, szem\u00e9lyg\u00e9pkocsis szem\u00e9lysz\u00e1ll\u00edt\u00f3 v\u00e1llalkoz\u00f3i, taxis v\u00e1llalkoz\u00f3i tanfolyamok\" width=\"624\" height=\"351\" srcset=\"https:\/\/www.transzportstudium.hu\/blog\/wp-content\/uploads\/2014\/08\/p017gb1f.jpg 624w, https:\/\/www.transzportstudium.hu\/blog\/wp-content\/uploads\/2014\/08\/p017gb1f-300x168.jpg 300w\" sizes=\"auto, (max-width: 624px) 100vw, 624px\" \/><p id=\"caption-attachment-122\" class=\"wp-caption-text\">\u00c1rufuvaroz\u00f3 v\u00e1llalkoz\u00f3i, aut\u00f3buszos szem\u00e9lysz\u00e1ll\u00edt\u00f3 v\u00e1llalkoz\u00f3i, szem\u00e9lyg\u00e9pkocsis szem\u00e9lysz\u00e1ll\u00edt\u00f3 v\u00e1llalkoz\u00f3i, taxis v\u00e1llalkoz\u00f3i tanfolyamok<\/p><\/div>\n<h2><b>F\u00fcggetlens\u00e9g<\/b><\/h2>\n<p>Amennyiben a fuvaroz\u00e1st ezent\u00fal v\u00e1llalkoz\u00f3i tev\u00e9kenys\u00e9g keret\u00e9ben folytatja, a maga ura lehet. Nem lesz felettese, akinek meg kellene felelnie; a fontos k\u00e9rd\u00e9sekben maga d\u00f6nt. A v\u00e1llalkoz\u00f3i tanfolyam elv\u00e9gz\u00e9se \u00edgy aj\u00e1nlott mindenkinek, akik nem szeretik, ha ir\u00e1ny\u00edtj\u00e1k \u0151ket.<\/p>\n<h2><strong>Rugalmas munkaid\u0151<\/strong><\/h2>\n<p>V\u00e1llalkoz\u00f3k\u00e9nt akkor \u00e9s annyi megb\u00edz\u00e1st v\u00e1llal, amennyit szeretne. Igaz, eleinte t\u00f6bb munk\u00e1t kell sz\u00e1nnia c\u00e9ge felfuttat\u00e1s\u00e1ra, de ha m\u00e1r minden megy mag\u00e1t\u00f3l, munkat\u00e1rsaira b\u00edzhatja a mindennapi feladatokat, \u00e9s t\u00f6bb id\u0151t t\u00f6lthet a csal\u00e1dj\u00e1val.<\/p>\n<h2><strong>Koll\u00e9g\u00e1k szabad megv\u00e1laszt\u00e1sa<\/strong><\/h2>\n<p>Ha v\u00e1llalkoz\u00f3i tanfolyamunk elv\u00e9gz\u00e9se ut\u00e1n saj\u00e1t c\u00e9get alap\u00edt, \u00f6n d\u00f6nti el, kit alkalmaz, \u00edgy nem kell egyetlen olyan koll\u00e9g\u00e1val sem egy\u00fctt dolgoznia, akit nem kedvel, vagy nem tartja j\u00f3 munkaer\u0151nek.<\/p>\n<h2><strong>Jobb anyagi lehet\u0151s\u00e9gek<\/strong><\/h2>\n<p>Alkalmazottk\u00e9nt nem felt\u00e9tlen\u00fcl kap fizet\u00e9semel\u00e9st, ha hat\u00e9kony munk\u00e1j\u00e1nak eredm\u00e9nyek\u00e9pp a c\u00e9gnek \u00e9ppen nagyon is j\u00f3l megy. V\u00e1llalkoz\u00f3k\u00e9nt viszont er\u0151fesz\u00edt\u00e9seinek egy\u00e9rtelm\u0171 anyagi k\u00f6vetkezm\u00e9nye lesz.<\/p>\n<p>A v\u00e1llalkoz\u00f3i l\u00e9tnek term\u00e9szetesen megvannak a maga kock\u00e1zatai, azonban ha ez a forma testhez\u00e1ll\u00f3 az \u00f6n sz\u00e1m\u00e1ra, \u00e9rdemes belev\u00e1gnia. A sz\u00fcks\u00e9ges ismeretek megszerz\u00e9s\u00e9hez <a title=\"Jelentkez\u00e9s - V\u00e1llalkoz\u00f3i szaktanfolyamok\" href=\"http:\/\/www.transzportstudium.hu\/jelentkezesi-lap\/2_vallalkozoi-szaktanfolyamok\">jelentkezzen most<\/a> \u00e1rufuvaroz\u00f3 v\u00e1llalkoz\u00f3i, aut\u00f3buszos szem\u00e9lysz\u00e1ll\u00edt\u00f3 v\u00e1llalkoz\u00f3i, szem\u00e9lyg\u00e9pkocsis szem\u00e9lysz\u00e1ll\u00edt\u00f3 v\u00e1llalkoz\u00f3i vagy taxis <a title=\"V\u00e1llalkoz\u00f3i szaktanfolyamok\" href=\"http:\/\/www.transzportstudium.hu\/tanfolyamok\/2_vallalkozoi-szaktanfolyamok\">v\u00e1llalkoz\u00f3i tanfolyamunkra<\/a>!<\/p>\n<p>&nbsp;<\/p>\n<!-- Begin Yuzo --><div class='yuzo_related_post style-2'  data-version='5.12.88'><!-- without result --><div class='yuzo_clearfixed yuzo__title yuzo__title'><h3>Hasonl\u00f3 cikkek<\/h3><\/div>\n\t\t\t\t\t\t<div class=\"relatedthumb yuzo-list  \" style=\"\"  >  \n\t\t\t\t\t\t  <a  href=\"https:\/\/www.transzportstudium.hu\/blog\/2016\/06\/21\/a-taxivezetoi-engedely-megszerzese\/\" class=\"image-list\"  >\n\t\t\t\t\t\t  <div class=\"yuzo-img-wrap  ilen_shine \" style=\"width: 100px;height:65px;\">\n\t\t\t\t\t\t\t\t\t <span class='shine-effect'><\/span> \n\t\t\t\t\t\t\t\t\t <div class=\"yuzo-img\" style=\"background:url('https:\/\/www.transzportstudium.hu\/blog\/wp-content\/uploads\/2016\/06\/6492790_l-150x150.jpg') 50% 50% no-repeat;width: 105px;height:65px;margin-bottom: 5px;background-size:  cover;  \"><\/div>\n\t\t\t\t\t\t  <\/div>\n\t\t\t\t\t\t  <\/a>\n\t\t\t\t\t\t  <a  class=\"link-list yuzo__text--title\" href=\"https:\/\/www.transzportstudium.hu\/blog\/2016\/06\/21\/a-taxivezetoi-engedely-megszerzese\/\" style=\"font-size:14px;;line-height:22px;\"> A  taxivezet\u0151i enged\u00e9ly megszerz\u00e9se  <\/a>\n\t\t\t\t\t\t\t\t<span class=\"yuzo_text\" style=\"font-size:10px;\" >A taxivezet\u0151i enged\u00e9ly megszerz\u00e9se t\u00f6bb szempontb\u00f3l is el\u0151ny\u00f6s lehet. Egyr\u00e9szt, mert \u00edgy olyan k\u00e9pes\u00edt\u00e9shez jut, amivel b\u00e1rmikor elhelyezkedhet \u2013 p\u00e9ld...<\/span>\n\t\t\t\t\t\t   \n\t\t\t\t\t\t<\/div>\n\t\t\t\t\t\t<div class=\"relatedthumb yuzo-list  \" style=\"\"  >  \n\t\t\t\t\t\t  <a  href=\"https:\/\/www.transzportstudium.hu\/blog\/2019\/06\/06\/a-targonca-vizsgarol\/\" class=\"image-list\"  >\n\t\t\t\t\t\t  <div class=\"yuzo-img-wrap  ilen_shine \" style=\"width: 100px;height:65px;\">\n\t\t\t\t\t\t\t\t\t <span class='shine-effect'><\/span> \n\t\t\t\t\t\t\t\t\t <div class=\"yuzo-img\" style=\"background:url('https:\/\/www.transzportstudium.hu\/blog\/wp-content\/uploads\/2015\/06\/FORKLIFT-TRAINING-150x150.jpg') 50% 50% no-repeat;width: 105px;height:65px;margin-bottom: 5px;background-size:  cover;  \"><\/div>\n\t\t\t\t\t\t  <\/div>\n\t\t\t\t\t\t  <\/a>\n\t\t\t\t\t\t  <a  class=\"link-list yuzo__text--title\" href=\"https:\/\/www.transzportstudium.hu\/blog\/2019\/06\/06\/a-targonca-vizsgarol\/\" style=\"font-size:14px;;line-height:22px;\"> A targonca vizsg\u00e1r\u00f3l  <\/a>\n\t\t\t\t\t\t\t\t<span class=\"yuzo_text\" style=\"font-size:10px;\" >Ismertesse a baleset, a munkabaleset, az \u00fati baleset, a s\u00falyos baleset \u00e9s a \"majdnem\" baleset fogalm\u00e1t! Sorolja f\u00f6l a baleset meghat\u00e1roz\u00f3 elemeit! - S...<\/span>\n\t\t\t\t\t\t   \n\t\t\t\t\t\t<\/div>\n\t\t\t\t\t\t<div class=\"relatedthumb yuzo-list  \" style=\"\"  >  \n\t\t\t\t\t\t  <a  href=\"https:\/\/www.transzportstudium.hu\/blog\/2019\/02\/14\/mindenki-maskepp-csinalja-a-taxis-tanfolyam\/\" class=\"image-list\"  >\n\t\t\t\t\t\t  <div class=\"yuzo-img-wrap  ilen_shine \" style=\"width: 100px;height:65px;\">\n\t\t\t\t\t\t\t\t\t <span class='shine-effect'><\/span> \n\t\t\t\t\t\t\t\t\t <div class=\"yuzo-img\" style=\"background:url('https:\/\/www.transzportstudium.hu\/blog\/wp-content\/uploads\/2019\/02\/Gauging-the-disruptive-power-of-robo-taxis-1536x1536_300-150x150.jpg') 50% 50% no-repeat;width: 105px;height:65px;margin-bottom: 5px;background-size:  cover;  \"><\/div>\n\t\t\t\t\t\t  <\/div>\n\t\t\t\t\t\t  <\/a>\n\t\t\t\t\t\t  <a  class=\"link-list yuzo__text--title\" href=\"https:\/\/www.transzportstudium.hu\/blog\/2019\/02\/14\/mindenki-maskepp-csinalja-a-taxis-tanfolyam\/\" style=\"font-size:14px;;line-height:22px;\"> Mindenki m\u00e1sk\u00e9pp csin\u00e1lja \u2013 a taxis tanfolya...  <\/a>\n\t\t\t\t\t\t\t\t<span class=\"yuzo_text\" style=\"font-size:10px;\" >Ahhoz, hogy valaki taxizzon, taxis tanfolyamot kell v\u00e9gezni. Sokan szerelemb\u0151l, m\u00e1sok k\u00e9nyszerb\u0151l, a j\u00f3 kereseti lehet\u0151s\u00e9g rem\u00e9ny\u00e9ben iratkoznak be eg...<\/span>\n\t\t\t\t\t\t   \n\t\t\t\t\t\t<\/div>\n\t\t\t\t\t\t<div class=\"relatedthumb yuzo-list  \" style=\"\"  >  \n\t\t\t\t\t\t  <a  href=\"https:\/\/www.transzportstudium.hu\/blog\/2015\/11\/17\/gazok-es-gyulekony-folyadekok-szallitasa\/\" class=\"image-list\"  >\n\t\t\t\t\t\t  <div class=\"yuzo-img-wrap  ilen_shine \" style=\"width: 100px;height:65px;\">\n\t\t\t\t\t\t\t\t\t <span class='shine-effect'><\/span> \n\t\t\t\t\t\t\t\t\t <div class=\"yuzo-img\" style=\"background:url('https:\/\/www.transzportstudium.hu\/blog\/wp-content\/uploads\/2015\/11\/shutterstock_260466953-150x150.jpg') 50% 50% no-repeat;width: 105px;height:65px;margin-bottom: 5px;background-size:  cover;  \"><\/div>\n\t\t\t\t\t\t  <\/div>\n\t\t\t\t\t\t  <\/a>\n\t\t\t\t\t\t  <a  class=\"link-list yuzo__text--title\" href=\"https:\/\/www.transzportstudium.hu\/blog\/2015\/11\/17\/gazok-es-gyulekony-folyadekok-szallitasa\/\" style=\"font-size:14px;;line-height:22px;\"> G\u00e1zok \u00e9s gy\u00fal\u00e9kony folyad\u00e9kok sz\u00e1ll\u00edt\u00e1sa  <\/a>\n\t\t\t\t\t\t\t\t<span class=\"yuzo_text\" style=\"font-size:10px;\" >Magyarorsz\u00e1g 1979-ben csatlakozott a nemzetk\u00f6zi ADR meg\u00e1llapod\u00e1shoz. Ennek megfelel\u0151en a vesz\u00e9lyes \u00e1ruk k\u00f6z\u00fati sz\u00e1ll\u00edt\u00e1s\u00e1ra el\u0151\u00edrt \u00e9s betartand\u00f3 nemze...<\/span>\n\t\t\t\t\t\t   \n\t\t\t\t\t\t<\/div>\n<\/div>  <!-- End Yuzo :) -->","protected":false},"excerpt":{"rendered":"<p>Amennyiben \u00e9vekig vagy ak\u00e1r \u00e9vtizedekig dolgozott alkalmazottk\u00e9nt egy sz\u00e1ll\u00edtm\u00e1nyoz\u00e1si v\u00e1llalatn\u00e1l, biztosan megfordult m\u00e1r a fej\u00e9ben, hogy a munk\u00e1t v\u00e1llalkoz\u00f3i tev\u00e9kenys\u00e9g keret\u00e9ben folytassa; hiszen \u00edgy a maga ura lehet, \u00e9s anyagilag is jobban j\u00e1rhat. Manaps\u00e1g&#46;&#46;&#46;<\/p>\n","protected":false},"author":3,"featured_media":122,"comment_status":"open","ping_status":"open","sticky":false,"template":"","format":"standard","meta":{"footnotes":""},"categories":[4],"tags":[25,47,92,93,53,94,45,49],"class_list":["post-183","post","type-post","status-publish","format-standard","has-post-thumbnail","hentry","category-vallalkozoi-vilag","tag-arufuvarozo","tag-arufuvarozo-vallalkozo","tag-autobuszos-szemelyszallito-vallalkozo","tag-szemelygepkocsis-szemelyszallito-vallalkozo","tag-tanfolyam","tag-taxis-vallalkozo","tag-vallalkozoi-kepzes","tag-vallalkozoi-tanfolyam"],"aioseo_notices":[],"_links":{"self":[{"href":"https:\/\/www.transzportstudium.hu\/blog\/wp-json\/wp\/v2\/posts\/183","targetHints":{"allow":["GET"]}}],"collection":[{"href":"https:\/\/www.transzportstudium.hu\/blog\/wp-json\/wp\/v2\/posts"}],"about":[{"href":"https:\/\/www.transzportstudium.hu\/blog\/wp-json\/wp\/v2\/types\/post"}],"author":[{"embeddable":true,"href":"https:\/\/www.transzportstudium.hu\/blog\/wp-json\/wp\/v2\/users\/3"}],"replies":[{"embeddable":true,"href":"https:\/\/www.transzportstudium.hu\/blog\/wp-json\/wp\/v2\/comments?post=183"}],"version-history":[{"count":3,"href":"https:\/\/www.transzportstudium.hu\/blog\/wp-json\/wp\/v2\/posts\/183\/revisions"}],"predecessor-version":[{"id":335,"href":"https:\/\/www.transzportstudium.hu\/blog\/wp-json\/wp\/v2\/posts\/183\/revisions\/335"}],"wp:featuredmedia":[{"embeddable":true,"href":"https:\/\/www.transzportstudium.hu\/blog\/wp-json\/wp\/v2\/media\/122"}],"wp:attachment":[{"href":"https:\/\/www.transzportstudium.hu\/blog\/wp-json\/wp\/v2\/media?parent=183"}],"wp:term":[{"taxonomy":"category","embeddable":true,"href":"https:\/\/www.transzportstudium.hu\/blog\/wp-json\/wp\/v2\/categories?post=183"},{"taxonomy":"post_tag","embeddable":true,"href":"https:\/\/www.transzportstudium.hu\/blog\/wp-json\/wp\/v2\/tags?post=183"}],"curies":[{"name":"wp","href":"https:\/\/api.w.org\/{rel}","templated":true}]}}