{"id":176,"date":"2014-10-02T10:55:46","date_gmt":"2014-10-02T09:55:46","guid":{"rendered":"http:\/\/www.transzportstudium.hu\/blog\/?p=176"},"modified":"2014-11-10T09:29:17","modified_gmt":"2014-11-10T08:29:17","slug":"kinek-kell-elvegeznie-az-okj-s-gepkezeloi-tanfolyamot","status":"publish","type":"post","link":"https:\/\/www.transzportstudium.hu\/blog\/2014\/10\/02\/kinek-kell-elvegeznie-az-okj-s-gepkezeloi-tanfolyamot\/","title":{"rendered":"Kinek kell elv\u00e9geznie az OKJ-s g\u00e9pkezel\u0151i tanfolyamot?"},"content":{"rendered":"<p>Azon jelenlegi vagy leend\u0151 munkav\u00e1llal\u00f3knak, akik szakmunk\u00e1sk\u00e9nt k\u00fcl\u00f6nb\u00f6z\u0151 emel\u0151g\u00e9peket, p\u00e9ld\u00e1ul mobil szerel\u0151\u00e1llv\u00e1nyt, g\u00e9pj\u00e1rm\u0171emel\u0151 h\u00e1tfalat, j\u00e1rm\u0171re szerelt darut vagy oll\u00f3s emel\u0151\u00e1llv\u00e1nyt kezelnek vagy szeretn\u00e9nek kezelni, ahhoz, hogy hivatalosan is ebben a munkak\u00f6rben dolgozhassanak, el kell v\u00e9gezni\u00fck az <a title=\"OKJ-s emel\u0151g\u00e9p-kezel\u0151i tanfolyamot\" href=\"http:\/\/www.transzportstudium.hu\/tanfolyamok\/4_okj-s-gepkezeloi-tanfolyamok\">OKJ-s emel\u0151g\u00e9p-kezel\u0151i tanfolyamot<\/a>. A k\u00e9pz\u00e9sre azon 18 \u00e9v feletti szem\u00e9lyek jelentkezhetnek, akik eg\u00e9szs\u00e9g\u00fcgyi alkalmass\u00e1ggal \u00e9s 8 \u00e1ltal\u00e1nos iskolai v\u00e9gzetts\u00e9ggel rendelkeznek.<\/p>\n<h2><strong>Az OKJ-s bizony\u00edtv\u00e1ny mellett gyakorlatot igazol\u00f3 bizony\u00edtv\u00e1ny is kell<\/strong><\/h2>\n<p>Ahhoz, hogy a munkav\u00e1llal\u00f3 \u00f6nj\u00e1r\u00f3 emel\u0151g\u00e9pet kezelhessen, a megfelel\u0151 szakk\u00e9pes\u00edt\u00e9s-el\u00e1gaz\u00e1sra vonatkoz\u00f3 OKJ-s bizony\u00edtv\u00e1ny mellett gyakorlatot igazol\u00f3 okiratra is sz\u00fcks\u00e9ge van. A gyakorlatot igazol\u00f3 okirat a g\u00e9pkezel\u0151 jogos\u00edtv\u00e1ny. Kiz\u00e1r\u00f3lag a kor\u00e1bbi, must\u00e1rs\u00e1rga emel\u0151g\u00e9p-kezel\u0151i jogos\u00edtv\u00e1ny birtok\u00e1ban m\u00e1r nem lehet hivatalosan emel\u0151g\u00e9pet kezelni, hiszen az OKJ-s szakk\u00e9pes\u00edt\u00e9s sz\u00fcks\u00e9gess\u00e9g\u00e9nek el\u0151\u00edr\u00e1s\u00e1t k\u00e9t rendelet is tartalmazza. Ezek egyike a <a title=\"47\/1999. (VIII. 4.) GM rendelet\" href=\"http:\/\/net.jogtar.hu\/jr\/gen\/hjegy_doc.cgi?docid=99900047.GM\" target=\"_blank\">47\/1999. (VIII. 4.) GM rendelet<\/a>, a m\u00e1sik pedig a <a title=\"21\/2010. (V. 14.) NFGM rendelet\" href=\"http:\/\/www.complex.hu\/jr\/gen\/hjegy_doc.cgi?docid=A1000021.NFG\" target=\"_blank\">21\/2010. (V. 14.) NFGM rendelet<\/a>.<\/p>\n<div id=\"attachment_192\" style=\"width: 610px\" class=\"wp-caption aligncenter\"><img loading=\"lazy\" decoding=\"async\" aria-describedby=\"caption-attachment-192\" class=\"wp-image-192 size-large\" src=\"https:\/\/www.transzportstudium.hu\/blog\/wp-content\/uploads\/2014\/10\/knuckleboom-cranes-truck-17586-4033294-1024x682.jpg\" alt=\"OKJ-s emel\u0151g\u00e9p-kezel\u0151i tanfolyam \u00e9s vizsga\" width=\"600\" height=\"399\" srcset=\"https:\/\/www.transzportstudium.hu\/blog\/wp-content\/uploads\/2014\/10\/knuckleboom-cranes-truck-17586-4033294-1024x682.jpg 1024w, https:\/\/www.transzportstudium.hu\/blog\/wp-content\/uploads\/2014\/10\/knuckleboom-cranes-truck-17586-4033294-300x200.jpg 300w, https:\/\/www.transzportstudium.hu\/blog\/wp-content\/uploads\/2014\/10\/knuckleboom-cranes-truck-17586-4033294.jpg 1302w\" sizes=\"auto, (max-width: 600px) 100vw, 600px\" \/><p id=\"caption-attachment-192\" class=\"wp-caption-text\">OKJ-s emel\u0151g\u00e9p-kezel\u0151i tanfolyam \u00e9s vizsga<\/p><\/div>\n<h2><strong>OKJ-s emel\u0151g\u00e9p-kezel\u0151i vizsg\u00e1val a targonc\u00e1n k\u00edv\u00fcl b\u00e1rmilyen emel\u0151g\u00e9pet kezelhet<\/strong><\/h2>\n<p>A <a title=\"6\/1980. (I. 25.) \u00c9VM-KPM egy\u00fcttes rendelet\" href=\"http:\/\/net.jogtar.hu\/jr\/gen\/hjegy_doc.cgi?docid=A0900040.KHE\" target=\"_blank\">6\/1980. (I. 25.) \u00c9VM-KPM egy\u00fcttes rendelet<\/a> 2009. janu\u00e1r 1-i hat\u00e1lyon k\u00edv\u00fcl helyez\u00e9s\u00e9vel a g\u00e9pek \u00e9s g\u00e9pcsoportok teherb\u00edr\u00e1s szerinti besorol\u00e1sa megsz\u0171nt, \u00edgy jelenlegi k\u00e9pes\u00edt\u00e9s\u00e9vel a munkav\u00e1llal\u00f3 magasabb teherb\u00edr\u00e1s\u00fa emel\u0151-berendez\u00e9st is kezelhet. Amennyiben a szakmunk\u00e1s megszerezte az \u201eEmel\u0151g\u00e9p-kezel\u0151 (kiv\u00e9ve targonca)\u201d OKJ-s szakk\u00e9pes\u00edt\u00e9st, b\u00e1rmilyen, az emel\u0151g\u00e9pek g\u00e9pcsal\u00e1dj\u00e1ba tartoz\u00f3 g\u00e9pt\u00edpust kezelhet, p\u00e9ld\u00e1ul hidraulikus szerel\u0151kosaras g\u00e9pj\u00e1rm\u0171vet, kont\u00e9neremel\u0151t, l\u00e1nctalpas darut, fut\u00f3darut, oszlopos k\u00fasz\u00f3 munka\u00e1llv\u00e1nyt vagy g\u00e9pi hajt\u00e1s\u00fa cs\u00f6rl\u0151t. Ha OKJ-s emel\u0151g\u00e9p-kezel\u0151i szakk\u00e9pes\u00edt\u00e9sre van sz\u00fcks\u00e9ge, <a title=\"OKJ-s g\u00e9pkezel\u0151i tanfolyamok\" href=\"http:\/\/www.transzportstudium.hu\/jelentkezesi-lap\/4_okj-s-gepkezeloi-tanfolyamok\">jelentkezzen most tanfolyamunkra<\/a>!<\/p>\n<p><strong>Friss\u00edt\u00e9s<\/strong>:\u00a0<span style=\"color: #141823;\">Tudta, hogy amennyiben elv\u00e9gez iskol\u00e1nkban b\u00e1rmilyen OKJ-s g\u00e9pkezel\u0151 tanfolyamot \u00e9s a sikeres vizsg\u00e1r\u00f3l k\u00e9r Europass-os bizony\u00edtv\u00e1nyt is, abban az esetben k\u00fclf\u00f6ld\u00f6n is tud vele munk\u00e1t v\u00e1llalni? Olvassa el a t\u00e9m\u00e1val foglalkoz\u00f3 cikk\u00fcnket:\u00a0<a title=\"Hogyan dolgozhatok k\u00fclf\u00f6ld\u00f6n magyar OKJ-s k\u00e9pes\u00edt\u00e9ssel?\" href=\"http:\/\/www.transzportstudium.hu\/blog\/2014\/10\/23\/hogyan-dolgozhatok-kulfoldon-magyar-okj-s-kepesitessel\/\">Hogyan dolgozhatok k\u00fclf\u00f6ld\u00f6n magyar OKJ-s k\u00e9pes\u00edt\u00e9ssel?<\/a><\/span><\/p>\n<!-- Begin Yuzo --><div class='yuzo_related_post style-2'  data-version='5.12.88'><!-- without result --><div class='yuzo_clearfixed yuzo__title yuzo__title'><h3>Hasonl\u00f3 cikkek<\/h3><\/div>\n\t\t\t\t\t\t<div class=\"relatedthumb yuzo-list  \" style=\"\"  >  \n\t\t\t\t\t\t  <a  href=\"https:\/\/www.transzportstudium.hu\/blog\/2014\/12\/23\/okj-targoncavezeto-tanfolyam-ki-allithat-ki-egeszsegugyi-alkalmassagi-igazolast\/\" class=\"image-list\"  >\n\t\t\t\t\t\t  <div class=\"yuzo-img-wrap  ilen_shine \" style=\"width: 100px;height:65px;\">\n\t\t\t\t\t\t\t\t\t <span class='shine-effect'><\/span> \n\t\t\t\t\t\t\t\t\t <div class=\"yuzo-img\" style=\"background:url('https:\/\/www.transzportstudium.hu\/blog\/wp-content\/uploads\/2014\/08\/292125851_db0aa30bc1_o-150x150.jpg') 50% 50% no-repeat;width: 105px;height:65px;margin-bottom: 5px;background-size:  cover;  \"><\/div>\n\t\t\t\t\t\t  <\/div>\n\t\t\t\t\t\t  <\/a>\n\t\t\t\t\t\t  <a  class=\"link-list yuzo__text--title\" href=\"https:\/\/www.transzportstudium.hu\/blog\/2014\/12\/23\/okj-targoncavezeto-tanfolyam-ki-allithat-ki-egeszsegugyi-alkalmassagi-igazolast\/\" style=\"font-size:14px;;line-height:22px;\"> OKJ Targoncavezet\u0151 tanfolyam \u2013 Ki \u00e1ll\u00edthat k...  <\/a>\n\t\t\t\t\t\t\t\t<span class=\"yuzo_text\" style=\"font-size:10px;\" >A targoncavezet\u0151i szakma vonzereje\r\nNapjainkban a kereskedelem \u00e1t-meg \u00e1tsz\u00f6vi nem csak a kontinenseket, hanem az eg\u00e9sz bolyg\u00f3t. A term\u00e9kek el\u0151\u00e1ll\u00edt\u00e1sa...<\/span>\n\t\t\t\t\t\t   \n\t\t\t\t\t\t<\/div>\n\t\t\t\t\t\t<div class=\"relatedthumb yuzo-list  \" style=\"\"  >  \n\t\t\t\t\t\t  <a  href=\"https:\/\/www.transzportstudium.hu\/blog\/2015\/11\/19\/egy-jo-szakma-belfoldi-es-nemzetkozi-gepkocsivezeto\/\" class=\"image-list\"  >\n\t\t\t\t\t\t  <div class=\"yuzo-img-wrap  ilen_shine \" style=\"width: 100px;height:65px;\">\n\t\t\t\t\t\t\t\t\t <span class='shine-effect'><\/span> \n\t\t\t\t\t\t\t\t\t <div class=\"yuzo-img\" style=\"background:url('https:\/\/www.transzportstudium.hu\/blog\/wp-content\/uploads\/2015\/11\/shutterstock_79285564-150x150.jpg') 50% 50% no-repeat;width: 105px;height:65px;margin-bottom: 5px;background-size:  cover;  \"><\/div>\n\t\t\t\t\t\t  <\/div>\n\t\t\t\t\t\t  <\/a>\n\t\t\t\t\t\t  <a  class=\"link-list yuzo__text--title\" href=\"https:\/\/www.transzportstudium.hu\/blog\/2015\/11\/19\/egy-jo-szakma-belfoldi-es-nemzetkozi-gepkocsivezeto\/\" style=\"font-size:14px;;line-height:22px;\"> Egy j\u00f3 szakma: belf\u00f6ldi \u00e9s nemzetk\u00f6zi g\u00e9pkocsiveze...  <\/a>\n\t\t\t\t\t\t\t\t<span class=\"yuzo_text\" style=\"font-size:10px;\" >Ha valaki frissen v\u00e9gzett belf\u00f6ldi \u00e9s nemzetk\u00f6zi g\u00e9pkocsivezet\u0151 \u00e9s mondjuk el\u0151sz\u00f6r keres munk\u00e1t, ugyancsak \u00f6r\u00fclni fog a netes tal\u00e1latoknak. J\u00f3llehet a...<\/span>\n\t\t\t\t\t\t   \n\t\t\t\t\t\t<\/div>\n\t\t\t\t\t\t<div class=\"relatedthumb yuzo-list  \" style=\"\"  >  \n\t\t\t\t\t\t  <a  href=\"https:\/\/www.transzportstudium.hu\/blog\/2019\/05\/14\/az-utak-szerelmeseinek\/\" class=\"image-list\"  >\n\t\t\t\t\t\t  <div class=\"yuzo-img-wrap  ilen_shine \" style=\"width: 100px;height:65px;\">\n\t\t\t\t\t\t\t\t\t <span class='shine-effect'><\/span> \n\t\t\t\t\t\t\t\t\t <div class=\"yuzo-img\" style=\"background:url('https:\/\/www.transzportstudium.hu\/blog\/wp-content\/uploads\/2019\/05\/Truck-with-driver-150x150.jpg') 50% 50% no-repeat;width: 105px;height:65px;margin-bottom: 5px;background-size:  cover;  \"><\/div>\n\t\t\t\t\t\t  <\/div>\n\t\t\t\t\t\t  <\/a>\n\t\t\t\t\t\t  <a  class=\"link-list yuzo__text--title\" href=\"https:\/\/www.transzportstudium.hu\/blog\/2019\/05\/14\/az-utak-szerelmeseinek\/\" style=\"font-size:14px;;line-height:22px;\"> Az utak szerelmeseinek  <\/a>\n\t\t\t\t\t\t\t\t<span class=\"yuzo_text\" style=\"font-size:10px;\" >GKI alapk\u00e9pz\u00e9sen kell r\u00e9szt vennie mindenkinek, aki k\u00f6z\u00faton \u00e1rufuvaroz\u00e1ssal vagy aut\u00f3buszos szem\u00e9lysz\u00e1ll\u00edt\u00e1ssal foglalkozik. A tanfolyam elv\u00e9gz\u00e9s\u00e9t k\u00f6...<\/span>\n\t\t\t\t\t\t   \n\t\t\t\t\t\t<\/div>\n\t\t\t\t\t\t<div class=\"relatedthumb yuzo-list  \" style=\"\"  >  \n\t\t\t\t\t\t  <a  href=\"https:\/\/www.transzportstudium.hu\/blog\/2014\/10\/09\/belgiumban-buntetik-a-soforoket-ha-a-vezetofulkeben-pihennek\/\" class=\"image-list\"  >\n\t\t\t\t\t\t  <div class=\"yuzo-img-wrap  ilen_shine \" style=\"width: 100px;height:65px;\">\n\t\t\t\t\t\t\t\t\t <span class='shine-effect'><\/span> \n\t\t\t\t\t\t\t\t\t <div class=\"yuzo-img\" style=\"background:url('https:\/\/www.transzportstudium.hu\/blog\/wp-content\/uploads\/2014\/10\/belgium_tachograf-150x150.jpg') 50% 50% no-repeat;width: 105px;height:65px;margin-bottom: 5px;background-size:  cover;  \"><\/div>\n\t\t\t\t\t\t  <\/div>\n\t\t\t\t\t\t  <\/a>\n\t\t\t\t\t\t  <a  class=\"link-list yuzo__text--title\" href=\"https:\/\/www.transzportstudium.hu\/blog\/2014\/10\/09\/belgiumban-buntetik-a-soforoket-ha-a-vezetofulkeben-pihennek\/\" style=\"font-size:14px;;line-height:22px;\"> Belgiumban b\u00fcntetik a sof\u0151r\u00f6ket, ha a vezet\u0151f\u00fclk\u00e9b...  <\/a>\n\t\t\t\t\t\t\t\t<span class=\"yuzo_text\" style=\"font-size:10px;\" >Belgiumban a hat\u00f3s\u00e1g megb\u00fcnteti azon g\u00e9pkocsisof\u0151r\u00f6ket, akik 45 \u00f3r\u00e1s heti pihen\u0151idej\u00fcket a vezet\u0151f\u00fclk\u00e9ben t\u00f6ltik el. Az \u00faj, 2014. j\u00fanius 21-\u00e9n hat\u00e1lyb...<\/span>\n\t\t\t\t\t\t   \n\t\t\t\t\t\t<\/div>\n<\/div>  <!-- End Yuzo :) -->","protected":false},"excerpt":{"rendered":"<p>Azon jelenlegi vagy leend\u0151 munkav\u00e1llal\u00f3knak, akik szakmunk\u00e1sk\u00e9nt k\u00fcl\u00f6nb\u00f6z\u0151 emel\u0151g\u00e9peket, p\u00e9ld\u00e1ul mobil szerel\u0151\u00e1llv\u00e1nyt, g\u00e9pj\u00e1rm\u0171emel\u0151 h\u00e1tfalat, j\u00e1rm\u0171re szerelt darut vagy oll\u00f3s emel\u0151\u00e1llv\u00e1nyt kezelnek vagy szeretn\u00e9nek kezelni, ahhoz, hogy hivatalosan is ebben a munkak\u00f6rben dolgozhassanak, el kell&#46;&#46;&#46;<\/p>\n","protected":false},"author":3,"featured_media":192,"comment_status":"open","ping_status":"open","sticky":false,"template":"","format":"standard","meta":{"footnotes":""},"categories":[5],"tags":[63,41,64,37,95,31,91,53,59,82,81,80,33,77],"class_list":["post-176","post","type-post","status-publish","format-standard","has-post-thumbnail","hentry","category-okj","tag-bizonyitvany","tag-emelogep","tag-emelogep-kezelo","tag-gepkezelo","tag-gepkezeloi-tanfolyam","tag-okj-2","tag-okj-s-tanfolyam","tag-tanfolyam","tag-targonca","tag-targonca-jogositvany","tag-targonca-tanfolyam","tag-targonca-vizsga","tag-targoncakezelo","tag-targoncavezeto-tanfolyam"],"aioseo_notices":[],"_links":{"self":[{"href":"https:\/\/www.transzportstudium.hu\/blog\/wp-json\/wp\/v2\/posts\/176","targetHints":{"allow":["GET"]}}],"collection":[{"href":"https:\/\/www.transzportstudium.hu\/blog\/wp-json\/wp\/v2\/posts"}],"about":[{"href":"https:\/\/www.transzportstudium.hu\/blog\/wp-json\/wp\/v2\/types\/post"}],"author":[{"embeddable":true,"href":"https:\/\/www.transzportstudium.hu\/blog\/wp-json\/wp\/v2\/users\/3"}],"replies":[{"embeddable":true,"href":"https:\/\/www.transzportstudium.hu\/blog\/wp-json\/wp\/v2\/comments?post=176"}],"version-history":[{"count":6,"href":"https:\/\/www.transzportstudium.hu\/blog\/wp-json\/wp\/v2\/posts\/176\/revisions"}],"predecessor-version":[{"id":332,"href":"https:\/\/www.transzportstudium.hu\/blog\/wp-json\/wp\/v2\/posts\/176\/revisions\/332"}],"wp:featuredmedia":[{"embeddable":true,"href":"https:\/\/www.transzportstudium.hu\/blog\/wp-json\/wp\/v2\/media\/192"}],"wp:attachment":[{"href":"https:\/\/www.transzportstudium.hu\/blog\/wp-json\/wp\/v2\/media?parent=176"}],"wp:term":[{"taxonomy":"category","embeddable":true,"href":"https:\/\/www.transzportstudium.hu\/blog\/wp-json\/wp\/v2\/categories?post=176"},{"taxonomy":"post_tag","embeddable":true,"href":"https:\/\/www.transzportstudium.hu\/blog\/wp-json\/wp\/v2\/tags?post=176"}],"curies":[{"name":"wp","href":"https:\/\/api.w.org\/{rel}","templated":true}]}}