{"id":1658,"date":"2019-11-05T08:22:37","date_gmt":"2019-11-05T07:22:37","guid":{"rendered":"https:\/\/www.transzportstudium.hu\/blog\/?p=1658"},"modified":"2019-12-06T11:29:48","modified_gmt":"2019-12-06T10:29:48","slug":"gki-tanfolyam-a-biztonsagert","status":"publish","type":"post","link":"https:\/\/www.transzportstudium.hu\/blog\/2019\/11\/05\/gki-tanfolyam-a-biztonsagert\/","title":{"rendered":"GKI tanfolyam a biztons\u00e1g\u00e9rt"},"content":{"rendered":"<p>Mindenkinek <a href=\"\/tanfolyamok\/1_gepkocsivezetoi-szaktanfolyamok-gki-tanfolyam\">GKI tanfolyamra<\/a> kell beiratkoznia, aki aut\u00f3buszos szem\u00e9lysz\u00e1ll\u00edt\u00e1st v\u00e9gez vagy teheraut\u00f3 sof\u0151rk\u00e9nt dolgozik, \u00e9s lej\u00e1r az \u00f6t \u00e9ves GKI k\u00e1rty\u00e1j\u00e1nak az \u00e9rv\u00e9nyess\u00e9ge, hiszen GKI k\u00e1rtya n\u00e9lk\u00fcl nem folytathatja tov\u00e1bb jogszer\u0171en a munk\u00e1j\u00e1t. A <a href=\"\/jelentkezesi-lap\/1_gepkocsivezetoi-szaktanfolyamok-gki-tanfolyam\">GKI tanfolyam<\/a> mind\u00f6ssze h\u00e1rom napos \u00e9s a fel\u00faj\u00edt\u00f3 k\u00e9pz\u00e9s ut\u00e1n nincsen gyakorlati vizsga.<\/p>\n<div id=\"attachment_169\" style=\"width: 1290px\" class=\"wp-caption alignnone\"><a href=\"https:\/\/www.transzportstudium.hu\/blog\/wp-content\/uploads\/2014\/09\/ts_szimulator_2.jpg\" data-rel=\"lightbox-image-0\" data-rl_title=\"\" data-rl_caption=\"\" title=\"\"><img loading=\"lazy\" decoding=\"async\" aria-describedby=\"caption-attachment-169\" class=\"size-full wp-image-169\" src=\"https:\/\/www.transzportstudium.hu\/blog\/wp-content\/uploads\/2014\/09\/ts_szimulator_2.jpg\" alt=\"GKI tanfolyam a biztons\u00e1g\u00e9rt\" width=\"1280\" height=\"960\" srcset=\"https:\/\/www.transzportstudium.hu\/blog\/wp-content\/uploads\/2014\/09\/ts_szimulator_2.jpg 1280w, https:\/\/www.transzportstudium.hu\/blog\/wp-content\/uploads\/2014\/09\/ts_szimulator_2-300x225.jpg 300w, https:\/\/www.transzportstudium.hu\/blog\/wp-content\/uploads\/2014\/09\/ts_szimulator_2-1024x768.jpg 1024w\" sizes=\"auto, (max-width: 1280px) 100vw, 1280px\" \/><\/a><p id=\"caption-attachment-169\" class=\"wp-caption-text\">GKI tanfolyam a biztons\u00e1g\u00e9rt<\/p><\/div>\n<p>Az \u00f6t \u00e9vente k\u00f6telez\u0151 GKI tanfolyamok teh\u00e1t elm\u00e9leti jelleg\u0171ek, aki<a href=\"\/tanfolyamok\/gepkocsivezetoi-szaktanfolyamok-gki-tanfolyam\/2_gki-tehergepkocsi-vezetoi-tovabbkepzes\"> teherg\u00e9pkocsi vezet\u0151i tov\u00e1bbk\u00e9pz\u00e9sen<\/a> vesz r\u00e9szt, az p\u00e9ld\u00e1ul mindenekel\u0151tt a biztons\u00e1gi szab\u00e1lyokon alapul\u00f3 \u00e9sszer\u0171 vezet\u00e9sr\u0151l, a k\u00fcl\u00f6nb\u00f6z\u0151 el\u0151\u00edr\u00e1sok megfelel\u0151 alkalmaz\u00e1s\u00e1r\u00f3l valamint eg\u00e9szs\u00e9g\u00fcgyi, k\u00f6z\u00fati k\u00f6zleked\u00e9si elm\u00e9letr\u0151l fog tanulni. Az ismeretfel\u00faj\u00edt\u00f3 <a href=\"\/tanfolyamok\/1_gepkocsivezetoi-szaktanfolyamok-gki-tanfolyam\">GKI tanfolyamon<\/a> az elm\u00e9let mellett a j\u00e1rm\u0171vezet\u0151i tud\u00e1s is t\u00f6k\u00e9letes\u00edthet\u0151, m\u00e9gpedig egy korszer\u0171 szimul\u00e1tor seg\u00edts\u00e9g\u00e9vel, ahol k\u00fcl\u00f6nb\u00f6z\u0151 k\u00f6zleked\u00e9si helyzeteket oldhatunk meg. Az ismeretfel\u00faj\u00edt\u00f3 GKI tanfolyam mindenekel\u0151tt biztons\u00e1gi szempontokb\u00f3l \u00e9s a v\u00e1ltoz\u00f3 jogszab\u00e1lyok miatt k\u00f6telez\u0151, sokan nem \u00f6r\u00fclnek neki, de mivel mind\u00f6ssze h\u00e1rom napr\u00f3l van sz\u00f3, \u00edgy \u00f6t \u00e9vente egyszer ezt igaz\u00e1n ki lehet b\u00edrni. S\u0151t, van egy j\u00f3 h\u00edr\u00fcnk, ma m\u00e1r be sem kell j\u00e1rni az iskol\u00e1ba, hogy elv\u00e9gezz\u00fck a <a href=\"\/jelentkezesi-lap\/1_gepkocsivezetoi-szaktanfolyamok-gki-tanfolyam\">GKI tanfolyamot<\/a> \u00e9s sikeres vizsg\u00e1t tegy\u00fcnk, ami ut\u00e1n \u00fajabb \u00f6t \u00e9vre megkapjuk a GKI k\u00e1rty\u00e1t. Mindezt lehet m\u00e1r egy t\u00e1blag\u00e9pr\u0151l vagy okostelefonr\u00f3l is vagy is \u00fagy, hogy nem kell szem\u00e9lyesen bef\u00e1radni a tanul\u00e1shoz az iskol\u00e1ba.<\/p>\n<h4>Tanulj ott \u00e9s akkor, amikor szeretn\u00e9l<\/h4>\n<p>A GKI tanfolyamnak nemr\u00e9g haz\u00e1nkban is bevezett\u00e9k az <a href=\"\/tanfolyamok\/7_gki-online-tanfolyamok-e-learning\">e-learninges<\/a>, azaz t\u00e1voktat\u00e1s form\u00e1j\u00e1ban v\u00e9gezhet\u0151 v\u00e1ltozat\u00e1t is. T\u00fal azon, hogy egyre k\u00e9nyelmesebb\u00e9 v\u00e1lik a vil\u00e1g, \u00e9s egyre kev\u00e9sb\u00e9 szeretj\u00fck kitenni a l\u00e1bunkat otthonr\u00f3l, vannak ter\u00fcletek, ahol t\u00e9nyleg neh\u00e9zs\u00e9get okozhat a fix id\u0151pontban t\u00f6rt\u00e9n\u0151 iskol\u00e1ba j\u00e1r\u00e1s, a GKI tanfolyamok eset\u00e9ben pedig ez tal\u00e1n k\u00fcl\u00f6n\u00f6sen igaz. Ha valaki \u00faton van \u00e9s r\u00f3ja Magyarorsz\u00e1g vagy Eur\u00f3pa \u00fatjait, az adott esetben nehezen vagy egy\u00e1ltal\u00e1n nem tud id\u0151t szak\u00edtani az iskol\u00e1ba j\u00e1r\u00e1sra, nekik hatalmas seg\u00edts\u00e9g, hogy m\u00e1r online is elv\u00e9gezhetik az ismeretfel\u00faj\u00edt\u00f3 <a href=\"\/jelentkezesi-lap\/1_gepkocsivezetoi-szaktanfolyamok-gki-tanfolyam\">GKI tanfolyamot<\/a>. Az <a href=\"\/jelentkezesi-lap\/7_gki-online-tanfolyamok-e-learning\">online GKI tanfolyamok<\/a>, ak\u00e1rcsak az oktat\u00e1s klasszikus form\u00e1ja \u00fagy vannak \u00f6ssze\u00e1ll\u00edtva, hogy gyorsan \u00e9s pontosan lehessen haladni, hiszen a tananyagok szigor\u00faan egym\u00e1sra \u00e9p\u00fclnek.<\/p>\n<h4>K\u00f6vetelm\u00e9nyrendszer azonos<\/h4>\n<p>A <a href=\"\/jelentkezesi-lap\/1_gepkocsivezetoi-szaktanfolyamok-gki-tanfolyam\">GKI tanfolyam<\/a> online form\u00e1ban b\u00e1rhol \u00e9s b\u00e1rmikor tanulhat\u00f3, teljesen mindegy, hogy d\u00e9l vagy hajnal kett\u0151 van, hogy az \u00e1gyban feksz\u00fcnk, vagy a k\u00e1dban \u00fcl\u00fcnk, a tananyag mindig a rendelkez\u00e9s\u00fcnkre \u00e1ll. Egyre n\u00e9pszer\u0171bb egy\u00e9bk\u00e9nt a tanul\u00e1snak ez a form\u00e1ja, ami egy\u00e9rtelm\u0171en a k\u00e9nyelmes volt\u00e1b\u00f3l fakad. B\u00e1r tan\u00e1r itt nincsen szem\u00e9lyesen jelen, vagyis nem lehet azonnal k\u00e9rdezni, ig\u00e9ny eset\u00e9n, ha valamiben elakad a tanul\u00f3, lehet\u0151s\u00e9g van a szem\u00e9lyes konzult\u00e1ci\u00f3 ig\u00e9nybe v\u00e9tel\u00e9re is. Term\u00e9szetesen a vizsgak\u00f6vetelm\u00e9ny pontosan megegyezik a hagyom\u00e1nyos <a href=\"\/jelentkezesi-lap\/7_gki-online-tanfolyamok-e-learning\">GKI tanfolyamok\u00e9val<\/a>, teh\u00e1t amikor valaki klasszikus m\u00f3don, iskol\u00e1ba j\u00e1rva v\u00e9gzi el valamelyik k\u00e9pz\u00e9st. Vagyis \u00e9rdemes alaposan elsaj\u00e1t\u00edtani a k\u00f6telez\u0151t, hiszen ebben az esetben is \u00edr\u00e1sbeli vizsg\u00e1t kell tenni, m\u00e9gpedig t\u00f6bb t\u00e1rgyb\u00f3l is.<\/p>\n<!-- Begin Yuzo --><div class='yuzo_related_post style-2'  data-version='5.12.88'><!-- without result --><div class='yuzo_clearfixed yuzo__title yuzo__title'><h3>Hasonl\u00f3 cikkek<\/h3><\/div>\n\t\t\t\t\t\t<div class=\"relatedthumb yuzo-list  \" style=\"\"  >  \n\t\t\t\t\t\t  <a  href=\"https:\/\/www.transzportstudium.hu\/blog\/2018\/03\/22\/barmikor-szukseg-lehet-ra\/\" class=\"image-list\"  >\n\t\t\t\t\t\t  <div class=\"yuzo-img-wrap  ilen_shine \" style=\"width: 100px;height:65px;\">\n\t\t\t\t\t\t\t\t\t <span class='shine-effect'><\/span> \n\t\t\t\t\t\t\t\t\t <div class=\"yuzo-img\" style=\"background:url('https:\/\/www.transzportstudium.hu\/blog\/wp-content\/uploads\/2018\/04\/Transport_10-150x150.jpg') 50% 50% no-repeat;width: 105px;height:65px;margin-bottom: 5px;background-size:  cover;  \"><\/div>\n\t\t\t\t\t\t  <\/div>\n\t\t\t\t\t\t  <\/a>\n\t\t\t\t\t\t  <a  class=\"link-list yuzo__text--title\" href=\"https:\/\/www.transzportstudium.hu\/blog\/2018\/03\/22\/barmikor-szukseg-lehet-ra\/\" style=\"font-size:14px;;line-height:22px;\"> B\u00e1rmikor sz\u00fcks\u00e9g lehet r\u00e1  <\/a>\n\t\t\t\t\t\t\t\t<span class=\"yuzo_text\" style=\"font-size:10px;\" >Eg\u00e9szs\u00e9g\u00fcgyi alkalmass\u00e1g \u00e9s nyolc \u00e1ltal\u00e1nos iskolai v\u00e9gzetts\u00e9g \u2013 ez az el\u0151felt\u00e9tele annak, hogy valaki g\u00e9pkezel\u0151i jogos\u00edtv\u00e1nyt szerezzen. A m\u00e9rc\u00e9t a m...<\/span>\n\t\t\t\t\t\t   \n\t\t\t\t\t\t<\/div>\n\t\t\t\t\t\t<div class=\"relatedthumb yuzo-list  \" style=\"\"  >  \n\t\t\t\t\t\t  <a  href=\"https:\/\/www.transzportstudium.hu\/blog\/2019\/02\/19\/targoncazas-szerelembol\/\" class=\"image-list\"  >\n\t\t\t\t\t\t  <div class=\"yuzo-img-wrap  ilen_shine \" style=\"width: 100px;height:65px;\">\n\t\t\t\t\t\t\t\t\t <span class='shine-effect'><\/span> \n\t\t\t\t\t\t\t\t\t <div class=\"yuzo-img\" style=\"background:url('https:\/\/www.transzportstudium.hu\/blog\/wp-content\/uploads\/2019\/02\/doosan_forklift-150x150.jpg') 50% 50% no-repeat;width: 105px;height:65px;margin-bottom: 5px;background-size:  cover;  \"><\/div>\n\t\t\t\t\t\t  <\/div>\n\t\t\t\t\t\t  <\/a>\n\t\t\t\t\t\t  <a  class=\"link-list yuzo__text--title\" href=\"https:\/\/www.transzportstudium.hu\/blog\/2019\/02\/19\/targoncazas-szerelembol\/\" style=\"font-size:14px;;line-height:22px;\"> Targonc\u00e1z\u00e1s szerelemb\u0151l  <\/a>\n\t\t\t\t\t\t\t\t<span class=\"yuzo_text\" style=\"font-size:10px;\" >A targonca jogos\u00edtv\u00e1ny megszerez\u00e9se, \u00e9vek \u00f3ta a legn\u00e9pszer\u0171bb OKJ-s k\u00e9pz\u00e9s Magyarorsz\u00e1gon. Az igazat megvallva, ennek van egy olyan oldala is, hogy az...<\/span>\n\t\t\t\t\t\t   \n\t\t\t\t\t\t<\/div>\n\t\t\t\t\t\t<div class=\"relatedthumb yuzo-list  \" style=\"\"  >  \n\t\t\t\t\t\t  <a  href=\"https:\/\/www.transzportstudium.hu\/blog\/2014\/11\/04\/a-megfelelo-targonca-kivalasztasa\/\" class=\"image-list\"  >\n\t\t\t\t\t\t  <div class=\"yuzo-img-wrap  ilen_shine \" style=\"width: 100px;height:65px;\">\n\t\t\t\t\t\t\t\t\t <span class='shine-effect'><\/span> \n\t\t\t\t\t\t\t\t\t <div class=\"yuzo-img\" style=\"background:url('https:\/\/www.transzportstudium.hu\/blog\/wp-content\/uploads\/2014\/10\/wrmsd-worker-150x150.jpg') 50% 50% no-repeat;width: 105px;height:65px;margin-bottom: 5px;background-size:  cover;  \"><\/div>\n\t\t\t\t\t\t  <\/div>\n\t\t\t\t\t\t  <\/a>\n\t\t\t\t\t\t  <a  class=\"link-list yuzo__text--title\" href=\"https:\/\/www.transzportstudium.hu\/blog\/2014\/11\/04\/a-megfelelo-targonca-kivalasztasa\/\" style=\"font-size:14px;;line-height:22px;\"> A megfelel\u0151 targonca kiv\u00e1laszt\u00e1sa  <\/a>\n\t\t\t\t\t\t\t\t<span class=\"yuzo_text\" style=\"font-size:10px;\" >Ha v\u00e1llalkoz\u00f3k\u00e9nt szeretne elhelyezkedni az \u00e9p\u00edt\u0151iparban, a szakmai \u00e9s v\u00e1llalkoz\u00f3i ismereteken k\u00edv\u00fcl megfelel\u0151 g\u00e9pekre is sz\u00fcks\u00e9ge lesz. Az el\u0151bbieket...<\/span>\n\t\t\t\t\t\t   \n\t\t\t\t\t\t<\/div>\n\t\t\t\t\t\t<div class=\"relatedthumb yuzo-list  \" style=\"\"  >  \n\t\t\t\t\t\t  <a  href=\"https:\/\/www.transzportstudium.hu\/blog\/2014\/10\/09\/belgiumban-buntetik-a-soforoket-ha-a-vezetofulkeben-pihennek\/\" class=\"image-list\"  >\n\t\t\t\t\t\t  <div class=\"yuzo-img-wrap  ilen_shine \" style=\"width: 100px;height:65px;\">\n\t\t\t\t\t\t\t\t\t <span class='shine-effect'><\/span> \n\t\t\t\t\t\t\t\t\t <div class=\"yuzo-img\" style=\"background:url('https:\/\/www.transzportstudium.hu\/blog\/wp-content\/uploads\/2014\/10\/belgium_tachograf-150x150.jpg') 50% 50% no-repeat;width: 105px;height:65px;margin-bottom: 5px;background-size:  cover;  \"><\/div>\n\t\t\t\t\t\t  <\/div>\n\t\t\t\t\t\t  <\/a>\n\t\t\t\t\t\t  <a  class=\"link-list yuzo__text--title\" href=\"https:\/\/www.transzportstudium.hu\/blog\/2014\/10\/09\/belgiumban-buntetik-a-soforoket-ha-a-vezetofulkeben-pihennek\/\" style=\"font-size:14px;;line-height:22px;\"> Belgiumban b\u00fcntetik a sof\u0151r\u00f6ket, ha a vezet\u0151f\u00fclk\u00e9b...  <\/a>\n\t\t\t\t\t\t\t\t<span class=\"yuzo_text\" style=\"font-size:10px;\" >Belgiumban a hat\u00f3s\u00e1g megb\u00fcnteti azon g\u00e9pkocsisof\u0151r\u00f6ket, akik 45 \u00f3r\u00e1s heti pihen\u0151idej\u00fcket a vezet\u0151f\u00fclk\u00e9ben t\u00f6ltik el. Az \u00faj, 2014. j\u00fanius 21-\u00e9n hat\u00e1lyb...<\/span>\n\t\t\t\t\t\t   \n\t\t\t\t\t\t<\/div>\n<\/div>  <!-- End Yuzo :) -->","protected":false},"excerpt":{"rendered":"<p>Mindenkinek GKI tanfolyamra kell beiratkoznia, aki aut\u00f3buszos szem\u00e9lysz\u00e1ll\u00edt\u00e1st v\u00e9gez vagy teheraut\u00f3 sof\u0151rk\u00e9nt dolgozik, \u00e9s lej\u00e1r az \u00f6t \u00e9ves GKI k\u00e1rty\u00e1j\u00e1nak az \u00e9rv\u00e9nyess\u00e9ge, hiszen GKI k\u00e1rtya n\u00e9lk\u00fcl nem folytathatja tov\u00e1bb jogszer\u0171en a munk\u00e1j\u00e1t. A GKI&#46;&#46;&#46;<\/p>\n","protected":false},"author":3,"featured_media":169,"comment_status":"open","ping_status":"open","sticky":false,"template":"","format":"standard","meta":{"footnotes":""},"categories":[3],"tags":[187,247,225,246,252,146,73,250,74,90,13,248,53,54],"class_list":["post-1658","post","type-post","status-publish","format-standard","has-post-thumbnail","hentry","category-gki","tag-alapkepzes","tag-e-learning","tag-gki","tag-gki-alapkepzes","tag-gki-alaptanfolyam","tag-gki-kepzes","tag-gki-tanfolyam","tag-gki-tovabbkepzes","tag-gki-vizsga","tag-kepzes","tag-oktatas","tag-online","tag-tanfolyam","tag-vizsga"],"aioseo_notices":[],"_links":{"self":[{"href":"https:\/\/www.transzportstudium.hu\/blog\/wp-json\/wp\/v2\/posts\/1658","targetHints":{"allow":["GET"]}}],"collection":[{"href":"https:\/\/www.transzportstudium.hu\/blog\/wp-json\/wp\/v2\/posts"}],"about":[{"href":"https:\/\/www.transzportstudium.hu\/blog\/wp-json\/wp\/v2\/types\/post"}],"author":[{"embeddable":true,"href":"https:\/\/www.transzportstudium.hu\/blog\/wp-json\/wp\/v2\/users\/3"}],"replies":[{"embeddable":true,"href":"https:\/\/www.transzportstudium.hu\/blog\/wp-json\/wp\/v2\/comments?post=1658"}],"version-history":[{"count":4,"href":"https:\/\/www.transzportstudium.hu\/blog\/wp-json\/wp\/v2\/posts\/1658\/revisions"}],"predecessor-version":[{"id":1690,"href":"https:\/\/www.transzportstudium.hu\/blog\/wp-json\/wp\/v2\/posts\/1658\/revisions\/1690"}],"wp:featuredmedia":[{"embeddable":true,"href":"https:\/\/www.transzportstudium.hu\/blog\/wp-json\/wp\/v2\/media\/169"}],"wp:attachment":[{"href":"https:\/\/www.transzportstudium.hu\/blog\/wp-json\/wp\/v2\/media?parent=1658"}],"wp:term":[{"taxonomy":"category","embeddable":true,"href":"https:\/\/www.transzportstudium.hu\/blog\/wp-json\/wp\/v2\/categories?post=1658"},{"taxonomy":"post_tag","embeddable":true,"href":"https:\/\/www.transzportstudium.hu\/blog\/wp-json\/wp\/v2\/tags?post=1658"}],"curies":[{"name":"wp","href":"https:\/\/api.w.org\/{rel}","templated":true}]}}