{"id":1654,"date":"2019-10-29T09:18:43","date_gmt":"2019-10-29T08:18:43","guid":{"rendered":"https:\/\/www.transzportstudium.hu\/blog\/?p=1654"},"modified":"2019-12-06T11:59:46","modified_gmt":"2019-12-06T10:59:46","slug":"taxis-vallalkozoi-vizsga","status":"publish","type":"post","link":"https:\/\/www.transzportstudium.hu\/blog\/2019\/10\/29\/taxis-vallalkozoi-vizsga\/","title":{"rendered":"Taxis v\u00e1llalkoz\u00f3i vizsga"},"content":{"rendered":"<p>A <a href=\"\/tanfolyamok\/vallalkozoi-szaktanfolyamok\/71_szemelytaxis-es-szemelygepkocsis-szemelyszallito-vallalkozo-tanfolyam\">taxis v\u00e1llalkoz\u00f3<\/a>i vizsga megszerz\u00e9s\u00e9vel m\u00e1r nem csak, mint taxis v\u00e1llalkoz\u00f3 helyezkedhet el az ember, hanem mint szem\u00e9lyg\u00e9pkocsis szem\u00e9lysz\u00e1ll\u00edt\u00f3 v\u00e1llalkoz\u00f3 \u00a0is tev\u00e9kenykedhet. L\u00e1tsz\u00f3lag a k\u00e9t dolog ugyanaz, de ez nem \u00edgy van \u00e9s nem is v\u00e9letlen\u00fcl ker\u00fclt \u00f6sszevon\u00e1sra a k\u00e9t foglalkoz\u00e1s, illet\u0151leg a k\u00e9t tanfolyam.<\/p>\n<div id=\"attachment_1190\" style=\"width: 910px\" class=\"wp-caption alignnone\"><a href=\"https:\/\/www.transzportstudium.hu\/blog\/wp-content\/uploads\/2018\/04\/Transport_07-e1525006452571.jpg\" data-rel=\"lightbox-image-0\" data-rl_title=\"\" data-rl_caption=\"\" title=\"\"><img loading=\"lazy\" decoding=\"async\" aria-describedby=\"caption-attachment-1190\" class=\"size-full wp-image-1190\" src=\"https:\/\/www.transzportstudium.hu\/blog\/wp-content\/uploads\/2018\/04\/Transport_07-e1525006452571.jpg\" alt=\"Taxis v\u00e1llalkoz\u00f3i vizsga\" width=\"900\" height=\"600\" \/><\/a><p id=\"caption-attachment-1190\" class=\"wp-caption-text\">Taxis v\u00e1llalkoz\u00f3i vizsga<\/p><\/div>\n<p>A <a href=\"\/tanfolyamok\/vallalkozoi-szaktanfolyamok\/71_szemelytaxis-es-szemelygepkocsis-szemelyszallito-vallalkozo-tanfolyam\">szem\u00e9lysz\u00e1ll\u00edt\u00f3 v\u00e1llalkoz\u00e1s<\/a> olyan g\u00e9pkocsival t\u00f6rt\u00e9nt \u00e9s t\u00f6rt\u00e9nik most is, amelyben nincsen taxi\u00f3ra, emiatt a szem\u00e9lysz\u00e1ll\u00edt\u00e1s ezen form\u00e1ja valamely szolg\u00e1ltat\u00e1shoz kapcsol\u00f3dott, pontosabban kapcsol\u00f3dik. Ilyen lehet az idegenforgalom, a turisztika, a sport, a k\u00fcl\u00f6nb\u00f6z\u0151 kultur\u00e1lis esem\u00e9nyek, stb. egysz\u00f3val, amikor utasokat kell sz\u00e1ll\u00edtani valamilyen meghat\u00e1rozott c\u00e9lb\u00f3l. L\u00e1that\u00f3, hogy a munkak\u00f6r nagyban hasonl\u00edt a taxiz\u00e1shoz, ez\u00e9rt is ker\u00fclt \u00f6sszevon\u00e1sra a k\u00e9t dolog. Ha valaki leteszi a <a href=\"\/tanfolyamok\/vallalkozoi-szaktanfolyamok\/71_szemelytaxis-es-szemelygepkocsis-szemelyszallito-vallalkozo-tanfolyam\">taxis v\u00e1llalkoz\u00f3i vizsg\u00e1t<\/a>, akkor ma m\u00e1r mindk\u00e9t tev\u00e9kenys\u00e9get v\u00e9gezheti. Tov\u00e1bbi j\u00f3 h\u00edr, hogy <a href=\"\/tanfolyamok\/vallalkozoi-szaktanfolyamok\/71_szemelytaxis-es-szemelygepkocsis-szemelyszallito-vallalkozo-tanfolyam\">a tanfolyam mind\u00f6ssze h\u00e1rom napos<\/a>, \u00edgy meglep\u0151en gyorsan lehet megszerezni a jogosults\u00e1got.<\/p>\n<p>Ki kell emelni, hogy ezzel a v\u00e9gzetts\u00e9ggel v\u00e1llalkoz\u00e1st, c\u00e9get fog ir\u00e1ny\u00edtani, vezetni, aki megszerzi, ez nem jogos\u00edt g\u00e9pkocsivezet\u0151i munkak\u00f6r bet\u00f6lt\u00e9s\u00e9re!<\/p>\n<p>Fontos azonban tudni, hogy ezen a <a href=\"\/tanfolyamok\/vallalkozoi-szaktanfolyamok\/71_szemelytaxis-es-szemelygepkocsis-szemelyszallito-vallalkozo-tanfolyam\">h\u00e1romnapos tanfolyamon<\/a> k\u00f6telez\u0151 a r\u00e9szv\u00e9tel, felment\u00e9s pedig nem adhat\u00f3, ha valaki elmulasztja, akkor nem k\u00fcldhet\u0151 el a taxis v\u00e1llalkoz\u00f3i vizsg\u00e1ra.<\/p>\n<h4>V\u00e1llalkoz\u00e1s az utakra<\/h4>\n<p>A szem\u00e9lysz\u00e1ll\u00edt\u00e1s mindk\u00e9t \u00e1ga felfut\u00f3ban van Magyarorsz\u00e1gon \u00e9s nem csak Budapesten, de a vid\u00e9ki v\u00e1rosok t\u00f6bbs\u00e9g\u00e9ben is, \u00edgy mindenkinek \u00e9rdemes <a href=\"\/jelentkezesi-lap\/2_vallalkozoi-szaktanfolyamok\">taxis v\u00e1llalkoz\u00f3i vizsg\u00e1t<\/a> tennie, aki valamilyen okb\u00f3l nem el\u00e9gedett a jelenlegi munk\u00e1j\u00e1val \u00e9s v\u00e1ltani szeretne. A tanfolyamra val\u00f3 jelentkez\u00e9snek nincsenek felt\u00e9telei. Mivel v\u00e1llalkoz\u00f3i tanfolyamr\u00f3l van sz\u00f3, \u00edgy egyebek mellett a v\u00e1llalkoz\u00e1ssal kapcsolatos gazdas\u00e1gi, p\u00e9nz\u00fcgyi, ad\u00f3z\u00e1si ismeretek is el kell saj\u00e1t\u00edtani, ahogy jogszab\u00e1lyokr\u00f3l is fognak tanulni a hallgat\u00f3k. A taxis v\u00e1llalkoz\u00f3i vizsg\u00e1n a magtanultakb\u00f3l kell sz\u00e1mot adni \u00edr\u00e1sbeli form\u00e1ban. A sikeres <a href=\"\/jelentkezesi-lap\/2_vallalkozoi-szaktanfolyamok\">taxis v\u00e1llalkoz\u00f3i vizsga<\/a> ut\u00e1n mindenki hat\u00f3s\u00e1gi bizony\u00edtv\u00e1nyt kap.<\/p>\n<h4>Lend\u00fcletes piac<\/h4>\n<p>Minden \u00e9vben egyre t\u00f6bb turista \u00e9rkezik az orsz\u00e1gba \u00e9s a f\u0151v\u00e1rosba, a f\u0151szezon a ny\u00e1r, de az \u00e9v t\u00f6bbi r\u00e9sz\u00e9n se panaszkodhatnak azok, akik rendelkeznek <a href=\"\/jelentkezesi-lap\/2_vallalkozoi-szaktanfolyamok\">taxis v\u00e1llalkoz\u00f3i vizsg\u00e1val<\/a> \u00e9s szem\u00e9sz\u00e1ll\u00edt\u00e1ssal foglalkoznak, t\u00f6rt\u00e9njen az b\u00e1rmilyen form\u00e1ban. B\u00e1r a kereslet ugyancsak nagy a szolg\u00e1ltat\u00e1sra \u00e9s folyamatosan n\u00f6vekszik, egy sikeres v\u00e1llalkoz\u00e1snak sz\u00e1mos buktat\u00f3ja lehet, ez\u00e9rt \u00e9rdemes el\u0151tte mindenk\u00e9ppen elv\u00e9gezni egy <a href=\"\/tanfolyamok\/vallalkozoi-szaktanfolyamok\/71_szemelytaxis-es-szemelygepkocsis-szemelyszallito-vallalkozo-tanfolyam\">gyors tanfolyamot<\/a> \u00e9s letenni a <a href=\"\/jelentkezesi-lap\/2_vallalkozoi-szaktanfolyamok\">taxis v\u00e1llalkoz\u00f3i vizsg\u00e1t<\/a>. Ennek hi\u00e1ny\u00e1ban j\u00f3val nehezebben boldogul az ember \u00e9s nagyobb es\u00e9lyt ad a konkurenci\u00e1nak a sikerre. A taxis v\u00e1llalkoz\u00f3i vizsga el\u0151tti h\u00e1rom napos k\u00e9pz\u00e9s igaz\u00e1n nem nevezhet\u0151 soknak, ezalatt az id\u0151 alatt pedig csupa hasznos dolgot tanul a hallgat\u00f3, amivel nagyban megk\u00f6nny\u00edti k\u00e9s\u0151bbi v\u00e1llalkoz\u00e1sa mindennapjait. Ha \u00fagy tetszik a <a href=\"\/jelentkezesi-lap\/2_vallalkozoi-szaktanfolyamok\">taxis v\u00e1llalkoz\u00f3i vizsga<\/a> \u00fatbaigaz\u00edt\u00e1s a sikerhez, \u00e9s mi m\u00e1s\u00e9rt kezdene bele b\u00e1rki egy v\u00e1llalkoz\u00e1sba, ha nem a siker rem\u00e9ny\u00e9ben.<\/p>\n<!-- Begin Yuzo --><div class='yuzo_related_post style-2'  data-version='5.12.88'><!-- without result --><div class='yuzo_clearfixed yuzo__title yuzo__title'><h3>Hasonl\u00f3 cikkek<\/h3><\/div>\n\t\t\t\t\t\t<div class=\"relatedthumb yuzo-list  \" style=\"\"  >  \n\t\t\t\t\t\t  <a  href=\"https:\/\/www.transzportstudium.hu\/blog\/2016\/01\/03\/megszunt-az-undort-kelto-anyagok-szallitasa-kepzes\/\" class=\"image-list\"  >\n\t\t\t\t\t\t  <div class=\"yuzo-img-wrap  ilen_shine \" style=\"width: 100px;height:65px;\">\n\t\t\t\t\t\t\t\t\t <span class='shine-effect'><\/span> \n\t\t\t\t\t\t\t\t\t <div class=\"yuzo-img\" style=\"background:url('https:\/\/www.transzportstudium.hu\/blog\/wp-content\/uploads\/2016\/02\/2796922_l-150x150.jpg') 50% 50% no-repeat;width: 105px;height:65px;margin-bottom: 5px;background-size:  cover;  \"><\/div>\n\t\t\t\t\t\t  <\/div>\n\t\t\t\t\t\t  <\/a>\n\t\t\t\t\t\t  <a  class=\"link-list yuzo__text--title\" href=\"https:\/\/www.transzportstudium.hu\/blog\/2016\/01\/03\/megszunt-az-undort-kelto-anyagok-szallitasa-kepzes\/\" style=\"font-size:14px;;line-height:22px;\"> Megsz\u0171nt az undort kelt\u0151 anyagok sz\u00e1ll\u00edt\u00e1sa k\u00e9pz\u00e9s...  <\/a>\n\t\t\t\t\t\t\t\t<span class=\"yuzo_text\" style=\"font-size:10px;\" >A vesz\u00e9lyes anyagok egy speci\u00e1lis csoportj\u00e1ba tartoznak az \u00fagynevezett undort kelt\u0151 anyagok. A n\u00e9v igen tal\u00e1l\u00f3, hiszen az ilyen anyagokt\u00f3l mindannyian...<\/span>\n\t\t\t\t\t\t   \n\t\t\t\t\t\t<\/div>\n\t\t\t\t\t\t<div class=\"relatedthumb yuzo-list  \" style=\"\"  >  \n\t\t\t\t\t\t  <a  href=\"https:\/\/www.transzportstudium.hu\/blog\/2015\/04\/28\/gki-es-a-pav\/\" class=\"image-list\"  >\n\t\t\t\t\t\t  <div class=\"yuzo-img-wrap  ilen_shine \" style=\"width: 100px;height:65px;\">\n\t\t\t\t\t\t\t\t\t <span class='shine-effect'><\/span> \n\t\t\t\t\t\t\t\t\t <div class=\"yuzo-img\" style=\"background:url('https:\/\/www.transzportstudium.hu\/blog\/wp-content\/uploads\/2015\/04\/coach-busMERCEDES-BENZ-Tourismo-1_big-12072514441630789100-150x150.jpg') 50% 50% no-repeat;width: 105px;height:65px;margin-bottom: 5px;background-size:  cover;  \"><\/div>\n\t\t\t\t\t\t  <\/div>\n\t\t\t\t\t\t  <\/a>\n\t\t\t\t\t\t  <a  class=\"link-list yuzo__text--title\" href=\"https:\/\/www.transzportstudium.hu\/blog\/2015\/04\/28\/gki-es-a-pav\/\" style=\"font-size:14px;;line-height:22px;\"> GKI \u00e9s a P\u00c1V  <\/a>\n\t\t\t\t\t\t\t\t<span class=\"yuzo_text\" style=\"font-size:10px;\" >Mi is az a P\u00c1V?\r\nA P\u00c1V, azaz P\u00e1lyaalkalmass\u00e1gi Vizsg\u00e1lat c\u00e9lja annak meg\u00e1llap\u00edt\u00e1sa, hogy a jelentkez\u0151 pszichol\u00f3giailag alkalmas-e az \u00e1ltala kiv\u00e1laszto...<\/span>\n\t\t\t\t\t\t   \n\t\t\t\t\t\t<\/div>\n\t\t\t\t\t\t<div class=\"relatedthumb yuzo-list  \" style=\"\"  >  \n\t\t\t\t\t\t  <a  href=\"https:\/\/www.transzportstudium.hu\/blog\/2014\/07\/26\/buszos-vallalkozokent-a-maga-ura-lehet\/\" class=\"image-list\"  >\n\t\t\t\t\t\t  <div class=\"yuzo-img-wrap  ilen_shine \" style=\"width: 100px;height:65px;\">\n\t\t\t\t\t\t\t\t\t <span class='shine-effect'><\/span> \n\t\t\t\t\t\t\t\t\t <div class=\"yuzo-img\" style=\"background:url('https:\/\/www.transzportstudium.hu\/blog\/wp-content\/uploads\/2014\/08\/la-flotta-150x150.jpg') 50% 50% no-repeat;width: 105px;height:65px;margin-bottom: 5px;background-size:  cover;  \"><\/div>\n\t\t\t\t\t\t  <\/div>\n\t\t\t\t\t\t  <\/a>\n\t\t\t\t\t\t  <a  class=\"link-list yuzo__text--title\" href=\"https:\/\/www.transzportstudium.hu\/blog\/2014\/07\/26\/buszos-vallalkozokent-a-maga-ura-lehet\/\" style=\"font-size:14px;;line-height:22px;\"> Buszos v\u00e1llalkoz\u00f3k\u00e9nt a maga ura lehet  <\/a>\n\t\t\t\t\t\t\t\t<span class=\"yuzo_text\" style=\"font-size:10px;\" >Ha mindeddig buszos szem\u00e9lysz\u00e1ll\u00edt\u00e1ssal foglalkozott egy c\u00e9g alkalmazottjak\u00e9nt, \u00e9s szereti is a munk\u00e1j\u00e1t, biztosan felmer\u00fclt m\u00e1r \u00f6nben, hogy ugyanezt ...<\/span>\n\t\t\t\t\t\t   \n\t\t\t\t\t\t<\/div>\n\t\t\t\t\t\t<div class=\"relatedthumb yuzo-list  \" style=\"\"  >  \n\t\t\t\t\t\t  <a  href=\"https:\/\/www.transzportstudium.hu\/blog\/2018\/03\/22\/barmikor-szukseg-lehet-ra\/\" class=\"image-list\"  >\n\t\t\t\t\t\t  <div class=\"yuzo-img-wrap  ilen_shine \" style=\"width: 100px;height:65px;\">\n\t\t\t\t\t\t\t\t\t <span class='shine-effect'><\/span> \n\t\t\t\t\t\t\t\t\t <div class=\"yuzo-img\" style=\"background:url('https:\/\/www.transzportstudium.hu\/blog\/wp-content\/uploads\/2018\/04\/Transport_10-150x150.jpg') 50% 50% no-repeat;width: 105px;height:65px;margin-bottom: 5px;background-size:  cover;  \"><\/div>\n\t\t\t\t\t\t  <\/div>\n\t\t\t\t\t\t  <\/a>\n\t\t\t\t\t\t  <a  class=\"link-list yuzo__text--title\" href=\"https:\/\/www.transzportstudium.hu\/blog\/2018\/03\/22\/barmikor-szukseg-lehet-ra\/\" style=\"font-size:14px;;line-height:22px;\"> B\u00e1rmikor sz\u00fcks\u00e9g lehet r\u00e1  <\/a>\n\t\t\t\t\t\t\t\t<span class=\"yuzo_text\" style=\"font-size:10px;\" >Eg\u00e9szs\u00e9g\u00fcgyi alkalmass\u00e1g \u00e9s nyolc \u00e1ltal\u00e1nos iskolai v\u00e9gzetts\u00e9g \u2013 ez az el\u0151felt\u00e9tele annak, hogy valaki g\u00e9pkezel\u0151i jogos\u00edtv\u00e1nyt szerezzen. A m\u00e9rc\u00e9t a m...<\/span>\n\t\t\t\t\t\t   \n\t\t\t\t\t\t<\/div>\n<\/div>  <!-- End Yuzo :) -->","protected":false},"excerpt":{"rendered":"<p>A taxis v\u00e1llalkoz\u00f3i vizsga megszerz\u00e9s\u00e9vel m\u00e1r nem csak, mint taxis v\u00e1llalkoz\u00f3 helyezkedhet el az ember, hanem mint szem\u00e9lyg\u00e9pkocsis szem\u00e9lysz\u00e1ll\u00edt\u00f3 v\u00e1llalkoz\u00f3 \u00a0is tev\u00e9kenykedhet. L\u00e1tsz\u00f3lag a k\u00e9t dolog ugyanaz, de ez nem \u00edgy van \u00e9s nem&#46;&#46;&#46;<\/p>\n","protected":false},"author":3,"featured_media":1190,"comment_status":"open","ping_status":"open","sticky":false,"template":"","format":"standard","meta":{"footnotes":""},"categories":[4],"tags":[220,221,90,13,48,93,29,50,237,94,241,192,179,54],"class_list":["post-1654","post","type-post","status-publish","format-standard","has-post-thumbnail","hentry","category-vallalkozoi-vilag","tag-felnottkepzes","tag-felnottoktatas","tag-kepzes","tag-oktatas","tag-szemelygepkocsi-szemelyszallito-vallalkozo","tag-szemelygepkocsis-szemelyszallito-vallalkozo","tag-szemelyszallitas","tag-szemelyszallito-vallalkozo","tag-szemelytaxis-es-szemelygepkocsis-szemelyszallito-vallalkozo","tag-taxis-vallalkozo","tag-taxis-vallalkozoi-vizsga","tag-taxis-vizsga","tag-vallalkozoi-vizsga","tag-vizsga"],"aioseo_notices":[],"_links":{"self":[{"href":"https:\/\/www.transzportstudium.hu\/blog\/wp-json\/wp\/v2\/posts\/1654","targetHints":{"allow":["GET"]}}],"collection":[{"href":"https:\/\/www.transzportstudium.hu\/blog\/wp-json\/wp\/v2\/posts"}],"about":[{"href":"https:\/\/www.transzportstudium.hu\/blog\/wp-json\/wp\/v2\/types\/post"}],"author":[{"embeddable":true,"href":"https:\/\/www.transzportstudium.hu\/blog\/wp-json\/wp\/v2\/users\/3"}],"replies":[{"embeddable":true,"href":"https:\/\/www.transzportstudium.hu\/blog\/wp-json\/wp\/v2\/comments?post=1654"}],"version-history":[{"count":3,"href":"https:\/\/www.transzportstudium.hu\/blog\/wp-json\/wp\/v2\/posts\/1654\/revisions"}],"predecessor-version":[{"id":1695,"href":"https:\/\/www.transzportstudium.hu\/blog\/wp-json\/wp\/v2\/posts\/1654\/revisions\/1695"}],"wp:featuredmedia":[{"embeddable":true,"href":"https:\/\/www.transzportstudium.hu\/blog\/wp-json\/wp\/v2\/media\/1190"}],"wp:attachment":[{"href":"https:\/\/www.transzportstudium.hu\/blog\/wp-json\/wp\/v2\/media?parent=1654"}],"wp:term":[{"taxonomy":"category","embeddable":true,"href":"https:\/\/www.transzportstudium.hu\/blog\/wp-json\/wp\/v2\/categories?post=1654"},{"taxonomy":"post_tag","embeddable":true,"href":"https:\/\/www.transzportstudium.hu\/blog\/wp-json\/wp\/v2\/tags?post=1654"}],"curies":[{"name":"wp","href":"https:\/\/api.w.org\/{rel}","templated":true}]}}