{"id":1612,"date":"2019-10-08T08:45:26","date_gmt":"2019-10-08T07:45:26","guid":{"rendered":"https:\/\/www.transzportstudium.hu\/blog\/?p=1612"},"modified":"2019-12-06T12:48:21","modified_gmt":"2019-12-06T11:48:21","slug":"hatekonysagnoveles-a-vallalkozoi-kepzessel","status":"publish","type":"post","link":"https:\/\/www.transzportstudium.hu\/blog\/2019\/10\/08\/hatekonysagnoveles-a-vallalkozoi-kepzessel\/","title":{"rendered":"Hat\u00e9konys\u00e1gn\u00f6vel\u00e9s a v\u00e1llalkoz\u00f3i k\u00e9pz\u00e9ssel"},"content":{"rendered":"<p>Sokakkal megt\u00f6rt\u00e9nt m\u00e1r, hogy b\u00e1rmif\u00e9le <a href=\"\/tanfolyamok\/2_vallalkozoi-szaktanfolyamok\">v\u00e1llalkoz\u00f3i k\u00e9pz\u00e9s<\/a> elv\u00e9gz\u00e9se n\u00e9lk\u00fcl fejest ugrottak egy c\u00e9galap\u00edt\u00e1sba, mondv\u00e1n a siker garant\u00e1lt. Vannak \u00fcgyfelek, kapcsolat, szakmai tapasztalat, t\u0151ke, mi lehet itt a probl\u00e9ma? Azt\u00e1n eltelt egy-k\u00e9t \u00e9v \u00e9s be kellett l\u00e1tniuk, hogy ez \u00edgy nem folytathat\u00f3 tov\u00e1bb, vajon mi t\u00f6rt\u00e9nhetett?<\/p>\n<div id=\"attachment_126\" style=\"width: 980px\" class=\"wp-caption alignnone\"><a href=\"https:\/\/www.transzportstudium.hu\/blog\/wp-content\/uploads\/2014\/08\/155852133.jpg\" data-rel=\"lightbox-image-0\" data-rl_title=\"\" data-rl_caption=\"\" title=\"\"><img loading=\"lazy\" decoding=\"async\" aria-describedby=\"caption-attachment-126\" class=\"size-full wp-image-126\" src=\"https:\/\/www.transzportstudium.hu\/blog\/wp-content\/uploads\/2014\/08\/155852133.jpg\" alt=\"Hat\u00e9konys\u00e1gn\u00f6vel\u00e9s a v\u00e1llalkoz\u00f3i k\u00e9pz\u00e9ssel\" width=\"970\" height=\"423\" srcset=\"https:\/\/www.transzportstudium.hu\/blog\/wp-content\/uploads\/2014\/08\/155852133.jpg 970w, https:\/\/www.transzportstudium.hu\/blog\/wp-content\/uploads\/2014\/08\/155852133-300x130.jpg 300w\" sizes=\"auto, (max-width: 970px) 100vw, 970px\" \/><\/a><p id=\"caption-attachment-126\" class=\"wp-caption-text\">Hat\u00e9konys\u00e1gn\u00f6vel\u00e9s a v\u00e1llalkoz\u00f3i k\u00e9pz\u00e9ssel<\/p><\/div>\n<p>Hajlamosak vagyok azt hinni, hogy mindent tudunk arr\u00f3l az \u00fczlet\u00e1gr\u00f3l, amelyben tev\u00e9kenykedni szeretn\u00e9nk, ilyenkor teljesen feleslegesnek t\u0171nik egy<a href=\"\/tanfolyamok\/2_vallalkozoi-szaktanfolyamok\"> v\u00e1llalkoz\u00f3i k\u00e9pz\u00e9s<\/a> elv\u00e9gz\u00e9se, de olykor m\u00e9g a m\u00e1sik ember v\u00e9lem\u00e9ny\u00e9t is f\u00e9lv\u00e1llr\u00f3l vessz\u00fck. F\u0151leg az els\u0151 c\u00e9galap\u00edt\u00e1s vagy az els\u0151 egy\u00e9ni v\u00e1llalkoz\u00e1s beind\u00edt\u00e1s\u00e1n\u00e1l jellemz\u0151 ez a magabiztos kapkod\u00e1s. Az ember gyakran annyira lelkes \u00e9s annyira izgatott, hogy v\u00e9gre belefogott valamibe \u00e9s azt csin\u00e1lja, amit szeret, hogy hajland\u00f3 megfeledkezni a r\u00e9szletekr\u0151l. Pedig kev\u00e9s olyan okos mond\u00e1s van, mint az, hogy az \u00f6rd\u00f6g a r\u00e9szletekben lakik, egy <a href=\"\/tanfolyamok\/2_vallalkozoi-szaktanfolyamok\">v\u00e1llalkoz\u00f3i k\u00e9pz\u00e9s<\/a> ezekre a r\u00e9szletekre figyelmeztet \u00e9s tan\u00edtja meg kezelni \u0151ket. T\u00fal azon, hogy c\u00e9galap\u00edt\u00e1s el\u0151tt t\u00e1j\u00e9koz\u00f3dni kell az aktu\u00e1lis trendekr\u0151l az ipar\u00e1gban \u00e9s meg kell n\u00e9zni, hogy a szegmensben mennyi \u00e9s milyen a konkurencia van, m\u00e9g milli\u00f3 dologra kell odafigyelni. Ha nem ismerj\u00fck az alapszab\u00e1lyokat \u00e9s a b\u00fcrokr\u00e1cia buktat\u00f3it, amire a <a href=\"\/jelentkezesi-lap\/2_vallalkozoi-szaktanfolyamok\">v\u00e1llalkoz\u00f3i k\u00e9pz\u00e9s<\/a> tan\u00edt meg minket, akkor legy\u00fcnk b\u00e1rmilyen j\u00f3 szakemberek, nem fogjuk b\u00edrni tartani a l\u00e9p\u00e9st. Ahelyett, hogy sikeresek lenn\u00e9nk a szakm\u00e1nkban, csak t\u00e9bl\u00e1bolni fogunk a sok ismeretlen \u00e9s megoldhatatlannak t\u0171n\u0151 r\u00e9szfeladat el\u0151tt.<\/p>\n<h4>A munka\u00fcgy meg a jog<\/h4>\n<p>Akkor m\u0171k\u00f6dik ide\u00e1lisan egy c\u00e9g vagy egy\u00e9ni v\u00e1llalkoz\u00e1s, ha min\u00e9l t\u00f6bbet tudunk a c\u00e9lfeladatokra koncentr\u00e1lni, ehhez azonban gyorsan \u00e9s k\u00fcl\u00f6n\u00f6sebb meger\u0151ltet\u00e9s n\u00e9lk\u00fcl kell orvosolni a mindennapi kih\u00edv\u00e1sokat, egy <a href=\"\/jelentkezesi-lap\/2_vallalkozoi-szaktanfolyamok\">v\u00e1llalkoz\u00f3i k\u00e9pz\u00e9s<\/a> elv\u00e9gz\u00e9se pedig nagyon sokat tud seg\u00edteni ebben. Egy nagy c\u00e9g eset\u00e9ben \u00e1ltal\u00e1ban k\u00fcl\u00f6n szakember foglalkozik a munka\u00fcgyi, jogi \u00e9s egy\u00e9b gazdas\u00e1gi feladatokkal, de egy els\u0151 v\u00e1llalkoz\u00e1s ind\u00edt\u00e1sakor, ahol nem \u00e1ll rendelkez\u00e9s\u00fcnkre korl\u00e1tlan mennyis\u00e9g\u0171 t\u0151ke, ez nem felt\u00e9tlen\u00fcl megval\u00f3s\u00edthat\u00f3. A <a href=\"\/jelentkezesi-lap\/2_vallalkozoi-szaktanfolyamok\">v\u00e1llalkoz\u00f3i k\u00e9pz\u00e9sen<\/a> kifejezetten az adott tev\u00e9kenys\u00e9gi k\u00f6rre f\u00f3kusz\u00e1lva t\u00f6rt\u00e9nik az oktat\u00e1s, ami mindenekel\u0151tt a gazdas\u00e1gi \u00e9s p\u00e9nz\u00fcgyi vezet\u0151i, ad\u00f3z\u00e1si, munka\u00fcgyi \u00e9s jogi ismeretekre helyezi a hangs\u00falyt. Ezek azok a probl\u00e9m\u00e1s r\u00e9szek, amelyek mindenkinek kih\u00edv\u00e1st jelentenek, ha csak nincs a t\u00e9m\u00e1ban kor\u00e1bbr\u00f3l szakir\u00e1ny\u00fa v\u00e9gzetts\u00e9ge az illet\u0151nek. Ehhez k\u00e9pest egy <a href=\"\/jelentkezesi-lap\/2_vallalkozoi-szaktanfolyamok\">v\u00e1llalkoz\u00f3i k\u00e9pz\u00e9s<\/a> id\u0151ben eleny\u00e9sz\u0151, ahhoz k\u00e9pest, amekkora tud\u00e1st kapunk cser\u00e9be. A legfontosabb, hogy a v\u00e1llalkoz\u00f3i k\u00e9pz\u00e9s elv\u00e9gz\u00e9se ut\u00e1n \u00fagy alap\u00edthatunk egy\u00e9ni vagy t\u00e1rsas<a href=\"\/jelentkezesi-lap\/2_vallalkozoi-szaktanfolyamok\"> v\u00e1llalkoz\u00e1s<\/a>t, hogy nem fognak hidegzuhanyk\u00e9nt \u00e9rni a fent eml\u00edtett kih\u00edv\u00e1sok. Egyszerre sp\u00f3rolunk id\u0151t, energi\u00e1t \u00e9s p\u00e9nzt. Amennyiben pedig k\u00f6nnyed\u00e9n eligazodunk a jogi, ad\u00f3z\u00e1si stb. feladatok k\u00f6z\u00f6tt, \u00fagy sokkal t\u00f6bb id\u0151 marad arra, hogy a v\u00e1llalkoz\u00e1sunkat sikerre vigy\u00fck. Egy <a href=\"\/jelentkezesi-lap\/2_vallalkozoi-szaktanfolyamok\">v\u00e1llalkoz\u00f3i k\u00e9pz\u00e9sen<\/a> r\u00e9szt venni, teh\u00e1t egy\u00fattal versenyel\u0151nyt is jelenthet a konkurenci\u00e1val szemben.<\/p>\n<!-- Begin Yuzo --><div class='yuzo_related_post style-2'  data-version='5.12.88'><!-- without result --><div class='yuzo_clearfixed yuzo__title yuzo__title'><h3>Hasonl\u00f3 cikkek<\/h3><\/div>\n\t\t\t\t\t\t<div class=\"relatedthumb yuzo-list  \" style=\"\"  >  \n\t\t\t\t\t\t  <a  href=\"https:\/\/www.transzportstudium.hu\/blog\/2014\/08\/21\/a-tartanyos-szallitassal-fuvarozott-arukra-vonatkozo-balesetvedelmi-eloirasok\/\" class=\"image-list\"  >\n\t\t\t\t\t\t  <div class=\"yuzo-img-wrap  ilen_shine \" style=\"width: 100px;height:65px;\">\n\t\t\t\t\t\t\t\t\t <span class='shine-effect'><\/span> \n\t\t\t\t\t\t\t\t\t <div class=\"yuzo-img\" style=\"background:url('https:\/\/www.transzportstudium.hu\/blog\/wp-content\/uploads\/2014\/08\/MG_0030-150x150.jpg') 50% 50% no-repeat;width: 105px;height:65px;margin-bottom: 5px;background-size:  cover;  \"><\/div>\n\t\t\t\t\t\t  <\/div>\n\t\t\t\t\t\t  <\/a>\n\t\t\t\t\t\t  <a  class=\"link-list yuzo__text--title\" href=\"https:\/\/www.transzportstudium.hu\/blog\/2014\/08\/21\/a-tartanyos-szallitassal-fuvarozott-arukra-vonatkozo-balesetvedelmi-eloirasok\/\" style=\"font-size:14px;;line-height:22px;\"> A tart\u00e1nyos sz\u00e1ll\u00edt\u00e1ssal fuvarozott \u00e1rukra vonatko...  <\/a>\n\t\t\t\t\t\t\t\t<span class=\"yuzo_text\" style=\"font-size:10px;\" >A vesz\u00e9lyes \u00e1ruk az ADR-el\u0151\u00edr\u00e1sok szerint az \u00f6mlesztett \u00e9s a k\u00fcldem\u00e9nydarabos m\u00f3dszer mellett tart\u00e1nyos form\u00e1ban sz\u00e1ll\u00edthat\u00f3k. Tart\u00e1nyos sz\u00e1ll\u00edt\u00e1skor ...<\/span>\n\t\t\t\t\t\t   \n\t\t\t\t\t\t<\/div>\n\t\t\t\t\t\t<div class=\"relatedthumb yuzo-list  \" style=\"\"  >  \n\t\t\t\t\t\t  <a  href=\"https:\/\/www.transzportstudium.hu\/blog\/2018\/07\/12\/nem-draga-az-adr-vizsga-ara\/\" class=\"image-list\"  >\n\t\t\t\t\t\t  <div class=\"yuzo-img-wrap  ilen_shine \" style=\"width: 100px;height:65px;\">\n\t\t\t\t\t\t\t\t\t <span class='shine-effect'><\/span> \n\t\t\t\t\t\t\t\t\t <div class=\"yuzo-img\" style=\"background:url('https:\/\/www.transzportstudium.hu\/blog\/wp-content\/uploads\/2016\/04\/51782892_l-150x150.jpg') 50% 50% no-repeat;width: 105px;height:65px;margin-bottom: 5px;background-size:  cover;  \"><\/div>\n\t\t\t\t\t\t  <\/div>\n\t\t\t\t\t\t  <\/a>\n\t\t\t\t\t\t  <a  class=\"link-list yuzo__text--title\" href=\"https:\/\/www.transzportstudium.hu\/blog\/2018\/07\/12\/nem-draga-az-adr-vizsga-ara\/\" style=\"font-size:14px;;line-height:22px;\"> Nem dr\u00e1ga az ADR vizsga \u00e1ra  <\/a>\n\t\t\t\t\t\t\t\t<span class=\"yuzo_text\" style=\"font-size:10px;\" >Szakmai f\u00f3rumokon, gyakran lehet olvasni, hogy az ADR nem j\u00e1t\u00e9k, komolyan kell venni, \u00e9s csak j\u00f3l k\u00e9pzett, felk\u00e9sz\u00fclt szakembereknek lenne szabad vele...<\/span>\n\t\t\t\t\t\t   \n\t\t\t\t\t\t<\/div>\n\t\t\t\t\t\t<div class=\"relatedthumb yuzo-list  \" style=\"\"  >  \n\t\t\t\t\t\t  <a  href=\"https:\/\/www.transzportstudium.hu\/blog\/2016\/06\/23\/vallalkozoi-kepzes-3\/\" class=\"image-list\"  >\n\t\t\t\t\t\t  <div class=\"yuzo-img-wrap  ilen_shine \" style=\"width: 100px;height:65px;\">\n\t\t\t\t\t\t\t\t\t <span class='shine-effect'><\/span> \n\t\t\t\t\t\t\t\t\t <div class=\"yuzo-img\" style=\"background:url('https:\/\/www.transzportstudium.hu\/blog\/wp-content\/uploads\/2016\/06\/27662808_l-150x150.jpg') 50% 50% no-repeat;width: 105px;height:65px;margin-bottom: 5px;background-size:  cover;  \"><\/div>\n\t\t\t\t\t\t  <\/div>\n\t\t\t\t\t\t  <\/a>\n\t\t\t\t\t\t  <a  class=\"link-list yuzo__text--title\" href=\"https:\/\/www.transzportstudium.hu\/blog\/2016\/06\/23\/vallalkozoi-kepzes-3\/\" style=\"font-size:14px;;line-height:22px;\"> V\u00e1llalkoz\u00f3i k\u00e9pz\u00e9s  <\/a>\n\t\t\t\t\t\t\t\t<span class=\"yuzo_text\" style=\"font-size:10px;\" >Sokan \u00e1lmodnak saj\u00e1t v\u00e1llalkoz\u00e1sr\u00f3l, de a legt\u00f6bben nem mernek belev\u00e1gni abba a nagy feladatba, hogy p\u00e9ld\u00e1ul egy fuvaroz\u00e1ssal foglalkoz\u00f3 c\u00e9get alap\u00edts...<\/span>\n\t\t\t\t\t\t   \n\t\t\t\t\t\t<\/div>\n\t\t\t\t\t\t<div class=\"relatedthumb yuzo-list  \" style=\"\"  >  \n\t\t\t\t\t\t  <a  href=\"https:\/\/www.transzportstudium.hu\/blog\/2014\/09\/11\/a-helyes-rakomanyrogzites-10-alapszabalya\/\" class=\"image-list\"  >\n\t\t\t\t\t\t  <div class=\"yuzo-img-wrap  ilen_shine \" style=\"width: 100px;height:65px;\">\n\t\t\t\t\t\t\t\t\t <span class='shine-effect'><\/span> \n\t\t\t\t\t\t\t\t\t <div class=\"yuzo-img\" style=\"background:url('https:\/\/www.transzportstudium.hu\/blog\/wp-content\/uploads\/2014\/09\/home-slide3-150x150.jpg') 50% 50% no-repeat;width: 105px;height:65px;margin-bottom: 5px;background-size:  cover;  \"><\/div>\n\t\t\t\t\t\t  <\/div>\n\t\t\t\t\t\t  <\/a>\n\t\t\t\t\t\t  <a  class=\"link-list yuzo__text--title\" href=\"https:\/\/www.transzportstudium.hu\/blog\/2014\/09\/11\/a-helyes-rakomanyrogzites-10-alapszabalya\/\" style=\"font-size:14px;;line-height:22px;\"> A helyes rakom\u00e1nyr\u00f6gz\u00edt\u00e9s 10 alapszab\u00e1lya  <\/a>\n\t\t\t\t\t\t\t\t<span class=\"yuzo_text\" style=\"font-size:10px;\" >Vannak bizonyos szab\u00e1lyok, amelyeknek a sz\u00e1ll\u00edtott \u00e1ru jelleg\u00e9t\u0151l f\u00fcggetlen\u00fcl teljes\u00fclni\u00fck kell a rakom\u00e1nyr\u00f6gz\u00edt\u00e9sn\u00e9l ahhoz, hogy a rakom\u00e1ny biztons\u00e1g...<\/span>\n\t\t\t\t\t\t   \n\t\t\t\t\t\t<\/div>\n<\/div>  <!-- End Yuzo :) -->","protected":false},"excerpt":{"rendered":"<p>Sokakkal megt\u00f6rt\u00e9nt m\u00e1r, hogy b\u00e1rmif\u00e9le v\u00e1llalkoz\u00f3i k\u00e9pz\u00e9s elv\u00e9gz\u00e9se n\u00e9lk\u00fcl fejest ugrottak egy c\u00e9galap\u00edt\u00e1sba, mondv\u00e1n a siker garant\u00e1lt. Vannak \u00fcgyfelek, kapcsolat, szakmai tapasztalat, t\u0151ke, mi lehet itt a probl\u00e9ma? Azt\u00e1n eltelt egy-k\u00e9t \u00e9v \u00e9s be&#46;&#46;&#46;<\/p>\n","protected":false},"author":3,"featured_media":126,"comment_status":"open","ping_status":"open","sticky":false,"template":"","format":"standard","meta":{"footnotes":""},"categories":[4],"tags":[47,92,46,220,90,258,13,48,93,50,237,53,51,94,45,49,179,54],"class_list":["post-1612","post","type-post","status-publish","format-standard","has-post-thumbnail","hentry","category-vallalkozoi-vilag","tag-arufuvarozo-vallalkozo","tag-autobuszos-szemelyszallito-vallalkozo","tag-buszos-vallalkozo","tag-felnottkepzes","tag-kepzes","tag-kozlekedesi-alkalmassagi-es-vizsgakozpont","tag-oktatas","tag-szemelygepkocsi-szemelyszallito-vallalkozo","tag-szemelygepkocsis-szemelyszallito-vallalkozo","tag-szemelyszallito-vallalkozo","tag-szemelytaxis-es-szemelygepkocsis-szemelyszallito-vallalkozo","tag-tanfolyam","tag-taxi-vallalkozo","tag-taxis-vallalkozo","tag-vallalkozoi-kepzes","tag-vallalkozoi-tanfolyam","tag-vallalkozoi-vizsga","tag-vizsga"],"aioseo_notices":[],"_links":{"self":[{"href":"https:\/\/www.transzportstudium.hu\/blog\/wp-json\/wp\/v2\/posts\/1612","targetHints":{"allow":["GET"]}}],"collection":[{"href":"https:\/\/www.transzportstudium.hu\/blog\/wp-json\/wp\/v2\/posts"}],"about":[{"href":"https:\/\/www.transzportstudium.hu\/blog\/wp-json\/wp\/v2\/types\/post"}],"author":[{"embeddable":true,"href":"https:\/\/www.transzportstudium.hu\/blog\/wp-json\/wp\/v2\/users\/3"}],"replies":[{"embeddable":true,"href":"https:\/\/www.transzportstudium.hu\/blog\/wp-json\/wp\/v2\/comments?post=1612"}],"version-history":[{"count":4,"href":"https:\/\/www.transzportstudium.hu\/blog\/wp-json\/wp\/v2\/posts\/1612\/revisions"}],"predecessor-version":[{"id":1706,"href":"https:\/\/www.transzportstudium.hu\/blog\/wp-json\/wp\/v2\/posts\/1612\/revisions\/1706"}],"wp:featuredmedia":[{"embeddable":true,"href":"https:\/\/www.transzportstudium.hu\/blog\/wp-json\/wp\/v2\/media\/126"}],"wp:attachment":[{"href":"https:\/\/www.transzportstudium.hu\/blog\/wp-json\/wp\/v2\/media?parent=1612"}],"wp:term":[{"taxonomy":"category","embeddable":true,"href":"https:\/\/www.transzportstudium.hu\/blog\/wp-json\/wp\/v2\/categories?post=1612"},{"taxonomy":"post_tag","embeddable":true,"href":"https:\/\/www.transzportstudium.hu\/blog\/wp-json\/wp\/v2\/tags?post=1612"}],"curies":[{"name":"wp","href":"https:\/\/api.w.org\/{rel}","templated":true}]}}