{"id":1530,"date":"2019-06-06T08:58:23","date_gmt":"2019-06-06T07:58:23","guid":{"rendered":"https:\/\/www.transzportstudium.hu\/blog\/?p=1530"},"modified":"2019-06-30T17:11:24","modified_gmt":"2019-06-30T16:11:24","slug":"a-targonca-vizsgarol","status":"publish","type":"post","link":"https:\/\/www.transzportstudium.hu\/blog\/2019\/06\/06\/a-targonca-vizsgarol\/","title":{"rendered":"A targonca vizsg\u00e1r\u00f3l"},"content":{"rendered":"<p>Ismertesse a baleset, a munkabaleset, az \u00fati baleset, a s\u00falyos baleset \u00e9s a &#8222;majdnem&#8221; baleset fogalm\u00e1t! Sorolja f\u00f6l a baleset meghat\u00e1roz\u00f3 elemeit! &#8211; Sz\u00f3l az egyik t\u00e9tel a targonca vizsg\u00e1n, amit bizony meg is kell v\u00e1laszolni: ha targonc\u00e1sok akarunk lenni, nem csak vezetni kell tudni.<\/p>\n<div id=\"attachment_726\" style=\"width: 610px\" class=\"wp-caption aligncenter\"><img loading=\"lazy\" decoding=\"async\" aria-describedby=\"caption-attachment-726\" class=\"size-large wp-image-726\" src=\"https:\/\/www.transzportstudium.hu\/blog\/wp-content\/uploads\/2015\/06\/FORKLIFT-TRAINING-1024x682.jpg\" alt=\"OKJ-s G\u00e9pkezel\u0151i tanfolyamok - Targoncavezet\u0151 tanfolyam \u00e9s vizsga\" width=\"600\" height=\"400\" \/><p id=\"caption-attachment-726\" class=\"wp-caption-text\">OKJ-s G\u00e9pkezel\u0151i tanfolyamok &#8211; Targoncavezet\u0151 tanfolyam \u00e9s vizsga<\/p><\/div>\n<p>Hajlamosak vagyunk azt gondolni, hogy a targonca vizsga, csak gyakorlati r\u00e9szb\u0151l \u00e1ll, de ez nem \u00edgy van, a <a href=\"\/tanfolyamok\/okj-s-gepkezeloi-tanfolyamok\/45_okj-s-targoncavezeto-egy-gepcsoportra\">targonca vizsg\u00e1n<\/a> az elm\u00e9leti tud\u00e1sunkr\u00f3l is sz\u00e1mot kell adni \u00e9s ez kor\u00e1nt sem v\u00e9letlen. Mivel a munkav\u00e9gz\u00e9s nem \u00edr\u00f3asztal m\u00f6g\u00f6tt t\u00f6rt\u00e9nik, \u00edgy a targonca <a href=\"\/jelentkezesi-lap\/4_okj-s-gepkezeloi-tanfolyamok\">vizsg\u00e1n<\/a> a gyakorlati r\u00e9sz nagyon fontos, de az elm\u00e9leti oldalt sem szabad figyelmen k\u00edv\u00fcl hagyni, hogy megfelel\u0151 m\u00f3don \u00e9s mindenekel\u0151tt biztons\u00e1gosan t\u00f6rt\u00e9njen a munkav\u00e9gz\u00e9s. A baleset megel\u0151z\u00e9s illet\u0151leg elh\u00e1r\u00edt\u00e1s mellett, a targonca vizsga elm\u00e9let\u00e9t k\u00e9pezik a munk\u00e1ltat\u00f3ra \u00e9s a munkav\u00e1llal\u00f3ra ir\u00e1nyul\u00f3 jogok is. Els\u0151re tal\u00e1n unalmasnak t\u0171nhet, pedig nem \u00e1rt tudni, hogy mi az amit megtehet\u00fcnk \u00e9s mi az amit megtehetnek vel\u00fcnk jogszer\u0171en.<\/p>\n<h4>Fontos az elm\u00e9let<\/h4>\n<p>Hi\u00e1ba van valakinek kiv\u00e1l\u00f3 \u00e9rz\u00e9ke a targoncavezet\u00e9shez, ha nem ismeri a munkater\u00fcleten \u00e9rv\u00e9nyes k\u00f6zleked\u00e9si szab\u00e1lyokat, a k\u00f6zleked\u00e9si utakra vonatkoz\u00f3 el\u0151\u00edr\u00e1sokat vagy a gyalogosok k\u00f6zleked\u00e9si rendj\u00e9t a munkater\u00fcleten bel\u00fcl. Ez is a targonca vizsga elm\u00e9leti r\u00e9sz\u00e9t k\u00e9pezi \u00e9s \u00e9rthet\u0151 m\u00f3don nagyon is fontos, hiszen ennek a tud\u00e1s\u00e1nak a hi\u00e1ny\u00e1ban bizony sok probl\u00e9ma ad\u00f3dna a mindennapi munkav\u00e9gz\u00e9s sor\u00e1n. A biztons\u00e1g az els\u0151dleges k\u00e9rd\u00e9s, de azt is meg kell tanulni p\u00e9ld\u00e1ul, hogy hogyan lehet a szil\u00e1rd, az \u00f6mlesztett vagy a foly\u00e9kony anyagokat t\u00e1rolni egy z\u00e1rt t\u00e9rben. Szint\u00e9n az elm\u00e9leti targonca vizsga r\u00e9sz\u00e9t k\u00e9pezi, mag\u00e1nak a targonc\u00e1nak az ismerete, illet\u0151leg annak karbantart\u00e1sa, ami azt\u00e1n a gyakorlatban fog realiz\u00e1l\u00f3dni. Ilyen lehet p\u00e9ld\u00e1ul a targonc\u00e1k hidraulikus rendszer\u00e9ben alkalmazott biztons\u00e1gi berendez\u00e9sek m\u0171k\u00f6d\u00e9se, illet\u0151leg, hogy mi a teend\u0151, ha ezek meghib\u00e1sodnak. De nyugodtan eml\u00edthetj\u00fck azt is, hogy milyen folyad\u00e9kokat (pl. h\u0171t\u0151) kell haszn\u00e1lni vagy az akkumul\u00e1torok k\u00e9rd\u00e9s\u00e9t. A targonca vizsga teh\u00e1t nem is olyan egyszer\u0171, mint amilyennek els\u0151re t\u0171nik, de az\u00e9rt nem kell megrettenni t\u0151le, \u00e9s ahogy mondani szok\u00e1s, &#8222;csak egyszer kell megtanulni&#8221;.<\/p>\n<h4>\u00c1tfog\u00f3 tud\u00e1s a targonca vizsga ut\u00e1n<\/h4>\n<p>Nem v\u00e9letlen\u00fcl fogadj\u00e1k el b\u00e1rhol Eur\u00f3p\u00e1ban a hazai <a href=\"\/jelentkezes\">OKJ-s bizony\u00edtv\u00e1nyt<\/a> \u00e9s keresik k\u00fclf\u00f6ld\u00f6n is a targonca vizsg\u00e1val rendelkez\u0151, szakk\u00e9pzett munkaer\u0151t. A <a href=\"\/tanfolyamok\/okj-s-gepkezeloi-tanfolyamok\/45_okj-s-targoncavezeto-egy-gepcsoportra\">hazai oktat\u00e1s er\u0151s<\/a>, \u00e9s aki \u00e1tmegy a targonca vizsg\u00e1n, az nem csak el fogja tudni v\u00e9gezni a napi munk\u00e1j\u00e1t, de a v\u00e1ratlan helyzetek sem fognak meglepet\u00e9st okozni neki. Aki leteszi a targonca vizsg\u00e1t, az nem csak vezetni tudja majd a g\u00e9pet, de \u00c1-t\u00f3l Z-ig megtanulja annak fel\u00e9p\u00edt\u00e9s\u00e9t \u00e9s m\u0171k\u00f6d\u00e9s\u00e9t. Kezdve a f\u00e9krendszert\u0151l, a meghajt\u00e1son \u00e1t eg\u00e9szen az emel\u0151villa m\u0171k\u00f6d\u00e9s\u00e9ig, r\u00f6viden fogalmazva \u00e1tfog\u00f3 tud\u00e1st fog kapni, amit b\u00e1rhol b\u00e1rmikor hasznos\u00edtani tud. A targonca vizsga \u00e9s a hat\u00f3s\u00e1gi igazolv\u00e1ny megszerz\u00e9se ut\u00e1n az elhelyezked\u00e9s sem lesz neh\u00e9z, hiszen a n\u00f6vekv\u0151 gazdas\u00e1gnak k\u00f6sz\u00f6nhet\u0151en, mindenhol ig\u00e9ny van a j\u00f3 targonc\u00e1sokra, a kiv\u00e1l\u00f3 munkaer\u0151re.<\/p>\n<!-- Begin Yuzo --><div class='yuzo_related_post style-2'  data-version='5.12.88'><!-- without result --><div class='yuzo_clearfixed yuzo__title yuzo__title'><h3>Hasonl\u00f3 cikkek<\/h3><\/div>\n\t\t\t\t\t\t<div class=\"relatedthumb yuzo-list  \" style=\"\"  >  \n\t\t\t\t\t\t  <a  href=\"https:\/\/www.transzportstudium.hu\/blog\/2015\/06\/16\/milyen-okmanyokat-kell-a-gepjarmuvezetonek-maganal-tartania\/\" class=\"image-list\"  >\n\t\t\t\t\t\t  <div class=\"yuzo-img-wrap  ilen_shine \" style=\"width: 100px;height:65px;\">\n\t\t\t\t\t\t\t\t\t <span class='shine-effect'><\/span> \n\t\t\t\t\t\t\t\t\t <div class=\"yuzo-img\" style=\"background:url('https:\/\/www.transzportstudium.hu\/blog\/wp-content\/uploads\/2015\/05\/348s-150x150.jpg') 50% 50% no-repeat;width: 105px;height:65px;margin-bottom: 5px;background-size:  cover;  \"><\/div>\n\t\t\t\t\t\t  <\/div>\n\t\t\t\t\t\t  <\/a>\n\t\t\t\t\t\t  <a  class=\"link-list yuzo__text--title\" href=\"https:\/\/www.transzportstudium.hu\/blog\/2015\/06\/16\/milyen-okmanyokat-kell-a-gepjarmuvezetonek-maganal-tartania\/\" style=\"font-size:14px;;line-height:22px;\"> Milyen okm\u00e1nyokat kell a g\u00e9pj\u00e1rm\u0171vezet\u0151nek mag\u00e1n\u00e1l...  <\/a>\n\t\t\t\t\t\t\t\t<span class=\"yuzo_text\" style=\"font-size:10px;\" >A g\u00e9pj\u00e1rm\u0171vezet\u0151nek azon fel\u00fcl, hogy j\u00f3l k\u00e9pzetten, felel\u0151ss\u00e9ggel \u00e9s balesetmentesen el kell tudnia vezetni a teherg\u00e9pkocsit a kiindul\u00e1si pontr\u00f3l a c\u00e9...<\/span>\n\t\t\t\t\t\t   \n\t\t\t\t\t\t<\/div>\n\t\t\t\t\t\t<div class=\"relatedthumb yuzo-list  \" style=\"\"  >  \n\t\t\t\t\t\t  <a  href=\"https:\/\/www.transzportstudium.hu\/blog\/2015\/02\/24\/gki-tehergepkocsi-vezetoi-alapkepzes\/\" class=\"image-list\"  >\n\t\t\t\t\t\t  <div class=\"yuzo-img-wrap  ilen_shine \" style=\"width: 100px;height:65px;\">\n\t\t\t\t\t\t\t\t\t <span class='shine-effect'><\/span> \n\t\t\t\t\t\t\t\t\t <div class=\"yuzo-img\" style=\"background:url('https:\/\/www.transzportstudium.hu\/blog\/wp-content\/uploads\/2014\/08\/man-truck-test-drive-150x150.jpg') 50% 50% no-repeat;width: 105px;height:65px;margin-bottom: 5px;background-size:  cover;  \"><\/div>\n\t\t\t\t\t\t  <\/div>\n\t\t\t\t\t\t  <\/a>\n\t\t\t\t\t\t  <a  class=\"link-list yuzo__text--title\" href=\"https:\/\/www.transzportstudium.hu\/blog\/2015\/02\/24\/gki-tehergepkocsi-vezetoi-alapkepzes\/\" style=\"font-size:14px;;line-height:22px;\"> GKI teherg\u00e9pkocsi vezet\u0151i alapk\u00e9pz\u00e9s  <\/a>\n\t\t\t\t\t\t\t\t<span class=\"yuzo_text\" style=\"font-size:10px;\" >A teherg\u00e9pkocsi vezet\u0151i alapk\u00e9pz\u00e9s megszerz\u00e9s\u00e9re k\u00f6telezett minden, a k\u00f6z\u00fati k\u00f6zleked\u00e9sben r\u00e9szt venni sz\u00e1nd\u00e9koz\u00f3, C, C1, alapkateg\u00f3ri\u00e1j\u00fa vagy C+E, C1...<\/span>\n\t\t\t\t\t\t   \n\t\t\t\t\t\t<\/div>\n\t\t\t\t\t\t<div class=\"relatedthumb yuzo-list  \" style=\"\"  >  \n\t\t\t\t\t\t  <a  href=\"https:\/\/www.transzportstudium.hu\/blog\/2015\/01\/22\/rakomanyrogzites-tanfolyam\/\" class=\"image-list\"  >\n\t\t\t\t\t\t  <div class=\"yuzo-img-wrap  ilen_shine \" style=\"width: 100px;height:65px;\">\n\t\t\t\t\t\t\t\t\t <span class='shine-effect'><\/span> \n\t\t\t\t\t\t\t\t\t <div class=\"yuzo-img\" style=\"background:url('https:\/\/www.transzportstudium.hu\/blog\/wp-content\/uploads\/2014\/09\/home-slide3-150x150.jpg') 50% 50% no-repeat;width: 105px;height:65px;margin-bottom: 5px;background-size:  cover;  \"><\/div>\n\t\t\t\t\t\t  <\/div>\n\t\t\t\t\t\t  <\/a>\n\t\t\t\t\t\t  <a  class=\"link-list yuzo__text--title\" href=\"https:\/\/www.transzportstudium.hu\/blog\/2015\/01\/22\/rakomanyrogzites-tanfolyam\/\" style=\"font-size:14px;;line-height:22px;\"> Rakom\u00e1nyr\u00f6gz\u00edt\u00e9s tanfolyam  <\/a>\n\t\t\t\t\t\t\t\t<span class=\"yuzo_text\" style=\"font-size:10px;\" >Mi\u00e9rt fontos a rakom\u00e1ny t\u00f6k\u00e9letes r\u00f6gz\u00edt\u00e9se?\r\nA rakom\u00e1ny r\u00f6gz\u00edt\u00e9se rendk\u00edv\u00fcl fontos a sz\u00e1ll\u00edtm\u00e1nyoz\u00e1s sor\u00e1n, mert ha b\u00e1rmilyen okb\u00f3l megmozdul a plat\u00f3...<\/span>\n\t\t\t\t\t\t   \n\t\t\t\t\t\t<\/div>\n\t\t\t\t\t\t<div class=\"relatedthumb yuzo-list  \" style=\"\"  >  \n\t\t\t\t\t\t  <a  href=\"https:\/\/www.transzportstudium.hu\/blog\/2015\/11\/10\/szemelyszallitas-feltetelei-szemelyautoval\/\" class=\"image-list\"  >\n\t\t\t\t\t\t  <div class=\"yuzo-img-wrap  ilen_shine \" style=\"width: 100px;height:65px;\">\n\t\t\t\t\t\t\t\t\t <span class='shine-effect'><\/span> \n\t\t\t\t\t\t\t\t\t <div class=\"yuzo-img\" style=\"background:url('https:\/\/www.transzportstudium.hu\/blog\/wp-content\/uploads\/2014\/12\/Limos_800-150x150.jpg') 50% 50% no-repeat;width: 105px;height:65px;margin-bottom: 5px;background-size:  cover;  \"><\/div>\n\t\t\t\t\t\t  <\/div>\n\t\t\t\t\t\t  <\/a>\n\t\t\t\t\t\t  <a  class=\"link-list yuzo__text--title\" href=\"https:\/\/www.transzportstudium.hu\/blog\/2015\/11\/10\/szemelyszallitas-feltetelei-szemelyautoval\/\" style=\"font-size:14px;;line-height:22px;\"> Szem\u00e9lysz\u00e1ll\u00edt\u00e1s felt\u00e9telei szem\u00e9lyaut\u00f3val  <\/a>\n\t\t\t\t\t\t\t\t<span class=\"yuzo_text\" style=\"font-size:10px;\" >Szem\u00e9lyg\u00e9pkocsis szem\u00e9lysz\u00e1ll\u00edt\u00e1s, de nem Taxi. Szem\u00e9lyg\u00e9pkocsis szem\u00e9lysz\u00e1ll\u00edt\u00f3 k\u00e9pes\u00edt\u00e9ssel ugyanis csak olyan szem\u00e9lyaut\u00f3t lehet vezetni, amelybe n...<\/span>\n\t\t\t\t\t\t   \n\t\t\t\t\t\t<\/div>\n<\/div>  <!-- End Yuzo :) -->","protected":false},"excerpt":{"rendered":"<p>Ismertesse a baleset, a munkabaleset, az \u00fati baleset, a s\u00falyos baleset \u00e9s a &#8222;majdnem&#8221; baleset fogalm\u00e1t! Sorolja f\u00f6l a baleset meghat\u00e1roz\u00f3 elemeit! &#8211; Sz\u00f3l az egyik t\u00e9tel a targonca vizsg\u00e1n, amit bizony meg is&#46;&#46;&#46;<\/p>\n","protected":false},"author":3,"featured_media":726,"comment_status":"open","ping_status":"open","sticky":false,"template":"","format":"standard","meta":{"footnotes":""},"categories":[5],"tags":[31,78,79,91,219,59,82,81,80,33,34,77,189],"class_list":["post-1530","post","type-post","status-publish","format-standard","has-post-thumbnail","hentry","category-okj","tag-okj-2","tag-okj-kepzesek","tag-okj-tanfolyamok","tag-okj-s-tanfolyam","tag-okj-s-vizsga","tag-targonca","tag-targonca-jogositvany","tag-targonca-tanfolyam","tag-targonca-vizsga","tag-targoncakezelo","tag-targoncavezeto","tag-targoncavezeto-tanfolyam","tag-targoncavezetoi-tanfolyam"],"aioseo_notices":[],"_links":{"self":[{"href":"https:\/\/www.transzportstudium.hu\/blog\/wp-json\/wp\/v2\/posts\/1530","targetHints":{"allow":["GET"]}}],"collection":[{"href":"https:\/\/www.transzportstudium.hu\/blog\/wp-json\/wp\/v2\/posts"}],"about":[{"href":"https:\/\/www.transzportstudium.hu\/blog\/wp-json\/wp\/v2\/types\/post"}],"author":[{"embeddable":true,"href":"https:\/\/www.transzportstudium.hu\/blog\/wp-json\/wp\/v2\/users\/3"}],"replies":[{"embeddable":true,"href":"https:\/\/www.transzportstudium.hu\/blog\/wp-json\/wp\/v2\/comments?post=1530"}],"version-history":[{"count":3,"href":"https:\/\/www.transzportstudium.hu\/blog\/wp-json\/wp\/v2\/posts\/1530\/revisions"}],"predecessor-version":[{"id":1537,"href":"https:\/\/www.transzportstudium.hu\/blog\/wp-json\/wp\/v2\/posts\/1530\/revisions\/1537"}],"wp:featuredmedia":[{"embeddable":true,"href":"https:\/\/www.transzportstudium.hu\/blog\/wp-json\/wp\/v2\/media\/726"}],"wp:attachment":[{"href":"https:\/\/www.transzportstudium.hu\/blog\/wp-json\/wp\/v2\/media?parent=1530"}],"wp:term":[{"taxonomy":"category","embeddable":true,"href":"https:\/\/www.transzportstudium.hu\/blog\/wp-json\/wp\/v2\/categories?post=1530"},{"taxonomy":"post_tag","embeddable":true,"href":"https:\/\/www.transzportstudium.hu\/blog\/wp-json\/wp\/v2\/tags?post=1530"}],"curies":[{"name":"wp","href":"https:\/\/api.w.org\/{rel}","templated":true}]}}