{"id":1528,"date":"2019-06-04T16:25:06","date_gmt":"2019-06-04T15:25:06","guid":{"rendered":"https:\/\/www.transzportstudium.hu\/blog\/?p=1528"},"modified":"2019-06-30T16:57:54","modified_gmt":"2019-06-30T15:57:54","slug":"adr-1-3-oktatas-es-adr-vizsga","status":"publish","type":"post","link":"https:\/\/www.transzportstudium.hu\/blog\/2019\/06\/04\/adr-1-3-oktatas-es-adr-vizsga\/","title":{"rendered":"ADR 1.3 oktat\u00e1s \u00e9s ADR vizsga"},"content":{"rendered":"<p>A vesz\u00e9lyes \u00e1ruk sz\u00e1ll\u00edt\u00e1sa \u00e9s a vesz\u00e9lyes \u00e1rukhoz kapcsol\u00f3d\u00f3 munka komplex \u00e9s \u00f6sszetett feladat, minden k\u00f6r\u00fclm\u00e9ny k\u00f6z\u00f6tt ADR vizsg\u00e1hoz k\u00f6t\u00f6tt, igaz ennek is t\u00f6bb v\u00e1lfaja van. B\u00e1r a munkafolyamat minden esetben balesetvesz\u00e9lyes, a benne r\u00e9sztvev\u0151k felel\u0151ss\u00e9ge nem ugyanakkora, ami a k\u00e9pz\u00e9sekben \u00e9s az ADR vizsg\u00e1n is realiz\u00e1l\u00f3dik.<\/p>\n<div id=\"attachment_872\" style=\"width: 610px\" class=\"wp-caption aligncenter\"><img loading=\"lazy\" decoding=\"async\" aria-describedby=\"caption-attachment-872\" class=\"size-large wp-image-872\" src=\"https:\/\/www.transzportstudium.hu\/blog\/wp-content\/uploads\/2015\/12\/13655676_l-1024x682.jpg\" alt=\"ADR vizsga\" width=\"600\" height=\"400\" srcset=\"https:\/\/www.transzportstudium.hu\/blog\/wp-content\/uploads\/2015\/12\/13655676_l-1024x682.jpg 1024w, https:\/\/www.transzportstudium.hu\/blog\/wp-content\/uploads\/2015\/12\/13655676_l-300x200.jpg 300w\" sizes=\"auto, (max-width: 600px) 100vw, 600px\" \/><p id=\"caption-attachment-872\" class=\"wp-caption-text\">ADR vizsga<\/p><\/div>\n<p>Egy biztons\u00e1gi tan\u00e1csad\u00f3, vagy egy vesz\u00e9lyes anyagot nagyobb mennyis\u00e9gben sz\u00e1ll\u00edt\u00f3 g\u00e9pkocsivezet\u0151i <a href=\"\/tanfolyamok\/3_adr-tanfolyamok\">ADR k\u00e9pz\u00e9s<\/a> hosszabb \u00e9s bonyolultabb is, mint az <a href=\"\/tanfolyamok\/adr-tanfolyamok\/65_adr-13-fejezete-szerinti-oktatas\">ADR 1.3 oktat\u00e1s<\/a>, \u00edgy term\u00e9szetesen az ADR vizsga neh\u00e9zs\u00e9ge is m\u00e1s. M\u00edg egy biztons\u00e1gi tan\u00e1csad\u00f3 a teljes \u00e1rusz\u00e1ll\u00edt\u00e1si folyamat\u00e9rt felel\u0151ss\u00e9ggel tartozik, addig egy rakod\u00f3 vagy egy csomagol\u00f3 csak a rakod\u00e1s\u00e9rt vagy a becsomagol\u00e1s\u00e9rt, mindenekel\u0151tt a saj\u00e1t munk\u00e1j\u00e1\u00e9rt. M\u00e1r a felv\u00e9teli k\u00f6vetelm\u00e9nyek is eg\u00e9szen m\u00e1sok: a biztons\u00e1gi tan\u00e1csad\u00f3knak vagy f\u0151iskolai v\u00e9gzetts\u00e9ggel \u00e9s k\u00e9t \u00e9ves vesz\u00e9lyes \u00e1rukkal kapcsolatos munkatapasztalattal vagy k\u00f6z\u00e9piskolai v\u00e9gzetts\u00e9ggel \u00e9s n\u00e9gy \u00e9ves munkatapasztalattal kell rendelkezni\u00fck, hogy jelentkezhessenek az oktat\u00e1sra. Ezzel szemben az ADR vizsg\u00e1t megel\u0151z\u0151 ADR 1.3 oktat\u00e1sra b\u00e1rki jelentkezhet, az ide vonatkoz\u00f3 jogszab\u00e1lyok nem hat\u00e1rozz\u00e1k meg a beiratkoz\u00e1s felt\u00e9tel\u00e9t. Az ADR vizsga ADR 1.3 oktat\u00e1s eset\u00e9ben nem hat\u00f3s\u00e1gi, hanem h\u00e1zi, ami ut\u00e1n tan\u00fas\u00edtv\u00e1nyt kap az illet\u0151.<\/p>\n<h4>Kire vonatkozik&#8230;<\/h4>\n<p>Mindenkinek ADR vizsg\u00e1t kell tennie, aki a vesz\u00e9lyes \u00e1ruk sz\u00e1ll\u00edt\u00e1s\u00e1val kapcsolatos munkak\u00f6rben szeretne elhelyezkedni. Az ADR 1.3 oktat\u00e1s vonatkozhat rakod\u00f3kra, rakt\u00e1rosokra, csomagol\u00f3kra, irodai \u00fcgyint\u00e9z\u0151kre stb., egysz\u00f3val \u00e9rinthet sz\u00e1mos olyan munkafolyamatot, ami a vesz\u00e9lyes \u00e1ruk sz\u00e1ll\u00edt\u00e1s\u00e1val kapcsolatos. Ugyancsak <a href=\"\/jelentkezesi-lap\/3_adr-tanfolyamok\">ADR vizsg\u00e1t<\/a> kell tenni\u00fck p\u00e9ld\u00e1ul kl\u00edma szerel\u0151knek, akik t\u00f6ltetek sz\u00e1ll\u00edtanak, hegeszt\u0151knek, akik a hegeszt\u00e9shez sz\u00fcks\u00e9ges g\u00e1zokat sz\u00e1ll\u00edtanak. De ADR vizsg\u00e1t kell tenn\u00fcnk azoknak is, akik p\u00e9ld\u00e1ul vegyi anyag keresked\u00e9sben vagy h\u00e1ztart\u00e1si vegyszereket rakt\u00e1roz\u00f3 \u00e9s\/vagy \u00e1rus\u00edt\u00f3 munkahelyen dolgoznak, \u00e9s a sort m\u00e9g lehetne folytatni.<\/p>\n<h4>Felel\u0151ss\u00e9g \u00e9s elhivatotts\u00e1g<\/h4>\n<p>L\u00e1that\u00f3 teh\u00e1t, hogy az ADR vizsga sz\u00e1mos dologra vonatkozhat, ugyanakkor mag\u00e1t\u00f3l az ADR 1.3 oktat\u00e1st\u00f3l nem kell f\u00e9lni, mivel az ideje mind\u00f6ssze egy napos, \u00e9s ahogy eml\u00edtett\u00fck b\u00e1rki jelentkezhet r\u00e1. B\u00e1rki jelentkezhet \u00e9s az ADR vizsg\u00e1t is b\u00e1rki leteheti, de ez m\u00e9g nem jelenti azt, hogy mindenki alkalmas lesz a munkav\u00e9gz\u00e9sre. A felel\u0151ss\u00e9gteljes hozz\u00e1\u00e1ll\u00e1s p\u00e9ld\u00e1ul elengedhetetlen az \u00e1gazatban \u00e9s a legapr\u00f3bb munkafolyamat is bizonyos szempontb\u00f3l eg\u00e9sz embert k\u00edv\u00e1n, de az elhivatotts\u00e1got is eml\u00edthetn\u00e9nk. Az ADR vizsga, amir\u0151l tan\u00fas\u00edtv\u00e1nyt kap a leend\u0151 dolgoz\u00f3, kett\u0151 \u00e9vig \u00e9rv\u00e9nyes. Miel\u0151tt ez az id\u0151 lej\u00e1r, \u00fajra mindenkinek ADR vizsg\u00e1t kell tennie, hogy jogszer\u0171en folytathassa tov\u00e1bb a munk\u00e1j\u00e1t. A munkav\u00e1llal\u00f3knak az alap \u00e9s ismeretfel\u00faj\u00edt\u00f3 k\u00e9pz\u00e9seken meg kell ismerni\u00fck, a vesz\u00e9lyes \u00e1ruk sz\u00e1ll\u00edt\u00e1s\u00e1ra vonatkoz\u00f3 \u00e1ltal\u00e1nos el\u0151\u00edr\u00e1sokat, valamint, hogy milyen felel\u0151ss\u00e9ggel j\u00e1r az \u00e1ltala bet\u00f6lt\u00f6tt munkak\u00f6r.<\/p>\n<!-- Begin Yuzo --><div class='yuzo_related_post style-2'  data-version='5.12.88'><!-- without result --><div class='yuzo_clearfixed yuzo__title yuzo__title'><h3>Hasonl\u00f3 cikkek<\/h3><\/div>\n\t\t\t\t\t\t<div class=\"relatedthumb yuzo-list  \" style=\"\"  >  \n\t\t\t\t\t\t  <a  href=\"https:\/\/www.transzportstudium.hu\/blog\/2016\/06\/09\/az-adr-tabla\/\" class=\"image-list\"  >\n\t\t\t\t\t\t  <div class=\"yuzo-img-wrap  ilen_shine \" style=\"width: 100px;height:65px;\">\n\t\t\t\t\t\t\t\t\t <span class='shine-effect'><\/span> \n\t\t\t\t\t\t\t\t\t <div class=\"yuzo-img\" style=\"background:url('https:\/\/www.transzportstudium.hu\/blog\/wp-content\/uploads\/2016\/02\/transzport_2_53-h\u00e9t-150x150.jpg') 50% 50% no-repeat;width: 105px;height:65px;margin-bottom: 5px;background-size:  cover;  \"><\/div>\n\t\t\t\t\t\t  <\/div>\n\t\t\t\t\t\t  <\/a>\n\t\t\t\t\t\t  <a  class=\"link-list yuzo__text--title\" href=\"https:\/\/www.transzportstudium.hu\/blog\/2016\/06\/09\/az-adr-tabla\/\" style=\"font-size:14px;;line-height:22px;\"> Az ADR t\u00e1bla  <\/a>\n\t\t\t\t\t\t\t\t<span class=\"yuzo_text\" style=\"font-size:10px;\" >Az ADR a vesz\u00e9lyes \u00e1ruk sz\u00e1ll\u00edt\u00e1s\u00e1ra vonatkoz\u00f3 nemzetk\u00f6zi egyezm\u00e9ny, amely r\u00f6gz\u00edti, hogy milyen szab\u00e1lyok \u00e9s el\u0151\u00edr\u00e1sok vonatkoznak ezen anyagok belf\u00f6l...<\/span>\n\t\t\t\t\t\t   \n\t\t\t\t\t\t<\/div>\n\t\t\t\t\t\t<div class=\"relatedthumb yuzo-list  \" style=\"\"  >  \n\t\t\t\t\t\t  <a  href=\"https:\/\/www.transzportstudium.hu\/blog\/2014\/12\/23\/okj-targoncavezeto-tanfolyam-ki-allithat-ki-egeszsegugyi-alkalmassagi-igazolast\/\" class=\"image-list\"  >\n\t\t\t\t\t\t  <div class=\"yuzo-img-wrap  ilen_shine \" style=\"width: 100px;height:65px;\">\n\t\t\t\t\t\t\t\t\t <span class='shine-effect'><\/span> \n\t\t\t\t\t\t\t\t\t <div class=\"yuzo-img\" style=\"background:url('https:\/\/www.transzportstudium.hu\/blog\/wp-content\/uploads\/2014\/08\/292125851_db0aa30bc1_o-150x150.jpg') 50% 50% no-repeat;width: 105px;height:65px;margin-bottom: 5px;background-size:  cover;  \"><\/div>\n\t\t\t\t\t\t  <\/div>\n\t\t\t\t\t\t  <\/a>\n\t\t\t\t\t\t  <a  class=\"link-list yuzo__text--title\" href=\"https:\/\/www.transzportstudium.hu\/blog\/2014\/12\/23\/okj-targoncavezeto-tanfolyam-ki-allithat-ki-egeszsegugyi-alkalmassagi-igazolast\/\" style=\"font-size:14px;;line-height:22px;\"> OKJ Targoncavezet\u0151 tanfolyam \u2013 Ki \u00e1ll\u00edthat k...  <\/a>\n\t\t\t\t\t\t\t\t<span class=\"yuzo_text\" style=\"font-size:10px;\" >A targoncavezet\u0151i szakma vonzereje\r\nNapjainkban a kereskedelem \u00e1t-meg \u00e1tsz\u00f6vi nem csak a kontinenseket, hanem az eg\u00e9sz bolyg\u00f3t. A term\u00e9kek el\u0151\u00e1ll\u00edt\u00e1sa...<\/span>\n\t\t\t\t\t\t   \n\t\t\t\t\t\t<\/div>\n\t\t\t\t\t\t<div class=\"relatedthumb yuzo-list  \" style=\"\"  >  \n\t\t\t\t\t\t  <a  href=\"https:\/\/www.transzportstudium.hu\/blog\/2019\/07\/25\/adr-tanacsado-es-a-biztonsag\/\" class=\"image-list\"  >\n\t\t\t\t\t\t  <div class=\"yuzo-img-wrap  ilen_shine \" style=\"width: 100px;height:65px;\">\n\t\t\t\t\t\t\t\t\t <span class='shine-effect'><\/span> \n\t\t\t\t\t\t\t\t\t <div class=\"yuzo-img\" style=\"background:url('https:\/\/www.transzportstudium.hu\/blog\/wp-content\/uploads\/2019\/07\/11077223_831447090279943_2516466723172391038_n-150x150.jpg') 50% 50% no-repeat;width: 105px;height:65px;margin-bottom: 5px;background-size:  cover;  \"><\/div>\n\t\t\t\t\t\t  <\/div>\n\t\t\t\t\t\t  <\/a>\n\t\t\t\t\t\t  <a  class=\"link-list yuzo__text--title\" href=\"https:\/\/www.transzportstudium.hu\/blog\/2019\/07\/25\/adr-tanacsado-es-a-biztonsag\/\" style=\"font-size:14px;;line-height:22px;\"> ADR tan\u00e1csad\u00f3 \u00e9s a biztons\u00e1g  <\/a>\n\t\t\t\t\t\t\t\t<span class=\"yuzo_text\" style=\"font-size:10px;\" >A vesz\u00e9lyes \u00e1ru sz\u00e1ll\u00edt\u00e1s\u00e1nak a szab\u00e1lyoz\u00e1sa meglehet\u0151sen \u00f6sszetett \u00e9s bonyolult feladat, ez\u00e9rt van sz\u00fcks\u00e9g \u00e9s ez\u00e9rt k\u00f6telez\u0151 ADR tan\u00e1csad\u00f3t alkalmazn...<\/span>\n\t\t\t\t\t\t   \n\t\t\t\t\t\t<\/div>\n\t\t\t\t\t\t<div class=\"relatedthumb yuzo-list  \" style=\"\"  >  \n\t\t\t\t\t\t  <a  href=\"https:\/\/www.transzportstudium.hu\/blog\/2018\/12\/27\/gki-online-mindenkinek\/\" class=\"image-list\"  >\n\t\t\t\t\t\t  <div class=\"yuzo-img-wrap  ilen_shine \" style=\"width: 100px;height:65px;\">\n\t\t\t\t\t\t\t\t\t <span class='shine-effect'><\/span> \n\t\t\t\t\t\t\t\t\t <div class=\"yuzo-img\" style=\"background:url('https:\/\/www.transzportstudium.hu\/blog\/wp-content\/uploads\/2018\/12\/e-learning-150x150.jpg') 50% 50% no-repeat;width: 105px;height:65px;margin-bottom: 5px;background-size:  cover;  \"><\/div>\n\t\t\t\t\t\t  <\/div>\n\t\t\t\t\t\t  <\/a>\n\t\t\t\t\t\t  <a  class=\"link-list yuzo__text--title\" href=\"https:\/\/www.transzportstudium.hu\/blog\/2018\/12\/27\/gki-online-mindenkinek\/\" style=\"font-size:14px;;line-height:22px;\"> GKI online mindenkinek  <\/a>\n\t\t\t\t\t\t\t\t<span class=\"yuzo_text\" style=\"font-size:10px;\" >A GKI online tanfolyamjaink mindenkinek aj\u00e1nlhat\u00f3, akinek az id\u0151beoszt\u00e1sa ilyen vagy olyan okb\u00f3l, de nem teszi lehet\u0151v\u00e9 az iskol\u00e1ban val\u00f3 szem\u00e9lyes me...<\/span>\n\t\t\t\t\t\t   \n\t\t\t\t\t\t<\/div>\n<\/div>  <!-- End Yuzo :) -->","protected":false},"excerpt":{"rendered":"<p>A vesz\u00e9lyes \u00e1ruk sz\u00e1ll\u00edt\u00e1sa \u00e9s a vesz\u00e9lyes \u00e1rukhoz kapcsol\u00f3d\u00f3 munka komplex \u00e9s \u00f6sszetett feladat, minden k\u00f6r\u00fclm\u00e9ny k\u00f6z\u00f6tt ADR vizsg\u00e1hoz k\u00f6t\u00f6tt, igaz ennek is t\u00f6bb v\u00e1lfaja van. B\u00e1r a munkafolyamat minden esetben balesetvesz\u00e9lyes, a benne&#46;&#46;&#46;<\/p>\n","protected":false},"author":3,"featured_media":872,"comment_status":"open","ping_status":"open","sticky":false,"template":"","format":"standard","meta":{"footnotes":""},"categories":[2],"tags":[224,96,174,251,71,72],"class_list":["post-1528","post","type-post","status-publish","format-standard","has-post-thumbnail","hentry","category-adr","tag-adr","tag-adr-1-3-fejezet","tag-adr-kepzes","tag-adr-oktatas","tag-adr-tanfolyam","tag-adr-vizsga"],"aioseo_notices":[],"_links":{"self":[{"href":"https:\/\/www.transzportstudium.hu\/blog\/wp-json\/wp\/v2\/posts\/1528","targetHints":{"allow":["GET"]}}],"collection":[{"href":"https:\/\/www.transzportstudium.hu\/blog\/wp-json\/wp\/v2\/posts"}],"about":[{"href":"https:\/\/www.transzportstudium.hu\/blog\/wp-json\/wp\/v2\/types\/post"}],"author":[{"embeddable":true,"href":"https:\/\/www.transzportstudium.hu\/blog\/wp-json\/wp\/v2\/users\/3"}],"replies":[{"embeddable":true,"href":"https:\/\/www.transzportstudium.hu\/blog\/wp-json\/wp\/v2\/comments?post=1528"}],"version-history":[{"count":1,"href":"https:\/\/www.transzportstudium.hu\/blog\/wp-json\/wp\/v2\/posts\/1528\/revisions"}],"predecessor-version":[{"id":1529,"href":"https:\/\/www.transzportstudium.hu\/blog\/wp-json\/wp\/v2\/posts\/1528\/revisions\/1529"}],"wp:featuredmedia":[{"embeddable":true,"href":"https:\/\/www.transzportstudium.hu\/blog\/wp-json\/wp\/v2\/media\/872"}],"wp:attachment":[{"href":"https:\/\/www.transzportstudium.hu\/blog\/wp-json\/wp\/v2\/media?parent=1528"}],"wp:term":[{"taxonomy":"category","embeddable":true,"href":"https:\/\/www.transzportstudium.hu\/blog\/wp-json\/wp\/v2\/categories?post=1528"},{"taxonomy":"post_tag","embeddable":true,"href":"https:\/\/www.transzportstudium.hu\/blog\/wp-json\/wp\/v2\/tags?post=1528"}],"curies":[{"name":"wp","href":"https:\/\/api.w.org\/{rel}","templated":true}]}}