{"id":1524,"date":"2019-05-28T08:30:40","date_gmt":"2019-05-28T07:30:40","guid":{"rendered":"https:\/\/www.transzportstudium.hu\/blog\/?p=1524"},"modified":"2019-06-30T16:57:45","modified_gmt":"2019-06-30T15:57:45","slug":"erettsegi-utani-kepzesek-3","status":"publish","type":"post","link":"https:\/\/www.transzportstudium.hu\/blog\/2019\/05\/28\/erettsegi-utani-kepzesek-3\/","title":{"rendered":"\u00c9retts\u00e9gi ut\u00e1ni k\u00e9pz\u00e9sek"},"content":{"rendered":"<p>A magyar oktat\u00e1snak \u00e9s a munkaer\u0151piacnak egyar\u00e1nt szembe kell n\u00e9znie azzal a probl\u00e9m\u00e1val, hogy mi lesz azokkal a di\u00e1kokkal, akik gimn\u00e1ziumi \u00e9retts\u00e9givel rendelkeznek, azaz nincsen szakm\u00e1juk \u00e9s nem siker\u00fclt tov\u00e1bb tanulniuk valamelyik egyetemen. \u0150k az els\u0151dleges c\u00e9lcsoportja az \u00e9retts\u00e9gi ut\u00e1ni k\u00e9pz\u00e9seknek.<\/p>\n<div id=\"attachment_1285\" style=\"width: 610px\" class=\"wp-caption aligncenter\"><img loading=\"lazy\" decoding=\"async\" aria-describedby=\"caption-attachment-1285\" class=\"size-large wp-image-1285\" src=\"https:\/\/www.transzportstudium.hu\/blog\/wp-content\/uploads\/2018\/09\/Transport-36_sml-1024x680.jpg\" alt=\"\u00c9retts\u00e9gi ut\u00e1ni k\u00e9pz\u00e9sek\" width=\"600\" height=\"398\" srcset=\"https:\/\/www.transzportstudium.hu\/blog\/wp-content\/uploads\/2018\/09\/Transport-36_sml.jpg 1024w, https:\/\/www.transzportstudium.hu\/blog\/wp-content\/uploads\/2018\/09\/Transport-36_sml-300x199.jpg 300w, https:\/\/www.transzportstudium.hu\/blog\/wp-content\/uploads\/2018\/09\/Transport-36_sml-768x510.jpg 768w\" sizes=\"auto, (max-width: 600px) 100vw, 600px\" \/><p id=\"caption-attachment-1285\" class=\"wp-caption-text\">\u00c9retts\u00e9gi ut\u00e1ni k\u00e9pz\u00e9sek<\/p><\/div>\n<p>\u00c9retts\u00e9gi ut\u00e1ni k\u00e9pz\u00e9sek az orsz\u00e1g minden ter\u00fclet\u00e9n indulnak \u00e9s minden tekintetben hatalmas a v\u00e1laszt\u00e9k bel\u0151l\u00fck. Ha a szakm\u00e1kat n\u00e9zz\u00fck, akkor val\u00f3sz\u00edn\u0171leg mindenki tal\u00e1lhat kedv\u00e9re val\u00f3t, mert az asztalost\u00f3l, a fitness edz\u0151n kereszt\u00fcl a k\u00f6nyvel\u0151ig van minden. Ha csak a <a href=\"\/tanfolyamok\/4_okj-s-gepkezeloi-tanfolyamok\">g\u00e9pkezel\u0151i<\/a> \u00e9retts\u00e9gi ut\u00e1ni k\u00e9pz\u00e9seket n\u00e9zz\u00fck ott is hatalmas a v\u00e1laszt\u00e9k. Az id\u0151 intervallumot tekintve a k\u00e9t napos tanfolyamokt\u00f3l a k\u00e9t \u00e9ves \u00e9retts\u00e9gi ut\u00e1ni k\u00e9pz\u00e9sig szint\u00e9n sz\u00e1mos lehet\u0151s\u00e9g k\u00f6z\u00fcl v\u00e1laszthat az, aki \u00fagy d\u00f6nt nem v\u00e1r az egyetemre, hanem szakm\u00e1t tanul. \u00c9rdemes \u00e1tgondolni rajta, mert egy szakma mindig j\u00f3l j\u00f6n \u00e9s adott esetben k\u00e9s\u0151bb is lehet egyetemre menni \u00e9s diplom\u00e1t szerezni. Ami a k\u00f6lts\u00e9geket illeti, az ingyenesekt\u0151l a borsos \u00e1r\u00fa tanfolyamokig szint\u00e9n sz\u00e9les a paletta. Ebben az esetben \u00e9rdemes megn\u00e9zni a befektet\u00e9s megt\u00e9r\u00fcl\u00e9s\u00e9nek az idej\u00e9t, illet\u0151leg az elhelyezked\u00e9si lehet\u0151s\u00e9geket. Vannak sikerszakm\u00e1k \u00e9s olyanok is melyek a mai vil\u00e1gban kev\u00e9sb\u00e9 kelend\u0151ek, azt is \u00e9rdemes sz\u00e1mba venni, hogy mennyire van \u00e9rz\u00e9k\u00fcnk ahhoz, amit tanulni szeretn\u00e9nk. A programoz\u00e1s p\u00e9ld\u00e1ul k\u00e9ts\u00e9g k\u00edv\u00fcl sikerszakm\u00e1nak sz\u00e1m\u00edt, ugyanakkor nem mindenki alkalmas r\u00e1.<\/p>\n<h4>Az \u00e9retts\u00e9gi ut\u00e1ni k\u00e9pz\u00e9sek fontoss\u00e1ga<\/h4>\n<p>A mai hatalmas munkaer\u0151hi\u00e1ny annak k\u00f6sz\u00f6nhet\u0151, hogy a 90\u2019-es \u00e9vek v\u00e9g\u00e9t\u0151l elkezdett kialakulni egy trend, hogy mindenkinek egyetemre kell j\u00e1rnia. M\u00e1ra az a hib\u00e1s elk\u00e9pzel\u00e9s ott realiz\u00e1l\u00f3dott, hogy nagyon sok embernek van olyan diplom\u00e1ja, amivel nem tud elhelyezkedni, olyan szakk\u00e9pzett ember azonban kev\u00e9s van, akire jelenleg ig\u00e9ny lenne a munkaer\u0151 piacon. Nem v\u00e9letlen, hogy diplom\u00e1val is egyre t\u00f6bben jelentkeznek <a href=\"https:\/\/www.transzportstudium.hu\/tanfolyamok\/okj-s-gepkezeloi-tanfolyamok\/45_okj-s-targoncavezeto-egy-gepcsoportra\">\u00e9retts\u00e9gi ut\u00e1ni k\u00e9pz\u00e9sekre<\/a>. A hatalmas szakemberhi\u00e1ny miatt a fizet\u00e9sek is \u00e1talakultak \u00e9s k\u00f6nnyen el\u0151fordulhat, hogy egy j\u00f3 \u00e9retts\u00e9gi ut\u00e1ni k\u00e9pz\u00e9s elv\u00e9gz\u00e9se ut\u00e1n, valaki jobban fog keresni, mint adott esetben egy k\u00e9t diplom\u00e1s ember.<\/p>\n<!-- Begin Yuzo --><div class='yuzo_related_post style-2'  data-version='5.12.88'><!-- without result --><div class='yuzo_clearfixed yuzo__title yuzo__title'><h3>Hasonl\u00f3 cikkek<\/h3><\/div>\n\t\t\t\t\t\t<div class=\"relatedthumb yuzo-list  \" style=\"\"  >  \n\t\t\t\t\t\t  <a  href=\"https:\/\/www.transzportstudium.hu\/blog\/2018\/12\/06\/harom-az-egyben\/\" class=\"image-list\"  >\n\t\t\t\t\t\t  <div class=\"yuzo-img-wrap  ilen_shine \" style=\"width: 100px;height:65px;\">\n\t\t\t\t\t\t\t\t\t <span class='shine-effect'><\/span> \n\t\t\t\t\t\t\t\t\t <div class=\"yuzo-img\" style=\"background:url('https:\/\/www.transzportstudium.hu\/blog\/wp-content\/uploads\/2018\/12\/Transport_51_targonca-150x150.jpg') 50% 50% no-repeat;width: 105px;height:65px;margin-bottom: 5px;background-size:  cover;  \"><\/div>\n\t\t\t\t\t\t  <\/div>\n\t\t\t\t\t\t  <\/a>\n\t\t\t\t\t\t  <a  class=\"link-list yuzo__text--title\" href=\"https:\/\/www.transzportstudium.hu\/blog\/2018\/12\/06\/harom-az-egyben\/\" style=\"font-size:14px;;line-height:22px;\"> H\u00e1rom az egyben  <\/a>\n\t\t\t\t\t\t\t\t<span class=\"yuzo_text\" style=\"font-size:10px;\" >Ami\u00f3ta g\u00e9pes\u00edtett az anyagmozgat\u00e1s folyamatosan munkaer\u0151t k\u00edv\u00e1n, a munkav\u00e9gz\u00e9s jelent\u0151s r\u00e9sze targonc\u00e1kkal t\u00f6rt\u00e9nik, a targoncavezet\u00e9s el\u0151felt\u00e9tele pe...<\/span>\n\t\t\t\t\t\t   \n\t\t\t\t\t\t<\/div>\n\t\t\t\t\t\t<div class=\"relatedthumb yuzo-list  \" style=\"\"  >  \n\t\t\t\t\t\t  <a  href=\"https:\/\/www.transzportstudium.hu\/blog\/2019\/10\/15\/az-ismeretfelujito-gki-vizsgarol\/\" class=\"image-list\"  >\n\t\t\t\t\t\t  <div class=\"yuzo-img-wrap  ilen_shine \" style=\"width: 100px;height:65px;\">\n\t\t\t\t\t\t\t\t\t <span class='shine-effect'><\/span> \n\t\t\t\t\t\t\t\t\t <div class=\"yuzo-img\" style=\"background:url('https:\/\/www.transzportstudium.hu\/blog\/wp-content\/uploads\/2014\/08\/Truck-convoy-istockphoto1-150x150.jpg') 50% 50% no-repeat;width: 105px;height:65px;margin-bottom: 5px;background-size:  cover;  \"><\/div>\n\t\t\t\t\t\t  <\/div>\n\t\t\t\t\t\t  <\/a>\n\t\t\t\t\t\t  <a  class=\"link-list yuzo__text--title\" href=\"https:\/\/www.transzportstudium.hu\/blog\/2019\/10\/15\/az-ismeretfelujito-gki-vizsgarol\/\" style=\"font-size:14px;;line-height:22px;\"> Az ismeretfel\u00faj\u00edt\u00f3 GKI vizsg\u00e1r\u00f3l  <\/a>\n\t\t\t\t\t\t\t\t<span class=\"yuzo_text\" style=\"font-size:10px;\" >Mindenkinek GKI vizsg\u00e1t kell tennie, aki\u00a0 3,5 tonna \u00f6sszt\u00f6meg feletti teheraut\u00f3val \u00e1rusz\u00e1ll\u00edt\u00e1ssal, -fuvaroz\u00e1ssal valamint aut\u00f3busszal v\u00e9gzett szem\u00e9ly...<\/span>\n\t\t\t\t\t\t   \n\t\t\t\t\t\t<\/div>\n\t\t\t\t\t\t<div class=\"relatedthumb yuzo-list  \" style=\"\"  >  \n\t\t\t\t\t\t  <a  href=\"https:\/\/www.transzportstudium.hu\/blog\/2018\/12\/11\/szemelyesen-vagy-az-interneten\/\" class=\"image-list\"  >\n\t\t\t\t\t\t  <div class=\"yuzo-img-wrap  ilen_shine \" style=\"width: 100px;height:65px;\">\n\t\t\t\t\t\t\t\t\t <span class='shine-effect'><\/span> \n\t\t\t\t\t\t\t\t\t <div class=\"yuzo-img\" style=\"background:url('https:\/\/www.transzportstudium.hu\/blog\/wp-content\/uploads\/2018\/12\/notes-on-computer-instructor-led-training-and-elearning-150x150.jpg') 50% 50% no-repeat;width: 105px;height:65px;margin-bottom: 5px;background-size:  cover;  \"><\/div>\n\t\t\t\t\t\t  <\/div>\n\t\t\t\t\t\t  <\/a>\n\t\t\t\t\t\t  <a  class=\"link-list yuzo__text--title\" href=\"https:\/\/www.transzportstudium.hu\/blog\/2018\/12\/11\/szemelyesen-vagy-az-interneten\/\" style=\"font-size:14px;;line-height:22px;\"> Szem\u00e9lyesen vagy az interneten  <\/a>\n\t\t\t\t\t\t\t\t<span class=\"yuzo_text\" style=\"font-size:10px;\" >J\u00f3 h\u00edr mindenkinek, de f\u0151leg azoknak, akiknek zs\u00fafoltak a mindennapjaik, hogy GKI tov\u00e1bbk\u00e9pz\u00e9seinket imm\u00e1r nem csak szem\u00e9lyesen, de online, az interne...<\/span>\n\t\t\t\t\t\t   \n\t\t\t\t\t\t<\/div>\n\t\t\t\t\t\t<div class=\"relatedthumb yuzo-list  \" style=\"\"  >  \n\t\t\t\t\t\t  <a  href=\"https:\/\/www.transzportstudium.hu\/blog\/2015\/11\/19\/egy-jo-szakma-belfoldi-es-nemzetkozi-gepkocsivezeto\/\" class=\"image-list\"  >\n\t\t\t\t\t\t  <div class=\"yuzo-img-wrap  ilen_shine \" style=\"width: 100px;height:65px;\">\n\t\t\t\t\t\t\t\t\t <span class='shine-effect'><\/span> \n\t\t\t\t\t\t\t\t\t <div class=\"yuzo-img\" style=\"background:url('https:\/\/www.transzportstudium.hu\/blog\/wp-content\/uploads\/2015\/11\/shutterstock_79285564-150x150.jpg') 50% 50% no-repeat;width: 105px;height:65px;margin-bottom: 5px;background-size:  cover;  \"><\/div>\n\t\t\t\t\t\t  <\/div>\n\t\t\t\t\t\t  <\/a>\n\t\t\t\t\t\t  <a  class=\"link-list yuzo__text--title\" href=\"https:\/\/www.transzportstudium.hu\/blog\/2015\/11\/19\/egy-jo-szakma-belfoldi-es-nemzetkozi-gepkocsivezeto\/\" style=\"font-size:14px;;line-height:22px;\"> Egy j\u00f3 szakma: belf\u00f6ldi \u00e9s nemzetk\u00f6zi g\u00e9pkocsiveze...  <\/a>\n\t\t\t\t\t\t\t\t<span class=\"yuzo_text\" style=\"font-size:10px;\" >Ha valaki frissen v\u00e9gzett belf\u00f6ldi \u00e9s nemzetk\u00f6zi g\u00e9pkocsivezet\u0151 \u00e9s mondjuk el\u0151sz\u00f6r keres munk\u00e1t, ugyancsak \u00f6r\u00fclni fog a netes tal\u00e1latoknak. J\u00f3llehet a...<\/span>\n\t\t\t\t\t\t   \n\t\t\t\t\t\t<\/div>\n<\/div>  <!-- End Yuzo :) -->","protected":false},"excerpt":{"rendered":"<p>A magyar oktat\u00e1snak \u00e9s a munkaer\u0151piacnak egyar\u00e1nt szembe kell n\u00e9znie azzal a probl\u00e9m\u00e1val, hogy mi lesz azokkal a di\u00e1kokkal, akik gimn\u00e1ziumi \u00e9retts\u00e9givel rendelkeznek, azaz nincsen szakm\u00e1juk \u00e9s nem siker\u00fclt tov\u00e1bb tanulniuk valamelyik egyetemen. \u0150k&#46;&#46;&#46;<\/p>\n","protected":false},"author":3,"featured_media":1285,"comment_status":"open","ping_status":"open","sticky":false,"template":"","format":"standard","meta":{"footnotes":""},"categories":[5],"tags":[243,37,234,240,95,230,31,78,79,91,219],"class_list":["post-1524","post","type-post","status-publish","format-standard","has-post-thumbnail","hentry","category-okj","tag-erettsegi-utani-kepzesek","tag-gepkezelo","tag-gepkezelo-jogositvany","tag-gepkezeloi-jogositvany","tag-gepkezeloi-tanfolyam","tag-gepkezeloi-vizsga","tag-okj-2","tag-okj-kepzesek","tag-okj-tanfolyamok","tag-okj-s-tanfolyam","tag-okj-s-vizsga"],"aioseo_notices":[],"_links":{"self":[{"href":"https:\/\/www.transzportstudium.hu\/blog\/wp-json\/wp\/v2\/posts\/1524","targetHints":{"allow":["GET"]}}],"collection":[{"href":"https:\/\/www.transzportstudium.hu\/blog\/wp-json\/wp\/v2\/posts"}],"about":[{"href":"https:\/\/www.transzportstudium.hu\/blog\/wp-json\/wp\/v2\/types\/post"}],"author":[{"embeddable":true,"href":"https:\/\/www.transzportstudium.hu\/blog\/wp-json\/wp\/v2\/users\/3"}],"replies":[{"embeddable":true,"href":"https:\/\/www.transzportstudium.hu\/blog\/wp-json\/wp\/v2\/comments?post=1524"}],"version-history":[{"count":1,"href":"https:\/\/www.transzportstudium.hu\/blog\/wp-json\/wp\/v2\/posts\/1524\/revisions"}],"predecessor-version":[{"id":1525,"href":"https:\/\/www.transzportstudium.hu\/blog\/wp-json\/wp\/v2\/posts\/1524\/revisions\/1525"}],"wp:featuredmedia":[{"embeddable":true,"href":"https:\/\/www.transzportstudium.hu\/blog\/wp-json\/wp\/v2\/media\/1285"}],"wp:attachment":[{"href":"https:\/\/www.transzportstudium.hu\/blog\/wp-json\/wp\/v2\/media?parent=1524"}],"wp:term":[{"taxonomy":"category","embeddable":true,"href":"https:\/\/www.transzportstudium.hu\/blog\/wp-json\/wp\/v2\/categories?post=1524"},{"taxonomy":"post_tag","embeddable":true,"href":"https:\/\/www.transzportstudium.hu\/blog\/wp-json\/wp\/v2\/tags?post=1524"}],"curies":[{"name":"wp","href":"https:\/\/api.w.org\/{rel}","templated":true}]}}