{"id":1476,"date":"2019-04-23T08:50:09","date_gmt":"2019-04-23T07:50:09","guid":{"rendered":"https:\/\/www.transzportstudium.hu\/blog\/?p=1476"},"modified":"2019-06-10T12:33:11","modified_gmt":"2019-06-10T11:33:11","slug":"adr-biztonsagi-tanacsado-alkalmazasa","status":"publish","type":"post","link":"https:\/\/www.transzportstudium.hu\/blog\/2019\/04\/23\/adr-biztonsagi-tanacsado-alkalmazasa\/","title":{"rendered":"ADR biztons\u00e1gi tan\u00e1csad\u00f3 alkalmaz\u00e1sa"},"content":{"rendered":"<p>A Vesz\u00e9lyes \u00c1ruk Nemzetk\u00f6zi K\u00f6z\u00fati Sz\u00e1ll\u00edt\u00e1s\u00e1r\u00f3l sz\u00f3l\u00f3 Eur\u00f3pai Meg\u00e1llapod\u00e1s \u00edrja el\u0151, hogy ADR biztons\u00e1gi tan\u00e1csad\u00f3t kell alkalmaznia minden olyan v\u00e1llalkoz\u00e1snak, amelyik vesz\u00e9lyes \u00e1rut k\u00f6z\u00faton fuvaroz, sz\u00e1ll\u00edt vagy ahhoz kapcsol\u00f3d\u00f3 csomagol\u00e1st, berak\u00e1st, t\u00f6lt\u00e9st vagy kirak\u00e1st, egy sz\u00f3val tev\u00e9kenys\u00e9get v\u00e9gez.<\/p>\n<div id=\"attachment_1481\" style=\"width: 610px\" class=\"wp-caption aligncenter\"><img loading=\"lazy\" decoding=\"async\" aria-describedby=\"caption-attachment-1481\" class=\"size-large wp-image-1481\" src=\"https:\/\/www.transzportstudium.hu\/blog\/wp-content\/uploads\/2019\/04\/ThinkstockPhotos-531697358-1024x576.jpg\" alt=\"ADR Biztons\u00e1gi tan\u00e1csad\u00f3\" width=\"600\" height=\"338\" srcset=\"https:\/\/www.transzportstudium.hu\/blog\/wp-content\/uploads\/2019\/04\/ThinkstockPhotos-531697358-1024x576.jpg 1024w, https:\/\/www.transzportstudium.hu\/blog\/wp-content\/uploads\/2019\/04\/ThinkstockPhotos-531697358-300x169.jpg 300w, https:\/\/www.transzportstudium.hu\/blog\/wp-content\/uploads\/2019\/04\/ThinkstockPhotos-531697358-768x432.jpg 768w, https:\/\/www.transzportstudium.hu\/blog\/wp-content\/uploads\/2019\/04\/ThinkstockPhotos-531697358.jpg 1200w\" sizes=\"auto, (max-width: 600px) 100vw, 600px\" \/><p id=\"caption-attachment-1481\" class=\"wp-caption-text\">ADR Biztons\u00e1gi tan\u00e1csad\u00f3<\/p><\/div>\n<p>ADR biztons\u00e1gi tan\u00e1csad\u00f3i munk\u00e1t teh\u00e1t, csak olyan szem\u00e9ly v\u00e9gezhet jelenleg haz\u00e1nkban \u00e9s eg\u00e9sz Eur\u00f3p\u00e1ban, aki a hat\u00f3s\u00e1g \u00e1ltal is regisztr\u00e1lva van \u00e9s \u00e9rv\u00e9nyes igazolv\u00e1nnyal rendelkezik. Tov\u00e1bb\u00e1 az ADR biztons\u00e1gi tan\u00e1csad\u00f3 csak \u00fagy \u00e1llhat munk\u00e1ba, ha a v\u00e1llalkoz\u00e1s a kinevez\u00e9s\u00e9r\u0151l, 15 napon bel\u00fcl \u00edr\u00e1sban t\u00e1j\u00e9koztatja a Nemzeti K\u00f6zleked\u00e9si Hat\u00f3s\u00e1got, valamint a tan\u00e1csad\u00f3nak is igazolnia kell ezt \u00edr\u00e1sban a hat\u00f3s\u00e1g fel\u00e9. A kinevez\u00e9s megsz\u00fcntet\u00e9sekor pedig ugyanez a proced\u00fara v\u00e1r mind a v\u00e1llalkoz\u00e1sra, mint pedig az <a href=\"\/tanfolyamok\/adr-tanfolyamok\/34_adr-veszelyes-aru-szallitasi-biztonsagi-tanacsado\">ADR biztons\u00e1gi tan\u00e1csad\u00f3ra<\/a>. Hogy mi a tan\u00e1csad\u00f3 feladatk\u00f6re, azt korm\u00e1nyzati rendelet \u00edrja r\u00e9szletesen el\u0151. L\u00e9nyeg\u00e9ben, vagy egyszer\u0171en megfogalmazva az ADR biztons\u00e1gi tan\u00e1csad\u00f3 feladata a vesz\u00e9lyes \u00e1ruk sz\u00e1ll\u00edt\u00e1s\u00e1val kapcsolatos tev\u00e9kenys\u00e9g teljes k\u00f6r\u0171 ellen\u0151rz\u00e9se. Folyamatosan monitorozza a sz\u00e1ll\u00edt\u00e1si folyamatot \u00e9s igyekszik annak vesz\u00e9lyess\u00e9g\u00e9t a lehet\u0151 legminim\u00e1lisabb szintre szor\u00edtani.<\/p>\n<h4>A k\u00e9pz\u00e9sr\u0151l<\/h4>\n<p>Term\u00e9szetesen ahhoz, hogy valakib\u0151l ADR biztons\u00e1gi tan\u00e1csad\u00f3 legyen, el kell v\u00e9gezni egy speci\u00e1lis <a href=\"\/tanfolyamok\/adr-tanfolyamok\/34_adr-veszelyes-aru-szallitasi-biztonsagi-tanacsado\">alaptanfolyamot<\/a>, majd \u00f6t \u00e9vente ismeretfel\u00faj\u00edt\u00f3 k\u00e9pz\u00e9sen kell r\u00e9szt venni. Az ut\u00f3bbi oka els\u0151sorban a v\u00e1ltoz\u00f3 szab\u00e1lyoz\u00e1sok. Az alaptanfolyamra val\u00f3 jelentkez\u00e9snek is megvannak az el\u0151felt\u00e9telei. Eszerint az jelentkezhet ADR biztons\u00e1gi tan\u00e1csad\u00f3nak, aki fels\u0151fok\u00fa v\u00e9gzetts\u00e9ggel rendelkezik \u00e9s legal\u00e1bb k\u00e9t \u00e9vig vesz\u00e9lyes \u00e1ru sz\u00e1ll\u00edt\u00e1ssal kapcsolatos feladatot l\u00e1tott el, vagy k\u00f6z\u00e9pfok\u00fa v\u00e9gzetts\u00e9ggel rendelkezik \u00e9s legal\u00e1bb \u00f6t \u00e9vig vesz\u00e9lyes \u00e1ru sz\u00e1ll\u00edt\u00e1ssal kapcsolatos feladatot l\u00e1tott el. A tanfolyamot \u00edr\u00e1sbeli \u00e9s sz\u00f3beli vizsga k\u00f6veti, amennyiben ez sikeres a vizsg\u00e1z\u00f3 hat\u00f3s\u00e1gi bizony\u00edtv\u00e1nyt kap. Fontos odafigyelni r\u00e1, hogy az ADR biztons\u00e1gi tan\u00e1csad\u00f3 <a href=\"\/tanfolyamok\/adr-tanfolyamok\/66_adr-veszelyes-aru-szallitasi-biztonsagi-tanacsado-ismeretfelujito\">ismeretfel\u00faj\u00edt\u00f3 tanfolyamra<\/a> m\u00e9g a bizony\u00edtv\u00e1ny lej\u00e1rta el\u0151tt kell jelentkezni. Ha valaki lej\u00e1rt bizony\u00edtv\u00e1nnyal l\u00e1tja el a munk\u00e1j\u00e1t az nagyon komoly b\u00fcntet\u00e9sre sz\u00e1m\u00edthat \u00e9s a v\u00e1llalkoz\u00e1s is, amelyik \u00edgy alkalmazza.<\/p>\n<h4>Felel\u0151ss\u00e9g<\/h4>\n<p>A szigor\u00fa rendszer nem v\u00e9letlen, hiszen az ADR biztons\u00e1gi tan\u00e1csad\u00f3 munk\u00e1ja meglehet\u0151sen sokr\u00e9t\u0171 \u00e9s sok felel\u0151ss\u00e9ggel j\u00e1r. Egyr\u00e9szt a k\u00f6rnyezet m\u00e1sr\u00e9szt pedig az emberi eg\u00e9szs\u00e9g meg\u00f3v\u00e1sa is az ADR biztons\u00e1gi tan\u00e1csad\u00f3 v\u00e1ll\u00e1t nyomja. Amennyiben a sz\u00e1ll\u00edt\u00e1si folyamatban valami nem az el\u0151\u00edr\u00e1soknak megfelel\u0151en t\u00f6rt\u00e9nik, \u00fagy a kiszabhat\u00f3 b\u00fcntet\u00e9s sem csek\u00e9ly, ez term\u00e9szetesen f\u00fcgg az \u00e1r\u00fa vesz\u00e9lyess\u00e9g\u00e9t\u0151l is. Az ADR biztons\u00e1gi tan\u00e1csad\u00f3nak teh\u00e1t folyamatosan \u00e9s alaposan oda kell figyelnie a sz\u00e1ll\u00edt\u00e1s eg\u00e9sz\u00e9re az \u00e1ru becsomagol\u00e1s\u00e1t\u00f3l kezdve annak kipakol\u00e1s\u00e1ig. A <a href=\"\/tanfolyamok\/adr-tanfolyamok\/34_adr-veszelyes-aru-szallitasi-biztonsagi-tanacsado\">tanfolyamra<\/a> a fentiek miatt k\u00f6telez\u0151 bej\u00e1rni \u00e9s tant\u00e1rgyi felment\u00e9sek sem adhat\u00f3ak. A k\u00e9pz\u00e9s ut\u00e1n a <a href=\"https:\/\/www.transzportstudium.hu\/jelentkezesi-lap\/3_adr-tanfolyamok\">vizsg\u00e1t<\/a> sem lehet f\u00e9lv\u00e1llr\u00f3l venni, b\u00e1r aki ADR biztons\u00e1gi tan\u00e1csad\u00f3nak jelentkezik ezzel \u00e1ltal\u00e1ban tiszt\u00e1ban is van.<\/p>\n<!-- Begin Yuzo --><div class='yuzo_related_post style-2'  data-version='5.12.88'><!-- without result --><div class='yuzo_clearfixed yuzo__title yuzo__title'><h3>Hasonl\u00f3 cikkek<\/h3><\/div>\n\t\t\t\t\t\t<div class=\"relatedthumb yuzo-list  \" style=\"\"  >  \n\t\t\t\t\t\t  <a  href=\"https:\/\/www.transzportstudium.hu\/blog\/2019\/06\/20\/jogszabalyok-menten-a-veszelyes-aru-biztonsagi-tanacsado-kepzesrol\/\" class=\"image-list\"  >\n\t\t\t\t\t\t  <div class=\"yuzo-img-wrap  ilen_shine \" style=\"width: 100px;height:65px;\">\n\t\t\t\t\t\t\t\t\t <span class='shine-effect'><\/span> \n\t\t\t\t\t\t\t\t\t <div class=\"yuzo-img\" style=\"background:url('https:\/\/www.transzportstudium.hu\/blog\/wp-content\/uploads\/2015\/06\/slide04-small-150x150.jpg') 50% 50% no-repeat;width: 105px;height:65px;margin-bottom: 5px;background-size:  cover;  \"><\/div>\n\t\t\t\t\t\t  <\/div>\n\t\t\t\t\t\t  <\/a>\n\t\t\t\t\t\t  <a  class=\"link-list yuzo__text--title\" href=\"https:\/\/www.transzportstudium.hu\/blog\/2019\/06\/20\/jogszabalyok-menten-a-veszelyes-aru-biztonsagi-tanacsado-kepzesrol\/\" style=\"font-size:14px;;line-height:22px;\"> Jogszab\u00e1lyok ment\u00e9n \u2013 a Vesz\u00e9lyes \u00e1ru bizton...  <\/a>\n\t\t\t\t\t\t\t\t<span class=\"yuzo_text\" style=\"font-size:10px;\" >Statisztikai adatok szerint jelenleg, megk\u00f6zel\u00edt\u0151leg az \u00f6sszes sz\u00e1ll\u00edtott \u00e1rumennyis\u00e9gnek k\u00f6zel 15 %-a vesz\u00e9lyes \u00e1ru, \u00edgy ennek f\u00e9ny\u00e9ben van sz\u00fcks\u00e9g v...<\/span>\n\t\t\t\t\t\t   \n\t\t\t\t\t\t<\/div>\n\t\t\t\t\t\t<div class=\"relatedthumb yuzo-list  \" style=\"\"  >  \n\t\t\t\t\t\t  <a  href=\"https:\/\/www.transzportstudium.hu\/blog\/2015\/12\/15\/a-targoncazas-elonyei\/\" class=\"image-list\"  >\n\t\t\t\t\t\t  <div class=\"yuzo-img-wrap  ilen_shine \" style=\"width: 100px;height:65px;\">\n\t\t\t\t\t\t\t\t\t <span class='shine-effect'><\/span> \n\t\t\t\t\t\t\t\t\t <div class=\"yuzo-img\" style=\"background:url('https:\/\/www.transzportstudium.hu\/blog\/wp-content\/uploads\/2015\/11\/shutterstock_168956879-150x150.jpg') 50% 50% no-repeat;width: 105px;height:65px;margin-bottom: 5px;background-size:  cover;  \"><\/div>\n\t\t\t\t\t\t  <\/div>\n\t\t\t\t\t\t  <\/a>\n\t\t\t\t\t\t  <a  class=\"link-list yuzo__text--title\" href=\"https:\/\/www.transzportstudium.hu\/blog\/2015\/12\/15\/a-targoncazas-elonyei\/\" style=\"font-size:14px;;line-height:22px;\"> A targonc\u00e1z\u00e1s el\u0151nyei  <\/a>\n\t\t\t\t\t\t\t\t<span class=\"yuzo_text\" style=\"font-size:10px;\" >Ha vezet\u0151\u00e1ll\u00e1sos targonca kezel\u00e9s\u00e9re szeretn\u00e9nk k\u00e9pes\u00edt\u00e9st szerezni, akkor t\u00f6bb szempontb\u00f3l is j\u00f3 d\u00f6nt\u00e9st hoztunk. T\u00fal azon, hogy sokak gyerekkori \u00e1lm...<\/span>\n\t\t\t\t\t\t   \n\t\t\t\t\t\t<\/div>\n\t\t\t\t\t\t<div class=\"relatedthumb yuzo-list  \" style=\"\"  >  \n\t\t\t\t\t\t  <a  href=\"https:\/\/www.transzportstudium.hu\/blog\/2018\/12\/11\/szemelyesen-vagy-az-interneten\/\" class=\"image-list\"  >\n\t\t\t\t\t\t  <div class=\"yuzo-img-wrap  ilen_shine \" style=\"width: 100px;height:65px;\">\n\t\t\t\t\t\t\t\t\t <span class='shine-effect'><\/span> \n\t\t\t\t\t\t\t\t\t <div class=\"yuzo-img\" style=\"background:url('https:\/\/www.transzportstudium.hu\/blog\/wp-content\/uploads\/2018\/12\/notes-on-computer-instructor-led-training-and-elearning-150x150.jpg') 50% 50% no-repeat;width: 105px;height:65px;margin-bottom: 5px;background-size:  cover;  \"><\/div>\n\t\t\t\t\t\t  <\/div>\n\t\t\t\t\t\t  <\/a>\n\t\t\t\t\t\t  <a  class=\"link-list yuzo__text--title\" href=\"https:\/\/www.transzportstudium.hu\/blog\/2018\/12\/11\/szemelyesen-vagy-az-interneten\/\" style=\"font-size:14px;;line-height:22px;\"> Szem\u00e9lyesen vagy az interneten  <\/a>\n\t\t\t\t\t\t\t\t<span class=\"yuzo_text\" style=\"font-size:10px;\" >J\u00f3 h\u00edr mindenkinek, de f\u0151leg azoknak, akiknek zs\u00fafoltak a mindennapjaik, hogy GKI tov\u00e1bbk\u00e9pz\u00e9seinket imm\u00e1r nem csak szem\u00e9lyesen, de online, az interne...<\/span>\n\t\t\t\t\t\t   \n\t\t\t\t\t\t<\/div>\n\t\t\t\t\t\t<div class=\"relatedthumb yuzo-list  \" style=\"\"  >  \n\t\t\t\t\t\t  <a  href=\"https:\/\/www.transzportstudium.hu\/blog\/2019\/11\/05\/gki-tanfolyam-a-biztonsagert\/\" class=\"image-list\"  >\n\t\t\t\t\t\t  <div class=\"yuzo-img-wrap  ilen_shine \" style=\"width: 100px;height:65px;\">\n\t\t\t\t\t\t\t\t\t <span class='shine-effect'><\/span> \n\t\t\t\t\t\t\t\t\t <div class=\"yuzo-img\" style=\"background:url('https:\/\/www.transzportstudium.hu\/blog\/wp-content\/uploads\/2014\/09\/ts_szimulator_2-150x150.jpg') 50% 50% no-repeat;width: 105px;height:65px;margin-bottom: 5px;background-size:  cover;  \"><\/div>\n\t\t\t\t\t\t  <\/div>\n\t\t\t\t\t\t  <\/a>\n\t\t\t\t\t\t  <a  class=\"link-list yuzo__text--title\" href=\"https:\/\/www.transzportstudium.hu\/blog\/2019\/11\/05\/gki-tanfolyam-a-biztonsagert\/\" style=\"font-size:14px;;line-height:22px;\"> GKI tanfolyam a biztons\u00e1g\u00e9rt  <\/a>\n\t\t\t\t\t\t\t\t<span class=\"yuzo_text\" style=\"font-size:10px;\" >Mindenkinek GKI tanfolyamra kell beiratkoznia, aki aut\u00f3buszos szem\u00e9lysz\u00e1ll\u00edt\u00e1st v\u00e9gez vagy teheraut\u00f3 sof\u0151rk\u00e9nt dolgozik, \u00e9s lej\u00e1r az \u00f6t \u00e9ves GKI k\u00e1rty...<\/span>\n\t\t\t\t\t\t   \n\t\t\t\t\t\t<\/div>\n<\/div>  <!-- End Yuzo :) -->","protected":false},"excerpt":{"rendered":"<p>A Vesz\u00e9lyes \u00c1ruk Nemzetk\u00f6zi K\u00f6z\u00fati Sz\u00e1ll\u00edt\u00e1s\u00e1r\u00f3l sz\u00f3l\u00f3 Eur\u00f3pai Meg\u00e1llapod\u00e1s \u00edrja el\u0151, hogy ADR biztons\u00e1gi tan\u00e1csad\u00f3t kell alkalmaznia minden olyan v\u00e1llalkoz\u00e1snak, amelyik vesz\u00e9lyes \u00e1rut k\u00f6z\u00faton fuvaroz, sz\u00e1ll\u00edt vagy ahhoz kapcsol\u00f3d\u00f3 csomagol\u00e1st, berak\u00e1st, t\u00f6lt\u00e9st vagy kirak\u00e1st,&#46;&#46;&#46;<\/p>\n","protected":false},"author":3,"featured_media":1481,"comment_status":"open","ping_status":"open","sticky":false,"template":"","format":"standard","meta":{"footnotes":""},"categories":[2],"tags":[224,175,174,251,71,233,72,104],"class_list":["post-1476","post","type-post","status-publish","format-standard","has-post-thumbnail","hentry","category-adr","tag-adr","tag-adr-biztonsagi-tanacsado","tag-adr-kepzes","tag-adr-oktatas","tag-adr-tanfolyam","tag-adr-veszelyes-aru-szallitasi-biztonsagi-tanacsado","tag-adr-vizsga","tag-veszelyes-aru-szallitas"],"aioseo_notices":[],"_links":{"self":[{"href":"https:\/\/www.transzportstudium.hu\/blog\/wp-json\/wp\/v2\/posts\/1476","targetHints":{"allow":["GET"]}}],"collection":[{"href":"https:\/\/www.transzportstudium.hu\/blog\/wp-json\/wp\/v2\/posts"}],"about":[{"href":"https:\/\/www.transzportstudium.hu\/blog\/wp-json\/wp\/v2\/types\/post"}],"author":[{"embeddable":true,"href":"https:\/\/www.transzportstudium.hu\/blog\/wp-json\/wp\/v2\/users\/3"}],"replies":[{"embeddable":true,"href":"https:\/\/www.transzportstudium.hu\/blog\/wp-json\/wp\/v2\/comments?post=1476"}],"version-history":[{"count":3,"href":"https:\/\/www.transzportstudium.hu\/blog\/wp-json\/wp\/v2\/posts\/1476\/revisions"}],"predecessor-version":[{"id":1486,"href":"https:\/\/www.transzportstudium.hu\/blog\/wp-json\/wp\/v2\/posts\/1476\/revisions\/1486"}],"wp:featuredmedia":[{"embeddable":true,"href":"https:\/\/www.transzportstudium.hu\/blog\/wp-json\/wp\/v2\/media\/1481"}],"wp:attachment":[{"href":"https:\/\/www.transzportstudium.hu\/blog\/wp-json\/wp\/v2\/media?parent=1476"}],"wp:term":[{"taxonomy":"category","embeddable":true,"href":"https:\/\/www.transzportstudium.hu\/blog\/wp-json\/wp\/v2\/categories?post=1476"},{"taxonomy":"post_tag","embeddable":true,"href":"https:\/\/www.transzportstudium.hu\/blog\/wp-json\/wp\/v2\/tags?post=1476"}],"curies":[{"name":"wp","href":"https:\/\/api.w.org\/{rel}","templated":true}]}}