{"id":1459,"date":"2019-03-26T08:55:27","date_gmt":"2019-03-26T07:55:27","guid":{"rendered":"https:\/\/www.transzportstudium.hu\/blog\/?p=1459"},"modified":"2019-04-05T13:52:51","modified_gmt":"2019-04-05T12:52:51","slug":"a-taxis-tanfolyam-utan","status":"publish","type":"post","link":"https:\/\/www.transzportstudium.hu\/blog\/2019\/03\/26\/a-taxis-tanfolyam-utan\/","title":{"rendered":"A taxis tanfolyam ut\u00e1n"},"content":{"rendered":"<p>Sajn\u00e1latos m\u00f3don az ut\u00f3bbi \u00e9vekben esett a taxisok preszt\u00edzse, \u00edgy aki taxis tanfolyamra jelentkezik, annak felel\u0151ss\u00e9g is ker\u00fcl v\u00e1ll\u00e1ra, hogy a szakma j\u00f3 h\u00edr\u00e9t vissza\u00e1ll\u00edtsa. Mivel a szolg\u00e1ltat\u00e1sra egyre nagyobb az ig\u00e9ny, \u00edgy maga a taxiz\u00e1s is gyakrabban ker\u00fcl reflektorf\u00e9nybe, hogy az Uber miatti h\u00edr\u00e1radatr\u00f3l ne is besz\u00e9lj\u00fcnk&#8230;<\/p>\n<p>Az Uber kapcs\u00e1n keletkezett botr\u00e1ny nem tett j\u00f3t a taxisok meg\u00edt\u00e9l\u00e9s\u00e9nek, hiszen sokan a taxisokat hib\u00e1ztatt\u00e1k, hogy sz\u00e1m\u0171zve lett a szolg\u00e1ltat\u00e1s Magyarorsz\u00e1gr\u00f3l. Persze ez k\u00f6nnyelm\u0171 meg\u00edt\u00e9l\u00e9s, hiszen Eur\u00f3pa sz\u00e1mos orsz\u00e1g\u00e1ban, ugyan\u00fagy a taxisokat v\u00e9delmezte a korm\u00e1ny, mint n\u00e1lunk.<\/p>\n<div id=\"attachment_1391\" style=\"width: 610px\" class=\"wp-caption aligncenter\"><img loading=\"lazy\" decoding=\"async\" aria-describedby=\"caption-attachment-1391\" class=\"size-large wp-image-1391\" src=\"https:\/\/www.transzportstudium.hu\/blog\/wp-content\/uploads\/2018\/12\/Taxi-1024x640.jpg\" alt=\"Taxis tanfolyam\" width=\"600\" height=\"375\" \/><p id=\"caption-attachment-1391\" class=\"wp-caption-text\">Taxis tanfolyam<\/p><\/div>\n<p>Az igazs\u00e1ghoz az is hozz\u00e1tartozik, hogy az Uber m\u0171k\u00f6d\u00e9se sor\u00e1n minden szab\u00e1lyt megszegett, ami az \u00faj rendelet el\u0151\u00edr\u00e1saib\u00f3l k\u00f6telezetts\u00e9gk\u00e9nt megjelent. Igaz\u00e1b\u00f3l mindegy mi az oka a negat\u00edv hangoknak, ami fontos, hogy a <a href=\"\/tanfolyamok\/szemelygepkocsis-tanfolyamok\/5_taxi-gepkocsivezeto-alapkepzes\">taxis tanfolyamot<\/a> k\u00f6vet\u0151en olyan szolg\u00e1ltat\u00e1st kell ny\u00fajtani az utasoknak, amivel el\u00e9gedettek lesznek. Az, hogy valaki j\u00f3l tud vezetni \u00e9s esetleg t\u00e1j\u00e9koz\u00f3dni is tud, m\u00e9g nem a szakma cs\u00facsa, ink\u00e1bb el\u0151felt\u00e9tele. A taxis tanfolyamra <a href=\"\/jelentkezesi-lap\/6_szemelygepkocsis-tanfolyamok\">jelentkez\u0151knek<\/a> nem \u00e1rt, ha j\u00f3k a kommunik\u00e1ci\u00f3s k\u00e9pess\u00e9geik \u00e9s az illemtan alapjaival az \u00f6lt\u00f6zk\u00f6d\u00e9ssel, mint a szem\u00e9lyes megjelen\u00e9s alapjaival is tiszt\u00e1ban kell lenni. N\u00e9mi t\u00falz\u00e1ssal, ez tal\u00e1n fontosabb is, mint a kiv\u00e1l\u00f3 t\u00e1j\u00e9koz\u00f3d\u00e1si k\u00e9pess\u00e9g, hiszen a mai navig\u00e1ci\u00f3s eszk\u00f6z\u00f6knek k\u00f6sz\u00f6nhet\u0151en, m\u00e1r nem kell ismerni a v\u00e1ros minden eldugott zug\u00e1t, ha taxizni akarunk. Nem akarunk t\u00falz\u00e1sokba esni, de ak\u00e1r az orsz\u00e1gim\u00e1zst is befoly\u00e1solhatj\u00e1k a taxisok, hiszen a k\u00fclf\u00f6ldr\u0151l ide\u00e9rkez\u0151 turist\u00e1k, j\u00f3 es\u00e9llyel egy taxis k\u00e9p\u00e9ben tal\u00e1lkoznak el\u0151sz\u00f6r Magyarorsz\u00e1ggal \u00e9s magyar emberrel. Ha j\u00f3 az els\u0151 benyom\u00e1s, az meghat\u00e1rozhatja az eg\u00e9sz k\u00e9pet, amit r\u00f3lunk fognak kialak\u00edtani.<\/p>\n<h4>\u00d6nk\u00e9pz\u00e9s<\/h4>\n<p><a href=\"\/tanfolyamok\/szemelygepkocsis-tanfolyamok\/5_taxi-gepkocsivezeto-alapkepzes\">B\u00e1r a taxis tanfolyam csup\u00e1n h\u00e1rom napos<\/a>, ezt a r\u00f6vidke id\u0151t mindenk\u00e9ppen komolyan kell venni, hiszen a taxis tanfolyamon olyan ismeretanyagra tesznek szert a hallgat\u00f3k, amit a k\u00e9s\u0151bbi munk\u00e1juk sor\u00e1n rendszeresen kamatoztatni tudnak. Ugyanakkor a taxiz\u00e1s is olyan szakma lett m\u00e1ra, k\u00f6sz\u00f6nhet\u0151en a hihetetlen\u00fcl felgyorsult technol\u00f3giai fejl\u0151d\u00e9snek, hogy a taxis tanfolyam ut\u00e1n is folyamatosan k\u00e9pezheti mag\u00e1t az ember a vol\u00e1n m\u00f6g\u00f6tt. T\u00edz \u00e9ve tal\u00e1n m\u00e9g elk\u00e9pzelhetetlen lett volna, de ma m\u00e1r sz\u00e1mos telefonra let\u00f6lthet\u0151 applik\u00e1ci\u00f3 v\u00e1rja a taxisokat, hogy a munk\u00e1jukat megk\u00f6nny\u00edtse. Ha valakit \u00e9rdekelnek az innovat\u00edv megold\u00e1sok, ak\u00e1r \u00e9rdemes is lehet kipr\u00f3b\u00e1lni. Az sem baj, ha valaki a taxis tanfolyam ut\u00e1n er\u0151s\u00edti az angol nyelvtud\u00e1s\u00e1t &#8211; amennyiben ez sz\u00fcks\u00e9ges &#8211; hiszen az idegen nyelv birtok\u00e1ban nyugodtabb sz\u00edvvel lehet felvenni k\u00fclf\u00f6ldi utasokat.<\/p>\n<h4>Saj\u00e1t vagy k\u00f6lcs\u00f6n aut\u00f3<\/h4>\n<p>Fontos tudni, hogy a taxis tanfolyamot k\u00f6vet\u0151 vizsg\u00e1n rendelkezni kell g\u00e9pkocsival, mivel az \u00edr\u00e1sbeli \u00e9s sz\u00f3beli megm\u00e9rettet\u00e9s mellett gyakorlati vizsga is van. Az azonban nem felt\u00e9tel, hogy ez saj\u00e1t g\u00e9pj\u00e1rm\u0171 legyen, a c\u00e9lnak megfelel a b\u00e9relt vagy a k\u00f6lcs\u00f6n g\u00e9pj\u00e1rm\u0171 is. A taxis <a href=\"\/tanfolyamok\/szemelygepkocsis-tanfolyamok\/5_taxi-gepkocsivezeto-alapkepzes\">tanfolyam<\/a> ut\u00e1n a gyakorlati vizsg\u00e1n a vezet\u00e9si tud\u00e1st m\u00e9rik fel, mivel a <a href=\"\/jelentkezesi-lap\/6_szemelygepkocsis-tanfolyamok\">jelentkez\u00e9s<\/a> felt\u00e9tele a k\u00e9t \u00e9ve \u00e9rv\u00e9nyben l\u00e9v\u0151 jogos\u00edtv\u00e1ny, \u00edgy ezzel szokott a legkevesebb probl\u00e9ma lenni, de vezetni mindenk\u00e9ppen kell. A sikeres vizsga ut\u00e1n, a tanul\u00f3 hat\u00f3s\u00e1gi bizony\u00edtv\u00e1nyt kap, hogy elv\u00e9gezte a taxis tanfolyamot.<\/p>\n<!-- Begin Yuzo --><div class='yuzo_related_post style-2'  data-version='5.12.88'><!-- without result --><div class='yuzo_clearfixed yuzo__title yuzo__title'><h3>Hasonl\u00f3 cikkek<\/h3><\/div>\n\t\t\t\t\t\t<div class=\"relatedthumb yuzo-list  \" style=\"\"  >  \n\t\t\t\t\t\t  <a  href=\"https:\/\/www.transzportstudium.hu\/blog\/2018\/01\/23\/barki-jelentkezhet-targoncavezetoi-tanfolyamra\/\" class=\"image-list\"  >\n\t\t\t\t\t\t  <div class=\"yuzo-img-wrap  ilen_shine \" style=\"width: 100px;height:65px;\">\n\t\t\t\t\t\t\t\t\t <span class='shine-effect'><\/span> \n\t\t\t\t\t\t\t\t\t <div class=\"yuzo-img\" style=\"background:url('https:\/\/www.transzportstudium.hu\/blog\/wp-content\/uploads\/2018\/01\/B\u00e1rki-jelentkezhet-targoncavezet\u0151i-tanfolyamra-150x150.jpg') 50% 50% no-repeat;width: 105px;height:65px;margin-bottom: 5px;background-size:  cover;  \"><\/div>\n\t\t\t\t\t\t  <\/div>\n\t\t\t\t\t\t  <\/a>\n\t\t\t\t\t\t  <a  class=\"link-list yuzo__text--title\" href=\"https:\/\/www.transzportstudium.hu\/blog\/2018\/01\/23\/barki-jelentkezhet-targoncavezetoi-tanfolyamra\/\" style=\"font-size:14px;;line-height:22px;\"> B\u00e1rki jelentkezhet targoncavezet\u0151i tanfolyamra?  <\/a>\n\t\t\t\t\t\t\t\t<span class=\"yuzo_text\" style=\"font-size:10px;\" >Sok rakt\u00e1rban dolgoz\u00f3 alkalmazott szemez a targoncavezet\u0151i \u00e1ll\u00e1sokkal, de a legt\u00f6bben nem jutnak el a megval\u00f3s\u00edt\u00e1sig. Pedig sokkal egyszer\u0171bb targonca...<\/span>\n\t\t\t\t\t\t   \n\t\t\t\t\t\t<\/div>\n\t\t\t\t\t\t<div class=\"relatedthumb yuzo-list  \" style=\"\"  >  \n\t\t\t\t\t\t  <a  href=\"https:\/\/www.transzportstudium.hu\/blog\/2018\/03\/08\/gepkezelo-kerestetik\/\" class=\"image-list\"  >\n\t\t\t\t\t\t  <div class=\"yuzo-img-wrap  ilen_shine \" style=\"width: 100px;height:65px;\">\n\t\t\t\t\t\t\t\t\t <span class='shine-effect'><\/span> \n\t\t\t\t\t\t\t\t\t <div class=\"yuzo-img\" style=\"background:url('https:\/\/www.transzportstudium.hu\/blog\/wp-content\/uploads\/2018\/03\/Transport_03-150x150.jpg') 50% 50% no-repeat;width: 105px;height:65px;margin-bottom: 5px;background-size:  cover;  \"><\/div>\n\t\t\t\t\t\t  <\/div>\n\t\t\t\t\t\t  <\/a>\n\t\t\t\t\t\t  <a  class=\"link-list yuzo__text--title\" href=\"https:\/\/www.transzportstudium.hu\/blog\/2018\/03\/08\/gepkezelo-kerestetik\/\" style=\"font-size:14px;;line-height:22px;\"> G\u00e9pkezel\u0151 kerestetik  <\/a>\n\t\t\t\t\t\t\t\t<span class=\"yuzo_text\" style=\"font-size:10px;\" >Szerencs\u00e9re ma m\u00e1r j\u00f3val k\u00f6nnyebb g\u00e9pkezel\u0151 jogos\u00edtv\u00e1nyt szerezni, mint t\u00edz \u00e9vvel ezel\u0151tt. Kor\u00e1bban ugyanis meg voltak hat\u00e1rozva a kisg\u00e9p, k\u00f6nny\u0171- \u00e9s ...<\/span>\n\t\t\t\t\t\t   \n\t\t\t\t\t\t<\/div>\n\t\t\t\t\t\t<div class=\"relatedthumb yuzo-list  \" style=\"\"  >  \n\t\t\t\t\t\t  <a  href=\"https:\/\/www.transzportstudium.hu\/blog\/2019\/10\/15\/az-ismeretfelujito-gki-vizsgarol\/\" class=\"image-list\"  >\n\t\t\t\t\t\t  <div class=\"yuzo-img-wrap  ilen_shine \" style=\"width: 100px;height:65px;\">\n\t\t\t\t\t\t\t\t\t <span class='shine-effect'><\/span> \n\t\t\t\t\t\t\t\t\t <div class=\"yuzo-img\" style=\"background:url('https:\/\/www.transzportstudium.hu\/blog\/wp-content\/uploads\/2014\/08\/Truck-convoy-istockphoto1-150x150.jpg') 50% 50% no-repeat;width: 105px;height:65px;margin-bottom: 5px;background-size:  cover;  \"><\/div>\n\t\t\t\t\t\t  <\/div>\n\t\t\t\t\t\t  <\/a>\n\t\t\t\t\t\t  <a  class=\"link-list yuzo__text--title\" href=\"https:\/\/www.transzportstudium.hu\/blog\/2019\/10\/15\/az-ismeretfelujito-gki-vizsgarol\/\" style=\"font-size:14px;;line-height:22px;\"> Az ismeretfel\u00faj\u00edt\u00f3 GKI vizsg\u00e1r\u00f3l  <\/a>\n\t\t\t\t\t\t\t\t<span class=\"yuzo_text\" style=\"font-size:10px;\" >Mindenkinek GKI vizsg\u00e1t kell tennie, aki\u00a0 3,5 tonna \u00f6sszt\u00f6meg feletti teheraut\u00f3val \u00e1rusz\u00e1ll\u00edt\u00e1ssal, -fuvaroz\u00e1ssal valamint aut\u00f3busszal v\u00e9gzett szem\u00e9ly...<\/span>\n\t\t\t\t\t\t   \n\t\t\t\t\t\t<\/div>\n\t\t\t\t\t\t<div class=\"relatedthumb yuzo-list  \" style=\"\"  >  \n\t\t\t\t\t\t  <a  href=\"https:\/\/www.transzportstudium.hu\/blog\/2019\/06\/27\/batrakert-a-vallalkozoi-szaktanfolyamok\/\" class=\"image-list\"  >\n\t\t\t\t\t\t  <div class=\"yuzo-img-wrap  ilen_shine \" style=\"width: 100px;height:65px;\">\n\t\t\t\t\t\t\t\t\t <span class='shine-effect'><\/span> \n\t\t\t\t\t\t\t\t\t <div class=\"yuzo-img\" style=\"background:url('https:\/\/www.transzportstudium.hu\/blog\/wp-content\/uploads\/2014\/08\/trucker_schools-150x150.jpg') 50% 50% no-repeat;width: 105px;height:65px;margin-bottom: 5px;background-size:  cover;  \"><\/div>\n\t\t\t\t\t\t  <\/div>\n\t\t\t\t\t\t  <\/a>\n\t\t\t\t\t\t  <a  class=\"link-list yuzo__text--title\" href=\"https:\/\/www.transzportstudium.hu\/blog\/2019\/06\/27\/batrakert-a-vallalkozoi-szaktanfolyamok\/\" style=\"font-size:14px;;line-height:22px;\"> B\u00e1trak\u00e9rt a v\u00e1llalkoz\u00f3i szaktanfolyamok  <\/a>\n\t\t\t\t\t\t\t\t<span class=\"yuzo_text\" style=\"font-size:10px;\" >Persze v\u00e1llalkoz\u00f3nak lenni, nem csak b\u00e1tors\u00e1g f\u00fcggv\u00e9nye, de k\u00e9ts\u00e9gtelen, hogy egy kis mer\u00e9szs\u00e9g is kell hozz\u00e1, mint mindenhez, ami v\u00e1ltoz\u00e1sk\u00e9nt jeleni...<\/span>\n\t\t\t\t\t\t   \n\t\t\t\t\t\t<\/div>\n<\/div>  <!-- End Yuzo :) -->","protected":false},"excerpt":{"rendered":"<p>Sajn\u00e1latos m\u00f3don az ut\u00f3bbi \u00e9vekben esett a taxisok preszt\u00edzse, \u00edgy aki taxis tanfolyamra jelentkezik, annak felel\u0151ss\u00e9g is ker\u00fcl v\u00e1ll\u00e1ra, hogy a szakma j\u00f3 h\u00edr\u00e9t vissza\u00e1ll\u00edtsa. Mivel a szolg\u00e1ltat\u00e1sra egyre nagyobb az ig\u00e9ny, \u00edgy maga&#46;&#46;&#46;<\/p>\n","protected":false},"author":3,"featured_media":1391,"comment_status":"open","ping_status":"open","sticky":false,"template":"","format":"standard","meta":{"footnotes":""},"categories":[235],"tags":[105,193,192],"class_list":["post-1459","post","type-post","status-publish","format-standard","has-post-thumbnail","hentry","category-szemelygepkocsis-tanfolyamok","tag-taxi-gepkocsivezeto","tag-taxis-tanfolyam","tag-taxis-vizsga"],"aioseo_notices":[],"_links":{"self":[{"href":"https:\/\/www.transzportstudium.hu\/blog\/wp-json\/wp\/v2\/posts\/1459","targetHints":{"allow":["GET"]}}],"collection":[{"href":"https:\/\/www.transzportstudium.hu\/blog\/wp-json\/wp\/v2\/posts"}],"about":[{"href":"https:\/\/www.transzportstudium.hu\/blog\/wp-json\/wp\/v2\/types\/post"}],"author":[{"embeddable":true,"href":"https:\/\/www.transzportstudium.hu\/blog\/wp-json\/wp\/v2\/users\/3"}],"replies":[{"embeddable":true,"href":"https:\/\/www.transzportstudium.hu\/blog\/wp-json\/wp\/v2\/comments?post=1459"}],"version-history":[{"count":1,"href":"https:\/\/www.transzportstudium.hu\/blog\/wp-json\/wp\/v2\/posts\/1459\/revisions"}],"predecessor-version":[{"id":1460,"href":"https:\/\/www.transzportstudium.hu\/blog\/wp-json\/wp\/v2\/posts\/1459\/revisions\/1460"}],"wp:featuredmedia":[{"embeddable":true,"href":"https:\/\/www.transzportstudium.hu\/blog\/wp-json\/wp\/v2\/media\/1391"}],"wp:attachment":[{"href":"https:\/\/www.transzportstudium.hu\/blog\/wp-json\/wp\/v2\/media?parent=1459"}],"wp:term":[{"taxonomy":"category","embeddable":true,"href":"https:\/\/www.transzportstudium.hu\/blog\/wp-json\/wp\/v2\/categories?post=1459"},{"taxonomy":"post_tag","embeddable":true,"href":"https:\/\/www.transzportstudium.hu\/blog\/wp-json\/wp\/v2\/tags?post=1459"}],"curies":[{"name":"wp","href":"https:\/\/api.w.org\/{rel}","templated":true}]}}