{"id":1432,"date":"2019-02-26T08:49:05","date_gmt":"2019-02-26T07:49:05","guid":{"rendered":"https:\/\/www.transzportstudium.hu\/blog\/?p=1432"},"modified":"2019-02-20T12:05:23","modified_gmt":"2019-02-20T11:05:23","slug":"szakmak-sztarja","status":"publish","type":"post","link":"https:\/\/www.transzportstudium.hu\/blog\/2019\/02\/26\/szakmak-sztarja\/","title":{"rendered":"Szakm\u00e1k szt\u00e1rja"},"content":{"rendered":"<p>A targoncavezet\u0151i tanfolyamra szinte mindenki jelentkezhet, b\u00e1r az ifjaknak rossz h\u00edr, hogy a 18. \u00e9let\u00e9vet a hat\u00f3s\u00e1gi vizsg\u00e1ig be kell t\u00f6lteni. Ezen k\u00edv\u00fcl el\u00e9g a 8. \u00e1ltal\u00e1nos iskolai v\u00e9gzetts\u00e9g \u00e9s az eg\u00e9szs\u00e9g\u00fcgyi alkalmass\u00e1g.<\/p>\n<div id=\"attachment_1433\" style=\"width: 714px\" class=\"wp-caption aligncenter\"><img loading=\"lazy\" decoding=\"async\" aria-describedby=\"caption-attachment-1433\" class=\"size-full wp-image-1433\" src=\"https:\/\/www.transzportstudium.hu\/blog\/wp-content\/uploads\/2019\/02\/Kalmar-EVT-5-9T-1-.jpg\" alt=\"Szakm\u00e1k szt\u00e1rja - a targoncavezet\u0151i tanfolyam\" width=\"704\" height=\"529\" srcset=\"https:\/\/www.transzportstudium.hu\/blog\/wp-content\/uploads\/2019\/02\/Kalmar-EVT-5-9T-1-.jpg 704w, https:\/\/www.transzportstudium.hu\/blog\/wp-content\/uploads\/2019\/02\/Kalmar-EVT-5-9T-1--300x225.jpg 300w\" sizes=\"auto, (max-width: 704px) 100vw, 704px\" \/><p id=\"caption-attachment-1433\" class=\"wp-caption-text\">Szakm\u00e1k szt\u00e1rja &#8211; a targoncavezet\u0151i tanfolyam<\/p><\/div>\n<p>A targoncavezet\u0151i tanfolyam, a vizsg\u00e1kat is bele\u00e9rtve, mind\u00f6ssze h\u00e1rom hetes. H\u00e1rom h\u00e9t teh\u00e1t, hogy valaki egy \u00faj, \u00e9s b\u00e1tran kimondhatjuk, sikerszakm\u00e1hoz jusson. Az\u00e9rt ez el\u00e9g j\u00f3l hangzik, f\u0151leg annak f\u00e9ny\u00e9ben, hogy a sikeres vizsga ut\u00e1n az elhelyezked\u00e9ssel sem lesz probl\u00e9ma. A szakm\u00e1hoz sz\u00fcks\u00e9ges k\u00e9szs\u00e9gek k\u00f6z\u00fcl egyet kell kiemelni, ami elengedhetetlen egy j\u00f3 targonc\u00e1s sz\u00e1m\u00e1ra, ez pedig a t\u00e9rl\u00e1t\u00e1s. \u00c1t kell l\u00e1tni a rakt\u00e1rat, hogy az \u00e1ru ki \u00e9s bepakol\u00e1sa a lehet\u0151 legg\u00f6rd\u00fcl\u00e9kenyebben menjen, hiszen a <a href=\"\/tanfolyamok\/okj-s-gepkezeloi-tanfolyamok\/45_okj-s-targoncavezeto-egy-gepcsoportra\">targonc\u00e1s feladata<\/a> az \u00e1rumozgat\u00e1s. \u00a0A motoros targonc\u00e1k megjelen\u00e9s\u00e9t sajn\u00e1latos m\u00f3don a II. vil\u00e1gh\u00e1bor\u00fa h\u00edvta \u00e9letre, mivel a gyors anyagmozgat\u00e1sra val\u00f3 ig\u00e9ny &#8211; \u00e9rthet\u0151 okokb\u00f3l &#8211; hihetetlen\u00fcl megn\u0151tt ezekben az \u00e9vekben. Tal\u00e1n az\u00f3ta sem volt olyan id\u0151szak, amikor akkora sz\u00fcks\u00e9g lett volna targonc\u00e1sokra, mint most. A <a href=\"\/tanfolyamok\/okj-s-gepkezeloi-tanfolyamok\/45_okj-s-targoncavezeto-egy-gepcsoportra\">targoncavezet\u0151i tanfolyam<\/a> elv\u00e9gz\u00e9se teh\u00e1t biztos befektet\u00e9s. A lend\u00fcl\u0151 gazdas\u00e1g miatt a kereskedelem szinte minden \u00e1gazata komoly logisztikai probl\u00e9m\u00e1kkal k\u00fczd. Az tud versenyel\u0151nyre szert tenni, aki be tud sz\u00e1ll\u00edtani az \u00e1ruh\u00e1zakba. Nem v\u00e9letlen, hogy a targoncavezet\u0151i tanfolyamra egyre t\u00f6bbsz\u00f6r a munk\u00e1ltat\u00f3 \u00edratja be a munkav\u00e1llal\u00f3t.<\/p>\n<h4>Kih\u00edv\u00e1sra profizmus a v\u00e1lasz<\/h4>\n<p>A targoncavezet\u0151 tanfolyamon az \u00e1ltal\u00e1nos g\u00e9pkezel\u0151i ismeretek mellett a targoncavezet\u0151k speci\u00e1lis feladatait is megtanulja a hallgat\u00f3, ami pedig k\u00fcl\u00f6n j\u00f3 h\u00edr, hogy egyszerre <a href=\"\/tanfolyamok\/okj-s-gepkezeloi-tanfolyamok\/47_okj-s-targoncavezeto-kiegeszito-2-geptipusra\">h\u00e1rom g\u00e9pcsoportb\u00f3l <\/a>is vizsg\u00e1t lehet tenni. N\u00e9v szerint ezek a vezet\u0151\u00fcl\u00e9ses targonca , a vezet\u0151\u00e1ll\u00e1sos targonca\u00a0 \u00e9s a gyalogk\u00eds\u00e9ret\u0171 targonca. Vagyis egyetlen targoncavezet\u0151 tanfolyam keret\u00e9ben, el lehet saj\u00e1t\u00edtani azt a tud\u00e1st, amit kor\u00e1bban csak k\u00fcl\u00f6n k\u00e9pz\u00e9sek sor\u00e1n lehetett megtanulni. Az ember ezzel id\u0151t \u00e9s p\u00e9nzt is sp\u00f3rol, arr\u00f3l nem is besz\u00e9lve, hogy m\u00e9g t\u00f6bb lehet\u0151s\u00e9ge lesz a targoncavezet\u0151 tanfolyam elv\u00e9gz\u00e9se ut\u00e1ni elhelyezked\u00e9sre. \u00c9vek \u00f3ta a legkeresettebb <a href=\"\/tanfolyamok\/4_okj-s-gepkezeloi-tanfolyamok\">OKJ k\u00e9pz\u00e9s<\/a> a targoncavezet\u0151i, ami m\u00e1r \u00f6nmag\u00e1ban is besz\u00e9des, azt jelenti van \u00e9rtelme elv\u00e9gezni, mert ut\u00e1na hamar megt\u00e9r\u00fcl a minim\u00e1lis befektet\u00e9s\u00fcnk. Ez a k\u00f6vetkez\u0151 \u00e9vekben is \u00edgy lesz, sz\u00f3val mindenk\u00e9ppen \u00e9rdemes belev\u00e1gni a dologba. Mivel a targoncavezet\u0151 tanfolyam kis l\u00e9tsz\u00e1mmal indul, \u00edgy mindenkire k\u00fcl\u00f6n oda tudnak figyelni az oktat\u00f3k, a k\u00e9pz\u00e9s v\u00e9g\u00e9n pedig olyan szakemberek ker\u00fclnek ki az &#8222;iskolapadb\u00f3l&#8221;, akiknek nem okoznak majd gondot a kih\u00edv\u00e1sok. Kih\u00edv\u00e1s pedig bizonyosan lesz, hiszen a targonc\u00e1z\u00e1s csak els\u0151 l\u00e1t\u00e1sra t\u0171nik gyerekj\u00e1t\u00e9knak, val\u00f3j\u00e1ban a t\u00e9r megfelel\u0151 kihaszn\u00e1l\u00e1sa nem is olyan egyszer\u0171 feladat. Term\u00e9szetesen az \u00e1gazatban a biztons\u00e1gos, balesetmentes munkav\u00e9gz\u00e9s is kiemelked\u0151en fontos, hiszen gyakran t\u00f6bb tonn\u00e1s csomagokat kell megmozgatni, j\u00f3llehet a\u00a0 targoncavezet\u0151 tanfolyamon ezt is mind megtanulja a hallgat\u00f3.<\/p>\n<!-- Begin Yuzo --><div class='yuzo_related_post style-2'  data-version='5.12.88'><!-- without result --><div class='yuzo_clearfixed yuzo__title yuzo__title'><h3>Hasonl\u00f3 cikkek<\/h3><\/div>\n\t\t\t\t\t\t<div class=\"relatedthumb yuzo-list  \" style=\"\"  >  \n\t\t\t\t\t\t  <a  href=\"https:\/\/www.transzportstudium.hu\/blog\/2015\/05\/28\/az-adr-tanacsado-szerepe-a-vallalat-eleteben\/\" class=\"image-list\"  >\n\t\t\t\t\t\t  <div class=\"yuzo-img-wrap  ilen_shine \" style=\"width: 100px;height:65px;\">\n\t\t\t\t\t\t\t\t\t <span class='shine-effect'><\/span> \n\t\t\t\t\t\t\t\t\t <div class=\"yuzo-img\" style=\"background:url('https:\/\/www.transzportstudium.hu\/blog\/wp-content\/uploads\/2014\/08\/3019391657_26416c4637_o-150x150.jpg') 50% 50% no-repeat;width: 105px;height:65px;margin-bottom: 5px;background-size:  cover;  \"><\/div>\n\t\t\t\t\t\t  <\/div>\n\t\t\t\t\t\t  <\/a>\n\t\t\t\t\t\t  <a  class=\"link-list yuzo__text--title\" href=\"https:\/\/www.transzportstudium.hu\/blog\/2015\/05\/28\/az-adr-tanacsado-szerepe-a-vallalat-eleteben\/\" style=\"font-size:14px;;line-height:22px;\"> Az ADR tan\u00e1csad\u00f3 szerepe a v\u00e1llalat \u00e9let\u00e9ben  <\/a>\n\t\t\t\t\t\t\t\t<span class=\"yuzo_text\" style=\"font-size:10px;\" >Kor\u00e1bbi cikk\u00fcnkben azt fejtegett\u00fck, hogy az ADR tan\u00e1csad\u00f3 alkalmaz\u00e1sa t\u00f6rv\u00e9nyileg k\u00f6telez\u0151 az ADR hat\u00e1lya al\u00e1 tartoz\u00f3 \u00e1rukkal dolgoz\u00f3 v\u00e1llalkoz\u00e1sok sz...<\/span>\n\t\t\t\t\t\t   \n\t\t\t\t\t\t<\/div>\n\t\t\t\t\t\t<div class=\"relatedthumb yuzo-list  \" style=\"\"  >  \n\t\t\t\t\t\t  <a  href=\"https:\/\/www.transzportstudium.hu\/blog\/2015\/03\/03\/a-digitalis-tachograf-kezelesere-felkeszito-tanfolyam\/\" class=\"image-list\"  >\n\t\t\t\t\t\t  <div class=\"yuzo-img-wrap  ilen_shine \" style=\"width: 100px;height:65px;\">\n\t\t\t\t\t\t\t\t\t <span class='shine-effect'><\/span> \n\t\t\t\t\t\t\t\t\t <div class=\"yuzo-img\" style=\"background:url('https:\/\/www.transzportstudium.hu\/blog\/wp-content\/uploads\/2015\/01\/22_small-150x150.jpg') 50% 50% no-repeat;width: 105px;height:65px;margin-bottom: 5px;background-size:  cover;  \"><\/div>\n\t\t\t\t\t\t  <\/div>\n\t\t\t\t\t\t  <\/a>\n\t\t\t\t\t\t  <a  class=\"link-list yuzo__text--title\" href=\"https:\/\/www.transzportstudium.hu\/blog\/2015\/03\/03\/a-digitalis-tachograf-kezelesere-felkeszito-tanfolyam\/\" style=\"font-size:14px;;line-height:22px;\"> A digit\u00e1lis tachogr\u00e1f kezel\u00e9s\u00e9re felk\u00e9sz\u00edt\u0151 tanfol...  <\/a>\n\t\t\t\t\t\t\t\t<span class=\"yuzo_text\" style=\"font-size:10px;\" >A digit\u00e1lis tachogr\u00e1f alkalmaz\u00e1sa 2006 \u00f3ta k\u00f6telez\u0151 (az 1985. december 20-i 3821\/85\/EGK Tan\u00e1csi Rendelet \u00e9s az azt m\u00f3dos\u00edt\u00f3 1998. szeptember 24-i 2135...<\/span>\n\t\t\t\t\t\t   \n\t\t\t\t\t\t<\/div>\n\t\t\t\t\t\t<div class=\"relatedthumb yuzo-list  \" style=\"\"  >  \n\t\t\t\t\t\t  <a  href=\"https:\/\/www.transzportstudium.hu\/blog\/2014\/09\/09\/a-foldmunkagepek-fajtai\/\" class=\"image-list\"  >\n\t\t\t\t\t\t  <div class=\"yuzo-img-wrap  ilen_shine \" style=\"width: 100px;height:65px;\">\n\t\t\t\t\t\t\t\t\t <span class='shine-effect'><\/span> \n\t\t\t\t\t\t\t\t\t <div class=\"yuzo-img\" style=\"background:url('https:\/\/www.transzportstudium.hu\/blog\/wp-content\/uploads\/2014\/08\/MZ-1-JCB-JS-290-150x150.jpg') 50% 50% no-repeat;width: 105px;height:65px;margin-bottom: 5px;background-size:  cover;  \"><\/div>\n\t\t\t\t\t\t  <\/div>\n\t\t\t\t\t\t  <\/a>\n\t\t\t\t\t\t  <a  class=\"link-list yuzo__text--title\" href=\"https:\/\/www.transzportstudium.hu\/blog\/2014\/09\/09\/a-foldmunkagepek-fajtai\/\" style=\"font-size:14px;;line-height:22px;\"> A f\u00f6ldmunkag\u00e9pek fajt\u00e1i  <\/a>\n\t\t\t\t\t\t\t\t<span class=\"yuzo_text\" style=\"font-size:10px;\" >A k\u00f6znyelvben \"bobcat-k\u00e9nt\" is emlegetett f\u00f6ldmunkag\u00e9peket a k\u00f6z\u00fati k\u00f6zleked\u00e9si \u00e1gazatban haszn\u00e1lt \u00f6nj\u00e1r\u00f3 emel\u0151- \u00e9s rakod\u00f3g\u00e9pek kezel\u0151inek k\u00e9pz\u00e9s\u00e9r\u0151l ...<\/span>\n\t\t\t\t\t\t   \n\t\t\t\t\t\t<\/div>\n\t\t\t\t\t\t<div class=\"relatedthumb yuzo-list  \" style=\"\"  >  \n\t\t\t\t\t\t  <a  href=\"https:\/\/www.transzportstudium.hu\/blog\/2018\/06\/12\/nkh-s-vizsga-nfm-vizsga-egyik-sem-itm-vizsga\/\" class=\"image-list\"  >\n\t\t\t\t\t\t  <div class=\"yuzo-img-wrap  ilen_shine \" style=\"width: 100px;height:65px;\">\n\t\t\t\t\t\t\t\t\t <span class='shine-effect'><\/span> \n\t\t\t\t\t\t\t\t\t <div class=\"yuzo-img\" style=\"background:url('https:\/\/www.transzportstudium.hu\/blog\/wp-content\/uploads\/2018\/06\/Transport-32-150x150.png') 50% 50% no-repeat;width: 105px;height:65px;margin-bottom: 5px;background-size:  cover;  \"><\/div>\n\t\t\t\t\t\t  <\/div>\n\t\t\t\t\t\t  <\/a>\n\t\t\t\t\t\t  <a  class=\"link-list yuzo__text--title\" href=\"https:\/\/www.transzportstudium.hu\/blog\/2018\/06\/12\/nkh-s-vizsga-nfm-vizsga-egyik-sem-itm-vizsga\/\" style=\"font-size:14px;;line-height:22px;\"> NKH-s vizsga? NFM vizsga? Egyik sem! ITM vizsga  <\/a>\n\t\t\t\t\t\t\t\t<span class=\"yuzo_text\" style=\"font-size:10px;\" >Mindenki csak NKH vizsg\u00e1nak ismerte, holott hivatalosan egy ideje m\u00e1r NFM vizsga volt a megnevez\u00e9s. Ha nem tudta, vagy nem jegyezte meg, akkor ne is t...<\/span>\n\t\t\t\t\t\t   \n\t\t\t\t\t\t<\/div>\n<\/div>  <!-- End Yuzo :) -->","protected":false},"excerpt":{"rendered":"<p>A targoncavezet\u0151i tanfolyamra szinte mindenki jelentkezhet, b\u00e1r az ifjaknak rossz h\u00edr, hogy a 18. \u00e9let\u00e9vet a hat\u00f3s\u00e1gi vizsg\u00e1ig be kell t\u00f6lteni. Ezen k\u00edv\u00fcl el\u00e9g a 8. \u00e1ltal\u00e1nos iskolai v\u00e9gzetts\u00e9g \u00e9s az eg\u00e9szs\u00e9g\u00fcgyi alkalmass\u00e1g. A&#46;&#46;&#46;<\/p>\n","protected":false},"author":3,"featured_media":1433,"comment_status":"open","ping_status":"open","sticky":false,"template":"","format":"standard","meta":{"footnotes":""},"categories":[5],"tags":[78,79,91,219,82,81,80,33,34,77,189],"class_list":["post-1432","post","type-post","status-publish","format-standard","has-post-thumbnail","hentry","category-okj","tag-okj-kepzesek","tag-okj-tanfolyamok","tag-okj-s-tanfolyam","tag-okj-s-vizsga","tag-targonca-jogositvany","tag-targonca-tanfolyam","tag-targonca-vizsga","tag-targoncakezelo","tag-targoncavezeto","tag-targoncavezeto-tanfolyam","tag-targoncavezetoi-tanfolyam"],"aioseo_notices":[],"_links":{"self":[{"href":"https:\/\/www.transzportstudium.hu\/blog\/wp-json\/wp\/v2\/posts\/1432","targetHints":{"allow":["GET"]}}],"collection":[{"href":"https:\/\/www.transzportstudium.hu\/blog\/wp-json\/wp\/v2\/posts"}],"about":[{"href":"https:\/\/www.transzportstudium.hu\/blog\/wp-json\/wp\/v2\/types\/post"}],"author":[{"embeddable":true,"href":"https:\/\/www.transzportstudium.hu\/blog\/wp-json\/wp\/v2\/users\/3"}],"replies":[{"embeddable":true,"href":"https:\/\/www.transzportstudium.hu\/blog\/wp-json\/wp\/v2\/comments?post=1432"}],"version-history":[{"count":1,"href":"https:\/\/www.transzportstudium.hu\/blog\/wp-json\/wp\/v2\/posts\/1432\/revisions"}],"predecessor-version":[{"id":1434,"href":"https:\/\/www.transzportstudium.hu\/blog\/wp-json\/wp\/v2\/posts\/1432\/revisions\/1434"}],"wp:featuredmedia":[{"embeddable":true,"href":"https:\/\/www.transzportstudium.hu\/blog\/wp-json\/wp\/v2\/media\/1433"}],"wp:attachment":[{"href":"https:\/\/www.transzportstudium.hu\/blog\/wp-json\/wp\/v2\/media?parent=1432"}],"wp:term":[{"taxonomy":"category","embeddable":true,"href":"https:\/\/www.transzportstudium.hu\/blog\/wp-json\/wp\/v2\/categories?post=1432"},{"taxonomy":"post_tag","embeddable":true,"href":"https:\/\/www.transzportstudium.hu\/blog\/wp-json\/wp\/v2\/tags?post=1432"}],"curies":[{"name":"wp","href":"https:\/\/api.w.org\/{rel}","templated":true}]}}