{"id":1421,"date":"2019-02-14T09:51:39","date_gmt":"2019-02-14T08:51:39","guid":{"rendered":"https:\/\/www.transzportstudium.hu\/blog\/?p=1421"},"modified":"2019-02-20T10:30:09","modified_gmt":"2019-02-20T09:30:09","slug":"mindenki-maskepp-csinalja-a-taxis-tanfolyam","status":"publish","type":"post","link":"https:\/\/www.transzportstudium.hu\/blog\/2019\/02\/14\/mindenki-maskepp-csinalja-a-taxis-tanfolyam\/","title":{"rendered":"Mindenki m\u00e1sk\u00e9pp csin\u00e1lja &#8211; a taxis tanfolyamokr\u00f3l"},"content":{"rendered":"<p>Ahhoz, hogy valaki taxizzon, taxis tanfolyamot kell v\u00e9gezni. Sokan szerelemb\u0151l, m\u00e1sok k\u00e9nyszerb\u0151l, a j\u00f3 kereseti lehet\u0151s\u00e9g rem\u00e9ny\u00e9ben iratkoznak be egy taxis tanfolyamra \u00e9s kezdenek el az \u00faj szakm\u00e1ban dolgozni.<\/p>\n<div id=\"attachment_1422\" style=\"width: 610px\" class=\"wp-caption aligncenter\"><img loading=\"lazy\" decoding=\"async\" aria-describedby=\"caption-attachment-1422\" class=\"size-large wp-image-1422\" src=\"https:\/\/www.transzportstudium.hu\/blog\/wp-content\/uploads\/2019\/02\/Gauging-the-disruptive-power-of-robo-taxis-1536x1536_300-1024x497.jpg\" alt=\"Mindenki m\u00e1sk\u00e9pp csin\u00e1lja - a taxis tanfolyamokr\u00f3l\" width=\"600\" height=\"291\" srcset=\"https:\/\/www.transzportstudium.hu\/blog\/wp-content\/uploads\/2019\/02\/Gauging-the-disruptive-power-of-robo-taxis-1536x1536_300-1024x497.jpg 1024w, https:\/\/www.transzportstudium.hu\/blog\/wp-content\/uploads\/2019\/02\/Gauging-the-disruptive-power-of-robo-taxis-1536x1536_300-300x146.jpg 300w, https:\/\/www.transzportstudium.hu\/blog\/wp-content\/uploads\/2019\/02\/Gauging-the-disruptive-power-of-robo-taxis-1536x1536_300-768x373.jpg 768w, https:\/\/www.transzportstudium.hu\/blog\/wp-content\/uploads\/2019\/02\/Gauging-the-disruptive-power-of-robo-taxis-1536x1536_300.jpg 1536w\" sizes=\"auto, (max-width: 600px) 100vw, 600px\" \/><p id=\"caption-attachment-1422\" class=\"wp-caption-text\">Mindenki m\u00e1sk\u00e9pp csin\u00e1lja &#8211; a taxis tanfolyamokr\u00f3l<\/p><\/div>\n<p>Egyre nagyobb az \u00e9rdekl\u0151d\u00e9s a h\u00f6lgyek k\u00f6r\u00e9ben is a <a href=\"\/tanfolyamok\/6_szemelygepkocsis-tanfolyamok\">taxis tanfolyamok<\/a> ir\u00e1nt, fiatalok \u00e9s id\u0151sebbek pedig vegyes ar\u00e1nyban <a href=\"\/jelentkezesi-lap\/6_szemelygepkocsis-tanfolyamok\">jelentkeznek<\/a> az \u00faj k\u00e9pz\u00e9sekre. Persze nem mindenki marad hossz\u00fa t\u00e1von a szakm\u00e1ban, aki taxis tanfolyamot v\u00e9gzett, ennek az okai pedig k\u00fcl\u00f6nb\u00f6z\u0151ek lehetnek. \u00c9rdemes megfigyelni p\u00e9ld\u00e1ul, hogy az id\u0151sebb, hatvanas gener\u00e1ci\u00f3 tagjai k\u00f6z\u00f6l, j\u00f3val kevesebbet tal\u00e1lunk \u00e9jszaka a vol\u00e1n m\u00f6g\u00f6tt, mint napk\u00f6zben. K\u00f6z\u00fcl\u00fck sokan \u00fagy vannak a dologgal, hogy nappal bev\u00e1llalnak p\u00e1r fuvart, amivel keresnek n\u00e9mi p\u00e9nzt azt\u00e1n egy\u00e9b teend\u0151ikkel foglalkoznak. A dolog teljesen \u00e9rthet\u0151, hiszen \u0151k eleget dolgoztak m\u00e1r, nem akarj\u00e1k l\u00e1t\u00e1st\u00f3l-vakul\u00e1sig hajtani magukat, csak annyit vannak a vol\u00e1n m\u00f6g\u00f6tt, amennyi sz\u00fcks\u00e9ges.<\/p>\n<h4>Ugr\u00f3deszka<\/h4>\n<p><a href=\"\/tanfolyamok\/szemelygepkocsis-tanfolyamok\/5_taxi-gepkocsivezeto-alapkepzes\">Taxis tanfolyamra<\/a> gyakran \u00fagy is jelentkeznek &#8211; \u00e9s itt m\u00e1r a fiatalabbakr\u00f3l\u00a0 besz\u00e9l\u00fcnk -, hogy tudj\u00e1k, nem fognak sok\u00e1ig az utakon maradni. K\u00e9t-h\u00e1rom \u00e9vig nyomj\u00e1k az ipart, azut\u00e1n v\u00e1ltanak \u00e9s \u00e1ltal\u00e1ban valamilyen saj\u00e1t v\u00e1llalkoz\u00e1sba kezdenek. K\u00f6z\u00fcl\u00fck, m\u00e1r j\u00f3val gyakrabban tal\u00e1lkozhatunk az \u00e9jszakai utakon, ha ig\u00e9nybe vessz\u00fck a taxis szolg\u00e1ltat\u00e1st. Ha valaki kem\u00e9ny \u00e9s sokat dolgozik, akkor r\u00f6vid t\u00e1von is j\u00f3l lehet keresni a taxiz\u00e1ssal, mindezt \u00fagy, hogy egy taxis tanfolyam ideje mind\u00f6ssze h\u00e1rom nap.<\/p>\n<h4>Kitart\u00e1s a siker kulcsa<\/h4>\n<p><a href=\"\/tanfolyamok\/szemelygepkocsis-tanfolyamok\/5_taxi-gepkocsivezeto-alapkepzes\">A h\u00e1rom napos taxis tanfolyam<\/a> szinte m\u00e1r t\u00fal sz\u00e9pen is hangzik. Ez annyiban igaz is, hogy a sikeres vizsga ut\u00e1n m\u00e9g vannak k\u00f6telezetts\u00e9gei a taxisnak, f\u0151leg, ami a g\u00e9pj\u00e1rm\u0171vet illeti. Teljes\u00edteni kell a megfelel\u0151 m\u0171szaki felszerelts\u00e9gre vonatkoz\u00f3 el\u0151\u00edr\u00e1sokat, a kocsi m\u0171szaki \u00e1llapot\u00e1nak is megfelel\u0151nek kell lenni \u00e9s az aut\u00f3t \u2013 ha Budapesten akarnak dolgozni &#8211; \u00a0s\u00e1rga sz\u00edn\u0171re kell festeni, ahogy az a nagyk\u00f6nyvben meg van \u00edrva. Ha mindezt teljes\u00edtett\u00fck, akkor j\u00f6het a kem\u00e9ny, kitart\u00f3 munka. Persze ez sem k\u00f6telez\u0151, att\u00f3l f\u00fcgg, mi a kit\u0171z\u00f6tt c\u00e9l. T\u00f6bben p\u00e9ld\u00e1ul az\u00e9rt v\u00e9geznek taxis tanfolyamot, hogy ut\u00e1na a f\u0151\u00e1ll\u00e1suk mellett taxizzanak.\u00a0A d\u00f6nt\u00e9s jobb, mint els\u0151re gondoln\u00e1nk. Mondjuk mi\u00e9rt.<\/p>\n<h4>J\u00f3 kieg\u00e9sz\u00edt\u0151<\/h4>\n<p>A taxis tanfolyamot k\u00f6vet\u0151 taxiz\u00e1s az\u00e9rt t\u00f6k\u00e9letes mell\u00e9kfoglalkoz\u00e1s, mert az ember akkor csin\u00e1lja, amikor csak akarja, pontosabban, amikor van ideje r\u00e1, hiszen teljesen szabad id\u0151beoszt\u00e1s mellett lehet v\u00e9gezni a szem\u00e9lysz\u00e1ll\u00edt\u00e1st. F\u0151leg igaz ez akkor, amikor valakinek nem f\u0151 \u00e1ll\u00e1s\u00fa a munkaviszonya, hanem csak napi 4 vagy 6 \u00f3r\u00e1t dolgozik. Szerencs\u00e9s esetben, ilyenkor m\u00e9g b\u0151ven van energi\u00e1ja az embernek plusz munka\u00f3r\u00e1kat beiktatni az \u00e9let\u00e9be. R\u00e1ad\u00e1sul, ahogyan m\u00e1r eml\u00edtett\u00fck, nem kell hossz\u00fa h\u00f3napokat az iskolapadban t\u00f6lteni, hogy \u00faj szakm\u00e1t szerezz\u00fcnk, hiszen a taxis tanfolyam ideje, <strong>mind\u00f6ssze h\u00e1rom nap<\/strong>. A <a href=\"\/jelentkezesi-lap\/6_szemelygepkocsis-tanfolyamok\">jelentkez\u00e9snek<\/a> pedig k\u00fcl\u00f6n\u00f6sebb el\u0151felt\u00e9tele nincsen, persze az\u00e9rt &#8222;B&#8221; kateg\u00f3ri\u00e1s (k\u00e9t \u00e9ve \u00e9rv\u00e9nyben l\u00e9v\u0151) jogos\u00edtv\u00e1nnyal kell rendelkeznie annak, aki taxis tanfolyamra jelentkezne \u00e9s az eg\u00e9szs\u00e9g\u00fcgyi-, valamint a p\u00e1lya-alkalmass\u00e1gin is meg kell felelni.<\/p>\n<!-- Begin Yuzo --><div class='yuzo_related_post style-2'  data-version='5.12.88'><!-- without result --><div class='yuzo_clearfixed yuzo__title yuzo__title'><h3>Hasonl\u00f3 cikkek<\/h3><\/div>\n\t\t\t\t\t\t<div class=\"relatedthumb yuzo-list  \" style=\"\"  >  \n\t\t\t\t\t\t  <a  href=\"https:\/\/www.transzportstudium.hu\/blog\/2018\/04\/03\/autobusszal-belvarosban-es-kulfoldon\/\" class=\"image-list\"  >\n\t\t\t\t\t\t  <div class=\"yuzo-img-wrap  ilen_shine \" style=\"width: 100px;height:65px;\">\n\t\t\t\t\t\t\t\t\t <span class='shine-effect'><\/span> \n\t\t\t\t\t\t\t\t\t <div class=\"yuzo-img\" style=\"background:url('https:\/\/www.transzportstudium.hu\/blog\/wp-content\/uploads\/2018\/05\/Transport_14-150x150.jpg') 50% 50% no-repeat;width: 105px;height:65px;margin-bottom: 5px;background-size:  cover;  \"><\/div>\n\t\t\t\t\t\t  <\/div>\n\t\t\t\t\t\t  <\/a>\n\t\t\t\t\t\t  <a  class=\"link-list yuzo__text--title\" href=\"https:\/\/www.transzportstudium.hu\/blog\/2018\/04\/03\/autobusszal-belvarosban-es-kulfoldon\/\" style=\"font-size:14px;;line-height:22px;\"> Aut\u00f3busszal belv\u00e1rosban \u00e9s k\u00fclf\u00f6ld\u00f6n  <\/a>\n\t\t\t\t\t\t\t\t<span class=\"yuzo_text\" style=\"font-size:10px;\" >Ahhoz, hogy valaki jogszer\u0171en vezessen aut\u00f3buszt k\u00f6z\u00faton a D1, D1+E, D, D+E kateg\u00f3ri\u00e1j\u00fa vezet\u0151i enged\u00e9ly mellett GKI vizsg\u00e1t is kell tennie, no meg el...<\/span>\n\t\t\t\t\t\t   \n\t\t\t\t\t\t<\/div>\n\t\t\t\t\t\t<div class=\"relatedthumb yuzo-list  \" style=\"\"  >  \n\t\t\t\t\t\t  <a  href=\"https:\/\/www.transzportstudium.hu\/blog\/2018\/05\/29\/adr-jogszabalyok\/\" class=\"image-list\"  >\n\t\t\t\t\t\t  <div class=\"yuzo-img-wrap  ilen_shine \" style=\"width: 100px;height:65px;\">\n\t\t\t\t\t\t\t\t\t <span class='shine-effect'><\/span> \n\t\t\t\t\t\t\t\t\t <div class=\"yuzo-img\" style=\"background:url('https:\/\/www.transzportstudium.hu\/blog\/wp-content\/uploads\/2018\/06\/Transport_28-150x150.png') 50% 50% no-repeat;width: 105px;height:65px;margin-bottom: 5px;background-size:  cover;  \"><\/div>\n\t\t\t\t\t\t  <\/div>\n\t\t\t\t\t\t  <\/a>\n\t\t\t\t\t\t  <a  class=\"link-list yuzo__text--title\" href=\"https:\/\/www.transzportstudium.hu\/blog\/2018\/05\/29\/adr-jogszabalyok\/\" style=\"font-size:14px;;line-height:22px;\"> ADR jogszab\u00e1lyok  <\/a>\n\t\t\t\t\t\t\t\t<span class=\"yuzo_text\" style=\"font-size:10px;\" >Az Eur\u00f3pai Uni\u00f3 eg\u00e9sz ter\u00fclet\u00e9n, illet\u0151leg a tagorsz\u00e1gok k\u00f6z\u00f6tti vesz\u00e9lyes \u00e1rusz\u00e1ll\u00edt\u00e1s eset\u00e9re, egyar\u00e1nt egys\u00e9gesek az ADR jogszab\u00e1lyok. Sz\u00e1razf\u00f6ld\u00f6n...<\/span>\n\t\t\t\t\t\t   \n\t\t\t\t\t\t<\/div>\n\t\t\t\t\t\t<div class=\"relatedthumb yuzo-list  \" style=\"\"  >  \n\t\t\t\t\t\t  <a  href=\"https:\/\/www.transzportstudium.hu\/blog\/2014\/08\/21\/a-tartanyos-szallitassal-fuvarozott-arukra-vonatkozo-balesetvedelmi-eloirasok\/\" class=\"image-list\"  >\n\t\t\t\t\t\t  <div class=\"yuzo-img-wrap  ilen_shine \" style=\"width: 100px;height:65px;\">\n\t\t\t\t\t\t\t\t\t <span class='shine-effect'><\/span> \n\t\t\t\t\t\t\t\t\t <div class=\"yuzo-img\" style=\"background:url('https:\/\/www.transzportstudium.hu\/blog\/wp-content\/uploads\/2014\/08\/MG_0030-150x150.jpg') 50% 50% no-repeat;width: 105px;height:65px;margin-bottom: 5px;background-size:  cover;  \"><\/div>\n\t\t\t\t\t\t  <\/div>\n\t\t\t\t\t\t  <\/a>\n\t\t\t\t\t\t  <a  class=\"link-list yuzo__text--title\" href=\"https:\/\/www.transzportstudium.hu\/blog\/2014\/08\/21\/a-tartanyos-szallitassal-fuvarozott-arukra-vonatkozo-balesetvedelmi-eloirasok\/\" style=\"font-size:14px;;line-height:22px;\"> A tart\u00e1nyos sz\u00e1ll\u00edt\u00e1ssal fuvarozott \u00e1rukra vonatko...  <\/a>\n\t\t\t\t\t\t\t\t<span class=\"yuzo_text\" style=\"font-size:10px;\" >A vesz\u00e9lyes \u00e1ruk az ADR-el\u0151\u00edr\u00e1sok szerint az \u00f6mlesztett \u00e9s a k\u00fcldem\u00e9nydarabos m\u00f3dszer mellett tart\u00e1nyos form\u00e1ban sz\u00e1ll\u00edthat\u00f3k. Tart\u00e1nyos sz\u00e1ll\u00edt\u00e1skor ...<\/span>\n\t\t\t\t\t\t   \n\t\t\t\t\t\t<\/div>\n\t\t\t\t\t\t<div class=\"relatedthumb yuzo-list  \" style=\"\"  >  \n\t\t\t\t\t\t  <a  href=\"https:\/\/www.transzportstudium.hu\/blog\/2018\/12\/25\/az-adr-vizsga-nem-jatek\/\" class=\"image-list\"  >\n\t\t\t\t\t\t  <div class=\"yuzo-img-wrap  ilen_shine \" style=\"width: 100px;height:65px;\">\n\t\t\t\t\t\t\t\t\t <span class='shine-effect'><\/span> \n\t\t\t\t\t\t\t\t\t <div class=\"yuzo-img\" style=\"background:url('https:\/\/www.transzportstudium.hu\/blog\/wp-content\/uploads\/2018\/12\/ADR-Tanker-150x150.jpg') 50% 50% no-repeat;width: 105px;height:65px;margin-bottom: 5px;background-size:  cover;  \"><\/div>\n\t\t\t\t\t\t  <\/div>\n\t\t\t\t\t\t  <\/a>\n\t\t\t\t\t\t  <a  class=\"link-list yuzo__text--title\" href=\"https:\/\/www.transzportstudium.hu\/blog\/2018\/12\/25\/az-adr-vizsga-nem-jatek\/\" style=\"font-size:14px;;line-height:22px;\"> Az ADR vizsga nem j\u00e1t\u00e9k  <\/a>\n\t\t\t\t\t\t\t\t<span class=\"yuzo_text\" style=\"font-size:10px;\" >Aki vesz\u00e9lyes \u00e1ru sz\u00e1ll\u00edt\u00e1ssal foglalkozik, annak ADR tanfolyamon kell r\u00e9szt vennie, majd ezt k\u00f6vet\u0151en ADR vizsg\u00e1t kell tennie. A k\u00f6vetelm\u00e9nyek \u00e9s az ...<\/span>\n\t\t\t\t\t\t   \n\t\t\t\t\t\t<\/div>\n<\/div>  <!-- End Yuzo :) -->","protected":false},"excerpt":{"rendered":"<p>Ahhoz, hogy valaki taxizzon, taxis tanfolyamot kell v\u00e9gezni. Sokan szerelemb\u0151l, m\u00e1sok k\u00e9nyszerb\u0151l, a j\u00f3 kereseti lehet\u0151s\u00e9g rem\u00e9ny\u00e9ben iratkoznak be egy taxis tanfolyamra \u00e9s kezdenek el az \u00faj szakm\u00e1ban dolgozni. Egyre nagyobb az \u00e9rdekl\u0151d\u00e9s a&#46;&#46;&#46;<\/p>\n","protected":false},"author":3,"featured_media":1422,"comment_status":"open","ping_status":"open","sticky":false,"template":"","format":"standard","meta":{"footnotes":""},"categories":[235],"tags":[237,106,193,192],"class_list":["post-1421","post","type-post","status-publish","format-standard","has-post-thumbnail","hentry","category-szemelygepkocsis-tanfolyamok","tag-szemelytaxis-es-szemelygepkocsis-szemelyszallito-vallalkozo","tag-taxi","tag-taxis-tanfolyam","tag-taxis-vizsga"],"aioseo_notices":[],"_links":{"self":[{"href":"https:\/\/www.transzportstudium.hu\/blog\/wp-json\/wp\/v2\/posts\/1421","targetHints":{"allow":["GET"]}}],"collection":[{"href":"https:\/\/www.transzportstudium.hu\/blog\/wp-json\/wp\/v2\/posts"}],"about":[{"href":"https:\/\/www.transzportstudium.hu\/blog\/wp-json\/wp\/v2\/types\/post"}],"author":[{"embeddable":true,"href":"https:\/\/www.transzportstudium.hu\/blog\/wp-json\/wp\/v2\/users\/3"}],"replies":[{"embeddable":true,"href":"https:\/\/www.transzportstudium.hu\/blog\/wp-json\/wp\/v2\/comments?post=1421"}],"version-history":[{"count":2,"href":"https:\/\/www.transzportstudium.hu\/blog\/wp-json\/wp\/v2\/posts\/1421\/revisions"}],"predecessor-version":[{"id":1424,"href":"https:\/\/www.transzportstudium.hu\/blog\/wp-json\/wp\/v2\/posts\/1421\/revisions\/1424"}],"wp:featuredmedia":[{"embeddable":true,"href":"https:\/\/www.transzportstudium.hu\/blog\/wp-json\/wp\/v2\/media\/1422"}],"wp:attachment":[{"href":"https:\/\/www.transzportstudium.hu\/blog\/wp-json\/wp\/v2\/media?parent=1421"}],"wp:term":[{"taxonomy":"category","embeddable":true,"href":"https:\/\/www.transzportstudium.hu\/blog\/wp-json\/wp\/v2\/categories?post=1421"},{"taxonomy":"post_tag","embeddable":true,"href":"https:\/\/www.transzportstudium.hu\/blog\/wp-json\/wp\/v2\/tags?post=1421"}],"curies":[{"name":"wp","href":"https:\/\/api.w.org\/{rel}","templated":true}]}}