{"id":1401,"date":"2019-01-31T08:44:52","date_gmt":"2019-01-31T07:44:52","guid":{"rendered":"https:\/\/www.transzportstudium.hu\/blog\/?p=1401"},"modified":"2019-01-27T21:41:05","modified_gmt":"2019-01-27T20:41:05","slug":"tanacsadas-felsofokon","status":"publish","type":"post","link":"https:\/\/www.transzportstudium.hu\/blog\/2019\/01\/31\/tanacsadas-felsofokon\/","title":{"rendered":"Tan\u00e1csad\u00e1s fels\u0151fokon"},"content":{"rendered":"<p>Az eur\u00f3pai uni\u00f3s \u00e9s a hazai el\u0151\u00edr\u00e1soknak megfelel\u0151en 2003. janu\u00e1r 1-t\u0151l ADR biztons\u00e1gi tan\u00e1csad\u00f3t kell minden olyan v\u00e1llalkoz\u00e1sn\u00e1l alkalmazni, ahol vesz\u00e9lyes \u00e1ru sz\u00e1ll\u00edt\u00e1ssal kapcsolatos tev\u00e9kenys\u00e9get v\u00e9geznek. A k\u00e9pz\u00e9st azoknak tal\u00e1lt\u00e1k ki, akik szeretik a kih\u00edv\u00e1sokat, prec\u00edzek \u00e9s nem utols\u00f3 sorban felel\u0151ss\u00e9gteljesek a munk\u00e1jukat illet\u0151en.<\/p>\n<div id=\"attachment_688\" style=\"width: 970px\" class=\"wp-caption aligncenter\"><img loading=\"lazy\" decoding=\"async\" aria-describedby=\"caption-attachment-688\" class=\"size-full wp-image-688\" src=\"https:\/\/www.transzportstudium.hu\/blog\/wp-content\/uploads\/2015\/06\/slide04-small.jpg\" alt=\"ADR Vesz\u00e9lyes \u00e1ru sz\u00e1ll\u00edt\u00e1si biztons\u00e1gi tan\u00e1csad\u00f3 tanfolyam\" width=\"960\" height=\"360\" srcset=\"https:\/\/www.transzportstudium.hu\/blog\/wp-content\/uploads\/2015\/06\/slide04-small.jpg 960w, https:\/\/www.transzportstudium.hu\/blog\/wp-content\/uploads\/2015\/06\/slide04-small-300x112.jpg 300w\" sizes=\"auto, (max-width: 960px) 100vw, 960px\" \/><p id=\"caption-attachment-688\" class=\"wp-caption-text\">ADR Vesz\u00e9lyes \u00e1ru sz\u00e1ll\u00edt\u00e1si biztons\u00e1gi tan\u00e1csad\u00f3 tanfolyam<\/p><\/div>\n<p>Igen \u00e1m, de nem lehet mindenkib\u0151l egyik napr\u00f3l a m\u00e1sikra ADR biztons\u00e1gi tan\u00e1csad\u00f3. Pontosan a munkak\u00f6rb\u0151l ad\u00f3dik, hogy erre az <a href=\"\/tanfolyamok\/adr-tanfolyamok\/34_adr-veszelyes-aru-szallitasi-biztonsagi-tanacsado\">alapk\u00e9pz\u00e9sre<\/a> csak az <a href=\"\/jelentkezesi-lap\/3_adr-tanfolyamok\">jelentkezhet<\/a>, aki megfelel bizonyos k\u00f6vetelm\u00e9nyeknek. Melyek is voln\u00e1nak ezek? Az iratkozhat be a tanfolyamra, aki fels\u0151fok\u00fa v\u00e9gzetts\u00e9ggel rendelkezik \u00e9s legal\u00e1bb k\u00e9t \u00e9vig vesz\u00e9lyes \u00e1ru sz\u00e1ll\u00edt\u00e1ssal kapcsolatos feladatot l\u00e1tott el. Elegend\u0151 a k\u00f6z\u00e9pfok\u00fa v\u00e9gzetts\u00e9g is, de ebben az esetben legal\u00e1bb \u00f6t \u00e9v, vesz\u00e9lyes \u00e1rusz\u00e1ll\u00edt\u00e1ssal kapcsolatos, el\u0151zetes munkaviszony sz\u00fcks\u00e9ges a jelentkez\u00e9shez, vagy az is j\u00f3, ha valaki ADR-rel, vagy RID-del kapcsolatos hat\u00f3s\u00e1gi munk\u00e1t v\u00e9gzett legal\u00e1bb ennyi ideig.<\/p>\n<h4>Komoly feladatok<\/h4>\n<p>Az\u00e9rt van ez \u00edgy, mert az <a href=\"\/tanfolyamok\/adr-tanfolyamok\/34_adr-veszelyes-aru-szallitasi-biztonsagi-tanacsado\">ADR biztons\u00e1gi tan\u00e1csad\u00f3nak<\/a> minden olyan ismerettel tiszt\u00e1ban kell lennie, ami az \u00e1ru sz\u00e1ll\u00edt\u00e1sa kapcs\u00e1n felmer\u00fclhet. Az ADR biztons\u00e1gi tan\u00e1csad\u00f3 legfontosabb feladata ugyanis, annak el\u0151seg\u00edt\u00e9se, hogy a v\u00e1llalkoz\u00e1s a vesz\u00e9lyes \u00e1ru sz\u00e1ll\u00edt\u00e1s\u00e1val kapcsolatos tev\u00e9kenys\u00e9g\u00e9t az el\u0151\u00edr\u00e1soknak megfelel\u0151en \u00e9s a lehet\u0151 legbiztons\u00e1gosabban v\u00e9gezze el. Ez eddig nem is hangzik olyan rettenetesen, a probl\u00e9ma az, hogy ez a feladat sz\u00e1mos kisebb feladatot \u00f6lel fel, melyekre mind oda kell figyelni \u00e9s felelni is kell \u00e9rt\u00fck. P\u00e9ld\u00e1ul az ADR biztons\u00e1gi tan\u00e1csad\u00f3 ellen\u0151rzi, hogy az adott v\u00e1llalkoz\u00e1sn\u00e1l betartj\u00e1k-e a vesz\u00e9lyes \u00e1ruk sz\u00e1ll\u00edt\u00e1s\u00e1ra vonatkoz\u00f3 el\u0151\u00edr\u00e1sokat, ha pedig nem, akkor megteszi a sz\u00fcks\u00e9ges l\u00e9p\u00e9seket. Tan\u00e1csot ad a v\u00e1llalkoz\u00e1s sz\u00e1m\u00e1ra a vesz\u00e9lyes \u00e1ruk sz\u00e1ll\u00edt\u00e1s\u00e1t \u00e9s az \u00e1ruk sz\u00e1ll\u00edt\u00e1sra val\u00f3 el\u0151k\u00e9sz\u00edt\u00e9s\u00e9t illet\u0151en. Az <a href=\"https:\/\/www.transzportstudium.hu\/blog\/2015\/05\/28\/az-adr-tanacsado-szerepe-a-vallalat-eleteben\/\">ADR biztons\u00e1gi tan\u00e1csad\u00f3 feladata<\/a> tov\u00e1bb\u00e1 \u00e9ves jelent\u00e9st k\u00e9sz\u00edteni a v\u00e1llalkoz\u00e1s vezet\u0151i, sz\u00fcks\u00e9g eset\u00e9n az illet\u00e9kes hat\u00f3s\u00e1g fel\u00e9 a vesz\u00e9lyes \u00e1ruk sz\u00e1ll\u00edt\u00e1s\u00e1val kapcsolatos minden tev\u00e9kenys\u00e9g\u00e9r\u0151l.<\/p>\n<h4>Az ember akir\u0151l k\u00f6telez\u0151 tudni<\/h4>\n<p>Az ADR biztons\u00e1gi tan\u00e1csad\u00f3 alapk\u00e9pz\u00e9s elv\u00e9gz\u00e9se ut\u00e1n term\u00e9szetesen vizsg\u00e1t is kell tenni a megtanultakb\u00f3l. A <strong>megszerzett bizony\u00edtv\u00e1ny pedig \u00f6t \u00e9vig \u00e9rv\u00e9nyes<\/strong>, ut\u00e1na mindenkinek <a href=\"\/tanfolyamok\/adr-tanfolyamok\/66_adr-veszelyes-aru-szallitasi-biztonsagi-tanacsado-ismeretfelujito\">ismeretfel\u00faj\u00edt\u00f3 tanfolyamon<\/a> kell r\u00e9szt vennie, hogy tov\u00e1bb folytathassa a munk\u00e1j\u00e1t. Erre mindenekel\u0151tt a k\u00e9t \u00e9vente bevezet\u00e9sre ker\u00fcl\u0151 \u00e9s v\u00e1ltoz\u00f3 jogszab\u00e1lyok miatt van sz\u00fcks\u00e9g. Fontos ugyanis, hogy az ADR biztons\u00e1gi tan\u00e1csad\u00f3 a vesz\u00e9lyes \u00e1ru sz\u00e1ll\u00edt\u00e1s\u00e1nak jogi r\u00e9szleteivel is tiszt\u00e1ban legyen. Hogy az ADR biztons\u00e1gi tan\u00e1csad\u00f3 szem\u00e9lye mennyire fontos, j\u00f3l mutatja, hogy annak a v\u00e1llalkoz\u00e1s vezet\u0151j\u00e9nek, ahol\u00a0 ADR biztons\u00e1gi tan\u00e1csad\u00f3t alkalmaznak 15 napon jelentenie kell ezt a hat\u00f3s\u00e1g fel\u00e9. Ezen k\u00edv\u00fcl 15 napon bel\u00fcl \u00e9rtes\u00edteni kell saj\u00e1t alkalmazottait \u00e9s a vesz\u00e9lyes \u00e1ru sz\u00e1ll\u00edt\u00e1s\u00e1ban \u00e9rintett \u00fczleti partnereit is a tan\u00e1csad\u00f3 szem\u00e9ly\u00e9r\u0151l.<\/p>\n<!-- Begin Yuzo --><div class='yuzo_related_post style-2'  data-version='5.12.88'><!-- without result --><div class='yuzo_clearfixed yuzo__title yuzo__title'><h3>Hasonl\u00f3 cikkek<\/h3><\/div>\n\t\t\t\t\t\t<div class=\"relatedthumb yuzo-list  \" style=\"\"  >  \n\t\t\t\t\t\t  <a  href=\"https:\/\/www.transzportstudium.hu\/blog\/2016\/02\/28\/biztonsagos-vezetes-telen-is\/\" class=\"image-list\"  >\n\t\t\t\t\t\t  <div class=\"yuzo-img-wrap  ilen_shine \" style=\"width: 100px;height:65px;\">\n\t\t\t\t\t\t\t\t\t <span class='shine-effect'><\/span> \n\t\t\t\t\t\t\t\t\t <div class=\"yuzo-img\" style=\"background:url('https:\/\/www.transzportstudium.hu\/blog\/wp-content\/uploads\/2016\/02\/2195721_l-150x150.jpg') 50% 50% no-repeat;width: 105px;height:65px;margin-bottom: 5px;background-size:  cover;  \"><\/div>\n\t\t\t\t\t\t  <\/div>\n\t\t\t\t\t\t  <\/a>\n\t\t\t\t\t\t  <a  class=\"link-list yuzo__text--title\" href=\"https:\/\/www.transzportstudium.hu\/blog\/2016\/02\/28\/biztonsagos-vezetes-telen-is\/\" style=\"font-size:14px;;line-height:22px;\"> Biztons\u00e1gos vezet\u00e9s t\u00e9len is  <\/a>\n\t\t\t\t\t\t\t\t<span class=\"yuzo_text\" style=\"font-size:10px;\" >A t\u00e9li id\u0151szak \u2013 a havas utak, a j\u00e9g, a lefagyott aszfalt \u2013 nagy kih\u00edv\u00e1sok el\u00e9 \u00e1ll\u00edtja a sof\u0151r\u00f6ket. Egy szem\u00e9lyg\u00e9pkocsit sem egyszer\u0171 ilyenkor vezetni...<\/span>\n\t\t\t\t\t\t   \n\t\t\t\t\t\t<\/div>\n\t\t\t\t\t\t<div class=\"relatedthumb yuzo-list  \" style=\"\"  >  \n\t\t\t\t\t\t  <a  href=\"https:\/\/www.transzportstudium.hu\/blog\/2015\/11\/05\/mit-vezethetek\/\" class=\"image-list\"  >\n\t\t\t\t\t\t  <div class=\"yuzo-img-wrap  ilen_shine \" style=\"width: 100px;height:65px;\">\n\t\t\t\t\t\t\t\t\t <span class='shine-effect'><\/span> \n\t\t\t\t\t\t\t\t\t <div class=\"yuzo-img\" style=\"background:url('https:\/\/www.transzportstudium.hu\/blog\/wp-content\/uploads\/2015\/11\/shutterstock_234658489-150x150.jpg') 50% 50% no-repeat;width: 105px;height:65px;margin-bottom: 5px;background-size:  cover;  \"><\/div>\n\t\t\t\t\t\t  <\/div>\n\t\t\t\t\t\t  <\/a>\n\t\t\t\t\t\t  <a  class=\"link-list yuzo__text--title\" href=\"https:\/\/www.transzportstudium.hu\/blog\/2015\/11\/05\/mit-vezethetek\/\" style=\"font-size:14px;;line-height:22px;\"> Mit vezethetek?  <\/a>\n\t\t\t\t\t\t\t\t<span class=\"yuzo_text\" style=\"font-size:10px;\" >A targonc\u00e1knak t\u00f6bb v\u00e1ltozata ismert, egyik ezek k\u00f6z\u00fcl a vezet\u0151\u00fcl\u00e9ses targonca, de ezen bel\u00fcl is t\u00f6bb alkateg\u00f3ria l\u00e9tezik. A legfontosabb ide sorolhat...<\/span>\n\t\t\t\t\t\t   \n\t\t\t\t\t\t<\/div>\n\t\t\t\t\t\t<div class=\"relatedthumb yuzo-list  \" style=\"\"  >  \n\t\t\t\t\t\t  <a  href=\"https:\/\/www.transzportstudium.hu\/blog\/2019\/09\/17\/a-gki-vizsga-tananyagarol\/\" class=\"image-list\"  >\n\t\t\t\t\t\t  <div class=\"yuzo-img-wrap  ilen_shine \" style=\"width: 100px;height:65px;\">\n\t\t\t\t\t\t\t\t\t <span class='shine-effect'><\/span> \n\t\t\t\t\t\t\t\t\t <div class=\"yuzo-img\" style=\"background:url('https:\/\/www.transzportstudium.hu\/blog\/wp-content\/uploads\/2016\/06\/42876675_l-150x150.jpg') 50% 50% no-repeat;width: 105px;height:65px;margin-bottom: 5px;background-size:  cover;  \"><\/div>\n\t\t\t\t\t\t  <\/div>\n\t\t\t\t\t\t  <\/a>\n\t\t\t\t\t\t  <a  class=\"link-list yuzo__text--title\" href=\"https:\/\/www.transzportstudium.hu\/blog\/2019\/09\/17\/a-gki-vizsga-tananyagarol\/\" style=\"font-size:14px;;line-height:22px;\"> A GKI vizsga tananyag\u00e1r\u00f3l  <\/a>\n\t\t\t\t\t\t\t\t<span class=\"yuzo_text\" style=\"font-size:10px;\" >Legyen sz\u00f3 aut\u00f3buszos vagy teherg\u00e9pkocsis vezet\u00e9sr\u0151l, aki a k\u00f6z\u00fati forgalomban vesz r\u00e9szt, annak bet\u00e9ve kell tudnia a GKI vizsga tananyag\u00e1t, hogy szab...<\/span>\n\t\t\t\t\t\t   \n\t\t\t\t\t\t<\/div>\n\t\t\t\t\t\t<div class=\"relatedthumb yuzo-list  \" style=\"\"  >  \n\t\t\t\t\t\t  <a  href=\"https:\/\/www.transzportstudium.hu\/blog\/2014\/10\/07\/a-gepkocsivezetok-pihenoidejenek-eu-s-szabalyzasa\/\" class=\"image-list\"  >\n\t\t\t\t\t\t  <div class=\"yuzo-img-wrap  ilen_shine \" style=\"width: 100px;height:65px;\">\n\t\t\t\t\t\t\t\t\t <span class='shine-effect'><\/span> \n\t\t\t\t\t\t\t\t\t <div class=\"yuzo-img\" style=\"background:url('https:\/\/www.transzportstudium.hu\/blog\/wp-content\/uploads\/2014\/10\/46823_lowres_04612-038-150x150.jpg') 50% 50% no-repeat;width: 105px;height:65px;margin-bottom: 5px;background-size:  cover;  \"><\/div>\n\t\t\t\t\t\t  <\/div>\n\t\t\t\t\t\t  <\/a>\n\t\t\t\t\t\t  <a  class=\"link-list yuzo__text--title\" href=\"https:\/\/www.transzportstudium.hu\/blog\/2014\/10\/07\/a-gepkocsivezetok-pihenoidejenek-eu-s-szabalyzasa\/\" style=\"font-size:14px;;line-height:22px;\"> A g\u00e9pkocsivezet\u0151k pihen\u0151idej\u00e9nek EU-s szab\u00e1lyz\u00e1sa...  <\/a>\n\t\t\t\t\t\t\t\t<span class=\"yuzo_text\" style=\"font-size:10px;\" >Az 561\/2006 EU rendelet \u00e9rtelm\u00e9ben 2007. \u00e1prilis 11-\u00e9t\u0151l jelent\u0151s v\u00e1ltoz\u00e1sok t\u00f6rt\u00e9ntek a k\u00f6z\u00fati szem\u00e9ly- \u00e9s \u00e1rusz\u00e1ll\u00edt\u00e1sban. A sof\u0151r\u00f6knek nemcsak GKI ...<\/span>\n\t\t\t\t\t\t   \n\t\t\t\t\t\t<\/div>\n<\/div>  <!-- End Yuzo :) -->","protected":false},"excerpt":{"rendered":"<p>Az eur\u00f3pai uni\u00f3s \u00e9s a hazai el\u0151\u00edr\u00e1soknak megfelel\u0151en 2003. janu\u00e1r 1-t\u0151l ADR biztons\u00e1gi tan\u00e1csad\u00f3t kell minden olyan v\u00e1llalkoz\u00e1sn\u00e1l alkalmazni, ahol vesz\u00e9lyes \u00e1ru sz\u00e1ll\u00edt\u00e1ssal kapcsolatos tev\u00e9kenys\u00e9get v\u00e9geznek. A k\u00e9pz\u00e9st azoknak tal\u00e1lt\u00e1k ki, akik szeretik a&#46;&#46;&#46;<\/p>\n","protected":false},"author":3,"featured_media":688,"comment_status":"open","ping_status":"open","sticky":false,"template":"","format":"standard","meta":{"footnotes":""},"categories":[2],"tags":[224,175,174,251,71,233,72,23],"class_list":["post-1401","post","type-post","status-publish","format-standard","has-post-thumbnail","hentry","category-adr","tag-adr","tag-adr-biztonsagi-tanacsado","tag-adr-kepzes","tag-adr-oktatas","tag-adr-tanfolyam","tag-adr-veszelyes-aru-szallitasi-biztonsagi-tanacsado","tag-adr-vizsga","tag-biztonsagi-tanacsado"],"aioseo_notices":[],"_links":{"self":[{"href":"https:\/\/www.transzportstudium.hu\/blog\/wp-json\/wp\/v2\/posts\/1401","targetHints":{"allow":["GET"]}}],"collection":[{"href":"https:\/\/www.transzportstudium.hu\/blog\/wp-json\/wp\/v2\/posts"}],"about":[{"href":"https:\/\/www.transzportstudium.hu\/blog\/wp-json\/wp\/v2\/types\/post"}],"author":[{"embeddable":true,"href":"https:\/\/www.transzportstudium.hu\/blog\/wp-json\/wp\/v2\/users\/3"}],"replies":[{"embeddable":true,"href":"https:\/\/www.transzportstudium.hu\/blog\/wp-json\/wp\/v2\/comments?post=1401"}],"version-history":[{"count":2,"href":"https:\/\/www.transzportstudium.hu\/blog\/wp-json\/wp\/v2\/posts\/1401\/revisions"}],"predecessor-version":[{"id":1414,"href":"https:\/\/www.transzportstudium.hu\/blog\/wp-json\/wp\/v2\/posts\/1401\/revisions\/1414"}],"wp:featuredmedia":[{"embeddable":true,"href":"https:\/\/www.transzportstudium.hu\/blog\/wp-json\/wp\/v2\/media\/688"}],"wp:attachment":[{"href":"https:\/\/www.transzportstudium.hu\/blog\/wp-json\/wp\/v2\/media?parent=1401"}],"wp:term":[{"taxonomy":"category","embeddable":true,"href":"https:\/\/www.transzportstudium.hu\/blog\/wp-json\/wp\/v2\/categories?post=1401"},{"taxonomy":"post_tag","embeddable":true,"href":"https:\/\/www.transzportstudium.hu\/blog\/wp-json\/wp\/v2\/tags?post=1401"}],"curies":[{"name":"wp","href":"https:\/\/api.w.org\/{rel}","templated":true}]}}