{"id":1390,"date":"2019-01-15T08:32:46","date_gmt":"2019-01-15T07:32:46","guid":{"rendered":"https:\/\/www.transzportstudium.hu\/blog\/?p=1390"},"modified":"2018-12-27T15:43:19","modified_gmt":"2018-12-27T14:43:19","slug":"van-igeny-a-taxisokra","status":"publish","type":"post","link":"https:\/\/www.transzportstudium.hu\/blog\/2019\/01\/15\/van-igeny-a-taxisokra\/","title":{"rendered":"Van ig\u00e9ny a Taxisokra"},"content":{"rendered":"<p>A legt\u00f6bb emberrel el\u0151fordul \u00e9let\u00e9ben, hogy valamilyen okb\u00f3l ad\u00f3d\u00f3an el\u00e9getetlen a munk\u00e1j\u00e1val, \u00e1ltal\u00e1ban vagy a b\u00e9rez\u00e9s nem megfelel\u0151, vagy az elv\u00e9gezend\u0151 munka nem j\u00f3. Sz\u00e1mukra egy taxis tanfolyam elv\u00e9gz\u00e9se t\u00f6k\u00e9letes megold\u00e1s lehet ahhoz, hogy v\u00e1ltsanak.<\/p>\n<p>Tal\u00e1n nincs is egyszer\u0171bb m\u00f3dja annak, ha szakm\u00e1t akarunk v\u00e1ltani. Hiszen egy <a href=\"\/tanfolyamok\/szemelygepkocsis-tanfolyamok\/5_taxi-gepkocsivezeto-alapkepzes\">taxis tanfolyam<\/a> elv\u00e9gz\u00e9se mind\u00f6ssze h\u00e1rom nap, j\u00f3llehet ezen a jelenl\u00e9t k\u00f6telez\u0151, de ennyit igaz\u00e1n be tud mindenki v\u00e1llalni, aki v\u00e1ltani akar. A taxis tanfolyam ut\u00e1n elm\u00e9leti \u00e9s gyakorlati vizsg\u00e1t is kell tenni, majd kezd\u0151dhet a munka egy v\u00e1llalkoz\u00f3n\u00e1l vagy egy taxis t\u00e1rsas\u00e1gn\u00e1l. \u00c9vek \u00f3ta n\u00f6vekszik az ig\u00e9ny a szem\u00e9lysz\u00e1ll\u00edt\u00e1s ezen form\u00e1j\u00e1ra \u00e9s folyamatosan hi\u00e1ny is van taxisokb\u00f3l, f\u0151leg igaz ez a f\u0151v\u00e1rosra, Budapestre. A taxis tanfolyamra val\u00f3 jelentkez\u00e9snek k\u00fcl\u00f6n\u00f6sebb felt\u00e9tele nincs, k\u00e9t \u00e9ve \u00e9rv\u00e9nyben l\u00e9v\u0151 jogos\u00edtv\u00e1nnyal kell rendelkeznie annak, aki szeretne belev\u00e1gni a dologba. Az alapk\u00e9pz\u00e9s mellett lehet\u0151s\u00e9g van <a href=\"\/tanfolyamok\/szemelygepkocsis-tanfolyamok\/68_taxi-gepkocsivezeto-kulonbozeti-kepzes\">g\u00e9pkocsivezet\u0151 k\u00fcl\u00f6nb\u00f6zeti tanfolyamra<\/a> is jelentkezni. Erre a taxi tanfolyamra az a g\u00e9pkocsivezet\u0151 jelentkezhet, aki m\u00e1r rendelkezik szem\u00e9lyg\u00e9pkocsis szem\u00e9lysz\u00e1ll\u00edt\u00f3 alapk\u00e9pes\u00edt\u00e9ssel.<\/p>\n<div id=\"attachment_1391\" style=\"width: 1034px\" class=\"wp-caption aligncenter\"><img loading=\"lazy\" decoding=\"async\" aria-describedby=\"caption-attachment-1391\" class=\"wp-image-1391 size-full\" src=\"https:\/\/www.transzportstudium.hu\/blog\/wp-content\/uploads\/2018\/12\/Taxi-e1545921436887.jpg\" alt=\"Taxis tanfolyam\" width=\"1024\" height=\"640\" \/><p id=\"caption-attachment-1391\" class=\"wp-caption-text\">Taxis tanfolyam<\/p><\/div>\n<h4>Kih\u00edv\u00e1sok ment\u00e9n<\/h4>\n<p>A megfelel\u0151 vezet\u00e9si k\u00e9szs\u00e9g csak az egyik eleme annak, hogy valaki j\u00f3 taxis legyen. A <a href=\"\/tanfolyamok\/szemelygepkocsis-tanfolyamok\/5_taxi-gepkocsivezeto-alapkepzes\">taxis tanfolyamot<\/a> azoknak szokt\u00e1k aj\u00e1nlani, akik j\u00f3 kommunik\u00e1ci\u00f3s k\u00e9szs\u00e9ggel rendelkeznek, ugyanakkor b\u00edrj\u00e1k a monotonit\u00e1st is. Persze az sem \u00e1rt, ha valaki alapfokon besz\u00e9li az angolt, vagy a franci\u00e1t, vagy a n\u00e9metet, mivel a taxis szolg\u00e1ltat\u00e1sra megn\u00f6vekedett ig\u00e9ny, egyik f\u0151 oka, hogy \u00e9vr\u0151l \u00e9vre egyre t\u00f6bb turista l\u00e1togat haz\u00e1nkba, akik nem magyarul fogj\u00e1k elmondani, hov\u00e1 is szeretn\u00e9nek menni. Ugyanakkor a hazai lakoss\u00e1g k\u00f6r\u00e9b\u0151l is egyre t\u00f6bben v\u00e1lasztj\u00e1k az utaz\u00e1snak ezt a form\u00e1j\u00e1t. A f\u0151v\u00e1ros mellett jellemz\u0151en a nyugati r\u00e9gi\u00f3kban van nagyobb ig\u00e9ny a taxisokra, illet\u0151leg azokon a helyeken, ahol szint\u00e9n nagy a turizmus, mint p\u00e9ld\u00e1ul a f\u00fcrd\u0151v\u00e1rosokban.<\/p>\n<h4>A budapesti taxi sz\u00edne: s\u00e1rga<\/h4>\n<p>B\u00e1r a taxis tanfolyamot k\u00f6vet\u0151 vizsg\u00e1n az nem fog szerepelni, hogy mi\u00e9rt s\u00e1rga a taxi sz\u00edne, az\u00e9rt elmondjuk. A p\u00e1r \u00e9ve a budapesti rendelet \u00e9rtelm\u00e9ben Budapesten is k\u00f6telez\u0151v\u00e9 tett sz\u00edn a vil\u00e1g els\u0151 taxi t\u00e1rsas\u00e1g\u00e1n\u00e1l jelent meg m\u00e9g 1915-ben Chicag\u00f3ban. Egy John Daniel Hertz nev\u0171 \u00fariember hozta l\u00e9tre az els\u0151 taxis v\u00e1llalkoz\u00e1st, \u00e9s az\u00e9rt a s\u00e1rga sz\u00ednt v\u00e1lasztotta az aut\u00f3ihoz, mert kor\u00e1bban m\u00e1r kutat\u00e1sokkal bizony\u00edtott\u00e1k, hogy a s\u00e1rga sz\u00edn l\u00e1tszik legjobban a forgalomban. Aki elv\u00e9gez egy taxis tanfolyamot \u00e9s ut\u00e1na taxig\u00e9pkocsit fog vezetni Budapesten, az k\u00f6telezve van a megadott s\u00e1rga sz\u00edn haszn\u00e1lat\u00e1ra, vagyis a haszn\u00e1lni k\u00edv\u00e1nt g\u00e9pj\u00e1rm\u0171vet \u00e1t kell festeni. Egy\u00e9bir\u00e1nt a sz\u00edn, pontosan meg van hat\u00e1rozva: RAL 1023 Traffic Yellow. A k\u00fcls\u0151t illet\u0151en t\u00f6bb egy\u00e9b k\u00f6telezetts\u00e9g is van, ilyen p\u00e9ld\u00e1ul az inform\u00e1ci\u00f3s elemek haszn\u00e1lata vagy a pepita s\u00e1v az oldal ablakok alatt. Term\u00e9szetesen, aki taxis tanfolyamra jelentkezik, az ezekr\u0151l mind r\u00e9szletesen tanulni fog.<\/p>\n<p>Ezek az el\u0151\u00edr\u00e1sok csak a budapesti szolg\u00e1ltat\u00f3kra igazak, az eg\u00e9sz orsz\u00e1gra k\u00f6telez\u0151en \u00e9rv\u00e9nyes el\u0151\u00edr\u00e1sokb\u00f3l kell csak vizsg\u00e1n sz\u00e1mot adni. Azt mindenkinek tudnia kell, hogy a taxik rendsz\u00e1ma s\u00e1rga sz\u00edn\u0171. <a href=\"\/jelentkezesi-lap\/6_szemelygepkocsis-tanfolyamok\">Jelentkezzen<\/a> m\u00e9g ma k\u00e9pz\u00e9seinkre \u00d6n is!<\/p>\n<!-- Begin Yuzo --><div class='yuzo_related_post style-2'  data-version='5.12.88'><!-- without result --><div class='yuzo_clearfixed yuzo__title yuzo__title'><h3>Hasonl\u00f3 cikkek<\/h3><\/div>\n\t\t\t\t\t\t<div class=\"relatedthumb yuzo-list  \" style=\"\"  >  \n\t\t\t\t\t\t  <a  href=\"https:\/\/www.transzportstudium.hu\/blog\/2015\/07\/16\/melyek-az-autobuszos-szemelyszallito-vallalkozas-feltetelei\/\" class=\"image-list\"  >\n\t\t\t\t\t\t  <div class=\"yuzo-img-wrap  ilen_shine \" style=\"width: 100px;height:65px;\">\n\t\t\t\t\t\t\t\t\t <span class='shine-effect'><\/span> \n\t\t\t\t\t\t\t\t\t <div class=\"yuzo-img\" style=\"background:url('https:\/\/www.transzportstudium.hu\/blog\/wp-content\/uploads\/2015\/07\/la-flotta-150x150.jpg') 50% 50% no-repeat;width: 105px;height:65px;margin-bottom: 5px;background-size:  cover;  \"><\/div>\n\t\t\t\t\t\t  <\/div>\n\t\t\t\t\t\t  <\/a>\n\t\t\t\t\t\t  <a  class=\"link-list yuzo__text--title\" href=\"https:\/\/www.transzportstudium.hu\/blog\/2015\/07\/16\/melyek-az-autobuszos-szemelyszallito-vallalkozas-feltetelei\/\" style=\"font-size:14px;;line-height:22px;\"> Melyek az aut\u00f3buszos szem\u00e9lysz\u00e1ll\u00edt\u00f3 v\u00e1llalkoz\u00e1s f...  <\/a>\n\t\t\t\t\t\t\t\t<span class=\"yuzo_text\" style=\"font-size:10px;\" >A legt\u00f6bb\u00fcnk gyerekkor\u00e1ban szeretett volna buszsof\u0151r lenni, de sajnos sokunk \u00e1lma nem val\u00f3sulhatott meg. Az \u00e1lmok\u00e9rt bizony tenni kell \u00e9s olykor nem i...<\/span>\n\t\t\t\t\t\t   \n\t\t\t\t\t\t<\/div>\n\t\t\t\t\t\t<div class=\"relatedthumb yuzo-list  \" style=\"\"  >  \n\t\t\t\t\t\t  <a  href=\"https:\/\/www.transzportstudium.hu\/blog\/2015\/01\/22\/rakomanyrogzites-tanfolyam\/\" class=\"image-list\"  >\n\t\t\t\t\t\t  <div class=\"yuzo-img-wrap  ilen_shine \" style=\"width: 100px;height:65px;\">\n\t\t\t\t\t\t\t\t\t <span class='shine-effect'><\/span> \n\t\t\t\t\t\t\t\t\t <div class=\"yuzo-img\" style=\"background:url('https:\/\/www.transzportstudium.hu\/blog\/wp-content\/uploads\/2014\/09\/home-slide3-150x150.jpg') 50% 50% no-repeat;width: 105px;height:65px;margin-bottom: 5px;background-size:  cover;  \"><\/div>\n\t\t\t\t\t\t  <\/div>\n\t\t\t\t\t\t  <\/a>\n\t\t\t\t\t\t  <a  class=\"link-list yuzo__text--title\" href=\"https:\/\/www.transzportstudium.hu\/blog\/2015\/01\/22\/rakomanyrogzites-tanfolyam\/\" style=\"font-size:14px;;line-height:22px;\"> Rakom\u00e1nyr\u00f6gz\u00edt\u00e9s tanfolyam  <\/a>\n\t\t\t\t\t\t\t\t<span class=\"yuzo_text\" style=\"font-size:10px;\" >Mi\u00e9rt fontos a rakom\u00e1ny t\u00f6k\u00e9letes r\u00f6gz\u00edt\u00e9se?\r\nA rakom\u00e1ny r\u00f6gz\u00edt\u00e9se rendk\u00edv\u00fcl fontos a sz\u00e1ll\u00edtm\u00e1nyoz\u00e1s sor\u00e1n, mert ha b\u00e1rmilyen okb\u00f3l megmozdul a plat\u00f3...<\/span>\n\t\t\t\t\t\t   \n\t\t\t\t\t\t<\/div>\n\t\t\t\t\t\t<div class=\"relatedthumb yuzo-list  \" style=\"\"  >  \n\t\t\t\t\t\t  <a  href=\"https:\/\/www.transzportstudium.hu\/blog\/2015\/06\/01\/mi-a-kulonbseg-a-gepkezelo-okj-es-nkh-vizsga-kozott\/\" class=\"image-list\"  >\n\t\t\t\t\t\t  <div class=\"yuzo-img-wrap  ilen_shine \" style=\"width: 100px;height:65px;\">\n\t\t\t\t\t\t\t\t\t <span class='shine-effect'><\/span> \n\t\t\t\t\t\t\t\t\t <div class=\"yuzo-img\" style=\"background:url('https:\/\/www.transzportstudium.hu\/blog\/wp-content\/uploads\/2015\/06\/173-063_ch08_014ret_1300x845-150x150.jpg') 50% 50% no-repeat;width: 105px;height:65px;margin-bottom: 5px;background-size:  cover;  \"><\/div>\n\t\t\t\t\t\t  <\/div>\n\t\t\t\t\t\t  <\/a>\n\t\t\t\t\t\t  <a  class=\"link-list yuzo__text--title\" href=\"https:\/\/www.transzportstudium.hu\/blog\/2015\/06\/01\/mi-a-kulonbseg-a-gepkezelo-okj-es-nkh-vizsga-kozott\/\" style=\"font-size:14px;;line-height:22px;\"> Mi a k\u00fcl\u00f6nbs\u00e9g a g\u00e9pkezel\u0151 OKJ \u00e9s NKH vizsga k\u00f6z\u00f6t...  <\/a>\n\t\t\t\t\t\t\t\t<span class=\"yuzo_text\" style=\"font-size:10px;\" >Nagyon sokszor \u00edrtunk m\u00e1r ezen a blogon a Orsz\u00e1gos K\u00e9pz\u00e9si Jegyz\u00e9kben meghat\u00e1rozott rendszerben t\u00f6rt\u00e9n\u0151\u00a0 targonc\u00e1s \u00e9s egy\u00e9b g\u00e9pkezel\u0151i k\u00e9pz\u00e9sekr\u0151l. Ar...<\/span>\n\t\t\t\t\t\t   \n\t\t\t\t\t\t<\/div>\n\t\t\t\t\t\t<div class=\"relatedthumb yuzo-list  \" style=\"\"  >  \n\t\t\t\t\t\t  <a  href=\"https:\/\/www.transzportstudium.hu\/blog\/2019\/10\/01\/kulcsszo-a-biztonsag\/\" class=\"image-list\"  >\n\t\t\t\t\t\t  <div class=\"yuzo-img-wrap  ilen_shine \" style=\"width: 100px;height:65px;\">\n\t\t\t\t\t\t\t\t\t <span class='shine-effect'><\/span> \n\t\t\t\t\t\t\t\t\t <div class=\"yuzo-img\" style=\"background:url('https:\/\/www.transzportstudium.hu\/blog\/wp-content\/uploads\/2019\/10\/Kulcssz\u00f3-a-biztons\u00e1g-150x150.jpg') 50% 50% no-repeat;width: 105px;height:65px;margin-bottom: 5px;background-size:  cover;  \"><\/div>\n\t\t\t\t\t\t  <\/div>\n\t\t\t\t\t\t  <\/a>\n\t\t\t\t\t\t  <a  class=\"link-list yuzo__text--title\" href=\"https:\/\/www.transzportstudium.hu\/blog\/2019\/10\/01\/kulcsszo-a-biztonsag\/\" style=\"font-size:14px;;line-height:22px;\"> Kulcssz\u00f3 a biztons\u00e1g  <\/a>\n\t\t\t\t\t\t\t\t<span class=\"yuzo_text\" style=\"font-size:10px;\" >Tal\u00e1n senkinek nem \u00e1rulunk el nagy titkot azzal, hogy a targoncavezet\u0151 feladata az \u00e1ruk mozgat\u00e1sa, ki-be \u00e9s fel-le pakol\u00e1sa, \u00edgy \u00e9rthet\u0151, hogy a targo...<\/span>\n\t\t\t\t\t\t   \n\t\t\t\t\t\t<\/div>\n<\/div>  <!-- End Yuzo :) -->","protected":false},"excerpt":{"rendered":"<p>A legt\u00f6bb emberrel el\u0151fordul \u00e9let\u00e9ben, hogy valamilyen okb\u00f3l ad\u00f3d\u00f3an el\u00e9getetlen a munk\u00e1j\u00e1val, \u00e1ltal\u00e1ban vagy a b\u00e9rez\u00e9s nem megfelel\u0151, vagy az elv\u00e9gezend\u0151 munka nem j\u00f3. Sz\u00e1mukra egy taxis tanfolyam elv\u00e9gz\u00e9se t\u00f6k\u00e9letes megold\u00e1s lehet ahhoz, hogy&#46;&#46;&#46;<\/p>\n","protected":false},"author":3,"featured_media":1391,"comment_status":"open","ping_status":"open","sticky":false,"template":"","format":"standard","meta":{"footnotes":""},"categories":[235],"tags":[28,29,105,193,192,229],"class_list":["post-1390","post","type-post","status-publish","format-standard","has-post-thumbnail","hentry","category-szemelygepkocsis-tanfolyamok","tag-szemelyfuvarozas","tag-szemelyszallitas","tag-taxi-gepkocsivezeto","tag-taxis-tanfolyam","tag-taxis-vizsga","tag-taxivezetoi-engedely"],"aioseo_notices":[],"_links":{"self":[{"href":"https:\/\/www.transzportstudium.hu\/blog\/wp-json\/wp\/v2\/posts\/1390","targetHints":{"allow":["GET"]}}],"collection":[{"href":"https:\/\/www.transzportstudium.hu\/blog\/wp-json\/wp\/v2\/posts"}],"about":[{"href":"https:\/\/www.transzportstudium.hu\/blog\/wp-json\/wp\/v2\/types\/post"}],"author":[{"embeddable":true,"href":"https:\/\/www.transzportstudium.hu\/blog\/wp-json\/wp\/v2\/users\/3"}],"replies":[{"embeddable":true,"href":"https:\/\/www.transzportstudium.hu\/blog\/wp-json\/wp\/v2\/comments?post=1390"}],"version-history":[{"count":1,"href":"https:\/\/www.transzportstudium.hu\/blog\/wp-json\/wp\/v2\/posts\/1390\/revisions"}],"predecessor-version":[{"id":1392,"href":"https:\/\/www.transzportstudium.hu\/blog\/wp-json\/wp\/v2\/posts\/1390\/revisions\/1392"}],"wp:featuredmedia":[{"embeddable":true,"href":"https:\/\/www.transzportstudium.hu\/blog\/wp-json\/wp\/v2\/media\/1391"}],"wp:attachment":[{"href":"https:\/\/www.transzportstudium.hu\/blog\/wp-json\/wp\/v2\/media?parent=1390"}],"wp:term":[{"taxonomy":"category","embeddable":true,"href":"https:\/\/www.transzportstudium.hu\/blog\/wp-json\/wp\/v2\/categories?post=1390"},{"taxonomy":"post_tag","embeddable":true,"href":"https:\/\/www.transzportstudium.hu\/blog\/wp-json\/wp\/v2\/tags?post=1390"}],"curies":[{"name":"wp","href":"https:\/\/api.w.org\/{rel}","templated":true}]}}