{"id":1368,"date":"2018-12-25T10:03:04","date_gmt":"2018-12-25T09:03:04","guid":{"rendered":"https:\/\/www.transzportstudium.hu\/blog\/?p=1368"},"modified":"2018-12-27T14:38:42","modified_gmt":"2018-12-27T13:38:42","slug":"az-adr-vizsga-nem-jatek","status":"publish","type":"post","link":"https:\/\/www.transzportstudium.hu\/blog\/2018\/12\/25\/az-adr-vizsga-nem-jatek\/","title":{"rendered":"Az ADR vizsga nem j\u00e1t\u00e9k"},"content":{"rendered":"<p>Aki vesz\u00e9lyes \u00e1ru sz\u00e1ll\u00edt\u00e1ssal foglalkozik, annak ADR tanfolyamon kell r\u00e9szt vennie, majd ezt k\u00f6vet\u0151en ADR vizsg\u00e1t kell tennie. A k\u00f6vetelm\u00e9nyek \u00e9s az ADR vizsga is szigor\u00fa, hiszen a vesz\u00e9lyes \u00e1ruk sz\u00e1ll\u00edt\u00e1s\u00e1nak a szab\u00e1lyoz\u00e1sa is az, t\u00f6rt\u00e9njen az tart\u00e1nyos vagy <a href=\"\/tanfolyamok\/adr-tanfolyamok\/12_adr-nem-tartanyos-alapkepzes\">nem-tart\u00e1nyos form\u00e1ban<\/a>.<\/p>\n<p>Az emberi eg\u00e9szs\u00e9g, a k\u00f6rnyezet \u00e9ps\u00e9ge, illet\u0151leg anyagi javak is vesz\u00e9lybe ker\u00fclhetnek a vesz\u00e9lyes \u00e1ruk sz\u00e1ll\u00edt\u00e1sa sor\u00e1n, \u00edgy a hat\u00f3s\u00e1g kiemelt figyelmet szentel a teljes folyamatnak, kezdve az \u00e1ru berakod\u00e1s\u00e1t\u00f3l, annak kirakod\u00e1s\u00e1ig. P\u00e9ld\u00e1nak ok\u00e1\u00e9rt, ha a vesz\u00e9lyes anyag sziv\u00e1rogni kezd a sz\u00e1ll\u00edt\u00e1s sor\u00e1n \u2013 \u00e9s az most mindegy mekkora m\u00e9rt\u00e9kben \u2013 az <strong>r\u00f6gt\u00f6n 800.000 forintos b\u00fcntet\u00e9st<\/strong> von maga ut\u00e1n, de ugyanekkora a b\u00fcntet\u00e9s akkor is, ha j\u00f3v\u00e1hagy\u00e1s n\u00e9lk\u00fcli csomagol\u00f3eszk\u00f6z\u00f6ket haszn\u00e1lnak az \u00e1ru tov\u00e1bb\u00edt\u00e1s\u00e1hoz. Jelenleg \u00f6t t\u00e1bl\u00e1zat, 63 f\u0151 pontba rendezi a lehets\u00e9ges mulaszt\u00e1sokat \u00e9s szab\u00e1lytalans\u00e1gokat. Az is besz\u00e9des p\u00e9lda, hogy <strong>doh\u00e1nyz\u00e1s eset\u00e9n is 200.000 forintt\u00f3l indul<\/strong> a b\u00fcntet\u00e9s, ami sokszorosa annak, ha p\u00e9ld\u00e1ul valaki tilos helyen gy\u00fajtana r\u00e1. Az ADR vizsg\u00e1n \u00e9ppen ez\u00e9rt szigor\u00faan sz\u00e1mot kell adni arr\u00f3l, amit a <a href=\"\/tanfolyamok\/adr-tanfolyamok\/12_adr-nem-tartanyos-alapkepzes\">tanfolyamon<\/a> megtanult a hallgat\u00f3.<\/p>\n<div id=\"attachment_1369\" style=\"width: 858px\" class=\"wp-caption aligncenter\"><img loading=\"lazy\" decoding=\"async\" aria-describedby=\"caption-attachment-1369\" class=\"size-full wp-image-1369\" src=\"https:\/\/www.transzportstudium.hu\/blog\/wp-content\/uploads\/2018\/12\/ADR-Tanker.jpg\" alt=\"ADR vizsga\" width=\"848\" height=\"565\" srcset=\"https:\/\/www.transzportstudium.hu\/blog\/wp-content\/uploads\/2018\/12\/ADR-Tanker.jpg 848w, https:\/\/www.transzportstudium.hu\/blog\/wp-content\/uploads\/2018\/12\/ADR-Tanker-300x200.jpg 300w, https:\/\/www.transzportstudium.hu\/blog\/wp-content\/uploads\/2018\/12\/ADR-Tanker-768x512.jpg 768w\" sizes=\"auto, (max-width: 848px) 100vw, 848px\" \/><p id=\"caption-attachment-1369\" class=\"wp-caption-text\">ADR vizsga<\/p><\/div>\n<h4>Csoportos\u00edt\u00e1s<\/h4>\n<p>Term\u00e9szetesen maguk a vesz\u00e9lyes \u00e1ruk is t\u00f6bb kateg\u00f3ri\u00e1ba tartoznak, amit szint\u00e9n meg kell tanulni az <a href=\"\/jelentkezesi-lap\/3_adr-tanfolyamok\">ADR vizsg\u00e1ra<\/a>. Hogy csak p\u00e1rat eml\u00edts\u00fcnk, ilyenek a t\u0171z- \u00e9s robban\u00e1svesz\u00e9ly anyagok, az eg\u00e9szs\u00e9gk\u00e1ros\u00edt\u00f3 anyagok vagy a k\u00f6rnyezetszennyez\u0151 hat\u00e1s\u00fa anyagok. A vesz\u00e9lyes \u00e1ruk sz\u00e1ll\u00edt\u00e1s\u00e1t tekintve a legfontosabb szervezet az Egyes\u00fclt Nemzetek Gazdas\u00e1gi \u00e9s Szoci\u00e1lis Tan\u00e1csa (ECOSOC). A szervezet \u00e1ltal ki\u00edrt szab\u00e1lyoz\u00e1sok pedig szint\u00e9n t\u00f6bb r\u00e9szter\u00fcletre oszlanak. A teljess\u00e9g ig\u00e9nye n\u00e9lk\u00fcl ilyen a vesz\u00e9lyes \u00e1ruk azonos\u00edt\u00e1sa, k\u00f3dol\u00e1sa, a csomagol\u00e1si el\u0151\u00edr\u00e1sok \u00e9s jel\u00f6l\u00e9seik, az \u00e1rukezel\u00e9si el\u0151\u00edr\u00e1sok, a speci\u00e1lis jel\u00f6l\u00e9sek a k\u00fcldem\u00e9nyen \u00e9s a sz\u00e1ll\u00edt\u00f3eszk\u00f6z\u00f6n, a k\u00fcl\u00f6nb\u00f6z\u0151 okm\u00e1nyok haszn\u00e1lata \u00e9s hosszan lehetne m\u00e9g folytatni sort. Tal\u00e1n mondani sem kell, hogy az ADR vizsg\u00e1n ezek mindegyike is sz\u00f3ba ker\u00fclhet.<\/p>\n<h4>Amit tanulunk<\/h4>\n<p>Az <a href=\"\/tanfolyamok\/3_adr-tanfolyamok\">ADR tanfolyamon<\/a> sz\u00e1mos fogalmat is el kell tudni saj\u00e1t\u00edtani, vagyis a mem\u00f3ri\u00e1j\u00e1ra is sz\u00fcks\u00e9ge lesz a tanul\u00f3nak. Ilyen a felad\u00f3, az \u00f6mlesztett sz\u00e1ll\u00edt\u00e1s vagy a k\u00fcldem\u00e9nydarab. Ez ut\u00f3bbira az ADR vizsg\u00e1n p\u00e9ld\u00e1ul ez a helyes v\u00e1lasz: \u201ea becsomagol\u00e1si m\u0171velet v\u00e9gterm\u00e9ke, amely a felad\u00e1sra k\u00e9sz \u00e1llapotban van. A csomagol\u00f3eszk\u00f6zb\u0151l, IBC-b\u0151l vagy nagycsomagol\u00e1sb\u00f3l \u00e9s tartalm\u00e1b\u00f3l \u00e1ll.\u201d A fogalom kiterjed a g\u00e1zok sz\u00e1ll\u00edt\u00e1s\u00e1ra haszn\u00e1lt tart\u00e1lyokra, valamint az olyan t\u00e1rgyakra is, amelyeket m\u00e9ret\u00fck, t\u00f6meg\u00fck vagy kialak\u00edt\u00e1suk folyt\u00e1n, csomagol\u00e1s n\u00e9lk\u00fcl vagy rekeszekben, cs\u00fasz\u00f3talpon, kos\u00e1rban, stb. sz\u00e1ll\u00edtanak. Az ADR vizsga teh\u00e1t nem gyerekj\u00e1t\u00e9k \u00e9s bizony nem is siker\u00fcl mindenkinek els\u0151re. Ha valaki elmulasztja, vagy nem figyel el\u00e9gg\u00e9 az \u00f3r\u00e1kon annak bizony nem sok es\u00e9lye van r\u00e1, hogy meg\u00fcsse a k\u00f6telez\u0151 minimumot az ADR vizsg\u00e1n, melynek \u00edr\u00e1sbeli \u00e9s gyakorlati r\u00e9sze is van. <a href=\"\/oktatok\">Oktat\u00f3ink<\/a> azonban kiv\u00e1l\u00f3 szakemberek, akik mindenkit maxim\u00e1lisan fel tudnak k\u00e9sz\u00edteni az ADR vizsg\u00e1ra, aki val\u00f3ban tanulni akar \u00e9s a k\u00e9s\u0151bbiekben ezen a ter\u00fcleten szeretne dolgozni.<\/p>\n<!-- Begin Yuzo --><div class='yuzo_related_post style-2'  data-version='5.12.88'><!-- without result --><div class='yuzo_clearfixed yuzo__title yuzo__title'><h3>Hasonl\u00f3 cikkek<\/h3><\/div>\n\t\t\t\t\t\t<div class=\"relatedthumb yuzo-list  \" style=\"\"  >  \n\t\t\t\t\t\t  <a  href=\"https:\/\/www.transzportstudium.hu\/blog\/2019\/06\/27\/batrakert-a-vallalkozoi-szaktanfolyamok\/\" class=\"image-list\"  >\n\t\t\t\t\t\t  <div class=\"yuzo-img-wrap  ilen_shine \" style=\"width: 100px;height:65px;\">\n\t\t\t\t\t\t\t\t\t <span class='shine-effect'><\/span> \n\t\t\t\t\t\t\t\t\t <div class=\"yuzo-img\" style=\"background:url('https:\/\/www.transzportstudium.hu\/blog\/wp-content\/uploads\/2014\/08\/trucker_schools-150x150.jpg') 50% 50% no-repeat;width: 105px;height:65px;margin-bottom: 5px;background-size:  cover;  \"><\/div>\n\t\t\t\t\t\t  <\/div>\n\t\t\t\t\t\t  <\/a>\n\t\t\t\t\t\t  <a  class=\"link-list yuzo__text--title\" href=\"https:\/\/www.transzportstudium.hu\/blog\/2019\/06\/27\/batrakert-a-vallalkozoi-szaktanfolyamok\/\" style=\"font-size:14px;;line-height:22px;\"> B\u00e1trak\u00e9rt a v\u00e1llalkoz\u00f3i szaktanfolyamok  <\/a>\n\t\t\t\t\t\t\t\t<span class=\"yuzo_text\" style=\"font-size:10px;\" >Persze v\u00e1llalkoz\u00f3nak lenni, nem csak b\u00e1tors\u00e1g f\u00fcggv\u00e9nye, de k\u00e9ts\u00e9gtelen, hogy egy kis mer\u00e9szs\u00e9g is kell hozz\u00e1, mint mindenhez, ami v\u00e1ltoz\u00e1sk\u00e9nt jeleni...<\/span>\n\t\t\t\t\t\t   \n\t\t\t\t\t\t<\/div>\n\t\t\t\t\t\t<div class=\"relatedthumb yuzo-list  \" style=\"\"  >  \n\t\t\t\t\t\t  <a  href=\"https:\/\/www.transzportstudium.hu\/blog\/2018\/01\/25\/milyen-adr-tanfolyam-valo-onnek\/\" class=\"image-list\"  >\n\t\t\t\t\t\t  <div class=\"yuzo-img-wrap  ilen_shine \" style=\"width: 100px;height:65px;\">\n\t\t\t\t\t\t\t\t\t <span class='shine-effect'><\/span> \n\t\t\t\t\t\t\t\t\t <div class=\"yuzo-img\" style=\"background:url('https:\/\/www.transzportstudium.hu\/blog\/wp-content\/uploads\/2018\/01\/Milyen_ADR_tanfolyam_valo_Onnek_sml-150x150.jpg') 50% 50% no-repeat;width: 105px;height:65px;margin-bottom: 5px;background-size:  cover;  \"><\/div>\n\t\t\t\t\t\t  <\/div>\n\t\t\t\t\t\t  <\/a>\n\t\t\t\t\t\t  <a  class=\"link-list yuzo__text--title\" href=\"https:\/\/www.transzportstudium.hu\/blog\/2018\/01\/25\/milyen-adr-tanfolyam-valo-onnek\/\" style=\"font-size:14px;;line-height:22px;\"> Milyen ADR tanfolyam val\u00f3 \u00d6nnek?  <\/a>\n\t\t\t\t\t\t\t\t<span class=\"yuzo_text\" style=\"font-size:10px;\" >Manaps\u00e1g egyre t\u00f6bb sz\u00e1ll\u00edtm\u00e1nyoz\u00e1si c\u00e9g v\u00e1rja el leend\u0151 dolgoz\u00f3it\u00f3l, g\u00e9pj\u00e1rm\u0171vezet\u0151it\u0151l, hogy rendelkezzenek ADR bizony\u00edtv\u00e1nnyal. A trendnek k\u00f6sz\u00f6nhe...<\/span>\n\t\t\t\t\t\t   \n\t\t\t\t\t\t<\/div>\n\t\t\t\t\t\t<div class=\"relatedthumb yuzo-list  \" style=\"\"  >  \n\t\t\t\t\t\t  <a  href=\"https:\/\/www.transzportstudium.hu\/blog\/2014\/07\/26\/iranyitsa-sajat-ceget-arufuvarozo-vallalkozokent\/\" class=\"image-list\"  >\n\t\t\t\t\t\t  <div class=\"yuzo-img-wrap  ilen_shine \" style=\"width: 100px;height:65px;\">\n\t\t\t\t\t\t\t\t\t <span class='shine-effect'><\/span> \n\t\t\t\t\t\t\t\t\t <div class=\"yuzo-img\" style=\"background:url('https:\/\/www.transzportstudium.hu\/blog\/wp-content\/uploads\/2014\/08\/Truck-convoy-istockphoto1-150x150.jpg') 50% 50% no-repeat;width: 105px;height:65px;margin-bottom: 5px;background-size:  cover;  \"><\/div>\n\t\t\t\t\t\t  <\/div>\n\t\t\t\t\t\t  <\/a>\n\t\t\t\t\t\t  <a  class=\"link-list yuzo__text--title\" href=\"https:\/\/www.transzportstudium.hu\/blog\/2014\/07\/26\/iranyitsa-sajat-ceget-arufuvarozo-vallalkozokent\/\" style=\"font-size:14px;;line-height:22px;\"> Ir\u00e1ny\u00edtsa saj\u00e1t c\u00e9g\u00e9t \u00e1rufuvaroz\u00f3 v\u00e1llalkoz\u00f3k\u00e9nt...  <\/a>\n\t\t\t\t\t\t\t\t<span class=\"yuzo_text\" style=\"font-size:10px;\" >Ha m\u00e1r \u00e9vek vagy ak\u00e1r \u00e9vtizedek \u00f3ta foglalkozik \u00e1rufuvaroz\u00e1ssal, m\u00e1ra j\u00f3 r\u00e1l\u00e1t\u00e1ssal b\u00edr a szakm\u00e1ra: l\u00e1tja, mik azok a szempontok, amelyekre fokozottan...<\/span>\n\t\t\t\t\t\t   \n\t\t\t\t\t\t<\/div>\n\t\t\t\t\t\t<div class=\"relatedthumb yuzo-list  \" style=\"\"  >  \n\t\t\t\t\t\t  <a  href=\"https:\/\/www.transzportstudium.hu\/blog\/2019\/07\/14\/az-adr-vizsga-ararol\/\" class=\"image-list\"  >\n\t\t\t\t\t\t  <div class=\"yuzo-img-wrap  ilen_shine \" style=\"width: 100px;height:65px;\">\n\t\t\t\t\t\t\t\t\t <span class='shine-effect'><\/span> \n\t\t\t\t\t\t\t\t\t <div class=\"yuzo-img\" style=\"background:url('https:\/\/www.transzportstudium.hu\/blog\/wp-content\/uploads\/2019\/07\/corrosive-goods-tanker-150x150.jpg') 50% 50% no-repeat;width: 105px;height:65px;margin-bottom: 5px;background-size:  cover;  \"><\/div>\n\t\t\t\t\t\t  <\/div>\n\t\t\t\t\t\t  <\/a>\n\t\t\t\t\t\t  <a  class=\"link-list yuzo__text--title\" href=\"https:\/\/www.transzportstudium.hu\/blog\/2019\/07\/14\/az-adr-vizsga-ararol\/\" style=\"font-size:14px;;line-height:22px;\"> Az ADR vizsga \u00e1r\u00e1r\u00f3l  <\/a>\n\t\t\t\t\t\t\t\t<span class=\"yuzo_text\" style=\"font-size:10px;\" >A kiskereskedelemben folyamatos probl\u00e9mak\u00e9nt vagy ink\u00e1bb kih\u00edv\u00e1sk\u00e9nt jelentkezik, hogy mennyire \u00e1r-\u00e9rz\u00e9keny a magyar fogyaszt\u00f3. Ez azonban nem csak az...<\/span>\n\t\t\t\t\t\t   \n\t\t\t\t\t\t<\/div>\n<\/div>  <!-- End Yuzo :) -->","protected":false},"excerpt":{"rendered":"<p>Aki vesz\u00e9lyes \u00e1ru sz\u00e1ll\u00edt\u00e1ssal foglalkozik, annak ADR tanfolyamon kell r\u00e9szt vennie, majd ezt k\u00f6vet\u0151en ADR vizsg\u00e1t kell tennie. A k\u00f6vetelm\u00e9nyek \u00e9s az ADR vizsga is szigor\u00fa, hiszen a vesz\u00e9lyes \u00e1ruk sz\u00e1ll\u00edt\u00e1s\u00e1nak a szab\u00e1lyoz\u00e1sa is&#46;&#46;&#46;<\/p>\n","protected":false},"author":3,"featured_media":1369,"comment_status":"open","ping_status":"open","sticky":false,"template":"","format":"standard","meta":{"footnotes":""},"categories":[2],"tags":[224,174,71,72],"class_list":["post-1368","post","type-post","status-publish","format-standard","has-post-thumbnail","hentry","category-adr","tag-adr","tag-adr-kepzes","tag-adr-tanfolyam","tag-adr-vizsga"],"aioseo_notices":[],"_links":{"self":[{"href":"https:\/\/www.transzportstudium.hu\/blog\/wp-json\/wp\/v2\/posts\/1368","targetHints":{"allow":["GET"]}}],"collection":[{"href":"https:\/\/www.transzportstudium.hu\/blog\/wp-json\/wp\/v2\/posts"}],"about":[{"href":"https:\/\/www.transzportstudium.hu\/blog\/wp-json\/wp\/v2\/types\/post"}],"author":[{"embeddable":true,"href":"https:\/\/www.transzportstudium.hu\/blog\/wp-json\/wp\/v2\/users\/3"}],"replies":[{"embeddable":true,"href":"https:\/\/www.transzportstudium.hu\/blog\/wp-json\/wp\/v2\/comments?post=1368"}],"version-history":[{"count":1,"href":"https:\/\/www.transzportstudium.hu\/blog\/wp-json\/wp\/v2\/posts\/1368\/revisions"}],"predecessor-version":[{"id":1370,"href":"https:\/\/www.transzportstudium.hu\/blog\/wp-json\/wp\/v2\/posts\/1368\/revisions\/1370"}],"wp:featuredmedia":[{"embeddable":true,"href":"https:\/\/www.transzportstudium.hu\/blog\/wp-json\/wp\/v2\/media\/1369"}],"wp:attachment":[{"href":"https:\/\/www.transzportstudium.hu\/blog\/wp-json\/wp\/v2\/media?parent=1368"}],"wp:term":[{"taxonomy":"category","embeddable":true,"href":"https:\/\/www.transzportstudium.hu\/blog\/wp-json\/wp\/v2\/categories?post=1368"},{"taxonomy":"post_tag","embeddable":true,"href":"https:\/\/www.transzportstudium.hu\/blog\/wp-json\/wp\/v2\/tags?post=1368"}],"curies":[{"name":"wp","href":"https:\/\/api.w.org\/{rel}","templated":true}]}}