{"id":1346,"date":"2018-11-20T08:05:38","date_gmt":"2018-11-20T07:05:38","guid":{"rendered":"https:\/\/www.transzportstudium.hu\/blog\/?p=1346"},"modified":"2018-12-27T12:37:48","modified_gmt":"2018-12-27T11:37:48","slug":"egy-gki-vizsgaval-ket-szakma","status":"publish","type":"post","link":"https:\/\/www.transzportstudium.hu\/blog\/2018\/11\/20\/egy-gki-vizsgaval-ket-szakma\/","title":{"rendered":"Egy GKI vizsg\u00e1val k\u00e9t szakma"},"content":{"rendered":"<p>Azoknak, akik hivat\u00e1sos sof\u0151rk\u00e9nt r\u00f3j\u00e1k az utakat, 2009 \u00f3ta k\u00f6telez\u0151 <a href=\"https:\/\/www.transzportstudium.hu\/tanfolyamok\/1_gepkocsivezetoi-szaktanfolyamok-gki-tanfolyam\">GKI tanfolyamot<\/a> v\u00e9gezni\u00fck, majd GKI vizsg\u00e1t tenni\u00fck. Az alaptanfolyam mellett, tov\u00e1bbk\u00e9pz\u00e9sre is sz\u00fcks\u00e9g van, mivel a GKI k\u00e1rtya \u00f6t \u00e9vig \u00e9rv\u00e9nyes, ezt k\u00f6vet\u0151en meg kell \u00faj\u00edtani, amihez ism\u00e9t sikeres GKI vizsg\u00e1t kell tenni.<\/p>\n<div id=\"attachment_1347\" style=\"width: 1010px\" class=\"wp-caption aligncenter\"><img loading=\"lazy\" decoding=\"async\" aria-describedby=\"caption-attachment-1347\" class=\"size-full wp-image-1347\" src=\"https:\/\/www.transzportstudium.hu\/blog\/wp-content\/uploads\/2018\/12\/Transport_56.jpg\" alt=\"GKI vizgsa\" width=\"1000\" height=\"667\" srcset=\"https:\/\/www.transzportstudium.hu\/blog\/wp-content\/uploads\/2018\/12\/Transport_56.jpg 1000w, https:\/\/www.transzportstudium.hu\/blog\/wp-content\/uploads\/2018\/12\/Transport_56-300x200.jpg 300w, https:\/\/www.transzportstudium.hu\/blog\/wp-content\/uploads\/2018\/12\/Transport_56-768x512.jpg 768w\" sizes=\"auto, (max-width: 1000px) 100vw, 1000px\" \/><p id=\"caption-attachment-1347\" class=\"wp-caption-text\">GKI vizgsa<\/p><\/div>\n<p>Az alaptanfolyam, szint\u00e9n t\u00f6bbf\u00e9le lehet, az aut\u00f3buszvezet\u0151i alapk\u00e9pz\u00e9s \u00e9s a teherg\u00e9pkocsi vezet\u0151i alapk\u00e9pz\u00e9s mellett lehet\u0151s\u00e9g van az <a href=\"\/tanfolyamok\/gepkocsivezetoi-szaktanfolyamok-gki-tanfolyam\/21_gki-osszevont-jarmuvezetoi-alapkepzes\">\u00f6sszevont j\u00e1rm\u0171vezet\u0151i alapk\u00e9pz\u00e9s<\/a> elv\u00e9gz\u00e9s\u00e9re is, amit csak egy GKI vizsga k\u00f6vet. Tal\u00e1n nem is kell t\u00falzottan hangs\u00falyozni az ut\u00f3bbi k\u00e9pz\u00e9s el\u0151nyeit, hiszen vil\u00e1gos, hogy \u00edgy az ember k\u00e9t szakm\u00e1val lesz gazdagabb \u00e9s k\u00f6nnyebben fog tudni munk\u00e1t v\u00e1llalni. A megn\u00f6vekedett es\u00e9lyek mellett, van egy tov\u00e1bbi el\u0151nye is a dolognak, az \u00f6sszevont j\u00e1rm\u0171vezet\u0151i alapk\u00e9pz\u00e9s d\u00edja 30%-kal olcs\u00f3bb, mintha valaki k\u00fcl\u00f6n v\u00e9gezn\u00e9 el az aut\u00f3buszvezet\u0151i \u00e9s teherg\u00e9pkocsi vezet\u0151i alapk\u00e9pz\u00e9st, valamit k\u00e9t GKI vizsg\u00e1t tenne.<\/p>\n<h4>Mire kell sz\u00e1m\u00edtani?<\/h4>\n<p>Jogosan mer\u00fcl fel a k\u00e9rd\u00e9s, hogy m\u00e9gis mit tanul meg a hallgat\u00f3 egy GKI alapk\u00e9pz\u00e9sen. R\u00f6viden: mindent, ami a szakma gyakorl\u00e1s\u00e1hoz sz\u00fcks\u00e9ges. Sok egy\u00e9b mellett, ilyen a biztons\u00e1gi szab\u00e1lyokon alapul\u00f3 \u00e9sszer\u0171 vezet\u00e9s, a g\u00e9pkocsivezet\u0151i ismeretek vagy a k\u00fcl\u00f6nb\u00f6z\u0151 v\u00e9szhelyzetek megfelel\u0151 kezel\u00e9se, elh\u00e1r\u00edt\u00e1sa. A tanfolyamot k\u00f6vet\u0151 GKI vizsg\u00e1nak \u00edr\u00e1sbeli \u00e9s gyakorlati r\u00e9sze is van. Azok, akik t\u00fals\u00e1gosan elfoglaltak ahhoz, hogy szem\u00e9lyesen vegyenek r\u00e9szt a k\u00e9pz\u00e9sen, t\u00e1voktat\u00e1s form\u00e1j\u00e1ban is tudjuk biztos\u00edtani a <a href=\"\/tanfolyamok\/gki-online-tanfolyamok-e-learning\/76_gki-osszevont-jarmuvezetoi-online-alaptanfolyam-e-learning\">tanfolyam<\/a> elv\u00e9gz\u00e9s\u00e9t. Term\u00e9szetesen, az ezt k\u00f6vet\u0151 GKI <a href=\"\/jelentkezes\">vizsg\u00e1n<\/a>, az e-learninges tanul\u00f3knak is szem\u00e9lyesen kell megjelenni\u00fck.<\/p>\n<!-- Begin Yuzo --><div class='yuzo_related_post style-2'  data-version='5.12.88'><!-- without result --><div class='yuzo_clearfixed yuzo__title yuzo__title'><h3>Hasonl\u00f3 cikkek<\/h3><\/div>\n\t\t\t\t\t\t<div class=\"relatedthumb yuzo-list  \" style=\"\"  >  \n\t\t\t\t\t\t  <a  href=\"https:\/\/www.transzportstudium.hu\/blog\/2015\/01\/20\/elveszett-adr-oktatasi-igazolvany-potlasa\/\" class=\"image-list\"  >\n\t\t\t\t\t\t  <div class=\"yuzo-img-wrap  ilen_shine \" style=\"width: 100px;height:65px;\">\n\t\t\t\t\t\t\t\t\t <span class='shine-effect'><\/span> \n\t\t\t\t\t\t\t\t\t <div class=\"yuzo-img\" style=\"background:url('https:\/\/www.transzportstudium.hu\/blog\/wp-content\/uploads\/2015\/01\/adr_igazolvany-150x150.jpg') 50% 50% no-repeat;width: 105px;height:65px;margin-bottom: 5px;background-size:  cover;  \"><\/div>\n\t\t\t\t\t\t  <\/div>\n\t\t\t\t\t\t  <\/a>\n\t\t\t\t\t\t  <a  class=\"link-list yuzo__text--title\" href=\"https:\/\/www.transzportstudium.hu\/blog\/2015\/01\/20\/elveszett-adr-oktatasi-igazolvany-potlasa\/\" style=\"font-size:14px;;line-height:22px;\"> Elveszett ADR oktat\u00e1si igazolv\u00e1ny p\u00f3tl\u00e1sa  <\/a>\n\t\t\t\t\t\t\t\t<span class=\"yuzo_text\" style=\"font-size:10px;\" >A vesz\u00e9lyes \u00e1rukat fuvaroz\u00f3 g\u00e9pj\u00e1rm\u0171vezet\u0151knek, \u00e9s a fuvaroz\u00e1s valamint \u00e1rukezel\u00e9s egy\u00e9b r\u00e9sztvev\u0151inek az ADR tanfolyami v\u00e9gzetts\u00e9get igazol\u00f3 k\u00e1rty\u00e1va...<\/span>\n\t\t\t\t\t\t   \n\t\t\t\t\t\t<\/div>\n\t\t\t\t\t\t<div class=\"relatedthumb yuzo-list  \" style=\"\"  >  \n\t\t\t\t\t\t  <a  href=\"https:\/\/www.transzportstudium.hu\/blog\/2021\/12\/19\/ujra-lehet-gepkezelo-vizsgat-tenni\/\" class=\"image-list\"  >\n\t\t\t\t\t\t  <div class=\"yuzo-img-wrap  ilen_shine \" style=\"width: 100px;height:65px;\">\n\t\t\t\t\t\t\t\t\t <span class='shine-effect'><\/span> \n\t\t\t\t\t\t\t\t\t <div class=\"yuzo-img\" style=\"background:url('https:\/\/www.transzportstudium.hu\/blog\/wp-content\/uploads\/2018\/09\/Transport_50-g\u00e9p-150x150.jpg') 50% 50% no-repeat;width: 105px;height:65px;margin-bottom: 5px;background-size:  cover;  \"><\/div>\n\t\t\t\t\t\t  <\/div>\n\t\t\t\t\t\t  <\/a>\n\t\t\t\t\t\t  <a  class=\"link-list yuzo__text--title\" href=\"https:\/\/www.transzportstudium.hu\/blog\/2021\/12\/19\/ujra-lehet-gepkezelo-vizsgat-tenni\/\" style=\"font-size:14px;;line-height:22px;\"> \u00dajra lehet g\u00e9pkezel\u0151 vizsg\u00e1t tenni!  <\/a>\n\t\t\t\t\t\t\t\t<span class=\"yuzo_text\" style=\"font-size:10px;\" >Mint azt sokan tudjuk, 2020. december 31-\u00e9vel t\u00f6r\u00f6lt\u00e9k az Orsz\u00e1gos K\u00e9pz\u00e9si Jegyz\u00e9kb\u0151l (OKJ) a g\u00e9pkezel\u0151 k\u00e9pz\u00e9seket, amellyel elindult a bizonytalans\u00e1g...<\/span>\n\t\t\t\t\t\t   \n\t\t\t\t\t\t<\/div>\n\t\t\t\t\t\t<div class=\"relatedthumb yuzo-list  \" style=\"\"  >  \n\t\t\t\t\t\t  <a  href=\"https:\/\/www.transzportstudium.hu\/blog\/2019\/01\/10\/lenduletben-a-piac\/\" class=\"image-list\"  >\n\t\t\t\t\t\t  <div class=\"yuzo-img-wrap  ilen_shine \" style=\"width: 100px;height:65px;\">\n\t\t\t\t\t\t\t\t\t <span class='shine-effect'><\/span> \n\t\t\t\t\t\t\t\t\t <div class=\"yuzo-img\" style=\"background:url('https:\/\/www.transzportstudium.hu\/blog\/wp-content\/uploads\/2018\/12\/ce-20-ton-top-running-electric-double-girder13465895059-150x150.jpg') 50% 50% no-repeat;width: 105px;height:65px;margin-bottom: 5px;background-size:  cover;  \"><\/div>\n\t\t\t\t\t\t  <\/div>\n\t\t\t\t\t\t  <\/a>\n\t\t\t\t\t\t  <a  class=\"link-list yuzo__text--title\" href=\"https:\/\/www.transzportstudium.hu\/blog\/2019\/01\/10\/lenduletben-a-piac\/\" style=\"font-size:14px;;line-height:22px;\"> Lend\u00fcletben a piac  <\/a>\n\t\t\t\t\t\t\t\t<span class=\"yuzo_text\" style=\"font-size:10px;\" >Sok \u00e9v regresszi\u00f3 ut\u00e1n jelenleg hatalmas lend\u00fcletben van az \u00e9p\u00edt\u0151ipar \u00e9s nem csak a lakoss\u00e1gi, de az ipari szegmens is. Szakemberek szerint ez m\u00e9g p\u00e1r...<\/span>\n\t\t\t\t\t\t   \n\t\t\t\t\t\t<\/div>\n\t\t\t\t\t\t<div class=\"relatedthumb yuzo-list  \" style=\"\"  >  \n\t\t\t\t\t\t  <a  href=\"https:\/\/www.transzportstudium.hu\/blog\/2020\/02\/20\/a-gki-tanfolyamon-es-utana\/\" class=\"image-list\"  >\n\t\t\t\t\t\t  <div class=\"yuzo-img-wrap  ilen_shine \" style=\"width: 100px;height:65px;\">\n\t\t\t\t\t\t\t\t\t <span class='shine-effect'><\/span> \n\t\t\t\t\t\t\t\t\t <div class=\"yuzo-img\" style=\"background:url('https:\/\/www.transzportstudium.hu\/blog\/wp-content\/uploads\/2020\/02\/driver-challenge-150x150.jpeg') 50% 50% no-repeat;width: 105px;height:65px;margin-bottom: 5px;background-size:  cover;  \"><\/div>\n\t\t\t\t\t\t  <\/div>\n\t\t\t\t\t\t  <\/a>\n\t\t\t\t\t\t  <a  class=\"link-list yuzo__text--title\" href=\"https:\/\/www.transzportstudium.hu\/blog\/2020\/02\/20\/a-gki-tanfolyamon-es-utana\/\" style=\"font-size:14px;;line-height:22px;\"> A GKI tanfolyamon \u00e9s ut\u00e1na  <\/a>\n\t\t\t\t\t\t\t\t<span class=\"yuzo_text\" style=\"font-size:10px;\" >Az, aki hivat\u00e1sos sof\u0151r akar lenni, \u00e9s teherg\u00e9pkocsit szeretne vezetni, annak mindenekel\u0151tt egy GKI tanfolyamon kell r\u00e9szt vennie, hogy megszerezhesse...<\/span>\n\t\t\t\t\t\t   \n\t\t\t\t\t\t<\/div>\n<\/div>  <!-- End Yuzo :) -->","protected":false},"excerpt":{"rendered":"<p>Azoknak, akik hivat\u00e1sos sof\u0151rk\u00e9nt r\u00f3j\u00e1k az utakat, 2009 \u00f3ta k\u00f6telez\u0151 GKI tanfolyamot v\u00e9gezni\u00fck, majd GKI vizsg\u00e1t tenni\u00fck. Az alaptanfolyam mellett, tov\u00e1bbk\u00e9pz\u00e9sre is sz\u00fcks\u00e9g van, mivel a GKI k\u00e1rtya \u00f6t \u00e9vig \u00e9rv\u00e9nyes, ezt k\u00f6vet\u0151en meg&#46;&#46;&#46;<\/p>\n","protected":false},"author":3,"featured_media":1347,"comment_status":"open","ping_status":"open","sticky":false,"template":"","format":"standard","meta":{"footnotes":""},"categories":[3],"tags":[247,225,146,73,74],"class_list":["post-1346","post","type-post","status-publish","format-standard","has-post-thumbnail","hentry","category-gki","tag-e-learning","tag-gki","tag-gki-kepzes","tag-gki-tanfolyam","tag-gki-vizsga"],"aioseo_notices":[],"_links":{"self":[{"href":"https:\/\/www.transzportstudium.hu\/blog\/wp-json\/wp\/v2\/posts\/1346","targetHints":{"allow":["GET"]}}],"collection":[{"href":"https:\/\/www.transzportstudium.hu\/blog\/wp-json\/wp\/v2\/posts"}],"about":[{"href":"https:\/\/www.transzportstudium.hu\/blog\/wp-json\/wp\/v2\/types\/post"}],"author":[{"embeddable":true,"href":"https:\/\/www.transzportstudium.hu\/blog\/wp-json\/wp\/v2\/users\/3"}],"replies":[{"embeddable":true,"href":"https:\/\/www.transzportstudium.hu\/blog\/wp-json\/wp\/v2\/comments?post=1346"}],"version-history":[{"count":1,"href":"https:\/\/www.transzportstudium.hu\/blog\/wp-json\/wp\/v2\/posts\/1346\/revisions"}],"predecessor-version":[{"id":1348,"href":"https:\/\/www.transzportstudium.hu\/blog\/wp-json\/wp\/v2\/posts\/1346\/revisions\/1348"}],"wp:featuredmedia":[{"embeddable":true,"href":"https:\/\/www.transzportstudium.hu\/blog\/wp-json\/wp\/v2\/media\/1347"}],"wp:attachment":[{"href":"https:\/\/www.transzportstudium.hu\/blog\/wp-json\/wp\/v2\/media?parent=1346"}],"wp:term":[{"taxonomy":"category","embeddable":true,"href":"https:\/\/www.transzportstudium.hu\/blog\/wp-json\/wp\/v2\/categories?post=1346"},{"taxonomy":"post_tag","embeddable":true,"href":"https:\/\/www.transzportstudium.hu\/blog\/wp-json\/wp\/v2\/tags?post=1346"}],"curies":[{"name":"wp","href":"https:\/\/api.w.org\/{rel}","templated":true}]}}