{"id":1335,"date":"2018-12-13T11:21:24","date_gmt":"2018-12-13T10:21:24","guid":{"rendered":"https:\/\/www.transzportstudium.hu\/blog\/?p=1335"},"modified":"2018-12-27T12:37:10","modified_gmt":"2018-12-27T11:37:10","slug":"adr-tanacsado-kepzes","status":"publish","type":"post","link":"https:\/\/www.transzportstudium.hu\/blog\/2018\/12\/13\/adr-tanacsado-kepzes\/","title":{"rendered":"ADR tan\u00e1csad\u00f3 k\u00e9pz\u00e9s"},"content":{"rendered":"<p>Az <a href=\"\/tanfolyamok\/adr-tanfolyamok\/34_adr-veszelyes-aru-szallitasi-biztonsagi-tanacsado\">ADR tan\u00e1csad\u00f3 k\u00e9pz\u00e9s<\/a> kiv\u00e1l\u00f3 lehet\u0151s\u00e9g mindenki sz\u00e1m\u00e1ra, aki hosszabb ideje foglalkozik m\u00e1r valamilyen form\u00e1ban vesz\u00e9lyes \u00e1r\u00fa sz\u00e1ll\u00edt\u00e1ssal. A hosszabb id\u0151, diplom\u00e1val rendelkez\u0151k sz\u00e1m\u00e1ra k\u00e9t \u00e9ves, m\u00edg a k\u00f6z\u00e9piskolai v\u00e9gzetts\u00e9ggel rendelkez\u0151k sz\u00e1m\u00e1ra, \u00f6t \u00e9ves munkaviszonyt jelent a ter\u00fcleten.<\/p>\n<div id=\"attachment_1336\" style=\"width: 460px\" class=\"wp-caption aligncenter\"><img loading=\"lazy\" decoding=\"async\" aria-describedby=\"caption-attachment-1336\" class=\"size-full wp-image-1336\" src=\"https:\/\/www.transzportstudium.hu\/blog\/wp-content\/uploads\/2018\/12\/Transport_53_adr.jpg\" alt=\"ADR tan\u00e1csad\u00f3 k\u00e9pz\u00e9s\" width=\"450\" height=\"267\" srcset=\"https:\/\/www.transzportstudium.hu\/blog\/wp-content\/uploads\/2018\/12\/Transport_53_adr.jpg 450w, https:\/\/www.transzportstudium.hu\/blog\/wp-content\/uploads\/2018\/12\/Transport_53_adr-300x178.jpg 300w\" sizes=\"auto, (max-width: 450px) 100vw, 450px\" \/><p id=\"caption-attachment-1336\" class=\"wp-caption-text\">ADR tan\u00e1csad\u00f3 k\u00e9pz\u00e9s<\/p><\/div>\n<p>Az <a href=\"\/tanfolyamok\/adr-tanfolyamok\/34_adr-veszelyes-aru-szallitasi-biztonsagi-tanacsado\">ADR tan\u00e1csad\u00f3 k\u00e9pz\u00e9s<\/a> elv\u00e9gz\u00e9se ut\u00e1n alkalmazottk\u00e9nt vagy ak\u00e1r megb\u00edzott szem\u00e9lyk\u00e9nt is be lehet t\u00f6lteni a munkak\u00f6rt, l\u00e9v\u00e9n minden olyan v\u00e1llalat k\u00f6teles biztons\u00e1gi tan\u00e1csad\u00f3t foglalkoztatni, amely valamilyen form\u00e1ban vesz\u00e9lyes \u00e1r\u00fa sz\u00e1ll\u00edt\u00e1ssal foglalkozik. A <a href=\"\/tanfolyamok\/adr-tanfolyamok\/34_adr-veszelyes-aru-szallitasi-biztonsagi-tanacsado\">biztons\u00e1gi tan\u00e1csad\u00f3<\/a> legfontosabb feladata, fel\u00fcgyelni az eg\u00e9sz sz\u00e1ll\u00edt\u00e1si folyamatot, ha \u00fagy tetszik, kezeskedni r\u00f3la, hogy a sz\u00e1ll\u00edt\u00e1s val\u00f3ban biztons\u00e1gosan t\u00f6rt\u00e9njen. \u00c9ppen ez\u00e9rt az ADR tan\u00e1csad\u00f3 k\u00e9pz\u00e9s sokr\u00e9t\u0171 \u00e9s a tanfolyam ideje alatt, sz\u00e1mos dolgot saj\u00e1t\u00edt el a hallgat\u00f3.<\/p>\n<h4>Az alaptanfolyamon<\/h4>\n<p>ADR tan\u00e1csad\u00f3 k\u00e9pz\u00e9s <a href=\"\/tanfolyamok\/adr-tanfolyamok\/34_adr-veszelyes-aru-szallitasi-biztonsagi-tanacsado\">alaptanfolyam\u00e1n<\/a> t\u00f6bbek k\u00f6z\u00f6tt az \u00e1ltal\u00e1nos ismereteket, a k\u00f6zleked\u00e9si al\u00e1gazatokra vonatkoz\u00f3 szab\u00e1lyokat, a 2.oszt\u00e1lyba tartoz\u00f3 g\u00e1zokhoz k\u00f6t\u0151d\u0151 ismereteket vagy a 3, 4.1, 4.2, 4.3,5.1, 5.2, 6.1, 6.2, 8 \u00e9s 9 oszt\u00e1ly anyagaihoz k\u00f6t\u0151d\u0151 ismereteket saj\u00e1t\u00edtja el a hallgat\u00f3. Az ADR tan\u00e1csad\u00f3 k\u00e9pz\u00e9sen kiv\u00e1l\u00f3 szakemberekt\u0151l lehet megtanulni a tananyagot, akik legjobb tud\u00e1suk szerint oktatj\u00e1k a szakma fort\u00e9lyait azoknak, akik a k\u00e9s\u0151bbiekben biztons\u00e1gi tan\u00e1csad\u00f3k\u00e9nt szeretn\u00e9nek dolgozni. Azok, akik sikeresen elv\u00e9gezt\u00e9k az ADR tan\u00e1csad\u00f3 k\u00e9pz\u00e9st, a k\u00e9s\u0151bbiekben ak\u00e1r GKI \u00e1rufuvaroz\u00f3 g\u00e9pkocsivezet\u0151 \u00e9s tov\u00e1bbi ADR tanfolyamokon vehetnek r\u00e9szt, A hivatalt\u00f3l kibocs\u00e1tott igazolv\u00e1ny, \u00f6t \u00e9vig \u00e9rv\u00e9nyes, ezt k\u00f6vet\u0151en mindenkinek <a href=\"\/tanfolyamok\/adr-tanfolyamok\/66_adr-veszelyes-aru-szallitasi-biztonsagi-tanacsado-ismeretfelujito\">ismeretfel\u00faj\u00edt\u00f3<\/a> ADR tan\u00e1csad\u00f3 k\u00e9pz\u00e9sen kell r\u00e9szt vennie. <a href=\"\/jelentkezesi-lap\/3_adr-tanfolyamok\">Jelentkezzen<\/a> \u00d6n is m\u00e9g ma tanfolyamainkra!<\/p>\n<!-- Begin Yuzo --><div class='yuzo_related_post style-2'  data-version='5.12.88'><!-- without result --><div class='yuzo_clearfixed yuzo__title yuzo__title'><h3>Hasonl\u00f3 cikkek<\/h3><\/div>\n\t\t\t\t\t\t<div class=\"relatedthumb yuzo-list  \" style=\"\"  >  \n\t\t\t\t\t\t  <a  href=\"https:\/\/www.transzportstudium.hu\/blog\/2019\/09\/05\/az-emelohatfal-vizsgarol\/\" class=\"image-list\"  >\n\t\t\t\t\t\t  <div class=\"yuzo-img-wrap  ilen_shine \" style=\"width: 100px;height:65px;\">\n\t\t\t\t\t\t\t\t\t <span class='shine-effect'><\/span> \n\t\t\t\t\t\t\t\t\t <div class=\"yuzo-img\" style=\"background:url('https:\/\/www.transzportstudium.hu\/blog\/wp-content\/uploads\/2019\/09\/ImJVshGA5d01mA-150x150.jpg') 50% 50% no-repeat;width: 105px;height:65px;margin-bottom: 5px;background-size:  cover;  \"><\/div>\n\t\t\t\t\t\t  <\/div>\n\t\t\t\t\t\t  <\/a>\n\t\t\t\t\t\t  <a  class=\"link-list yuzo__text--title\" href=\"https:\/\/www.transzportstudium.hu\/blog\/2019\/09\/05\/az-emelohatfal-vizsgarol\/\" style=\"font-size:14px;;line-height:22px;\"> Az emel\u0151h\u00e1tfal vizsg\u00e1r\u00f3l  <\/a>\n\t\t\t\t\t\t\t\t<span class=\"yuzo_text\" style=\"font-size:10px;\" >Az emel\u0151h\u00e1tfal vizsga mind\u00f6ssze egy napot vesz ig\u00e9nybe, felt\u00e9ve, ha valaki rendelkezik m\u00e1r emel\u0151g\u00e9pkezel\u0151 OKJ-s szakk\u00e9pes\u00edt\u00e9ssel, k\u00f6nny\u0171g\u00e9pkezel\u0151 vagy...<\/span>\n\t\t\t\t\t\t   \n\t\t\t\t\t\t<\/div>\n\t\t\t\t\t\t<div class=\"relatedthumb yuzo-list  \" style=\"\"  >  \n\t\t\t\t\t\t  <a  href=\"https:\/\/www.transzportstudium.hu\/blog\/2014\/10\/16\/gyakori-kerdesek-a-gki-kartyaval-kapcsolatban\/\" class=\"image-list\"  >\n\t\t\t\t\t\t  <div class=\"yuzo-img-wrap  ilen_shine \" style=\"width: 100px;height:65px;\">\n\t\t\t\t\t\t\t\t\t <span class='shine-effect'><\/span> \n\t\t\t\t\t\t\t\t\t <div class=\"yuzo-img\" style=\"background:url('https:\/\/www.transzportstudium.hu\/blog\/wp-content\/uploads\/2014\/10\/kartyak-150x150.jpg') 50% 50% no-repeat;width: 105px;height:65px;margin-bottom: 5px;background-size:  cover;  \"><\/div>\n\t\t\t\t\t\t  <\/div>\n\t\t\t\t\t\t  <\/a>\n\t\t\t\t\t\t  <a  class=\"link-list yuzo__text--title\" href=\"https:\/\/www.transzportstudium.hu\/blog\/2014\/10\/16\/gyakori-kerdesek-a-gki-kartyaval-kapcsolatban\/\" style=\"font-size:14px;;line-height:22px;\"> Gyakori k\u00e9rd\u00e9sek a GKI k\u00e1rty\u00e1val kapcsolatban  <\/a>\n\t\t\t\t\t\t\t\t<span class=\"yuzo_text\" style=\"font-size:10px;\" >B\u00e1r 2013. szeptember 10., illetve 2014. szeptember 10. \u00f3ta kiz\u00e1r\u00f3lag az \u00faj GKI k\u00e1rtya birtok\u00e1ban lehet hivat\u00e1sosan buszt, illetve 3,5 tonn\u00e1n\u00e1l nehezeb...<\/span>\n\t\t\t\t\t\t   \n\t\t\t\t\t\t<\/div>\n\t\t\t\t\t\t<div class=\"relatedthumb yuzo-list  \" style=\"\"  >  \n\t\t\t\t\t\t  <a  href=\"https:\/\/www.transzportstudium.hu\/blog\/2016\/04\/12\/gki-tanfolyam-budapesten-2\/\" class=\"image-list\"  >\n\t\t\t\t\t\t  <div class=\"yuzo-img-wrap  ilen_shine \" style=\"width: 100px;height:65px;\">\n\t\t\t\t\t\t\t\t\t <span class='shine-effect'><\/span> \n\t\t\t\t\t\t\t\t\t <div class=\"yuzo-img\" style=\"background:url('https:\/\/www.transzportstudium.hu\/blog\/wp-content\/uploads\/2016\/04\/Mercedes-Benz-Actros-150x150.jpg') 50% 50% no-repeat;width: 105px;height:65px;margin-bottom: 5px;background-size:  cover;  \"><\/div>\n\t\t\t\t\t\t  <\/div>\n\t\t\t\t\t\t  <\/a>\n\t\t\t\t\t\t  <a  class=\"link-list yuzo__text--title\" href=\"https:\/\/www.transzportstudium.hu\/blog\/2016\/04\/12\/gki-tanfolyam-budapesten-2\/\" style=\"font-size:14px;;line-height:22px;\"> GKI tanfolyam Budapesten  <\/a>\n\t\t\t\t\t\t\t\t<span class=\"yuzo_text\" style=\"font-size:10px;\" >Amikor valaki \u00fagy d\u00f6nt, hogy hivat\u00e1sszer\u0171en szeretne sof\u0151rk\u00f6d\u00e9ssel foglalkozni, legyen az teherg\u00e9pkocsi, vagy aut\u00f3busz vezet\u00e9se, akkor a sz\u00fcks\u00e9ges t\u00edp...<\/span>\n\t\t\t\t\t\t   \n\t\t\t\t\t\t<\/div>\n\t\t\t\t\t\t<div class=\"relatedthumb yuzo-list  \" style=\"\"  >  \n\t\t\t\t\t\t  <a  href=\"https:\/\/www.transzportstudium.hu\/blog\/2015\/04\/02\/okj-s-targoncavezeto-tanfolyam\/\" class=\"image-list\"  >\n\t\t\t\t\t\t  <div class=\"yuzo-img-wrap  ilen_shine \" style=\"width: 100px;height:65px;\">\n\t\t\t\t\t\t\t\t\t <span class='shine-effect'><\/span> \n\t\t\t\t\t\t\t\t\t <div class=\"yuzo-img\" style=\"background:url('https:\/\/www.transzportstudium.hu\/blog\/wp-content\/uploads\/2015\/04\/479_additional__50l-7a-forklift-150x150.jpg') 50% 50% no-repeat;width: 105px;height:65px;margin-bottom: 5px;background-size:  cover;  \"><\/div>\n\t\t\t\t\t\t  <\/div>\n\t\t\t\t\t\t  <\/a>\n\t\t\t\t\t\t  <a  class=\"link-list yuzo__text--title\" href=\"https:\/\/www.transzportstudium.hu\/blog\/2015\/04\/02\/okj-s-targoncavezeto-tanfolyam\/\" style=\"font-size:14px;;line-height:22px;\"> OKJ-s Targoncavezet\u0151 tanfolyam  <\/a>\n\t\t\t\t\t\t\t\t<span class=\"yuzo_text\" style=\"font-size:10px;\" >Az emel\u0151g\u00e9p-kezel\u0151i (\u00e9s ezen bel\u00fcl a targoncavezet\u0151i) szakma \u00e9vtizedek \u00f3ta \u00f3ri\u00e1si n\u00e9pszer\u0171s\u00e9gnek \u00f6rvend, hiszen sz\u00e1mtalan ipar\u00e1gban el tud helyezkedni...<\/span>\n\t\t\t\t\t\t   \n\t\t\t\t\t\t<\/div>\n<\/div>  <!-- End Yuzo :) -->","protected":false},"excerpt":{"rendered":"<p>Az ADR tan\u00e1csad\u00f3 k\u00e9pz\u00e9s kiv\u00e1l\u00f3 lehet\u0151s\u00e9g mindenki sz\u00e1m\u00e1ra, aki hosszabb ideje foglalkozik m\u00e1r valamilyen form\u00e1ban vesz\u00e9lyes \u00e1r\u00fa sz\u00e1ll\u00edt\u00e1ssal. A hosszabb id\u0151, diplom\u00e1val rendelkez\u0151k sz\u00e1m\u00e1ra k\u00e9t \u00e9ves, m\u00edg a k\u00f6z\u00e9piskolai v\u00e9gzetts\u00e9ggel rendelkez\u0151k sz\u00e1m\u00e1ra, \u00f6t \u00e9ves&#46;&#46;&#46;<\/p>\n","protected":false},"author":3,"featured_media":1336,"comment_status":"open","ping_status":"open","sticky":false,"template":"","format":"standard","meta":{"footnotes":""},"categories":[2],"tags":[224,175,174,71,233,72],"class_list":["post-1335","post","type-post","status-publish","format-standard","has-post-thumbnail","hentry","category-adr","tag-adr","tag-adr-biztonsagi-tanacsado","tag-adr-kepzes","tag-adr-tanfolyam","tag-adr-veszelyes-aru-szallitasi-biztonsagi-tanacsado","tag-adr-vizsga"],"aioseo_notices":[],"_links":{"self":[{"href":"https:\/\/www.transzportstudium.hu\/blog\/wp-json\/wp\/v2\/posts\/1335","targetHints":{"allow":["GET"]}}],"collection":[{"href":"https:\/\/www.transzportstudium.hu\/blog\/wp-json\/wp\/v2\/posts"}],"about":[{"href":"https:\/\/www.transzportstudium.hu\/blog\/wp-json\/wp\/v2\/types\/post"}],"author":[{"embeddable":true,"href":"https:\/\/www.transzportstudium.hu\/blog\/wp-json\/wp\/v2\/users\/3"}],"replies":[{"embeddable":true,"href":"https:\/\/www.transzportstudium.hu\/blog\/wp-json\/wp\/v2\/comments?post=1335"}],"version-history":[{"count":1,"href":"https:\/\/www.transzportstudium.hu\/blog\/wp-json\/wp\/v2\/posts\/1335\/revisions"}],"predecessor-version":[{"id":1337,"href":"https:\/\/www.transzportstudium.hu\/blog\/wp-json\/wp\/v2\/posts\/1335\/revisions\/1337"}],"wp:featuredmedia":[{"embeddable":true,"href":"https:\/\/www.transzportstudium.hu\/blog\/wp-json\/wp\/v2\/media\/1336"}],"wp:attachment":[{"href":"https:\/\/www.transzportstudium.hu\/blog\/wp-json\/wp\/v2\/media?parent=1335"}],"wp:term":[{"taxonomy":"category","embeddable":true,"href":"https:\/\/www.transzportstudium.hu\/blog\/wp-json\/wp\/v2\/categories?post=1335"},{"taxonomy":"post_tag","embeddable":true,"href":"https:\/\/www.transzportstudium.hu\/blog\/wp-json\/wp\/v2\/tags?post=1335"}],"curies":[{"name":"wp","href":"https:\/\/api.w.org\/{rel}","templated":true}]}}