{"id":1313,"date":"2018-07-31T10:42:34","date_gmt":"2018-07-31T09:42:34","guid":{"rendered":"https:\/\/www.transzportstudium.hu\/blog\/?p=1313"},"modified":"2018-09-30T19:13:21","modified_gmt":"2018-09-30T18:13:21","slug":"kell-otevente-az-ismeretfelujitas","status":"publish","type":"post","link":"https:\/\/www.transzportstudium.hu\/blog\/2018\/07\/31\/kell-otevente-az-ismeretfelujitas\/","title":{"rendered":"Kell \u00f6t\u00e9vente az ismeretfel\u00faj\u00edt\u00e1s"},"content":{"rendered":"<p>A vesz\u00e9lyes \u00e1ruk sz\u00e1ll\u00edt\u00e1s\u00e1hoz k\u00f6t\u0151d\u0151 munkav\u00e9gz\u00e9s sor\u00e1n, \u00f6t\u00e9vente mindenkinek <a href=\"\/tanfolyamok\/adr-tanfolyamok\/27_adr-nem-tartanyos-ismeretfelujito\">ADR ismeretfel\u00faj\u00edt\u00f3<\/a> vizsg\u00e1t kell tennie, el\u0151tte pedig az ismeretfel\u00faj\u00edt\u00f3 tanfolyamot kell elv\u00e9geznie. Egyar\u00e1nt igaz ez azokra, akik tart\u00e1nyos vagy nem-tart\u00e1nyos form\u00e1ban sz\u00e1ll\u00edtanak vesz\u00e9lyes \u00e1rut \u00e9s az ADR biztons\u00e1gi tan\u00e1csad\u00f3kra is.<\/p>\n<div id=\"attachment_776\" style=\"width: 677px\" class=\"wp-caption aligncenter\"><img loading=\"lazy\" decoding=\"async\" aria-describedby=\"caption-attachment-776\" class=\"size-full wp-image-776\" src=\"https:\/\/www.transzportstudium.hu\/blog\/wp-content\/uploads\/2015\/11\/shutterstock_6149758.jpg\" alt=\"Vesz\u00e9lyes \u00e1ru - ADR tanfolyam \u00e9s vizsga\" width=\"667\" height=\"1000\" srcset=\"https:\/\/www.transzportstudium.hu\/blog\/wp-content\/uploads\/2015\/11\/shutterstock_6149758.jpg 667w, https:\/\/www.transzportstudium.hu\/blog\/wp-content\/uploads\/2015\/11\/shutterstock_6149758-200x300.jpg 200w\" sizes=\"auto, (max-width: 667px) 100vw, 667px\" \/><p id=\"caption-attachment-776\" class=\"wp-caption-text\">Vesz\u00e9lyes \u00e1ru &#8211; ADR tanfolyam \u00e9s vizsga<\/p><\/div>\n<p>Az ADR k\u00e9pes\u00edt\u00e9sek \u00f6t \u00e9vig \u00e9rv\u00e9nyesek, ha ez lej\u00e1r, hivatalosan senki nem v\u00e9gezheti tov\u00e1bb a munk\u00e1j\u00e1t, am\u00edg az ADR ismeretfel\u00faj\u00edt\u00f3 vizsg\u00e1t le nem teszi. Az ADR ismeretfel\u00faj\u00edt\u00f3 vizsga azonban csak abban az esetben tehet\u0151 le, ha el\u0151zetesen az illet\u0151 r\u00e9szt vett az ismeretfel\u00faj\u00edt\u00f3 szaktanfolyamon, \u00e9s m\u00e9g a vizsga napj\u00e1n \u00e9rv\u00e9nyes a megl\u00e9v\u0151 bizony\u00edtv\u00e1nya!. Az utols\u00f3 \u00f6t\u00f6dik \u00e9vben b\u00e1rmikor \u00faj\u00edtja meg a v\u00e9gzetts\u00e9g\u00e9t az eredeti lej\u00e1rati id\u0151t\u0151l kapja meg az 5 \u00e9vet. <strong>Nem \u00e9rdemes teh\u00e1t az utols\u00f3 pillanatra halogatni<\/strong> a dolgot, az utols\u00f3 \u00e9vben b\u00e1rmikor elv\u00e9gezhet\u0151 a k\u00e9pz\u00e9s, ami nem is olyan hossz\u00fa, mint gondoln\u00e1nk. A <a href=\"\/tanfolyamok\/adr-tanfolyamok\/66_adr-veszelyes-aru-szallitasi-biztonsagi-tanacsado-ismeretfelujito\">vesz\u00e9lyes \u00e1ru sz\u00e1ll\u00edt\u00e1si biztons\u00e1gi tan\u00e1csad\u00f3k<\/a> eset\u00e9ben p\u00e9ld\u00e1ul k\u00e9t egym\u00e1st k\u00f6vet\u0151 h\u00e9ten, h\u00e9tv\u00e9g\u00e9n (p\u00e9ntek, szombat, vas\u00e1rnap) zajlik az ismeretfel\u00faj\u00edt\u00f3 oktat\u00e1s. Mivel nem h\u00e9tk\u00f6znapra esnek az id\u0151pontok, \u00edgy munkav\u00e9gz\u00e9s mellett is megoldhat\u00f3 az \u00f3r\u00e1kra val\u00f3 bej\u00e1r\u00e1s, hogy ut\u00e1na letehess\u00fck az ADR ismeretfel\u00faj\u00edt\u00f3 vizsg\u00e1t.<\/p>\n<h3>Jogszer\u0171en \u00e9s biztons\u00e1gosan<\/h3>\n<p>A vesz\u00e9lyes \u00e1ru sz\u00e1ll\u00edt\u00e1s\u00e1val kapcsolatos teend\u0151k sokr\u00e9t\u0171ek, \u00e9s ahogy a n\u00e9vben is benne van vesz\u00e9lyesek. Ez az egyik oka annak, hogy azoknak, akik a szakm\u00e1ban dolgoznak, ADR ismeretfel\u00faj\u00edt\u00f3 vizsg\u00e1t kell tenni\u00fck. A m\u00e1sik, hogy a szab\u00e1lyoz\u00e1sok \u00e9vr\u0151l-\u00e9vre v\u00e1ltoznak, valamint \u00fajak l\u00e9pnek \u00e9rv\u00e9nybe, ezekkel pedig mindenkinek tiszt\u00e1ban kell lennie, hogy jogszer\u0171en \u00e9s ami tal\u00e1n ett\u0151l is fontosabb, biztons\u00e1gosan t\u00f6rt\u00e9njen a munkav\u00e9gz\u00e9s. A sikeres <a href=\"\/tanfolyamok\/adr-tanfolyamok\/27_adr-nem-tartanyos-ismeretfelujito\">ADR ismeretfel\u00faj\u00edt\u00f3<\/a> vizsga ut\u00e1n mindenki hat\u00f3s\u00e1gi bizony\u00edtv\u00e1nyt kap, ami igazolja a tov\u00e1bbi <strong>\u00f6t \u00e9vre sz\u00f3l\u00f3<\/strong> munkav\u00e9gz\u00e9s jogoss\u00e1g\u00e1t.<\/p>\n<!-- Begin Yuzo --><div class='yuzo_related_post style-2'  data-version='5.12.88'><!-- without result --><div class='yuzo_clearfixed yuzo__title yuzo__title'><h3>Hasonl\u00f3 cikkek<\/h3><\/div>\n\t\t\t\t\t\t<div class=\"relatedthumb yuzo-list  \" style=\"\"  >  \n\t\t\t\t\t\t  <a  href=\"https:\/\/www.transzportstudium.hu\/blog\/2014\/07\/26\/buszos-vallalkozokent-a-maga-ura-lehet\/\" class=\"image-list\"  >\n\t\t\t\t\t\t  <div class=\"yuzo-img-wrap  ilen_shine \" style=\"width: 100px;height:65px;\">\n\t\t\t\t\t\t\t\t\t <span class='shine-effect'><\/span> \n\t\t\t\t\t\t\t\t\t <div class=\"yuzo-img\" style=\"background:url('https:\/\/www.transzportstudium.hu\/blog\/wp-content\/uploads\/2014\/08\/la-flotta-150x150.jpg') 50% 50% no-repeat;width: 105px;height:65px;margin-bottom: 5px;background-size:  cover;  \"><\/div>\n\t\t\t\t\t\t  <\/div>\n\t\t\t\t\t\t  <\/a>\n\t\t\t\t\t\t  <a  class=\"link-list yuzo__text--title\" href=\"https:\/\/www.transzportstudium.hu\/blog\/2014\/07\/26\/buszos-vallalkozokent-a-maga-ura-lehet\/\" style=\"font-size:14px;;line-height:22px;\"> Buszos v\u00e1llalkoz\u00f3k\u00e9nt a maga ura lehet  <\/a>\n\t\t\t\t\t\t\t\t<span class=\"yuzo_text\" style=\"font-size:10px;\" >Ha mindeddig buszos szem\u00e9lysz\u00e1ll\u00edt\u00e1ssal foglalkozott egy c\u00e9g alkalmazottjak\u00e9nt, \u00e9s szereti is a munk\u00e1j\u00e1t, biztosan felmer\u00fclt m\u00e1r \u00f6nben, hogy ugyanezt ...<\/span>\n\t\t\t\t\t\t   \n\t\t\t\t\t\t<\/div>\n\t\t\t\t\t\t<div class=\"relatedthumb yuzo-list  \" style=\"\"  >  \n\t\t\t\t\t\t  <a  href=\"https:\/\/www.transzportstudium.hu\/blog\/2019\/10\/01\/kulcsszo-a-biztonsag\/\" class=\"image-list\"  >\n\t\t\t\t\t\t  <div class=\"yuzo-img-wrap  ilen_shine \" style=\"width: 100px;height:65px;\">\n\t\t\t\t\t\t\t\t\t <span class='shine-effect'><\/span> \n\t\t\t\t\t\t\t\t\t <div class=\"yuzo-img\" style=\"background:url('https:\/\/www.transzportstudium.hu\/blog\/wp-content\/uploads\/2019\/10\/Kulcssz\u00f3-a-biztons\u00e1g-150x150.jpg') 50% 50% no-repeat;width: 105px;height:65px;margin-bottom: 5px;background-size:  cover;  \"><\/div>\n\t\t\t\t\t\t  <\/div>\n\t\t\t\t\t\t  <\/a>\n\t\t\t\t\t\t  <a  class=\"link-list yuzo__text--title\" href=\"https:\/\/www.transzportstudium.hu\/blog\/2019\/10\/01\/kulcsszo-a-biztonsag\/\" style=\"font-size:14px;;line-height:22px;\"> Kulcssz\u00f3 a biztons\u00e1g  <\/a>\n\t\t\t\t\t\t\t\t<span class=\"yuzo_text\" style=\"font-size:10px;\" >Tal\u00e1n senkinek nem \u00e1rulunk el nagy titkot azzal, hogy a targoncavezet\u0151 feladata az \u00e1ruk mozgat\u00e1sa, ki-be \u00e9s fel-le pakol\u00e1sa, \u00edgy \u00e9rthet\u0151, hogy a targo...<\/span>\n\t\t\t\t\t\t   \n\t\t\t\t\t\t<\/div>\n\t\t\t\t\t\t<div class=\"relatedthumb yuzo-list  \" style=\"\"  >  \n\t\t\t\t\t\t  <a  href=\"https:\/\/www.transzportstudium.hu\/blog\/2016\/06\/28\/veszelyes-aruk-szallitasa\/\" class=\"image-list\"  >\n\t\t\t\t\t\t  <div class=\"yuzo-img-wrap  ilen_shine \" style=\"width: 100px;height:65px;\">\n\t\t\t\t\t\t\t\t\t <span class='shine-effect'><\/span> \n\t\t\t\t\t\t\t\t\t <div class=\"yuzo-img\" style=\"background:url('https:\/\/www.transzportstudium.hu\/blog\/wp-content\/uploads\/2016\/06\/51782895_l-150x150.jpg') 50% 50% no-repeat;width: 105px;height:65px;margin-bottom: 5px;background-size:  cover;  \"><\/div>\n\t\t\t\t\t\t  <\/div>\n\t\t\t\t\t\t  <\/a>\n\t\t\t\t\t\t  <a  class=\"link-list yuzo__text--title\" href=\"https:\/\/www.transzportstudium.hu\/blog\/2016\/06\/28\/veszelyes-aruk-szallitasa\/\" style=\"font-size:14px;;line-height:22px;\"> Vesz\u00e9lyes \u00e1ruk sz\u00e1ll\u00edt\u00e1sa  <\/a>\n\t\t\t\t\t\t\t\t<span class=\"yuzo_text\" style=\"font-size:10px;\" >A vesz\u00e9lyes \u00e1ruk sz\u00e1ll\u00edt\u00e1sa nem mindennapi k\u00f6r\u00fcltekint\u00e9st \u00e9s felk\u00e9sz\u00fclts\u00e9get ig\u00e9nyel a sof\u0151r\u00f6kt\u0151l, hiszen ezek az anyagok az eg\u00e9szs\u00e9gre \u00e1rtalmasak, \u00e9s...<\/span>\n\t\t\t\t\t\t   \n\t\t\t\t\t\t<\/div>\n\t\t\t\t\t\t<div class=\"relatedthumb yuzo-list  \" style=\"\"  >  \n\t\t\t\t\t\t  <a  href=\"https:\/\/www.transzportstudium.hu\/blog\/2015\/04\/09\/adr-tartanyos-alapkepzes\/\" class=\"image-list\"  >\n\t\t\t\t\t\t  <div class=\"yuzo-img-wrap  ilen_shine \" style=\"width: 100px;height:65px;\">\n\t\t\t\t\t\t\t\t\t <span class='shine-effect'><\/span> \n\t\t\t\t\t\t\t\t\t <div class=\"yuzo-img\" style=\"background:url('https:\/\/www.transzportstudium.hu\/blog\/wp-content\/uploads\/2015\/04\/Tanker-150x150.jpg') 50% 50% no-repeat;width: 105px;height:65px;margin-bottom: 5px;background-size:  cover;  \"><\/div>\n\t\t\t\t\t\t  <\/div>\n\t\t\t\t\t\t  <\/a>\n\t\t\t\t\t\t  <a  class=\"link-list yuzo__text--title\" href=\"https:\/\/www.transzportstudium.hu\/blog\/2015\/04\/09\/adr-tartanyos-alapkepzes\/\" style=\"font-size:14px;;line-height:22px;\"> ADR tart\u00e1nyos alapk\u00e9pz\u00e9s  <\/a>\n\t\t\t\t\t\t\t\t<span class=\"yuzo_text\" style=\"font-size:10px;\" >Ugye, ha m\u00e1r van nem-tart\u00e1nyos alapk\u00e9pz\u00e9s, azt v\u00e1rn\u00e1nk, hogy tart\u00e1nyos alapk\u00e9pz\u00e9s is legyen? A dolog enn\u00e9l egy picit bonyolultabb, itt az id\u0151, hogy re...<\/span>\n\t\t\t\t\t\t   \n\t\t\t\t\t\t<\/div>\n<\/div>  <!-- End Yuzo :) -->","protected":false},"excerpt":{"rendered":"<p>A vesz\u00e9lyes \u00e1ruk sz\u00e1ll\u00edt\u00e1s\u00e1hoz k\u00f6t\u0151d\u0151 munkav\u00e9gz\u00e9s sor\u00e1n, \u00f6t\u00e9vente mindenkinek ADR ismeretfel\u00faj\u00edt\u00f3 vizsg\u00e1t kell tennie, el\u0151tte pedig az ismeretfel\u00faj\u00edt\u00f3 tanfolyamot kell elv\u00e9geznie. Egyar\u00e1nt igaz ez azokra, akik tart\u00e1nyos vagy nem-tart\u00e1nyos form\u00e1ban sz\u00e1ll\u00edtanak vesz\u00e9lyes \u00e1rut \u00e9s&#46;&#46;&#46;<\/p>\n","protected":false},"author":3,"featured_media":776,"comment_status":"open","ping_status":"open","sticky":false,"template":"","format":"standard","meta":{"footnotes":""},"categories":[2],"tags":[224,249,71,72],"class_list":["post-1313","post","type-post","status-publish","format-standard","has-post-thumbnail","hentry","category-adr","tag-adr","tag-adr-ismeretfelujito-vizsga","tag-adr-tanfolyam","tag-adr-vizsga"],"aioseo_notices":[],"_links":{"self":[{"href":"https:\/\/www.transzportstudium.hu\/blog\/wp-json\/wp\/v2\/posts\/1313","targetHints":{"allow":["GET"]}}],"collection":[{"href":"https:\/\/www.transzportstudium.hu\/blog\/wp-json\/wp\/v2\/posts"}],"about":[{"href":"https:\/\/www.transzportstudium.hu\/blog\/wp-json\/wp\/v2\/types\/post"}],"author":[{"embeddable":true,"href":"https:\/\/www.transzportstudium.hu\/blog\/wp-json\/wp\/v2\/users\/3"}],"replies":[{"embeddable":true,"href":"https:\/\/www.transzportstudium.hu\/blog\/wp-json\/wp\/v2\/comments?post=1313"}],"version-history":[{"count":1,"href":"https:\/\/www.transzportstudium.hu\/blog\/wp-json\/wp\/v2\/posts\/1313\/revisions"}],"predecessor-version":[{"id":1314,"href":"https:\/\/www.transzportstudium.hu\/blog\/wp-json\/wp\/v2\/posts\/1313\/revisions\/1314"}],"wp:featuredmedia":[{"embeddable":true,"href":"https:\/\/www.transzportstudium.hu\/blog\/wp-json\/wp\/v2\/media\/776"}],"wp:attachment":[{"href":"https:\/\/www.transzportstudium.hu\/blog\/wp-json\/wp\/v2\/media?parent=1313"}],"wp:term":[{"taxonomy":"category","embeddable":true,"href":"https:\/\/www.transzportstudium.hu\/blog\/wp-json\/wp\/v2\/categories?post=1313"},{"taxonomy":"post_tag","embeddable":true,"href":"https:\/\/www.transzportstudium.hu\/blog\/wp-json\/wp\/v2\/tags?post=1313"}],"curies":[{"name":"wp","href":"https:\/\/api.w.org\/{rel}","templated":true}]}}