{"id":1311,"date":"2018-07-28T10:22:03","date_gmt":"2018-07-28T09:22:03","guid":{"rendered":"https:\/\/www.transzportstudium.hu\/blog\/?p=1311"},"modified":"2018-09-30T19:13:16","modified_gmt":"2018-09-30T18:13:16","slug":"a-biztonsag-nem-jatek","status":"publish","type":"post","link":"https:\/\/www.transzportstudium.hu\/blog\/2018\/07\/28\/a-biztonsag-nem-jatek\/","title":{"rendered":"A biztons\u00e1g nem j\u00e1t\u00e9k"},"content":{"rendered":"<p>A biztons\u00e1g a vesz\u00e9lyes \u00e1ruk sz\u00e1ll\u00edt\u00e1sa sor\u00e1n rendk\u00edv\u00fcl fontos, \u00e9ppen ez\u00e9rt mind az <a href=\"\/tanfolyamok\/3_adr-tanfolyamok\">ADR tanfolyam<\/a>, mind az azt k\u00f6vet\u0151 ADR vizsga sz\u00e1mos kih\u00edv\u00e1st rejt mag\u00e1ban, jelentkezzen a hallgat\u00f3 b\u00e1rmelyik k\u00e9pz\u00e9sre is.<\/p>\n<div id=\"attachment_459\" style=\"width: 1034px\" class=\"wp-caption aligncenter\"><img loading=\"lazy\" decoding=\"async\" aria-describedby=\"caption-attachment-459\" class=\"size-full wp-image-459\" src=\"https:\/\/www.transzportstudium.hu\/blog\/wp-content\/uploads\/2015\/01\/photo_eni.jpg\" alt=\"ADR tanfolyam \u00e9s vizsga\" width=\"1024\" height=\"768\" srcset=\"https:\/\/www.transzportstudium.hu\/blog\/wp-content\/uploads\/2015\/01\/photo_eni.jpg 1024w, https:\/\/www.transzportstudium.hu\/blog\/wp-content\/uploads\/2015\/01\/photo_eni-300x225.jpg 300w\" sizes=\"auto, (max-width: 1024px) 100vw, 1024px\" \/><p id=\"caption-attachment-459\" class=\"wp-caption-text\">ADR tanfolyam \u00e9s vizsga<\/p><\/div>\n<p>Az <a href=\"\/tanfolyamok\/adr-tanfolyamok\/34_adr-veszelyes-aru-szallitasi-biztonsagi-tanacsado\">ADR tan\u00e1csad\u00e1s<\/a> eset\u00e9ben p\u00e9ld\u00e1ul a t\u00f6bbi tanfolyammal szemben, a jelentkez\u00e9s felt\u00e9telei is szigor\u00fabbak: fels\u0151fok\u00fa v\u00e9gzetts\u00e9ggel kell rendelkezni \u00e9s minimum k\u00e9t \u00e9ves olyan szakmai tapasztalat kell, ami vesz\u00e9lyes \u00e1rusz\u00e1ll\u00edt\u00e1ssal kapcsolatos. A k\u00e9pz\u00e9s ut\u00e1n, az <a href=\"\/jelentkezes\">ADR vizsg\u00e1n<\/a>, az \u00e1ltal\u00e1nos ismeretek mellett, olyan ter\u00fcleteken kell sz\u00e1mot adnia a hallgat\u00f3nak a tud\u00e1s\u00e1r\u00f3l, mint a 3, 4.1, 4.2, 4.3,5.1, 5.2, 6.1, 6.2, 8 \u00e9s 9 oszt\u00e1ly anyagai vagy \u00e9ppen a g\u00e1zok ismerete. A sz\u00e1mos ismeret elsaj\u00e1t\u00edt\u00e1sa ut\u00e1n az ADR vizsg\u00e1n egy esettanulm\u00e1nyt is meg kell v\u00e9denie azoknak, akik ADR biztons\u00e1gi tan\u00e1csad\u00f3k\u00e9nt akarnak a tov\u00e1bbiakban dolgozni.<\/p>\n<h3>Fel kell k\u00e9sz\u00fclni az ADR vizsg\u00e1ra<\/h3>\n<p>Mivel az ADR tan\u00e1csad\u00f3 szervezi meg a vesz\u00e9lyes \u00e1ruk sz\u00e1ll\u00edt\u00e1s\u00e1val kapcsolatos teljes munkafolyamatot, \u00edgy \u00e9rthet\u0151, hogy a <a href=\"\/tanfolyamok\/3_adr-tanfolyamok\">k\u00e9pz\u00e9sen<\/a> az ismereteket alaposan el kell saj\u00e1t\u00edtani. De nem csak erre a tanfolyamra \u00e9rv\u00e9nyes, hogy az ADR vizsg\u00e1n bizony nem lehet a szerencs\u00e9re b\u00edzni a dolgokat, hanem az \u00f6sszesre. Jelentkezzen valaki tart\u00e1nyos vagy nem-tart\u00e1nyos k\u00e9pz\u00e9sre (alap \u00e9s ismeretfel\u00faj\u00edt\u00f3), mez\u0151gazdas\u00e1gi vegyszersz\u00e1ll\u00edt\u00f3nak vagy \u00e9ppen undort kelt\u0151 anyagok sz\u00e1ll\u00edt\u00e1s\u00e1t megc\u00e9lz\u00f3 tanfolyamra, az azt k\u00f6vet\u0151 ADR vizsga nem felt\u00e9tlen\u00fcl lesz k\u00f6nny\u0171. Persze nem kell megijedni, hiszen az\u00e9rt nem atomfizik\u00e1r\u00f3l van sz\u00f3, csup\u00e1n arr\u00f3l, hogy a k\u00e9s\u0151bbi felel\u0151ss\u00e9gteljes munka, m\u00e1r a tanfolyam elv\u00e9gz\u00e9se sor\u00e1n is felel\u0151ss\u00e9get k\u00edv\u00e1n.<\/p>\n<!-- Begin Yuzo --><div class='yuzo_related_post style-2'  data-version='5.12.88'><!-- without result --><div class='yuzo_clearfixed yuzo__title yuzo__title'><h3>Hasonl\u00f3 cikkek<\/h3><\/div>\n\t\t\t\t\t\t<div class=\"relatedthumb yuzo-list  \" style=\"\"  >  \n\t\t\t\t\t\t  <a  href=\"https:\/\/www.transzportstudium.hu\/blog\/2018\/04\/19\/egy-keresett-szakma\/\" class=\"image-list\"  >\n\t\t\t\t\t\t  <div class=\"yuzo-img-wrap  ilen_shine \" style=\"width: 100px;height:65px;\">\n\t\t\t\t\t\t\t\t\t <span class='shine-effect'><\/span> \n\t\t\t\t\t\t\t\t\t <div class=\"yuzo-img\" style=\"background:url('https:\/\/www.transzportstudium.hu\/blog\/wp-content\/uploads\/2018\/06\/Transport_18-150x150.jpg') 50% 50% no-repeat;width: 105px;height:65px;margin-bottom: 5px;background-size:  cover;  \"><\/div>\n\t\t\t\t\t\t  <\/div>\n\t\t\t\t\t\t  <\/a>\n\t\t\t\t\t\t  <a  class=\"link-list yuzo__text--title\" href=\"https:\/\/www.transzportstudium.hu\/blog\/2018\/04\/19\/egy-keresett-szakma\/\" style=\"font-size:14px;;line-height:22px;\"> Egy keresett szakma  <\/a>\n\t\t\t\t\t\t\t\t<span class=\"yuzo_text\" style=\"font-size:10px;\" >Az \u00e9p\u00edt\u0151 \u00e9s anyagmozgat\u00f3 g\u00e9p kezel\u0151je sz\u00e1mos munkak\u00f6rt l\u00e1that el, g\u00e9pcsoportt\u00f3l f\u00fcgg\u0151en. Egy ilyen k\u00e9pes\u00edt\u00e9ssel el lehet helyezkedni az \u00e9p\u00edt\u0151iparban, ...<\/span>\n\t\t\t\t\t\t   \n\t\t\t\t\t\t<\/div>\n\t\t\t\t\t\t<div class=\"relatedthumb yuzo-list  \" style=\"\"  >  \n\t\t\t\t\t\t  <a  href=\"https:\/\/www.transzportstudium.hu\/blog\/2014\/09\/01\/a-szemelyszallito-vallalkozoi-munka-elonyei\/\" class=\"image-list\"  >\n\t\t\t\t\t\t  <div class=\"yuzo-img-wrap  ilen_shine \" style=\"width: 100px;height:65px;\">\n\t\t\t\t\t\t\t\t\t <span class='shine-effect'><\/span> \n\t\t\t\t\t\t\t\t\t <div class=\"yuzo-img\" style=\"background:url('https:\/\/www.transzportstudium.hu\/blog\/wp-content\/uploads\/2014\/08\/airport-150x150.jpg') 50% 50% no-repeat;width: 105px;height:65px;margin-bottom: 5px;background-size:  cover;  \"><\/div>\n\t\t\t\t\t\t  <\/div>\n\t\t\t\t\t\t  <\/a>\n\t\t\t\t\t\t  <a  class=\"link-list yuzo__text--title\" href=\"https:\/\/www.transzportstudium.hu\/blog\/2014\/09\/01\/a-szemelyszallito-vallalkozoi-munka-elonyei\/\" style=\"font-size:14px;;line-height:22px;\"> A szem\u00e9lysz\u00e1ll\u00edt\u00f3 v\u00e1llalkoz\u00f3i munka el\u0151nyei  <\/a>\n\t\t\t\t\t\t\t\t<span class=\"yuzo_text\" style=\"font-size:10px;\" >Ha sz\u00edvesen, r\u00e9g\u00f3ta, felel\u0151ss\u00e9gteljesen \u00e9s balesetmentesen vezet, biztosan elgondolkozott m\u00e1r azon, hogy v\u00e1llalkoz\u00f3k\u00e9nt vagy saj\u00e1t c\u00e9get alap\u00edtva hiva...<\/span>\n\t\t\t\t\t\t   \n\t\t\t\t\t\t<\/div>\n\t\t\t\t\t\t<div class=\"relatedthumb yuzo-list  \" style=\"\"  >  \n\t\t\t\t\t\t  <a  href=\"https:\/\/www.transzportstudium.hu\/blog\/2016\/06\/09\/az-adr-tabla\/\" class=\"image-list\"  >\n\t\t\t\t\t\t  <div class=\"yuzo-img-wrap  ilen_shine \" style=\"width: 100px;height:65px;\">\n\t\t\t\t\t\t\t\t\t <span class='shine-effect'><\/span> \n\t\t\t\t\t\t\t\t\t <div class=\"yuzo-img\" style=\"background:url('https:\/\/www.transzportstudium.hu\/blog\/wp-content\/uploads\/2016\/02\/transzport_2_53-h\u00e9t-150x150.jpg') 50% 50% no-repeat;width: 105px;height:65px;margin-bottom: 5px;background-size:  cover;  \"><\/div>\n\t\t\t\t\t\t  <\/div>\n\t\t\t\t\t\t  <\/a>\n\t\t\t\t\t\t  <a  class=\"link-list yuzo__text--title\" href=\"https:\/\/www.transzportstudium.hu\/blog\/2016\/06\/09\/az-adr-tabla\/\" style=\"font-size:14px;;line-height:22px;\"> Az ADR t\u00e1bla  <\/a>\n\t\t\t\t\t\t\t\t<span class=\"yuzo_text\" style=\"font-size:10px;\" >Az ADR a vesz\u00e9lyes \u00e1ruk sz\u00e1ll\u00edt\u00e1s\u00e1ra vonatkoz\u00f3 nemzetk\u00f6zi egyezm\u00e9ny, amely r\u00f6gz\u00edti, hogy milyen szab\u00e1lyok \u00e9s el\u0151\u00edr\u00e1sok vonatkoznak ezen anyagok belf\u00f6l...<\/span>\n\t\t\t\t\t\t   \n\t\t\t\t\t\t<\/div>\n\t\t\t\t\t\t<div class=\"relatedthumb yuzo-list  \" style=\"\"  >  \n\t\t\t\t\t\t  <a  href=\"https:\/\/www.transzportstudium.hu\/blog\/2018\/07\/10\/az-nkh-itm-vizsgarol\/\" class=\"image-list\"  >\n\t\t\t\t\t\t  <div class=\"yuzo-img-wrap  ilen_shine \" style=\"width: 100px;height:65px;\">\n\t\t\t\t\t\t\t\t\t <span class='shine-effect'><\/span> \n\t\t\t\t\t\t\t\t\t <div class=\"yuzo-img\" style=\"background:url('https:\/\/www.transzportstudium.hu\/blog\/wp-content\/uploads\/2018\/09\/Transport-41-150x150.jpg') 50% 50% no-repeat;width: 105px;height:65px;margin-bottom: 5px;background-size:  cover;  \"><\/div>\n\t\t\t\t\t\t  <\/div>\n\t\t\t\t\t\t  <\/a>\n\t\t\t\t\t\t  <a  class=\"link-list yuzo__text--title\" href=\"https:\/\/www.transzportstudium.hu\/blog\/2018\/07\/10\/az-nkh-itm-vizsgarol\/\" style=\"font-size:14px;;line-height:22px;\"> Az NKH (ITM) vizsg\u00e1r\u00f3l  <\/a>\n\t\t\t\t\t\t\t\t<span class=\"yuzo_text\" style=\"font-size:10px;\" >Ahhoz, hogy valaki hivatalosan dolgozhasson g\u00e9pkezel\u0151k\u00e9nt, az OKJ-s tanfolyam elv\u00e9gz\u00e9se mellett NKH (\u00faj nev\u00e9n ITM vizsga, de m\u00e9g mindig a r\u00e9gi n\u00e9v van...<\/span>\n\t\t\t\t\t\t   \n\t\t\t\t\t\t<\/div>\n<\/div>  <!-- End Yuzo :) -->","protected":false},"excerpt":{"rendered":"<p>A biztons\u00e1g a vesz\u00e9lyes \u00e1ruk sz\u00e1ll\u00edt\u00e1sa sor\u00e1n rendk\u00edv\u00fcl fontos, \u00e9ppen ez\u00e9rt mind az ADR tanfolyam, mind az azt k\u00f6vet\u0151 ADR vizsga sz\u00e1mos kih\u00edv\u00e1st rejt mag\u00e1ban, jelentkezzen a hallgat\u00f3 b\u00e1rmelyik k\u00e9pz\u00e9sre is. Az ADR tan\u00e1csad\u00e1s&#46;&#46;&#46;<\/p>\n","protected":false},"author":3,"featured_media":459,"comment_status":"open","ping_status":"open","sticky":false,"template":"","format":"standard","meta":{"footnotes":""},"categories":[2],"tags":[224,174,71,72],"class_list":["post-1311","post","type-post","status-publish","format-standard","has-post-thumbnail","hentry","category-adr","tag-adr","tag-adr-kepzes","tag-adr-tanfolyam","tag-adr-vizsga"],"aioseo_notices":[],"_links":{"self":[{"href":"https:\/\/www.transzportstudium.hu\/blog\/wp-json\/wp\/v2\/posts\/1311","targetHints":{"allow":["GET"]}}],"collection":[{"href":"https:\/\/www.transzportstudium.hu\/blog\/wp-json\/wp\/v2\/posts"}],"about":[{"href":"https:\/\/www.transzportstudium.hu\/blog\/wp-json\/wp\/v2\/types\/post"}],"author":[{"embeddable":true,"href":"https:\/\/www.transzportstudium.hu\/blog\/wp-json\/wp\/v2\/users\/3"}],"replies":[{"embeddable":true,"href":"https:\/\/www.transzportstudium.hu\/blog\/wp-json\/wp\/v2\/comments?post=1311"}],"version-history":[{"count":1,"href":"https:\/\/www.transzportstudium.hu\/blog\/wp-json\/wp\/v2\/posts\/1311\/revisions"}],"predecessor-version":[{"id":1312,"href":"https:\/\/www.transzportstudium.hu\/blog\/wp-json\/wp\/v2\/posts\/1311\/revisions\/1312"}],"wp:featuredmedia":[{"embeddable":true,"href":"https:\/\/www.transzportstudium.hu\/blog\/wp-json\/wp\/v2\/media\/459"}],"wp:attachment":[{"href":"https:\/\/www.transzportstudium.hu\/blog\/wp-json\/wp\/v2\/media?parent=1311"}],"wp:term":[{"taxonomy":"category","embeddable":true,"href":"https:\/\/www.transzportstudium.hu\/blog\/wp-json\/wp\/v2\/categories?post=1311"},{"taxonomy":"post_tag","embeddable":true,"href":"https:\/\/www.transzportstudium.hu\/blog\/wp-json\/wp\/v2\/tags?post=1311"}],"curies":[{"name":"wp","href":"https:\/\/api.w.org\/{rel}","templated":true}]}}