{"id":1281,"date":"2018-06-21T13:42:00","date_gmt":"2018-06-21T12:42:00","guid":{"rendered":"https:\/\/www.transzportstudium.hu\/blog\/?p=1281"},"modified":"2018-09-30T17:05:27","modified_gmt":"2018-09-30T16:05:27","slug":"ketto-az-egyben","status":"publish","type":"post","link":"https:\/\/www.transzportstudium.hu\/blog\/2018\/06\/21\/ketto-az-egyben\/","title":{"rendered":"Kett\u0151 az egyben"},"content":{"rendered":"<p>Ny\u00e1ron is t\u00f6bb GKI alapk\u00e9pz\u00e9s indul, k\u00f6zt\u00fck az <a href=\"\/tanfolyamok\/gepkocsivezetoi-szaktanfolyamok-gki-tanfolyam\/21_gki-osszevont-jarmuvezetoi-alapkepzes\">\u00f6sszevont j\u00e1rm\u0171vezet\u0151i alapk\u00e9pz\u00e9s<\/a>, melyet azoknak kell elv\u00e9gezni, akik k\u00f6z\u00faton C1, C1+E, C, C+E kateg\u00f3ri\u00e1j\u00fa \u00e9s D1, D1+E, D, D+E kateg\u00f3ri\u00e1j\u00fa \u2013 vagy ezekkel egyen\u00e9rt\u00e9k\u0171nek elismert \u2013 vezet\u0151i enged\u00e9llyel vezethet\u0151 j\u00e1rm\u0171vet vezetnek.<\/p>\n<div id=\"attachment_1282\" style=\"width: 650px\" class=\"wp-caption aligncenter\"><img loading=\"lazy\" decoding=\"async\" aria-describedby=\"caption-attachment-1282\" class=\"size-full wp-image-1282\" src=\"https:\/\/www.transzportstudium.hu\/blog\/wp-content\/uploads\/2018\/09\/Transport-35.jpg\" alt=\"Kett\u0151 az egyben - GKI tanfolyamok\" width=\"640\" height=\"528\" srcset=\"https:\/\/www.transzportstudium.hu\/blog\/wp-content\/uploads\/2018\/09\/Transport-35.jpg 640w, https:\/\/www.transzportstudium.hu\/blog\/wp-content\/uploads\/2018\/09\/Transport-35-300x248.jpg 300w\" sizes=\"auto, (max-width: 640px) 100vw, 640px\" \/><p id=\"caption-attachment-1282\" class=\"wp-caption-text\">Kett\u0151 az egyben &#8211; GKI tanfolyamok<\/p><\/div>\n<p>Az aut\u00f3buszvezet\u0151i \u00e9s teherg\u00e9pkocsi vezet\u0151i vizsg\u00e1t \u00e9rdemes ezen az <a href=\"\/tanfolyamok\/gepkocsivezetoi-szaktanfolyamok-gki-tanfolyam\/21_gki-osszevont-jarmuvezetoi-alapkepzes\">\u00f6sszevont GKI alapk\u00e9pz\u00e9sen<\/a> megszerezni, mivel \u00edgy a k\u00e9t vezet\u0151i enged\u00e9lyhez j\u00f3val kedvez\u0151bb \u00e1ron lehet hozz\u00e1jutni. T\u00fal azon, hogy k\u00f6lts\u00e9ghat\u00e9konyabb \u00edgy az iskola, a munkaer\u0151piacra is r\u00f6gt\u00f6n k\u00e9t szakm\u00e1val ker\u00fcl ki a hallgat\u00f3. Egy GKI alapk\u00e9pz\u00e9ssel dupla es\u00e9ly lesz az elhelyezked\u00e9sre, r\u00e1ad\u00e1sul nem csak Magyarorsz\u00e1gon, de Eur\u00f3pa orsz\u00e1gaiban is, ahol mind az aut\u00f3busz vezet\u0151ket, mind a teherg\u00e9pkocsi vezet\u0151ket versenyk\u00e9pes \u00e1ron fizetik meg. A GKI alapk\u00e9pz\u00e9s elv\u00e9gz\u00e9se ut\u00e1n \u00edr\u00e1sbeli \u00e9s gyakorlati vizsg\u00e1t is kell tenni a megtanultakb\u00f3l, ilyen p\u00e9ld\u00e1ul a j\u00e1rm\u0171vezet\u00e9shez kapcsol\u00f3d\u00f3 g\u00e9pkocsivezet\u0151i ismeretek vagy a k\u00fcl\u00f6nb\u00f6z\u0151 el\u0151\u00edr\u00e1sok alkalmaz\u00e1sa.<\/p>\n<h3>Keresett szakma gyorsan<\/h3>\n<p>Mind a k\u00e9t szakma, a teherg\u00e9pkocsi- \u00e9s aut\u00f3buszvezet\u0151i \u00e1ll\u00e1s is nagyon keresett, nem csak k\u00fclf\u00f6ld\u00f6n, de haz\u00e1nkban is. A k\u00fcl\u00f6nb\u00f6z\u0151 internetes \u00e1ll\u00e1skeres\u0151 port\u00e1lokon gyakran, p\u00e9ld\u00e1ul a \u201es\u00fcrg\u0151sen bet\u00f6ltend\u0151\u201d poz\u00edci\u00f3 al\u00e1 ker\u00fclnek a hirdet\u00e9sek, a munkaer\u0151hi\u00e1ny, pedig gyakran magasabb b\u00e9rez\u00e9st is jelent. Mivel a <a href=\"\/tanfolyamok\/gepkocsivezetoi-szaktanfolyamok-gki-tanfolyam\/21_gki-osszevont-jarmuvezetoi-alapkepzes\">GKI alapk\u00e9pz\u00e9s<\/a> r\u00f6vid idej\u0171, \u00edgy hamar szerezhet keresett szakm\u00e1t az, aki v\u00e1ltani akar. Azt is \u00e9rdemes megeml\u00edteni, hogy a GKI alapk\u00e9pz\u00e9st magasan k\u00e9pzett oktat\u00f3k tartj\u00e1k, \u00edgy biztos tud\u00e1ssal \u00fclhet a vol\u00e1n m\u00f6g\u00e9 az, aki elv\u00e9gzi az <a href=\"\/tanfolyamok\/gepkocsivezetoi-szaktanfolyamok-gki-tanfolyam\/21_gki-osszevont-jarmuvezetoi-alapkepzes\">\u00f6sszevont tanfolyamot<\/a>, legyen az aut\u00f3busz vagy teherg\u00e9pkocsi. Iskol\u00e1nk a v\u00e9gzett hallgat\u00f3inak azonnali bel\u00e9p\u00e9ssel t\u00f6bb munkahelyet k\u00edn\u00e1l.<\/p>\n<!-- Begin Yuzo --><div class='yuzo_related_post style-2'  data-version='5.12.88'><!-- without result --><div class='yuzo_clearfixed yuzo__title yuzo__title'><h3>Hasonl\u00f3 cikkek<\/h3><\/div>\n\t\t\t\t\t\t<div class=\"relatedthumb yuzo-list  \" style=\"\"  >  \n\t\t\t\t\t\t  <a  href=\"https:\/\/www.transzportstudium.hu\/blog\/2019\/01\/24\/szabalyok-menten-az-adr-vizsga\/\" class=\"image-list\"  >\n\t\t\t\t\t\t  <div class=\"yuzo-img-wrap  ilen_shine \" style=\"width: 100px;height:65px;\">\n\t\t\t\t\t\t\t\t\t <span class='shine-effect'><\/span> \n\t\t\t\t\t\t\t\t\t <div class=\"yuzo-img\" style=\"background:url('https:\/\/www.transzportstudium.hu\/blog\/wp-content\/uploads\/2015\/12\/13655676_l-150x150.jpg') 50% 50% no-repeat;width: 105px;height:65px;margin-bottom: 5px;background-size:  cover;  \"><\/div>\n\t\t\t\t\t\t  <\/div>\n\t\t\t\t\t\t  <\/a>\n\t\t\t\t\t\t  <a  class=\"link-list yuzo__text--title\" href=\"https:\/\/www.transzportstudium.hu\/blog\/2019\/01\/24\/szabalyok-menten-az-adr-vizsga\/\" style=\"font-size:14px;;line-height:22px;\"> Szab\u00e1lyok ment\u00e9n: az ADR vizsga  <\/a>\n\t\t\t\t\t\t\t\t<span class=\"yuzo_text\" style=\"font-size:10px;\" >Az ADR jogszab\u00e1lyok szigor\u00faak, egy\u00e9rtelm\u0171ek, de id\u0151r\u0151l-id\u0151re v\u00e1ltoznak, illet\u0151leg \u00fajak j\u00f6nnek helyett\u00fck. Ez\u00e9rt kell mindenkinek, aki vesz\u00e9lyes \u00e1ru sz\u00e1...<\/span>\n\t\t\t\t\t\t   \n\t\t\t\t\t\t<\/div>\n\t\t\t\t\t\t<div class=\"relatedthumb yuzo-list  \" style=\"\"  >  \n\t\t\t\t\t\t  <a  href=\"https:\/\/www.transzportstudium.hu\/blog\/2015\/05\/21\/kulcs-a-nagyvilaghoz\/\" class=\"image-list\"  >\n\t\t\t\t\t\t  <div class=\"yuzo-img-wrap  ilen_shine \" style=\"width: 100px;height:65px;\">\n\t\t\t\t\t\t\t\t\t <span class='shine-effect'><\/span> \n\t\t\t\t\t\t\t\t\t <div class=\"yuzo-img\" style=\"background:url('https:\/\/www.transzportstudium.hu\/blog\/wp-content\/uploads\/2015\/05\/truck-rrental-eu-150x150.jpg') 50% 50% no-repeat;width: 105px;height:65px;margin-bottom: 5px;background-size:  cover;  \"><\/div>\n\t\t\t\t\t\t  <\/div>\n\t\t\t\t\t\t  <\/a>\n\t\t\t\t\t\t  <a  class=\"link-list yuzo__text--title\" href=\"https:\/\/www.transzportstudium.hu\/blog\/2015\/05\/21\/kulcs-a-nagyvilaghoz\/\" style=\"font-size:14px;;line-height:22px;\"> Kulcs a nagyvil\u00e1ghoz  <\/a>\n\t\t\t\t\t\t\t\t<span class=\"yuzo_text\" style=\"font-size:10px;\" >Sokat hallhatunk-olvashatunk arr\u00f3l, hogy milyen temp\u00f3ban globaliz\u00e1l\u00f3dik a vil\u00e1gunk. A utaz\u00e1si \u00e9s sz\u00e1ll\u00edt\u00e1si m\u00f3dok fejl\u0151d\u00e9s\u00e9vel nem csak a mag\u00e1nemberek...<\/span>\n\t\t\t\t\t\t   \n\t\t\t\t\t\t<\/div>\n\t\t\t\t\t\t<div class=\"relatedthumb yuzo-list  \" style=\"\"  >  \n\t\t\t\t\t\t  <a  href=\"https:\/\/www.transzportstudium.hu\/blog\/2019\/07\/16\/egy-okj-s-targonca-jogositvany-de-tobb-targoncara\/\" class=\"image-list\"  >\n\t\t\t\t\t\t  <div class=\"yuzo-img-wrap  ilen_shine \" style=\"width: 100px;height:65px;\">\n\t\t\t\t\t\t\t\t\t <span class='shine-effect'><\/span> \n\t\t\t\t\t\t\t\t\t <div class=\"yuzo-img\" style=\"background:url('https:\/\/www.transzportstudium.hu\/blog\/wp-content\/uploads\/2019\/07\/forklift_fmtb90ae4c375b441d2b28c0045863ed2de-150x150.png') 50% 50% no-repeat;width: 105px;height:65px;margin-bottom: 5px;background-size:  cover;  \"><\/div>\n\t\t\t\t\t\t  <\/div>\n\t\t\t\t\t\t  <\/a>\n\t\t\t\t\t\t  <a  class=\"link-list yuzo__text--title\" href=\"https:\/\/www.transzportstudium.hu\/blog\/2019\/07\/16\/egy-okj-s-targonca-jogositvany-de-tobb-targoncara\/\" style=\"font-size:14px;;line-height:22px;\"> Egy OKJ-s targonca jogos\u00edtv\u00e1ny, de t\u00f6bb targonc\u00e1ra...  <\/a>\n\t\t\t\t\t\t\t\t<span class=\"yuzo_text\" style=\"font-size:10px;\" >Az OKJ-s targonca jogos\u00edtv\u00e1ny, olyan mint egy j\u00f3l megv\u00e1s\u00e1rolt \u00e9rt\u00e9kpap\u00edr, b\u00e1rmikor p\u00e9nzz\u00e9 lehet tenni, r\u00e1ad\u00e1sul ez nem egyszeri alkalomra sz\u00f3l, hanem ...<\/span>\n\t\t\t\t\t\t   \n\t\t\t\t\t\t<\/div>\n\t\t\t\t\t\t<div class=\"relatedthumb yuzo-list  \" style=\"\"  >  \n\t\t\t\t\t\t  <a  href=\"https:\/\/www.transzportstudium.hu\/blog\/2016\/06\/02\/mit-kell-tudni-az-adr-oktatasi-bizonyitvanyrol\/\" class=\"image-list\"  >\n\t\t\t\t\t\t  <div class=\"yuzo-img-wrap  ilen_shine \" style=\"width: 100px;height:65px;\">\n\t\t\t\t\t\t\t\t\t <span class='shine-effect'><\/span> \n\t\t\t\t\t\t\t\t\t <div class=\"yuzo-img\" style=\"background:url('https:\/\/www.transzportstudium.hu\/blog\/wp-content\/uploads\/2015\/01\/adr_igazolvany-150x150.jpg') 50% 50% no-repeat;width: 105px;height:65px;margin-bottom: 5px;background-size:  cover;  \"><\/div>\n\t\t\t\t\t\t  <\/div>\n\t\t\t\t\t\t  <\/a>\n\t\t\t\t\t\t  <a  class=\"link-list yuzo__text--title\" href=\"https:\/\/www.transzportstudium.hu\/blog\/2016\/06\/02\/mit-kell-tudni-az-adr-oktatasi-bizonyitvanyrol\/\" style=\"font-size:14px;;line-height:22px;\"> Mit kell tudni az ADR oktat\u00e1si bizony\u00edtv\u00e1nyr\u00f3l?...  <\/a>\n\t\t\t\t\t\t\t\t<span class=\"yuzo_text\" style=\"font-size:10px;\" >A vezet\u00e9s (szem\u00e9lyg\u00e9pkocsi vagy \u00e9pp teheraut\u00f3 eset\u00e9ben) csak bizonyos tud\u00e1s \u00e9s ezt igazol\u00f3 dokumentumok megl\u00e9te eset\u00e9ben lehets\u00e9ges, r\u00e1ad\u00e1sul vannak o...<\/span>\n\t\t\t\t\t\t   \n\t\t\t\t\t\t<\/div>\n<\/div>  <!-- End Yuzo :) -->","protected":false},"excerpt":{"rendered":"<p>Ny\u00e1ron is t\u00f6bb GKI alapk\u00e9pz\u00e9s indul, k\u00f6zt\u00fck az \u00f6sszevont j\u00e1rm\u0171vezet\u0151i alapk\u00e9pz\u00e9s, melyet azoknak kell elv\u00e9gezni, akik k\u00f6z\u00faton C1, C1+E, C, C+E kateg\u00f3ri\u00e1j\u00fa \u00e9s D1, D1+E, D, D+E kateg\u00f3ri\u00e1j\u00fa \u2013 vagy ezekkel egyen\u00e9rt\u00e9k\u0171nek elismert \u2013&#46;&#46;&#46;<\/p>\n","protected":false},"author":3,"featured_media":1282,"comment_status":"open","ping_status":"open","sticky":false,"template":"","format":"standard","meta":{"footnotes":""},"categories":[3],"tags":[225,246,146,73,74],"class_list":["post-1281","post","type-post","status-publish","format-standard","has-post-thumbnail","hentry","category-gki","tag-gki","tag-gki-alapkepzes","tag-gki-kepzes","tag-gki-tanfolyam","tag-gki-vizsga"],"aioseo_notices":[],"_links":{"self":[{"href":"https:\/\/www.transzportstudium.hu\/blog\/wp-json\/wp\/v2\/posts\/1281","targetHints":{"allow":["GET"]}}],"collection":[{"href":"https:\/\/www.transzportstudium.hu\/blog\/wp-json\/wp\/v2\/posts"}],"about":[{"href":"https:\/\/www.transzportstudium.hu\/blog\/wp-json\/wp\/v2\/types\/post"}],"author":[{"embeddable":true,"href":"https:\/\/www.transzportstudium.hu\/blog\/wp-json\/wp\/v2\/users\/3"}],"replies":[{"embeddable":true,"href":"https:\/\/www.transzportstudium.hu\/blog\/wp-json\/wp\/v2\/comments?post=1281"}],"version-history":[{"count":1,"href":"https:\/\/www.transzportstudium.hu\/blog\/wp-json\/wp\/v2\/posts\/1281\/revisions"}],"predecessor-version":[{"id":1283,"href":"https:\/\/www.transzportstudium.hu\/blog\/wp-json\/wp\/v2\/posts\/1281\/revisions\/1283"}],"wp:featuredmedia":[{"embeddable":true,"href":"https:\/\/www.transzportstudium.hu\/blog\/wp-json\/wp\/v2\/media\/1282"}],"wp:attachment":[{"href":"https:\/\/www.transzportstudium.hu\/blog\/wp-json\/wp\/v2\/media?parent=1281"}],"wp:term":[{"taxonomy":"category","embeddable":true,"href":"https:\/\/www.transzportstudium.hu\/blog\/wp-json\/wp\/v2\/categories?post=1281"},{"taxonomy":"post_tag","embeddable":true,"href":"https:\/\/www.transzportstudium.hu\/blog\/wp-json\/wp\/v2\/tags?post=1281"}],"curies":[{"name":"wp","href":"https:\/\/api.w.org\/{rel}","templated":true}]}}