{"id":1272,"date":"2018-06-14T08:32:35","date_gmt":"2018-06-14T07:32:35","guid":{"rendered":"https:\/\/www.transzportstudium.hu\/blog\/?p=1272"},"modified":"2018-06-24T12:48:17","modified_gmt":"2018-06-24T11:48:17","slug":"kockazati-tenyezo","status":"publish","type":"post","link":"https:\/\/www.transzportstudium.hu\/blog\/2018\/06\/14\/kockazati-tenyezo\/","title":{"rendered":"Kock\u00e1zati t\u00e9nyez\u0151"},"content":{"rendered":"<p>A vesz\u00e9lyes \u00e1ruk sz\u00e1ll\u00edt\u00e1s\u00e1val kapcsolatban a hat\u00f3s\u00e1gok mindig is szigor\u00fa szankci\u00f3kkal \u00e9ltek, a nem megfelel\u0151 sz\u00e1ll\u00edt\u00e1s, illet\u0151leg \u00e1rukezel\u00e9s b\u00fcntet\u00e9se jelenleg 30.000 \u00e9s 500.000 forint k\u00f6z\u00f6tt mozog, ahhoz pedig, hogy valaki vesz\u00e9lyes \u00e1ruval foglalkozzon <a href=\"\/tanfolyamok\/3_adr-tanfolyamok\">ADR tanfolyamot<\/a> kell v\u00e9gezni.<\/p>\n<div id=\"attachment_1273\" style=\"width: 1034px\" class=\"wp-caption aligncenter\"><img loading=\"lazy\" decoding=\"async\" aria-describedby=\"caption-attachment-1273\" class=\"size-full wp-image-1273\" src=\"https:\/\/www.transzportstudium.hu\/blog\/wp-content\/uploads\/2018\/06\/Transport-33.png\" alt=\"Kock\u00e1zati t\u00e9nyez\u0151\" width=\"1024\" height=\"1024\" srcset=\"https:\/\/www.transzportstudium.hu\/blog\/wp-content\/uploads\/2018\/06\/Transport-33.png 1024w, https:\/\/www.transzportstudium.hu\/blog\/wp-content\/uploads\/2018\/06\/Transport-33-150x150.png 150w, https:\/\/www.transzportstudium.hu\/blog\/wp-content\/uploads\/2018\/06\/Transport-33-300x300.png 300w, https:\/\/www.transzportstudium.hu\/blog\/wp-content\/uploads\/2018\/06\/Transport-33-768x768.png 768w, https:\/\/www.transzportstudium.hu\/blog\/wp-content\/uploads\/2018\/06\/Transport-33-160x160.png 160w\" sizes=\"auto, (max-width: 1024px) 100vw, 1024px\" \/><p id=\"caption-attachment-1273\" class=\"wp-caption-text\">Kock\u00e1zati t\u00e9nyez\u0151<\/p><\/div>\n<p>Az ADR tanfolyamoknak t\u00f6bb v\u00e1lfaja is l\u00e9tezik, att\u00f3l f\u00fcgg\u0151en, hogy valaki tart\u00e1nyos, vagy nem-tart\u00e1nyos form\u00e1ban sz\u00e1ll\u00edt vesz\u00e9lyes, vagy nem vezet ugyan g\u00e9pj\u00e1rm\u0171vet, de olyan helyen dolgozik, ahol vesz\u00e9lyes \u00e1rut pakolnak \u00e9s k\u00fcl\u00f6n ADR tanfolyam a <a href=\"\/tanfolyamok\/adr-tanfolyamok\/34_adr-veszelyes-aru-szallitasi-biztonsagi-tanacsado\">biztons\u00e1gi tan\u00e1csad\u00f3k<\/a> k\u00e9pz\u00e9se is. A fentiek pedig csak az alapk\u00e9pz\u00e9sekre vonatkoznak, mivel \u00f6t\u00e9vente mindenkinek, aki valamilyen form\u00e1ban vesz\u00e9lyes \u00e1ruval akar foglalkozni, ismeretfel\u00faj\u00edt\u00f3 ADR tanfolyamon kell r\u00e9szt vennie. Z\u00e1r\u00f3jelben jegyezz\u00fck meg, hogy \u00f6t \u00e9vn\u00e9l ez t\u00f6rt\u00e9nhetne s\u0171r\u0171bben is, mivel az ADR-rel kapcsolatos m\u00f3dos\u00edt\u00e1sok \u00e9s kieg\u00e9sz\u00edt\u00e9sek \u00e1ltal\u00e1ban 2 \u00e9venk\u00e9nt l\u00e9pnek hat\u00e1lyba. Ez egy\u00e9bk\u00e9nt miniszt\u00e9riumi hat\u00e1sk\u00f6rbe tartozik.<\/p>\n<h4>Az ADR tanfolyam ut\u00e1n<\/h4>\n<p>A vesz\u00e9lyes \u00e1ruk sz\u00e1ll\u00edt\u00e1s\u00e1nak kock\u00e1zat\u00e1t sokan hajlamosak al\u00e1becs\u00fclni, holott nem v\u00e9letlen\u00fcl h\u00edvj\u00e1k vesz\u00e9lyes \u00e1runak a vesz\u00e9lyes \u00e1rut, nincsen olyan v\u00e1ltozata, amelynek a k\u00f6rnyezetre ne lenne valamilyen form\u00e1ban k\u00e1ros hat\u00e1sa. Nem v\u00e9letlen, hogy az <a href=\"\/tanfolyamok#3-adr-tanfolyamok\">ADR tanfolyamra<\/a> val\u00f3 jelentkez\u00e9snek is szigor\u00fabbak a felt\u00e9telei, mint a legt\u00f6bb\u00a0egy\u00e9b\u00a0szakmai k\u00e9pz\u00e9snek. A munkav\u00e9gz\u00e9sre vonatkoz\u00f3 jogszab\u00e1lyok is szigor\u00faak: a vesz\u00e9lyes \u00e1ruk sz\u00e1ll\u00edt\u00e1s\u00e1n\u00e1l minden k\u00f6zrem\u0171k\u00f6d\u0151 szem\u00e9ly az \u0151t \u00e9rint\u0151 ter\u00fcleten teljes felel\u0151ss\u00e9ggel b\u00edr, aki pedig nem a szab\u00e1lyoz\u00e1snak megfelel\u0151en v\u00e9gzi a munk\u00e1j\u00e1t az szab\u00e1lys\u00e9rt\u00e9st k\u00f6vet el.<\/p>\n<!-- Begin Yuzo --><div class='yuzo_related_post style-2'  data-version='5.12.88'><!-- without result --><div class='yuzo_clearfixed yuzo__title yuzo__title'><h3>Hasonl\u00f3 cikkek<\/h3><\/div>\n\t\t\t\t\t\t<div class=\"relatedthumb yuzo-list  \" style=\"\"  >  \n\t\t\t\t\t\t  <a  href=\"https:\/\/www.transzportstudium.hu\/blog\/2015\/07\/21\/a-pihenes-fontossagarol-vezetesi-ido-2-sofor-eseten\/\" class=\"image-list\"  >\n\t\t\t\t\t\t  <div class=\"yuzo-img-wrap  ilen_shine \" style=\"width: 100px;height:65px;\">\n\t\t\t\t\t\t\t\t\t <span class='shine-effect'><\/span> \n\t\t\t\t\t\t\t\t\t <div class=\"yuzo-img\" style=\"background:url('https:\/\/www.transzportstudium.hu\/blog\/wp-content\/uploads\/2015\/07\/truckdriving-2-150x150.jpg') 50% 50% no-repeat;width: 105px;height:65px;margin-bottom: 5px;background-size:  cover;  \"><\/div>\n\t\t\t\t\t\t  <\/div>\n\t\t\t\t\t\t  <\/a>\n\t\t\t\t\t\t  <a  class=\"link-list yuzo__text--title\" href=\"https:\/\/www.transzportstudium.hu\/blog\/2015\/07\/21\/a-pihenes-fontossagarol-vezetesi-ido-2-sofor-eseten\/\" style=\"font-size:14px;;line-height:22px;\"> A pihen\u00e9s fontoss\u00e1g\u00e1r\u00f3l: vezet\u00e9si id\u0151 2 sof\u0151r eset...  <\/a>\n\t\t\t\t\t\t\t\t<span class=\"yuzo_text\" style=\"font-size:10px;\" >Az Eur\u00f3pai Uni\u00f3 pontosan meg\u00e1llap\u00edtja a vezet\u00e9si \u00e9s pihen\u0151id\u0151 szab\u00e1lyait. Nem v\u00e9letlen\u00fcl azok a sz\u00e1mok szerepelnek a meghat\u00e1roz\u00e1sban, amelyek, \u00edgy \u00e9rd...<\/span>\n\t\t\t\t\t\t   \n\t\t\t\t\t\t<\/div>\n\t\t\t\t\t\t<div class=\"relatedthumb yuzo-list  \" style=\"\"  >  \n\t\t\t\t\t\t  <a  href=\"https:\/\/www.transzportstudium.hu\/blog\/2015\/03\/31\/az-adr-tanacsado-szerepe\/\" class=\"image-list\"  >\n\t\t\t\t\t\t  <div class=\"yuzo-img-wrap  ilen_shine \" style=\"width: 100px;height:65px;\">\n\t\t\t\t\t\t\t\t\t <span class='shine-effect'><\/span> \n\t\t\t\t\t\t\t\t\t <div class=\"yuzo-img\" style=\"background:url('https:\/\/www.transzportstudium.hu\/blog\/wp-content\/uploads\/2014\/08\/3019391657_26416c4637_o-150x150.jpg') 50% 50% no-repeat;width: 105px;height:65px;margin-bottom: 5px;background-size:  cover;  \"><\/div>\n\t\t\t\t\t\t  <\/div>\n\t\t\t\t\t\t  <\/a>\n\t\t\t\t\t\t  <a  class=\"link-list yuzo__text--title\" href=\"https:\/\/www.transzportstudium.hu\/blog\/2015\/03\/31\/az-adr-tanacsado-szerepe\/\" style=\"font-size:14px;;line-height:22px;\"> Az ADR tan\u00e1csad\u00f3 szerepe  <\/a>\n\t\t\t\t\t\t\t\t<span class=\"yuzo_text\" style=\"font-size:10px;\" >A vesz\u00e9lyes \u00e1ruk sz\u00e1ll\u00edt\u00e1sa tan\u00e1csad\u00f3 n\u00e9lk\u00fcl tilos\r\nMinden olyan v\u00e1llalkoz\u00e1snak t\u00f6rv\u00e9nyben meghat\u00e1rozott k\u00f6teless\u00e9ge ADR vizsg\u00e1t megszerzett tan\u00e1csad\u00f3...<\/span>\n\t\t\t\t\t\t   \n\t\t\t\t\t\t<\/div>\n\t\t\t\t\t\t<div class=\"relatedthumb yuzo-list  \" style=\"\"  >  \n\t\t\t\t\t\t  <a  href=\"https:\/\/www.transzportstudium.hu\/blog\/2015\/02\/24\/gki-tehergepkocsi-vezetoi-alapkepzes\/\" class=\"image-list\"  >\n\t\t\t\t\t\t  <div class=\"yuzo-img-wrap  ilen_shine \" style=\"width: 100px;height:65px;\">\n\t\t\t\t\t\t\t\t\t <span class='shine-effect'><\/span> \n\t\t\t\t\t\t\t\t\t <div class=\"yuzo-img\" style=\"background:url('https:\/\/www.transzportstudium.hu\/blog\/wp-content\/uploads\/2014\/08\/man-truck-test-drive-150x150.jpg') 50% 50% no-repeat;width: 105px;height:65px;margin-bottom: 5px;background-size:  cover;  \"><\/div>\n\t\t\t\t\t\t  <\/div>\n\t\t\t\t\t\t  <\/a>\n\t\t\t\t\t\t  <a  class=\"link-list yuzo__text--title\" href=\"https:\/\/www.transzportstudium.hu\/blog\/2015\/02\/24\/gki-tehergepkocsi-vezetoi-alapkepzes\/\" style=\"font-size:14px;;line-height:22px;\"> GKI teherg\u00e9pkocsi vezet\u0151i alapk\u00e9pz\u00e9s  <\/a>\n\t\t\t\t\t\t\t\t<span class=\"yuzo_text\" style=\"font-size:10px;\" >A teherg\u00e9pkocsi vezet\u0151i alapk\u00e9pz\u00e9s megszerz\u00e9s\u00e9re k\u00f6telezett minden, a k\u00f6z\u00fati k\u00f6zleked\u00e9sben r\u00e9szt venni sz\u00e1nd\u00e9koz\u00f3, C, C1, alapkateg\u00f3ri\u00e1j\u00fa vagy C+E, C1...<\/span>\n\t\t\t\t\t\t   \n\t\t\t\t\t\t<\/div>\n\t\t\t\t\t\t<div class=\"relatedthumb yuzo-list  \" style=\"\"  >  \n\t\t\t\t\t\t  <a  href=\"https:\/\/www.transzportstudium.hu\/blog\/2019\/06\/13\/mindenkinek-hasznos-a-vallalkozoi-kepzes\/\" class=\"image-list\"  >\n\t\t\t\t\t\t  <div class=\"yuzo-img-wrap  ilen_shine \" style=\"width: 100px;height:65px;\">\n\t\t\t\t\t\t\t\t\t <span class='shine-effect'><\/span> \n\t\t\t\t\t\t\t\t\t <div class=\"yuzo-img\" style=\"background:url('https:\/\/www.transzportstudium.hu\/blog\/wp-content\/uploads\/2016\/04\/27301537_l-150x150.jpg') 50% 50% no-repeat;width: 105px;height:65px;margin-bottom: 5px;background-size:  cover;  \"><\/div>\n\t\t\t\t\t\t  <\/div>\n\t\t\t\t\t\t  <\/a>\n\t\t\t\t\t\t  <a  class=\"link-list yuzo__text--title\" href=\"https:\/\/www.transzportstudium.hu\/blog\/2019\/06\/13\/mindenkinek-hasznos-a-vallalkozoi-kepzes\/\" style=\"font-size:14px;;line-height:22px;\"> Mindenkinek hasznos a v\u00e1llalkoz\u00f3i k\u00e9pz\u00e9s  <\/a>\n\t\t\t\t\t\t\t\t<span class=\"yuzo_text\" style=\"font-size:10px;\" >A v\u00e1llalkoz\u00f3i k\u00e9pz\u00e9s minden olyan illet\u0151nek hasznos lehet, aki a j\u00f6v\u0151ben egy\u00e9ni v\u00e1llalkoz\u00f3k\u00e9nt vagy c\u00e9ges form\u00e1ban szeretne tev\u00e9kenykedni. Hiszen hi\u00e1b...<\/span>\n\t\t\t\t\t\t   \n\t\t\t\t\t\t<\/div>\n<\/div>  <!-- End Yuzo :) -->","protected":false},"excerpt":{"rendered":"<p>A vesz\u00e9lyes \u00e1ruk sz\u00e1ll\u00edt\u00e1s\u00e1val kapcsolatban a hat\u00f3s\u00e1gok mindig is szigor\u00fa szankci\u00f3kkal \u00e9ltek, a nem megfelel\u0151 sz\u00e1ll\u00edt\u00e1s, illet\u0151leg \u00e1rukezel\u00e9s b\u00fcntet\u00e9se jelenleg 30.000 \u00e9s 500.000 forint k\u00f6z\u00f6tt mozog, ahhoz pedig, hogy valaki vesz\u00e9lyes \u00e1ruval foglalkozzon ADR&#46;&#46;&#46;<\/p>\n","protected":false},"author":3,"featured_media":1273,"comment_status":"open","ping_status":"open","sticky":false,"template":"","format":"standard","meta":{"footnotes":""},"categories":[2],"tags":[224,175,174,71,233,72,23,104],"class_list":["post-1272","post","type-post","status-publish","format-standard","has-post-thumbnail","hentry","category-adr","tag-adr","tag-adr-biztonsagi-tanacsado","tag-adr-kepzes","tag-adr-tanfolyam","tag-adr-veszelyes-aru-szallitasi-biztonsagi-tanacsado","tag-adr-vizsga","tag-biztonsagi-tanacsado","tag-veszelyes-aru-szallitas"],"aioseo_notices":[],"_links":{"self":[{"href":"https:\/\/www.transzportstudium.hu\/blog\/wp-json\/wp\/v2\/posts\/1272","targetHints":{"allow":["GET"]}}],"collection":[{"href":"https:\/\/www.transzportstudium.hu\/blog\/wp-json\/wp\/v2\/posts"}],"about":[{"href":"https:\/\/www.transzportstudium.hu\/blog\/wp-json\/wp\/v2\/types\/post"}],"author":[{"embeddable":true,"href":"https:\/\/www.transzportstudium.hu\/blog\/wp-json\/wp\/v2\/users\/3"}],"replies":[{"embeddable":true,"href":"https:\/\/www.transzportstudium.hu\/blog\/wp-json\/wp\/v2\/comments?post=1272"}],"version-history":[{"count":1,"href":"https:\/\/www.transzportstudium.hu\/blog\/wp-json\/wp\/v2\/posts\/1272\/revisions"}],"predecessor-version":[{"id":1274,"href":"https:\/\/www.transzportstudium.hu\/blog\/wp-json\/wp\/v2\/posts\/1272\/revisions\/1274"}],"wp:featuredmedia":[{"embeddable":true,"href":"https:\/\/www.transzportstudium.hu\/blog\/wp-json\/wp\/v2\/media\/1273"}],"wp:attachment":[{"href":"https:\/\/www.transzportstudium.hu\/blog\/wp-json\/wp\/v2\/media?parent=1272"}],"wp:term":[{"taxonomy":"category","embeddable":true,"href":"https:\/\/www.transzportstudium.hu\/blog\/wp-json\/wp\/v2\/categories?post=1272"},{"taxonomy":"post_tag","embeddable":true,"href":"https:\/\/www.transzportstudium.hu\/blog\/wp-json\/wp\/v2\/tags?post=1272"}],"curies":[{"name":"wp","href":"https:\/\/api.w.org\/{rel}","templated":true}]}}